{"id":51051,"date":"2015-01-05T15:23:11","date_gmt":"2015-01-05T15:23:11","guid":{"rendered":"http:\/\/desarrollo.mcvicious.com\/aero2020\/2015\/01\/05\/chilenos-temen-que-el-papa-francisco-apoye-a-bolivia\/"},"modified":"2015-01-05T15:23:11","modified_gmt":"2015-01-05T15:23:11","slug":"chilenos-temen-que-el-papa-francisco-apoye-a-bolivia","status":"publish","type":"post","link":"https:\/\/aeronoticias.com.pe\/noticiero\/internacionales\/chilenos-temen-que-el-papa-francisco-apoye-a-bolivia\/","title":{"rendered":"Chilenos temen que el Papa Francisco apoye a Bolivia"},"content":{"rendered":"<p style=\"text-align: justify;\"><img decoding=\"async\" src=\"images\/stories\/15\/01\/050115\/aero1.jpg\" border=\"0\" \/><\/p>\n<p style=\"text-align: justify;\"><strong>(Aeronoticias).-<\/strong> Ante la exitosa campa\u00f1a emprendida por el gobierno boliviano a nivel mundial sobre su demanda por una salida soberana al mar propuesta a Chile ante La Haya, que podr\u00eda contar incluso con el apoyo del Papa Francisco, se advierte cierto nerviosismo en Santiago.<\/p>\n<p style=\"text-align: justify;\">\u00a0<\/p>\n<p>  <!--more-->  <\/p>\n<p style=\"text-align: justify;\">Este panorama es consecuencia del inter\u00e9s demostrado por el Sumo Pont\u00edfice sobre el tema al pedir al presidente de Bolivia, Evo Morales, datos y antecedentes del caso, recibiendo el llamado \u00abLibro Azul\u00bb \u00a0elaborado por la canciller\u00eda de La Paz.<\/p>\n<p>\u00a0<\/p>\n<p style=\"text-align: justify;\">Esto, unido a la anunciada visita del Papa a Bolivia en el curso del presente a\u00f1o,donde Evo Morales espera que la presencia de Francisco sirva para impulsar la causa de su pa\u00eds.ha originado no poco escozor en los medios pol\u00edticos chilenos, reproducidos en la prensa mapochina.<\/p>\n<p style=\"text-align: justify;\">Incluso, desde ya se leen comentarios rechazando una supuesta intervencion del Papa a quien algunos lectores llaman \u00abChe Paco\u00bb, recordando \u00a0que Francisco es argentino y por tanto poco amistoso con los chilenos.<\/p>\n<p style=\"text-align: justify;\">Sin embargo,el propio Morales se neg\u00f3 ante la prensa de profundizar sobre el inter\u00e9s del Papa para conocer los antecedentes del problema boliviano \u00a0al perder su natural salida al mar hace m\u00e1s de un siglo como consecuencia de una guerra sostenida con su vecino Chile que la historia registra como la \u00abGuerra del Pac\u00edfico\u00bb.<\/p>\n<p style=\"text-align: justify;\">Las conjeturas respecto \u00a0a una supuesta intervenci\u00f3n del Papa Francisco en el reclamo boliviano se basan en las recientes gestiones que correspondi\u00f3 al Vaticano frente al restablecimiento de las relaciones diplom\u00e1ticas entre Estados Unidos y Cuba, tras medio siglo de congelamiento.<\/p>\n<p style=\"text-align: justify;\">Mientras tanto, Chile se aferra, como un n\u00e1ufrago, al Tratado de 1904 con Bolivia mediante el cual las fronteras de ambos pa\u00edses quedaron fijadas para siempre, aunque la canciller\u00eda de La Paz insiste en que dicho tratado no est\u00e1 en cuesti\u00f3n si no obligar a Chile a negociar una soluci\u00f3n a trav\u00e9s de la Corte Internacional de Justicia de La Haya, a la cual sea dicho de paso Santiago\u00a0<span style=\"font-size: 11.8181819915771px; line-height: 1.3em;\">pretende negar competencia.<\/span><\/p>\n<p style=\"text-align: justify;\">Ayer el canciller chileno,Heraldo Mu\u00f1oz, en una columna de su autor\u00eda \u00a0publicada en el diario brasile\u00f1o Folha de Sao Pablo, calific\u00f3 la demanda boliviana como \u00bb una amenaza a la estabilidad de las fronteras, as\u00ed como a la observancia de los tratados\u00bb, a\u00f1adiendo que es necesario erradicar los \u00bb fantasmas del pasado\u00bb, quej\u00e1ndose adem\u00e1s de la campa\u00f1a verbal \u00bb desproporcionada y agresiva\u00bb del gobierno boliviano contra Chile.<\/p>\n","protected":false},"excerpt":{"rendered":"<p>(Aeronoticias).- Ante la exitosa campa\u00f1a emprendida por el gobierno boliviano a nivel mundial sobre su demanda por una salida soberana al mar propuesta a Chile ante La Haya, que podr\u00eda contar incluso con el apoyo del Papa Francisco, se advierte cierto nerviosismo en Santiago. \u00a0<\/p>\n","protected":false},"author":1,"featured_media":0,"comment_status":"open","ping_status":"open","sticky":false,"template":"","format":"standard","meta":{"tdm_status":"","tdm_grid_status":"","footnotes":""},"categories":[34],"tags":[],"class_list":{"0":"post-51051","1":"post","2":"type-post","3":"status-publish","4":"format-standard","6":"category-internacionales"},"yoast_head":"<!-- This site is optimized with the Yoast SEO plugin v25.1 - https:\/\/yoast.com\/wordpress\/plugins\/seo\/ -->\n<title>Chilenos temen que el Papa Francisco apoye a Bolivia<\/title>\n<meta name=\"description\" content=\"Portal de noticias del Per\u00fa sobre el transporte a\u00e9reo, aviaci\u00f3n, turismo, hoteleria, actualidad.\" \/>\n<meta name=\"robots\" content=\"index, follow, max-snippet:-1, max-image-preview:large, max-video-preview:-1\" \/>\n<link rel=\"canonical\" href=\"https:\/\/aeronoticias.com.pe\/noticiero\/internacionales\/chilenos-temen-que-el-papa-francisco-apoye-a-bolivia\/\" \/>\n<meta property=\"og:locale\" content=\"es_ES\" \/>\n<meta property=\"og:type\" content=\"article\" \/>\n<meta property=\"og:title\" content=\"Chilenos temen que el Papa Francisco apoye a Bolivia\" \/>\n<meta property=\"og:description\" content=\"Portal de noticias del Per\u00fa sobre el transporte a\u00e9reo, aviaci\u00f3n, turismo, hoteleria, actualidad.\" \/>\n<meta property=\"og:url\" content=\"https:\/\/aeronoticias.com.pe\/noticiero\/internacionales\/chilenos-temen-que-el-papa-francisco-apoye-a-bolivia\/\" \/>\n<meta property=\"og:site_name\" content=\"Aeronoticias.com.pe\" \/>\n<meta property=\"article:publisher\" content=\"https:\/\/www.facebook.com\/Aeronoticias.com.pe\/\" \/>\n<meta property=\"article:published_time\" content=\"2015-01-05T15:23:11+00:00\" \/>\n<meta name=\"author\" content=\"Redacci\u00f3n Aeronoticias\" \/>\n<meta name=\"twitter:card\" content=\"summary_large_image\" \/>\n<meta name=\"twitter:creator\" content=\"@aeronoticias\" \/>\n<meta name=\"twitter:site\" content=\"@aeronoticias\" \/>\n<meta name=\"twitter:label1\" content=\"Escrito por\" \/>\n\t<meta name=\"twitter:data1\" content=\"Redacci\u00f3n Aeronoticias\" \/>\n\t<meta name=\"twitter:label2\" content=\"Tiempo de lectura\" \/>\n\t<meta name=\"twitter:data2\" content=\"2 minutos\" \/>\n<script type=\"application\/ld+json\" class=\"yoast-schema-graph\">{\"@context\":\"https:\/\/schema.org\",\"@graph\":[{\"@type\":\"WebPage\",\"@id\":\"https:\/\/aeronoticias.com.pe\/noticiero\/internacionales\/chilenos-temen-que-el-papa-francisco-apoye-a-bolivia\/\",\"url\":\"https:\/\/aeronoticias.com.pe\/noticiero\/internacionales\/chilenos-temen-que-el-papa-francisco-apoye-a-bolivia\/\",\"name\":\"Chilenos temen que el Papa Francisco apoye a Bolivia\",\"isPartOf\":{\"@id\":\"https:\/\/aeronoticias.com.pe\/noticiero\/#website\"},\"datePublished\":\"2015-01-05T15:23:11+00:00\",\"author\":{\"@id\":\"https:\/\/aeronoticias.com.pe\/noticiero\/#\/schema\/person\/fc1e5d578f4b62ba1cf7ac2bba1170a0\"},\"description\":\"Portal de noticias del Per\u00fa sobre el transporte a\u00e9reo, aviaci\u00f3n, turismo, hoteleria, actualidad.\",\"breadcrumb\":{\"@id\":\"https:\/\/aeronoticias.com.pe\/noticiero\/internacionales\/chilenos-temen-que-el-papa-francisco-apoye-a-bolivia\/#breadcrumb\"},\"inLanguage\":\"es\",\"potentialAction\":[{\"@type\":\"ReadAction\",\"target\":[\"https:\/\/aeronoticias.com.pe\/noticiero\/internacionales\/chilenos-temen-que-el-papa-francisco-apoye-a-bolivia\/\"]}]},{\"@type\":\"BreadcrumbList\",\"@id\":\"https:\/\/aeronoticias.com.pe\/noticiero\/internacionales\/chilenos-temen-que-el-papa-francisco-apoye-a-bolivia\/#breadcrumb\",\"itemListElement\":[{\"@type\":\"ListItem\",\"position\":1,\"name\":\"Portada\",\"item\":\"https:\/\/aeronoticias.com.pe\/noticiero\/\"},{\"@type\":\"ListItem\",\"position\":2,\"name\":\"Chilenos temen que el Papa Francisco apoye a Bolivia\"}]},{\"@type\":\"WebSite\",\"@id\":\"https:\/\/aeronoticias.com.pe\/noticiero\/#website\",\"url\":\"https:\/\/aeronoticias.com.pe\/noticiero\/\",\"name\":\"Aeronoticias.com.pe\",\"description\":\"Noticias de tranporte aereo, turismo, hoteles, gastronomia, actualidad, internacional\",\"potentialAction\":[{\"@type\":\"SearchAction\",\"target\":{\"@type\":\"EntryPoint\",\"urlTemplate\":\"https:\/\/aeronoticias.com.pe\/noticiero\/?s={search_term_string}\"},\"query-input\":{\"@type\":\"PropertyValueSpecification\",\"valueRequired\":true,\"valueName\":\"search_term_string\"}}],\"inLanguage\":\"es\"},{\"@type\":\"Person\",\"@id\":\"https:\/\/aeronoticias.com.pe\/noticiero\/#\/schema\/person\/fc1e5d578f4b62ba1cf7ac2bba1170a0\",\"name\":\"Redacci\u00f3n Aeronoticias\",\"url\":\"https:\/\/aeronoticias.com.pe\/noticiero\/author\/piloto\/\"}]}<\/script>\n<!-- \/ Yoast SEO plugin. -->","yoast_head_json":{"title":"Chilenos temen que el Papa Francisco apoye a Bolivia","description":"Portal de noticias del Per\u00fa sobre el transporte a\u00e9reo, aviaci\u00f3n, turismo, hoteleria, actualidad.","robots":{"index":"index","follow":"follow","max-snippet":"max-snippet:-1","max-image-preview":"max-image-preview:large","max-video-preview":"max-video-preview:-1"},"canonical":"https:\/\/aeronoticias.com.pe\/noticiero\/internacionales\/chilenos-temen-que-el-papa-francisco-apoye-a-bolivia\/","og_locale":"es_ES","og_type":"article","og_title":"Chilenos temen que el Papa Francisco apoye a Bolivia","og_description":"Portal de noticias del Per\u00fa sobre el transporte a\u00e9reo, aviaci\u00f3n, turismo, hoteleria, actualidad.","og_url":"https:\/\/aeronoticias.com.pe\/noticiero\/internacionales\/chilenos-temen-que-el-papa-francisco-apoye-a-bolivia\/","og_site_name":"Aeronoticias.com.pe","article_publisher":"https:\/\/www.facebook.com\/Aeronoticias.com.pe\/","article_published_time":"2015-01-05T15:23:11+00:00","author":"Redacci\u00f3n Aeronoticias","twitter_card":"summary_large_image","twitter_creator":"@aeronoticias","twitter_site":"@aeronoticias","twitter_misc":{"Escrito por":"Redacci\u00f3n Aeronoticias","Tiempo de lectura":"2 minutos"},"schema":{"@context":"https:\/\/schema.org","@graph":[{"@type":"WebPage","@id":"https:\/\/aeronoticias.com.pe\/noticiero\/internacionales\/chilenos-temen-que-el-papa-francisco-apoye-a-bolivia\/","url":"https:\/\/aeronoticias.com.pe\/noticiero\/internacionales\/chilenos-temen-que-el-papa-francisco-apoye-a-bolivia\/","name":"Chilenos temen que el Papa Francisco apoye a Bolivia","isPartOf":{"@id":"https:\/\/aeronoticias.com.pe\/noticiero\/#website"},"datePublished":"2015-01-05T15:23:11+00:00","author":{"@id":"https:\/\/aeronoticias.com.pe\/noticiero\/#\/schema\/person\/fc1e5d578f4b62ba1cf7ac2bba1170a0"},"description":"Portal de noticias del Per\u00fa sobre el transporte a\u00e9reo, aviaci\u00f3n, turismo, hoteleria, actualidad.","breadcrumb":{"@id":"https:\/\/aeronoticias.com.pe\/noticiero\/internacionales\/chilenos-temen-que-el-papa-francisco-apoye-a-bolivia\/#breadcrumb"},"inLanguage":"es","potentialAction":[{"@type":"ReadAction","target":["https:\/\/aeronoticias.com.pe\/noticiero\/internacionales\/chilenos-temen-que-el-papa-francisco-apoye-a-bolivia\/"]}]},{"@type":"BreadcrumbList","@id":"https:\/\/aeronoticias.com.pe\/noticiero\/internacionales\/chilenos-temen-que-el-papa-francisco-apoye-a-bolivia\/#breadcrumb","itemListElement":[{"@type":"ListItem","position":1,"name":"Portada","item":"https:\/\/aeronoticias.com.pe\/noticiero\/"},{"@type":"ListItem","position":2,"name":"Chilenos temen que el Papa Francisco apoye a Bolivia"}]},{"@type":"WebSite","@id":"https:\/\/aeronoticias.com.pe\/noticiero\/#website","url":"https:\/\/aeronoticias.com.pe\/noticiero\/","name":"Aeronoticias.com.pe","description":"Noticias de tranporte aereo, turismo, hoteles, gastronomia, actualidad, internacional","potentialAction":[{"@type":"SearchAction","target":{"@type":"EntryPoint","urlTemplate":"https:\/\/aeronoticias.com.pe\/noticiero\/?s={search_term_string}"},"query-input":{"@type":"PropertyValueSpecification","valueRequired":true,"valueName":"search_term_string"}}],"inLanguage":"es"},{"@type":"Person","@id":"https:\/\/aeronoticias.com.pe\/noticiero\/#\/schema\/person\/fc1e5d578f4b62ba1cf7ac2bba1170a0","name":"Redacci\u00f3n Aeronoticias","url":"https:\/\/aeronoticias.com.pe\/noticiero\/author\/piloto\/"}]}},"_links":{"self":[{"href":"https:\/\/aeronoticias.com.pe\/noticiero\/wp-json\/wp\/v2\/posts\/51051","targetHints":{"allow":["GET"]}}],"collection":[{"href":"https:\/\/aeronoticias.com.pe\/noticiero\/wp-json\/wp\/v2\/posts"}],"about":[{"href":"https:\/\/aeronoticias.com.pe\/noticiero\/wp-json\/wp\/v2\/types\/post"}],"author":[{"embeddable":true,"href":"https:\/\/aeronoticias.com.pe\/noticiero\/wp-json\/wp\/v2\/users\/1"}],"replies":[{"embeddable":true,"href":"https:\/\/aeronoticias.com.pe\/noticiero\/wp-json\/wp\/v2\/comments?post=51051"}],"version-history":[{"count":0,"href":"https:\/\/aeronoticias.com.pe\/noticiero\/wp-json\/wp\/v2\/posts\/51051\/revisions"}],"wp:attachment":[{"href":"https:\/\/aeronoticias.com.pe\/noticiero\/wp-json\/wp\/v2\/media?parent=51051"}],"wp:term":[{"taxonomy":"category","embeddable":true,"href":"https:\/\/aeronoticias.com.pe\/noticiero\/wp-json\/wp\/v2\/categories?post=51051"},{"taxonomy":"post_tag","embeddable":true,"href":"https:\/\/aeronoticias.com.pe\/noticiero\/wp-json\/wp\/v2\/tags?post=51051"}],"curies":[{"name":"wp","href":"https:\/\/api.w.org\/{rel}","templated":true}]}}