{"id":51053,"date":"2015-01-05T15:34:01","date_gmt":"2015-01-05T15:34:01","guid":{"rendered":"http:\/\/desarrollo.mcvicious.com\/aero2020\/2015\/01\/05\/el-ultimo-selfie-tomado-a-bordo-del-fatal-vuelo-de-airasia\/"},"modified":"2015-01-05T15:34:01","modified_gmt":"2015-01-05T15:34:01","slug":"el-ultimo-selfie-tomado-a-bordo-del-fatal-vuelo-de-airasia","status":"publish","type":"post","link":"https:\/\/aeronoticias.com.pe\/noticiero\/mundo\/mundo-mundo-2\/el-ultimo-selfie-tomado-a-bordo-del-fatal-vuelo-de-airasia\/","title":{"rendered":"AirAsia: Su hermana recibi\u00f3 tr\u00e1gica noticia por este &#8216;selfie&#8217;"},"content":{"rendered":"<p style=\"text-align: justify;\"><img decoding=\"async\" src=\"images\/stories\/15\/01\/050115\/a2.jpg\" border=\"0\" \/><\/p>\n<p style=\"text-align: justify;\"><strong>(Aeronoticias).<\/strong>&#8211; Por esa foto la hermana del indonesio Hendra Gunawan Syawal supo que \u00e9l estaba en el fatal vuelo. Su cuerpo ha sido hallado.<\/p>\n<p>  <!--more-->  <\/p>\n<p style=\"text-align: justify;\">Tr\u00e1fico final. Hendra Gunawan Syawal luce sonriente junto a tres de sus amigos en un \u2018selfie\u2019 tomado y compartido via Twitter a bordo de un avi\u00f3n. Un comportamiento t\u00edpico de no ser porque la imagen fue tomada a bordo del fat\u00eddico vuelvo QZ8501 de AirAsia, el mismo que se estrell\u00f3 contra el mar de Java cuando cubr\u00eda la ruta Indonesia- Singapur, con 162 personas a bordo.<\/p>\n<p style=\"text-align: justify;\">El joven, de 23 a\u00f1os, aprovech\u00f3 que a\u00fan ten\u00eda internet y comparti\u00f3 la foto con el resto de sus amigos via Twitter, los que no viajaban en la nave. No imagin\u00f3 que \u00e9sa ser\u00eda la \u00faltima foto de su vida y que menos de una hora m\u00e1s tarde el avi\u00f3n en el que viajaba caer\u00eda al mar.<\/p>\n<p style=\"text-align: justify;\">Yunita Syawal, la hermana del joven indonesio recibi\u00f3 esa foto de parte de un amigo de \u00e9l cuando el avi\u00f3n desapareci\u00f3 y reci\u00e9n entonces sospech\u00f3 que su hermano podr\u00eda haber estado en la aeronave.<\/p>\n<p style=\"text-align: justify;\">Una llamada a sus padres le confirm\u00f3 sus sospechas, algo que se convirti\u00f3 en un profundo dolor cuando, d\u00edas despu\u00e9s, informaron que el avi\u00f3n que viajaba con 162 personas a bordo hab\u00eda ca\u00eddo en el mar de Java.<\/p>\n<p style=\"text-align: justify;\">Entre los 37 cuerpos encontrados hasta el momento, est\u00e1 el de Hendra Gunawan Syawal, a quien ya despidieron en un funeral.<\/p>\n<p style=\"text-align: justify;\">\u00ab\u00c9l siempre me informaba antes de viajar a alguna parte. Pero lo m\u00e1s extra\u00f1o fue que, cuando hablamos la noche anterior, no mencion\u00f3 nada sobre de ir a Singapur\u00bb, le dijo Yunita Syawal al sitio Gulf News.<\/p>\n<p style=\"text-align: justify;\">La familia reconoci\u00f3 el cuerpo del joven y las esperanzas de hallarlo con vida se desvanecieron.<\/p>\n<p style=\"text-align: justify;\">\u00abQued\u00f3 un vac\u00edo en mi coraz\u00f3n, pero espero curar con el tiempo\u00bb, agreg\u00f3.<\/p>\n<p style=\"text-align: justify;\">En tanto, barcos y aviones que buscan restos del aparato y los cuerpos de los pasajeros del Airbus A320-200 en el norte del Mar de Java ampliaron el \u00e1rea de b\u00fasqueda ocho d\u00edas despu\u00e9s de que el vuelo QZ8501 se precipit\u00f3 al agua cuando viajaba entre Surabaya y Singapur con 162 personas a bordo.<\/p>\n<p style=\"text-align: justify;\">Hasta ahora se han recuperado 37 cuerpos, algunos de ellos a\u00fan en sus asientos por el cintur\u00f3n de seguridad. Muchos otros cuerpos podr\u00edan seguir dentro del avi\u00f3n.<\/p>\n<p style=\"text-align: justify;\">El avi\u00f3n viajaba el domingo de hace una semana entre Surabaya, la segunda ciudad de Indonesia, y Singapur.<\/p>\n<p style=\"text-align: justify;\">Las autoridades han explicado que los permisos para la popular ruta eran solo para los lunes, martes, jueves y s\u00e1bados y que AirAsia cambi\u00f3 discretamente tres de esos tres d\u00edas. Funcionarios en Singapur, sin embargo, dijeron que el avi\u00f3n ten\u00eda permiso para aterrizar en su territorio los domingos.<\/p>\n<p style=\"text-align: justify;\">\u00a0<\/p>\n<p style=\"text-align: justify;\">Fuente: <strong><em>El Comercio<\/em><\/strong><\/p>\n<p style=\"text-align: justify;\">Foto: <strong><em>captura de pantalla www.cadena 365.com<\/em><\/strong><\/p>\n","protected":false},"excerpt":{"rendered":"<p>(Aeronoticias).&#8211; Por esa foto la hermana del indonesio Hendra Gunawan Syawal supo que \u00e9l estaba en el fatal vuelo. Su cuerpo ha sido hallado.<\/p>\n","protected":false},"author":1,"featured_media":0,"comment_status":"open","ping_status":"open","sticky":false,"template":"","format":"standard","meta":{"tdm_status":"","tdm_grid_status":"","footnotes":""},"categories":[65],"tags":[],"class_list":{"0":"post-51053","1":"post","2":"type-post","3":"status-publish","4":"format-standard","6":"category-mundo-mundo-2"},"yoast_head":"<!-- This site is optimized with the Yoast SEO plugin v25.1 - https:\/\/yoast.com\/wordpress\/plugins\/seo\/ -->\n<title>AirAsia: Su hermana recibi\u00f3 tr\u00e1gica noticia por este &#039;selfie&#039;<\/title>\n<meta name=\"description\" content=\"Portal de noticias del Per\u00fa sobre el transporte a\u00e9reo, aviaci\u00f3n, turismo, hoteleria, actualidad.\" \/>\n<meta name=\"robots\" content=\"index, follow, max-snippet:-1, max-image-preview:large, max-video-preview:-1\" \/>\n<link rel=\"canonical\" href=\"https:\/\/aeronoticias.com.pe\/noticiero\/mundo\/mundo-mundo-2\/el-ultimo-selfie-tomado-a-bordo-del-fatal-vuelo-de-airasia\/\" \/>\n<meta property=\"og:locale\" content=\"es_ES\" \/>\n<meta property=\"og:type\" content=\"article\" \/>\n<meta property=\"og:title\" content=\"AirAsia: Su hermana recibi\u00f3 tr\u00e1gica noticia por este &#039;selfie&#039;\" \/>\n<meta property=\"og:description\" content=\"Portal de noticias del Per\u00fa sobre el transporte a\u00e9reo, aviaci\u00f3n, turismo, hoteleria, actualidad.\" \/>\n<meta property=\"og:url\" content=\"https:\/\/aeronoticias.com.pe\/noticiero\/mundo\/mundo-mundo-2\/el-ultimo-selfie-tomado-a-bordo-del-fatal-vuelo-de-airasia\/\" \/>\n<meta property=\"og:site_name\" content=\"Aeronoticias.com.pe\" \/>\n<meta property=\"article:publisher\" content=\"https:\/\/www.facebook.com\/Aeronoticias.com.pe\/\" \/>\n<meta property=\"article:published_time\" content=\"2015-01-05T15:34:01+00:00\" \/>\n<meta name=\"author\" content=\"Redacci\u00f3n Aeronoticias\" \/>\n<meta name=\"twitter:card\" content=\"summary_large_image\" \/>\n<meta name=\"twitter:creator\" content=\"@aeronoticias\" \/>\n<meta name=\"twitter:site\" content=\"@aeronoticias\" \/>\n<meta name=\"twitter:label1\" content=\"Escrito por\" \/>\n\t<meta name=\"twitter:data1\" content=\"Redacci\u00f3n Aeronoticias\" \/>\n\t<meta name=\"twitter:label2\" content=\"Tiempo de lectura\" \/>\n\t<meta name=\"twitter:data2\" content=\"2 minutos\" \/>\n<script type=\"application\/ld+json\" class=\"yoast-schema-graph\">{\"@context\":\"https:\/\/schema.org\",\"@graph\":[{\"@type\":\"WebPage\",\"@id\":\"https:\/\/aeronoticias.com.pe\/noticiero\/mundo\/mundo-mundo-2\/el-ultimo-selfie-tomado-a-bordo-del-fatal-vuelo-de-airasia\/\",\"url\":\"https:\/\/aeronoticias.com.pe\/noticiero\/mundo\/mundo-mundo-2\/el-ultimo-selfie-tomado-a-bordo-del-fatal-vuelo-de-airasia\/\",\"name\":\"AirAsia: Su hermana recibi\u00f3 tr\u00e1gica noticia por este 'selfie'\",\"isPartOf\":{\"@id\":\"https:\/\/aeronoticias.com.pe\/noticiero\/#website\"},\"datePublished\":\"2015-01-05T15:34:01+00:00\",\"author\":{\"@id\":\"https:\/\/aeronoticias.com.pe\/noticiero\/#\/schema\/person\/fc1e5d578f4b62ba1cf7ac2bba1170a0\"},\"description\":\"Portal de noticias del Per\u00fa sobre el transporte a\u00e9reo, aviaci\u00f3n, turismo, hoteleria, actualidad.\",\"breadcrumb\":{\"@id\":\"https:\/\/aeronoticias.com.pe\/noticiero\/mundo\/mundo-mundo-2\/el-ultimo-selfie-tomado-a-bordo-del-fatal-vuelo-de-airasia\/#breadcrumb\"},\"inLanguage\":\"es\",\"potentialAction\":[{\"@type\":\"ReadAction\",\"target\":[\"https:\/\/aeronoticias.com.pe\/noticiero\/mundo\/mundo-mundo-2\/el-ultimo-selfie-tomado-a-bordo-del-fatal-vuelo-de-airasia\/\"]}]},{\"@type\":\"BreadcrumbList\",\"@id\":\"https:\/\/aeronoticias.com.pe\/noticiero\/mundo\/mundo-mundo-2\/el-ultimo-selfie-tomado-a-bordo-del-fatal-vuelo-de-airasia\/#breadcrumb\",\"itemListElement\":[{\"@type\":\"ListItem\",\"position\":1,\"name\":\"Portada\",\"item\":\"https:\/\/aeronoticias.com.pe\/noticiero\/\"},{\"@type\":\"ListItem\",\"position\":2,\"name\":\"AirAsia: Su hermana recibi\u00f3 tr\u00e1gica noticia por este &#8216;selfie&#8217;\"}]},{\"@type\":\"WebSite\",\"@id\":\"https:\/\/aeronoticias.com.pe\/noticiero\/#website\",\"url\":\"https:\/\/aeronoticias.com.pe\/noticiero\/\",\"name\":\"Aeronoticias.com.pe\",\"description\":\"Noticias de tranporte aereo, turismo, hoteles, gastronomia, actualidad, internacional\",\"potentialAction\":[{\"@type\":\"SearchAction\",\"target\":{\"@type\":\"EntryPoint\",\"urlTemplate\":\"https:\/\/aeronoticias.com.pe\/noticiero\/?s={search_term_string}\"},\"query-input\":{\"@type\":\"PropertyValueSpecification\",\"valueRequired\":true,\"valueName\":\"search_term_string\"}}],\"inLanguage\":\"es\"},{\"@type\":\"Person\",\"@id\":\"https:\/\/aeronoticias.com.pe\/noticiero\/#\/schema\/person\/fc1e5d578f4b62ba1cf7ac2bba1170a0\",\"name\":\"Redacci\u00f3n Aeronoticias\",\"url\":\"https:\/\/aeronoticias.com.pe\/noticiero\/author\/piloto\/\"}]}<\/script>\n<!-- \/ Yoast SEO plugin. -->","yoast_head_json":{"title":"AirAsia: Su hermana recibi\u00f3 tr\u00e1gica noticia por este 'selfie'","description":"Portal de noticias del Per\u00fa sobre el transporte a\u00e9reo, aviaci\u00f3n, turismo, hoteleria, actualidad.","robots":{"index":"index","follow":"follow","max-snippet":"max-snippet:-1","max-image-preview":"max-image-preview:large","max-video-preview":"max-video-preview:-1"},"canonical":"https:\/\/aeronoticias.com.pe\/noticiero\/mundo\/mundo-mundo-2\/el-ultimo-selfie-tomado-a-bordo-del-fatal-vuelo-de-airasia\/","og_locale":"es_ES","og_type":"article","og_title":"AirAsia: Su hermana recibi\u00f3 tr\u00e1gica noticia por este 'selfie'","og_description":"Portal de noticias del Per\u00fa sobre el transporte a\u00e9reo, aviaci\u00f3n, turismo, hoteleria, actualidad.","og_url":"https:\/\/aeronoticias.com.pe\/noticiero\/mundo\/mundo-mundo-2\/el-ultimo-selfie-tomado-a-bordo-del-fatal-vuelo-de-airasia\/","og_site_name":"Aeronoticias.com.pe","article_publisher":"https:\/\/www.facebook.com\/Aeronoticias.com.pe\/","article_published_time":"2015-01-05T15:34:01+00:00","author":"Redacci\u00f3n Aeronoticias","twitter_card":"summary_large_image","twitter_creator":"@aeronoticias","twitter_site":"@aeronoticias","twitter_misc":{"Escrito por":"Redacci\u00f3n Aeronoticias","Tiempo de lectura":"2 minutos"},"schema":{"@context":"https:\/\/schema.org","@graph":[{"@type":"WebPage","@id":"https:\/\/aeronoticias.com.pe\/noticiero\/mundo\/mundo-mundo-2\/el-ultimo-selfie-tomado-a-bordo-del-fatal-vuelo-de-airasia\/","url":"https:\/\/aeronoticias.com.pe\/noticiero\/mundo\/mundo-mundo-2\/el-ultimo-selfie-tomado-a-bordo-del-fatal-vuelo-de-airasia\/","name":"AirAsia: Su hermana recibi\u00f3 tr\u00e1gica noticia por este 'selfie'","isPartOf":{"@id":"https:\/\/aeronoticias.com.pe\/noticiero\/#website"},"datePublished":"2015-01-05T15:34:01+00:00","author":{"@id":"https:\/\/aeronoticias.com.pe\/noticiero\/#\/schema\/person\/fc1e5d578f4b62ba1cf7ac2bba1170a0"},"description":"Portal de noticias del Per\u00fa sobre el transporte a\u00e9reo, aviaci\u00f3n, turismo, hoteleria, actualidad.","breadcrumb":{"@id":"https:\/\/aeronoticias.com.pe\/noticiero\/mundo\/mundo-mundo-2\/el-ultimo-selfie-tomado-a-bordo-del-fatal-vuelo-de-airasia\/#breadcrumb"},"inLanguage":"es","potentialAction":[{"@type":"ReadAction","target":["https:\/\/aeronoticias.com.pe\/noticiero\/mundo\/mundo-mundo-2\/el-ultimo-selfie-tomado-a-bordo-del-fatal-vuelo-de-airasia\/"]}]},{"@type":"BreadcrumbList","@id":"https:\/\/aeronoticias.com.pe\/noticiero\/mundo\/mundo-mundo-2\/el-ultimo-selfie-tomado-a-bordo-del-fatal-vuelo-de-airasia\/#breadcrumb","itemListElement":[{"@type":"ListItem","position":1,"name":"Portada","item":"https:\/\/aeronoticias.com.pe\/noticiero\/"},{"@type":"ListItem","position":2,"name":"AirAsia: Su hermana recibi\u00f3 tr\u00e1gica noticia por este &#8216;selfie&#8217;"}]},{"@type":"WebSite","@id":"https:\/\/aeronoticias.com.pe\/noticiero\/#website","url":"https:\/\/aeronoticias.com.pe\/noticiero\/","name":"Aeronoticias.com.pe","description":"Noticias de tranporte aereo, turismo, hoteles, gastronomia, actualidad, internacional","potentialAction":[{"@type":"SearchAction","target":{"@type":"EntryPoint","urlTemplate":"https:\/\/aeronoticias.com.pe\/noticiero\/?s={search_term_string}"},"query-input":{"@type":"PropertyValueSpecification","valueRequired":true,"valueName":"search_term_string"}}],"inLanguage":"es"},{"@type":"Person","@id":"https:\/\/aeronoticias.com.pe\/noticiero\/#\/schema\/person\/fc1e5d578f4b62ba1cf7ac2bba1170a0","name":"Redacci\u00f3n Aeronoticias","url":"https:\/\/aeronoticias.com.pe\/noticiero\/author\/piloto\/"}]}},"_links":{"self":[{"href":"https:\/\/aeronoticias.com.pe\/noticiero\/wp-json\/wp\/v2\/posts\/51053","targetHints":{"allow":["GET"]}}],"collection":[{"href":"https:\/\/aeronoticias.com.pe\/noticiero\/wp-json\/wp\/v2\/posts"}],"about":[{"href":"https:\/\/aeronoticias.com.pe\/noticiero\/wp-json\/wp\/v2\/types\/post"}],"author":[{"embeddable":true,"href":"https:\/\/aeronoticias.com.pe\/noticiero\/wp-json\/wp\/v2\/users\/1"}],"replies":[{"embeddable":true,"href":"https:\/\/aeronoticias.com.pe\/noticiero\/wp-json\/wp\/v2\/comments?post=51053"}],"version-history":[{"count":0,"href":"https:\/\/aeronoticias.com.pe\/noticiero\/wp-json\/wp\/v2\/posts\/51053\/revisions"}],"wp:attachment":[{"href":"https:\/\/aeronoticias.com.pe\/noticiero\/wp-json\/wp\/v2\/media?parent=51053"}],"wp:term":[{"taxonomy":"category","embeddable":true,"href":"https:\/\/aeronoticias.com.pe\/noticiero\/wp-json\/wp\/v2\/categories?post=51053"},{"taxonomy":"post_tag","embeddable":true,"href":"https:\/\/aeronoticias.com.pe\/noticiero\/wp-json\/wp\/v2\/tags?post=51053"}],"curies":[{"name":"wp","href":"https:\/\/api.w.org\/{rel}","templated":true}]}}