{"id":51058,"date":"2015-01-05T17:48:04","date_gmt":"2015-01-05T17:48:04","guid":{"rendered":"http:\/\/desarrollo.mcvicious.com\/aero2020\/2015\/01\/05\/proyectan-buenas-perspectivas-para-el-transporte-aereo-de-pasajeros\/"},"modified":"2015-01-05T17:48:04","modified_gmt":"2015-01-05T17:48:04","slug":"proyectan-buenas-perspectivas-para-el-transporte-aereo-de-pasajeros","status":"publish","type":"post","link":"https:\/\/aeronoticias.com.pe\/noticiero\/transporte-aereo\/internacional\/proyectan-buenas-perspectivas-para-el-transporte-aereo-de-pasajeros\/","title":{"rendered":"Colombia: Proyectan buenas perspectivas para el transporte a\u00e9reo de pasajeros"},"content":{"rendered":"<p style=\"text-align: justify;\"><strong>(Aeronoticias) <\/strong><span style=\"font-size: 11.8181819915771px; line-height: 1.3em;\">Sin que se tengan las cifras consolidadas del transporte a\u00e9reo de pasajeros en Colombia del a\u00f1o pasado, datos preliminares apuntan a un tr\u00e1fico cercano a los 31 millones de personas.<\/span><\/p>\n<p style=\"text-align: justify;\"><span style=\"font-size: 11.8181819915771px; line-height: 1.3em;\">Este panorama representa una tasa de crecimiento de 8 por ciento frente al 2013, seg\u00fan la Asociaci\u00f3n del Transporte A\u00e9reo de Colombia (Atac).<\/span><\/p>\n<p style=\"text-align: justify;\"><span style=\"font-size: 11.8181819915771px; line-height: 1.3em;\">Solo los pasajeros nacionales transportados estar\u00e1n por el orden de 21 millones, es decir, crecer\u00e1n 6 por ciento, y los internacionales rondar\u00e1n los 10 millones, con una tasa de 12 por ciento.<\/span><\/p>\n<p style=\"text-align: justify;\"><span style=\"font-size: 11.8181819915771px; line-height: 1.3em;\">La din\u00e1mica que trae el sector y el buen momento econ\u00f3mico del pa\u00eds hacen prever que para el 2015 se mantendr\u00e1n tasas de crecimiento similares, seg\u00fan expertos. La Iata (Asociaci\u00f3n Internacional de Transporte A\u00e9reo) se\u00f1ala que la tasa de crecimiento del sector a escala mundial ser\u00e1 del 5,7 por ciento, es decir, que Colombia crecer\u00e1 2,3 puntos porcentuales por encima del promedio global. As\u00ed mismo, el tr\u00e1fico en Colombia se situ\u00f3 por encima de Am\u00e9rica Latina, el cual, seg\u00fan la Asociaci\u00f3n Latinoamericana y del Caribe de Transporte A\u00e9reo (Alta) se fijar\u00e1 en 5,3 por ciento.<\/span><\/p>\n<p style=\"text-align: justify;\"><span style=\"font-size: 11.8181819915771px; line-height: 1.3em;\">Colombia cuenta hoy con tres de los principales operadores de la regi\u00f3n compitiendo por el mercado dom\u00e9stico (Avianca, Copa y LAN), que sumados a la aerol\u00ednea de bajo costo VivaColombia y 2 operadores regionales (Easyfly y Ada) as\u00ed como a la estatal Satena, ofrecen una oferta competitiva de tarifas que han hecho m\u00e1s asequible el servicio de transporte a\u00e9reo dentro del pa\u00eds.<\/span><\/p>\n<p style=\"text-align: justify;\"><span style=\"font-size: 11.8181819915771px; line-height: 1.3em;\">Otros 22 operadores internacionales compiten en el pa\u00eds, robusteciendo la conectividad internacional. <\/span><\/p>\n<p style=\"text-align: justify;\"><strong><em><span style=\"font-size: 11.8181819915771px; line-height: 1.3em;\">Fuente: <\/span><span style=\"line-height: 15.3636360168457px;\">http:\/\/www.eltiempo.com\/economia\/sectores\/perspectivas-para-el-transporte-aereo-de-pasajeros\/15052357<\/span><\/em><\/strong><\/p>\n<p style=\"text-align: justify;\"><strong><em><span style=\"line-height: 15.3636360168457px;\"><img decoding=\"async\" src=\"images\/stories\/15\/01\/050115\/pasajeroscolombia.jpg\" border=\"0\" \/><br \/><\/span><\/em><\/strong><\/p>\n","protected":false},"excerpt":{"rendered":"<p>(Aeronoticias) Sin que se tengan las cifras consolidadas del transporte a\u00e9reo de pasajeros en Colombia del a\u00f1o pasado, datos preliminares apuntan a un tr\u00e1fico cercano a los 31 millones de personas. Este panorama representa una tasa de crecimiento de 8 por ciento frente al 2013, seg\u00fan la Asociaci\u00f3n del Transporte A\u00e9reo de Colombia (Atac). Solo [&hellip;]<\/p>\n","protected":false},"author":1,"featured_media":0,"comment_status":"open","ping_status":"open","sticky":false,"template":"","format":"standard","meta":{"tdm_status":"","tdm_grid_status":"","footnotes":""},"categories":[32],"tags":[],"class_list":{"0":"post-51058","1":"post","2":"type-post","3":"status-publish","4":"format-standard","6":"category-internacional"},"yoast_head":"<!-- This site is optimized with the Yoast SEO plugin v25.1 - https:\/\/yoast.com\/wordpress\/plugins\/seo\/ -->\n<title>Colombia: Proyectan buenas perspectivas para el transporte a\u00e9reo de pasajeros<\/title>\n<meta name=\"description\" content=\"Portal de noticias del Per\u00fa sobre el transporte a\u00e9reo, aviaci\u00f3n, turismo, hoteleria, actualidad.\" \/>\n<meta name=\"robots\" content=\"index, follow, max-snippet:-1, max-image-preview:large, max-video-preview:-1\" \/>\n<link rel=\"canonical\" href=\"https:\/\/aeronoticias.com.pe\/noticiero\/transporte-aereo\/internacional\/proyectan-buenas-perspectivas-para-el-transporte-aereo-de-pasajeros\/\" \/>\n<meta property=\"og:locale\" content=\"es_ES\" \/>\n<meta property=\"og:type\" content=\"article\" \/>\n<meta property=\"og:title\" content=\"Colombia: Proyectan buenas perspectivas para el transporte a\u00e9reo de pasajeros\" \/>\n<meta property=\"og:description\" content=\"Portal de noticias del Per\u00fa sobre el transporte a\u00e9reo, aviaci\u00f3n, turismo, hoteleria, actualidad.\" \/>\n<meta property=\"og:url\" content=\"https:\/\/aeronoticias.com.pe\/noticiero\/transporte-aereo\/internacional\/proyectan-buenas-perspectivas-para-el-transporte-aereo-de-pasajeros\/\" \/>\n<meta property=\"og:site_name\" content=\"Aeronoticias.com.pe\" \/>\n<meta property=\"article:publisher\" content=\"https:\/\/www.facebook.com\/Aeronoticias.com.pe\/\" \/>\n<meta property=\"article:published_time\" content=\"2015-01-05T17:48:04+00:00\" \/>\n<meta name=\"author\" content=\"Redacci\u00f3n Aeronoticias\" \/>\n<meta name=\"twitter:card\" content=\"summary_large_image\" \/>\n<meta name=\"twitter:creator\" content=\"@aeronoticias\" \/>\n<meta name=\"twitter:site\" content=\"@aeronoticias\" \/>\n<meta name=\"twitter:label1\" content=\"Escrito por\" \/>\n\t<meta name=\"twitter:data1\" content=\"Redacci\u00f3n Aeronoticias\" \/>\n\t<meta name=\"twitter:label2\" content=\"Tiempo de lectura\" \/>\n\t<meta name=\"twitter:data2\" content=\"1 minuto\" \/>\n<script type=\"application\/ld+json\" class=\"yoast-schema-graph\">{\"@context\":\"https:\/\/schema.org\",\"@graph\":[{\"@type\":\"WebPage\",\"@id\":\"https:\/\/aeronoticias.com.pe\/noticiero\/transporte-aereo\/internacional\/proyectan-buenas-perspectivas-para-el-transporte-aereo-de-pasajeros\/\",\"url\":\"https:\/\/aeronoticias.com.pe\/noticiero\/transporte-aereo\/internacional\/proyectan-buenas-perspectivas-para-el-transporte-aereo-de-pasajeros\/\",\"name\":\"Colombia: Proyectan buenas perspectivas para el transporte a\u00e9reo de pasajeros\",\"isPartOf\":{\"@id\":\"https:\/\/aeronoticias.com.pe\/noticiero\/#website\"},\"datePublished\":\"2015-01-05T17:48:04+00:00\",\"author\":{\"@id\":\"https:\/\/aeronoticias.com.pe\/noticiero\/#\/schema\/person\/fc1e5d578f4b62ba1cf7ac2bba1170a0\"},\"description\":\"Portal de noticias del Per\u00fa sobre el transporte a\u00e9reo, aviaci\u00f3n, turismo, hoteleria, actualidad.\",\"breadcrumb\":{\"@id\":\"https:\/\/aeronoticias.com.pe\/noticiero\/transporte-aereo\/internacional\/proyectan-buenas-perspectivas-para-el-transporte-aereo-de-pasajeros\/#breadcrumb\"},\"inLanguage\":\"es\",\"potentialAction\":[{\"@type\":\"ReadAction\",\"target\":[\"https:\/\/aeronoticias.com.pe\/noticiero\/transporte-aereo\/internacional\/proyectan-buenas-perspectivas-para-el-transporte-aereo-de-pasajeros\/\"]}]},{\"@type\":\"BreadcrumbList\",\"@id\":\"https:\/\/aeronoticias.com.pe\/noticiero\/transporte-aereo\/internacional\/proyectan-buenas-perspectivas-para-el-transporte-aereo-de-pasajeros\/#breadcrumb\",\"itemListElement\":[{\"@type\":\"ListItem\",\"position\":1,\"name\":\"Portada\",\"item\":\"https:\/\/aeronoticias.com.pe\/noticiero\/\"},{\"@type\":\"ListItem\",\"position\":2,\"name\":\"Colombia: Proyectan buenas perspectivas para el transporte a\u00e9reo de pasajeros\"}]},{\"@type\":\"WebSite\",\"@id\":\"https:\/\/aeronoticias.com.pe\/noticiero\/#website\",\"url\":\"https:\/\/aeronoticias.com.pe\/noticiero\/\",\"name\":\"Aeronoticias.com.pe\",\"description\":\"Noticias de tranporte aereo, turismo, hoteles, gastronomia, actualidad, internacional\",\"potentialAction\":[{\"@type\":\"SearchAction\",\"target\":{\"@type\":\"EntryPoint\",\"urlTemplate\":\"https:\/\/aeronoticias.com.pe\/noticiero\/?s={search_term_string}\"},\"query-input\":{\"@type\":\"PropertyValueSpecification\",\"valueRequired\":true,\"valueName\":\"search_term_string\"}}],\"inLanguage\":\"es\"},{\"@type\":\"Person\",\"@id\":\"https:\/\/aeronoticias.com.pe\/noticiero\/#\/schema\/person\/fc1e5d578f4b62ba1cf7ac2bba1170a0\",\"name\":\"Redacci\u00f3n Aeronoticias\",\"url\":\"https:\/\/aeronoticias.com.pe\/noticiero\/author\/piloto\/\"}]}<\/script>\n<!-- \/ Yoast SEO plugin. -->","yoast_head_json":{"title":"Colombia: Proyectan buenas perspectivas para el transporte a\u00e9reo de pasajeros","description":"Portal de noticias del Per\u00fa sobre el transporte a\u00e9reo, aviaci\u00f3n, turismo, hoteleria, actualidad.","robots":{"index":"index","follow":"follow","max-snippet":"max-snippet:-1","max-image-preview":"max-image-preview:large","max-video-preview":"max-video-preview:-1"},"canonical":"https:\/\/aeronoticias.com.pe\/noticiero\/transporte-aereo\/internacional\/proyectan-buenas-perspectivas-para-el-transporte-aereo-de-pasajeros\/","og_locale":"es_ES","og_type":"article","og_title":"Colombia: Proyectan buenas perspectivas para el transporte a\u00e9reo de pasajeros","og_description":"Portal de noticias del Per\u00fa sobre el transporte a\u00e9reo, aviaci\u00f3n, turismo, hoteleria, actualidad.","og_url":"https:\/\/aeronoticias.com.pe\/noticiero\/transporte-aereo\/internacional\/proyectan-buenas-perspectivas-para-el-transporte-aereo-de-pasajeros\/","og_site_name":"Aeronoticias.com.pe","article_publisher":"https:\/\/www.facebook.com\/Aeronoticias.com.pe\/","article_published_time":"2015-01-05T17:48:04+00:00","author":"Redacci\u00f3n Aeronoticias","twitter_card":"summary_large_image","twitter_creator":"@aeronoticias","twitter_site":"@aeronoticias","twitter_misc":{"Escrito por":"Redacci\u00f3n Aeronoticias","Tiempo de lectura":"1 minuto"},"schema":{"@context":"https:\/\/schema.org","@graph":[{"@type":"WebPage","@id":"https:\/\/aeronoticias.com.pe\/noticiero\/transporte-aereo\/internacional\/proyectan-buenas-perspectivas-para-el-transporte-aereo-de-pasajeros\/","url":"https:\/\/aeronoticias.com.pe\/noticiero\/transporte-aereo\/internacional\/proyectan-buenas-perspectivas-para-el-transporte-aereo-de-pasajeros\/","name":"Colombia: Proyectan buenas perspectivas para el transporte a\u00e9reo de pasajeros","isPartOf":{"@id":"https:\/\/aeronoticias.com.pe\/noticiero\/#website"},"datePublished":"2015-01-05T17:48:04+00:00","author":{"@id":"https:\/\/aeronoticias.com.pe\/noticiero\/#\/schema\/person\/fc1e5d578f4b62ba1cf7ac2bba1170a0"},"description":"Portal de noticias del Per\u00fa sobre el transporte a\u00e9reo, aviaci\u00f3n, turismo, hoteleria, actualidad.","breadcrumb":{"@id":"https:\/\/aeronoticias.com.pe\/noticiero\/transporte-aereo\/internacional\/proyectan-buenas-perspectivas-para-el-transporte-aereo-de-pasajeros\/#breadcrumb"},"inLanguage":"es","potentialAction":[{"@type":"ReadAction","target":["https:\/\/aeronoticias.com.pe\/noticiero\/transporte-aereo\/internacional\/proyectan-buenas-perspectivas-para-el-transporte-aereo-de-pasajeros\/"]}]},{"@type":"BreadcrumbList","@id":"https:\/\/aeronoticias.com.pe\/noticiero\/transporte-aereo\/internacional\/proyectan-buenas-perspectivas-para-el-transporte-aereo-de-pasajeros\/#breadcrumb","itemListElement":[{"@type":"ListItem","position":1,"name":"Portada","item":"https:\/\/aeronoticias.com.pe\/noticiero\/"},{"@type":"ListItem","position":2,"name":"Colombia: Proyectan buenas perspectivas para el transporte a\u00e9reo de pasajeros"}]},{"@type":"WebSite","@id":"https:\/\/aeronoticias.com.pe\/noticiero\/#website","url":"https:\/\/aeronoticias.com.pe\/noticiero\/","name":"Aeronoticias.com.pe","description":"Noticias de tranporte aereo, turismo, hoteles, gastronomia, actualidad, internacional","potentialAction":[{"@type":"SearchAction","target":{"@type":"EntryPoint","urlTemplate":"https:\/\/aeronoticias.com.pe\/noticiero\/?s={search_term_string}"},"query-input":{"@type":"PropertyValueSpecification","valueRequired":true,"valueName":"search_term_string"}}],"inLanguage":"es"},{"@type":"Person","@id":"https:\/\/aeronoticias.com.pe\/noticiero\/#\/schema\/person\/fc1e5d578f4b62ba1cf7ac2bba1170a0","name":"Redacci\u00f3n Aeronoticias","url":"https:\/\/aeronoticias.com.pe\/noticiero\/author\/piloto\/"}]}},"_links":{"self":[{"href":"https:\/\/aeronoticias.com.pe\/noticiero\/wp-json\/wp\/v2\/posts\/51058","targetHints":{"allow":["GET"]}}],"collection":[{"href":"https:\/\/aeronoticias.com.pe\/noticiero\/wp-json\/wp\/v2\/posts"}],"about":[{"href":"https:\/\/aeronoticias.com.pe\/noticiero\/wp-json\/wp\/v2\/types\/post"}],"author":[{"embeddable":true,"href":"https:\/\/aeronoticias.com.pe\/noticiero\/wp-json\/wp\/v2\/users\/1"}],"replies":[{"embeddable":true,"href":"https:\/\/aeronoticias.com.pe\/noticiero\/wp-json\/wp\/v2\/comments?post=51058"}],"version-history":[{"count":0,"href":"https:\/\/aeronoticias.com.pe\/noticiero\/wp-json\/wp\/v2\/posts\/51058\/revisions"}],"wp:attachment":[{"href":"https:\/\/aeronoticias.com.pe\/noticiero\/wp-json\/wp\/v2\/media?parent=51058"}],"wp:term":[{"taxonomy":"category","embeddable":true,"href":"https:\/\/aeronoticias.com.pe\/noticiero\/wp-json\/wp\/v2\/categories?post=51058"},{"taxonomy":"post_tag","embeddable":true,"href":"https:\/\/aeronoticias.com.pe\/noticiero\/wp-json\/wp\/v2\/tags?post=51058"}],"curies":[{"name":"wp","href":"https:\/\/api.w.org\/{rel}","templated":true}]}}