{"id":51061,"date":"2015-01-05T18:37:53","date_gmt":"2015-01-05T18:37:53","guid":{"rendered":"http:\/\/desarrollo.mcvicious.com\/aero2020\/2015\/01\/05\/alerta-en-aeropuertos-de-la-india-por-posible-ataque-terrorista\/"},"modified":"2015-01-05T18:37:53","modified_gmt":"2015-01-05T18:37:53","slug":"alerta-en-aeropuertos-de-la-india-por-posible-ataque-terrorista","status":"publish","type":"post","link":"https:\/\/aeronoticias.com.pe\/noticiero\/transporte-aereo\/internacional\/alerta-en-aeropuertos-de-la-india-por-posible-ataque-terrorista\/","title":{"rendered":"Alerta en aeropuertos de la India por posible ataque terrorista"},"content":{"rendered":"<p style=\"text-align: justify;\"><strong>(Aeronoticias) <\/strong><span style=\"font-size: 11.8181819915771px; line-height: 1.3em;\">Los aeropuertos en toda India se encuentran hoy en m\u00e1xima alerta, ante la advertencia de los Servicios de Inteligencia sobre un posible atentado terrorista y la amenaza del secuestro de un avi\u00f3n en el aeropuerto de la ciudad de Calcuta.<\/span><\/p>\n<p style=\"text-align: justify;\"><span style=\"font-size: 11.8181819915771px; line-height: 1.3em;\">La seguridad fue reforzada principalmente en el aeropuerto internacional Indira Gandhi (IGI) de esta capital, luego de que la Inteligencia alert\u00f3 este domingo de que terroristas se alistan para atacar los vuelos de Air India que van a Afganist\u00e1n.<\/span><\/p>\n<p style=\"text-align: justify;\"><span style=\"font-size: 11.8181819915771px; line-height: 1.3em;\">La Inteligencia advirti\u00f3, bas\u00e1ndose en \u00abinformaciones bastante fiables\u00bb, que un vuelo de Air India de Nueva Delhi a Kabul, capital afgana, podr\u00eda ser secuestrado por los terroristas, seg\u00fan un reporte de la edici\u00f3n electr\u00f3nica del diario The Times of India.<\/span><\/p>\n<p style=\"text-align: justify;\"><span style=\"font-size: 11.8181819915771px; line-height: 1.3em;\">Los aeropuertos en todo el pa\u00eds fueron puestos en alerta m\u00e1xima despu\u00e9s de que la oficina de Air India en Calcuta, en el estado de Bengala Occidental, recibi\u00f3 la v\u00edspera una llamada telef\u00f3nica en la que se amenazaba sobre el secuestro de uno de sus aviones.<\/span><\/p>\n<p style=\"text-align: justify;\"><span style=\"font-size: 11.8181819915771px; line-height: 1.3em;\">\u00abAir India secuestro Biman kora hobe (Un avi\u00f3n de Air India ser\u00e1 secuestrado)\u00bb, afirm\u00f3 una voz masculina que habl\u00f3 en bengal\u00ed en la llamada telef\u00f3nica, que desencaden\u00f3 una alerta de seguridad inmediata en todos los vuelos de la compa\u00f1\u00eda a\u00e9rea.<\/span><\/p>\n<p style=\"text-align: justify;\"><span style=\"font-size: 11.8181819915771px; line-height: 1.3em;\">El comisionado adjunto de la Polic\u00eda, Mi Haider, inform\u00f3 que ante la alerta de la Inteligencia y la amenaza telef\u00f3nica, la Fuerza Central de Seguridad Industrial (CISF), que se ocupa de la seguridad interna del aeropuerto, fue puesta en m\u00e1xima alerta.<\/span><\/p>\n<p><span style=\"font-size: 11.8181819915771px; line-height: 1.3em;\"><strong><em>Fuente: http:\/\/noticias.starmedia.com\/sucesos\/alerta-en-aeropuertos-india-por-posible-ataque-terrorista.html<\/em><\/strong><\/span><\/p>\n<p><span style=\"font-size: 11.8181819915771px; line-height: 1.3em;\"><strong><em><img decoding=\"async\" src=\"images\/stories\/15\/01\/050115\/aindia.jpg\" border=\"0\" \/><br \/><\/em><\/strong><\/span><\/p>\n","protected":false},"excerpt":{"rendered":"<p>(Aeronoticias) Los aeropuertos en toda India se encuentran hoy en m\u00e1xima alerta, ante la advertencia de los Servicios de Inteligencia sobre un posible atentado terrorista y la amenaza del secuestro de un avi\u00f3n en el aeropuerto de la ciudad de Calcuta. La seguridad fue reforzada principalmente en el aeropuerto internacional Indira Gandhi (IGI) de esta [&hellip;]<\/p>\n","protected":false},"author":1,"featured_media":0,"comment_status":"open","ping_status":"open","sticky":false,"template":"","format":"standard","meta":{"tdm_status":"","tdm_grid_status":"","footnotes":""},"categories":[32],"tags":[],"class_list":{"0":"post-51061","1":"post","2":"type-post","3":"status-publish","4":"format-standard","6":"category-internacional"},"yoast_head":"<!-- This site is optimized with the Yoast SEO plugin v25.1 - https:\/\/yoast.com\/wordpress\/plugins\/seo\/ -->\n<title>Alerta en aeropuertos de la India por posible ataque terrorista<\/title>\n<meta name=\"description\" content=\"Portal de noticias del Per\u00fa sobre el transporte a\u00e9reo, aviaci\u00f3n, turismo, hoteleria, actualidad.\" \/>\n<meta name=\"robots\" content=\"index, follow, max-snippet:-1, max-image-preview:large, max-video-preview:-1\" \/>\n<link rel=\"canonical\" href=\"https:\/\/aeronoticias.com.pe\/noticiero\/transporte-aereo\/internacional\/alerta-en-aeropuertos-de-la-india-por-posible-ataque-terrorista\/\" \/>\n<meta property=\"og:locale\" content=\"es_ES\" \/>\n<meta property=\"og:type\" content=\"article\" \/>\n<meta property=\"og:title\" content=\"Alerta en aeropuertos de la India por posible ataque terrorista\" \/>\n<meta property=\"og:description\" content=\"Portal de noticias del Per\u00fa sobre el transporte a\u00e9reo, aviaci\u00f3n, turismo, hoteleria, actualidad.\" \/>\n<meta property=\"og:url\" content=\"https:\/\/aeronoticias.com.pe\/noticiero\/transporte-aereo\/internacional\/alerta-en-aeropuertos-de-la-india-por-posible-ataque-terrorista\/\" \/>\n<meta property=\"og:site_name\" content=\"Aeronoticias.com.pe\" \/>\n<meta property=\"article:publisher\" content=\"https:\/\/www.facebook.com\/Aeronoticias.com.pe\/\" \/>\n<meta property=\"article:published_time\" content=\"2015-01-05T18:37:53+00:00\" \/>\n<meta name=\"author\" content=\"Redacci\u00f3n Aeronoticias\" \/>\n<meta name=\"twitter:card\" content=\"summary_large_image\" \/>\n<meta name=\"twitter:creator\" content=\"@aeronoticias\" \/>\n<meta name=\"twitter:site\" content=\"@aeronoticias\" \/>\n<meta name=\"twitter:label1\" content=\"Escrito por\" \/>\n\t<meta name=\"twitter:data1\" content=\"Redacci\u00f3n Aeronoticias\" \/>\n\t<meta name=\"twitter:label2\" content=\"Tiempo de lectura\" \/>\n\t<meta name=\"twitter:data2\" content=\"1 minuto\" \/>\n<script type=\"application\/ld+json\" class=\"yoast-schema-graph\">{\"@context\":\"https:\/\/schema.org\",\"@graph\":[{\"@type\":\"WebPage\",\"@id\":\"https:\/\/aeronoticias.com.pe\/noticiero\/transporte-aereo\/internacional\/alerta-en-aeropuertos-de-la-india-por-posible-ataque-terrorista\/\",\"url\":\"https:\/\/aeronoticias.com.pe\/noticiero\/transporte-aereo\/internacional\/alerta-en-aeropuertos-de-la-india-por-posible-ataque-terrorista\/\",\"name\":\"Alerta en aeropuertos de la India por posible ataque terrorista\",\"isPartOf\":{\"@id\":\"https:\/\/aeronoticias.com.pe\/noticiero\/#website\"},\"datePublished\":\"2015-01-05T18:37:53+00:00\",\"author\":{\"@id\":\"https:\/\/aeronoticias.com.pe\/noticiero\/#\/schema\/person\/fc1e5d578f4b62ba1cf7ac2bba1170a0\"},\"description\":\"Portal de noticias del Per\u00fa sobre el transporte a\u00e9reo, aviaci\u00f3n, turismo, hoteleria, actualidad.\",\"breadcrumb\":{\"@id\":\"https:\/\/aeronoticias.com.pe\/noticiero\/transporte-aereo\/internacional\/alerta-en-aeropuertos-de-la-india-por-posible-ataque-terrorista\/#breadcrumb\"},\"inLanguage\":\"es\",\"potentialAction\":[{\"@type\":\"ReadAction\",\"target\":[\"https:\/\/aeronoticias.com.pe\/noticiero\/transporte-aereo\/internacional\/alerta-en-aeropuertos-de-la-india-por-posible-ataque-terrorista\/\"]}]},{\"@type\":\"BreadcrumbList\",\"@id\":\"https:\/\/aeronoticias.com.pe\/noticiero\/transporte-aereo\/internacional\/alerta-en-aeropuertos-de-la-india-por-posible-ataque-terrorista\/#breadcrumb\",\"itemListElement\":[{\"@type\":\"ListItem\",\"position\":1,\"name\":\"Portada\",\"item\":\"https:\/\/aeronoticias.com.pe\/noticiero\/\"},{\"@type\":\"ListItem\",\"position\":2,\"name\":\"Alerta en aeropuertos de la India por posible ataque terrorista\"}]},{\"@type\":\"WebSite\",\"@id\":\"https:\/\/aeronoticias.com.pe\/noticiero\/#website\",\"url\":\"https:\/\/aeronoticias.com.pe\/noticiero\/\",\"name\":\"Aeronoticias.com.pe\",\"description\":\"Noticias de tranporte aereo, turismo, hoteles, gastronomia, actualidad, internacional\",\"potentialAction\":[{\"@type\":\"SearchAction\",\"target\":{\"@type\":\"EntryPoint\",\"urlTemplate\":\"https:\/\/aeronoticias.com.pe\/noticiero\/?s={search_term_string}\"},\"query-input\":{\"@type\":\"PropertyValueSpecification\",\"valueRequired\":true,\"valueName\":\"search_term_string\"}}],\"inLanguage\":\"es\"},{\"@type\":\"Person\",\"@id\":\"https:\/\/aeronoticias.com.pe\/noticiero\/#\/schema\/person\/fc1e5d578f4b62ba1cf7ac2bba1170a0\",\"name\":\"Redacci\u00f3n Aeronoticias\",\"url\":\"https:\/\/aeronoticias.com.pe\/noticiero\/author\/piloto\/\"}]}<\/script>\n<!-- \/ Yoast SEO plugin. -->","yoast_head_json":{"title":"Alerta en aeropuertos de la India por posible ataque terrorista","description":"Portal de noticias del Per\u00fa sobre el transporte a\u00e9reo, aviaci\u00f3n, turismo, hoteleria, actualidad.","robots":{"index":"index","follow":"follow","max-snippet":"max-snippet:-1","max-image-preview":"max-image-preview:large","max-video-preview":"max-video-preview:-1"},"canonical":"https:\/\/aeronoticias.com.pe\/noticiero\/transporte-aereo\/internacional\/alerta-en-aeropuertos-de-la-india-por-posible-ataque-terrorista\/","og_locale":"es_ES","og_type":"article","og_title":"Alerta en aeropuertos de la India por posible ataque terrorista","og_description":"Portal de noticias del Per\u00fa sobre el transporte a\u00e9reo, aviaci\u00f3n, turismo, hoteleria, actualidad.","og_url":"https:\/\/aeronoticias.com.pe\/noticiero\/transporte-aereo\/internacional\/alerta-en-aeropuertos-de-la-india-por-posible-ataque-terrorista\/","og_site_name":"Aeronoticias.com.pe","article_publisher":"https:\/\/www.facebook.com\/Aeronoticias.com.pe\/","article_published_time":"2015-01-05T18:37:53+00:00","author":"Redacci\u00f3n Aeronoticias","twitter_card":"summary_large_image","twitter_creator":"@aeronoticias","twitter_site":"@aeronoticias","twitter_misc":{"Escrito por":"Redacci\u00f3n Aeronoticias","Tiempo de lectura":"1 minuto"},"schema":{"@context":"https:\/\/schema.org","@graph":[{"@type":"WebPage","@id":"https:\/\/aeronoticias.com.pe\/noticiero\/transporte-aereo\/internacional\/alerta-en-aeropuertos-de-la-india-por-posible-ataque-terrorista\/","url":"https:\/\/aeronoticias.com.pe\/noticiero\/transporte-aereo\/internacional\/alerta-en-aeropuertos-de-la-india-por-posible-ataque-terrorista\/","name":"Alerta en aeropuertos de la India por posible ataque terrorista","isPartOf":{"@id":"https:\/\/aeronoticias.com.pe\/noticiero\/#website"},"datePublished":"2015-01-05T18:37:53+00:00","author":{"@id":"https:\/\/aeronoticias.com.pe\/noticiero\/#\/schema\/person\/fc1e5d578f4b62ba1cf7ac2bba1170a0"},"description":"Portal de noticias del Per\u00fa sobre el transporte a\u00e9reo, aviaci\u00f3n, turismo, hoteleria, actualidad.","breadcrumb":{"@id":"https:\/\/aeronoticias.com.pe\/noticiero\/transporte-aereo\/internacional\/alerta-en-aeropuertos-de-la-india-por-posible-ataque-terrorista\/#breadcrumb"},"inLanguage":"es","potentialAction":[{"@type":"ReadAction","target":["https:\/\/aeronoticias.com.pe\/noticiero\/transporte-aereo\/internacional\/alerta-en-aeropuertos-de-la-india-por-posible-ataque-terrorista\/"]}]},{"@type":"BreadcrumbList","@id":"https:\/\/aeronoticias.com.pe\/noticiero\/transporte-aereo\/internacional\/alerta-en-aeropuertos-de-la-india-por-posible-ataque-terrorista\/#breadcrumb","itemListElement":[{"@type":"ListItem","position":1,"name":"Portada","item":"https:\/\/aeronoticias.com.pe\/noticiero\/"},{"@type":"ListItem","position":2,"name":"Alerta en aeropuertos de la India por posible ataque terrorista"}]},{"@type":"WebSite","@id":"https:\/\/aeronoticias.com.pe\/noticiero\/#website","url":"https:\/\/aeronoticias.com.pe\/noticiero\/","name":"Aeronoticias.com.pe","description":"Noticias de tranporte aereo, turismo, hoteles, gastronomia, actualidad, internacional","potentialAction":[{"@type":"SearchAction","target":{"@type":"EntryPoint","urlTemplate":"https:\/\/aeronoticias.com.pe\/noticiero\/?s={search_term_string}"},"query-input":{"@type":"PropertyValueSpecification","valueRequired":true,"valueName":"search_term_string"}}],"inLanguage":"es"},{"@type":"Person","@id":"https:\/\/aeronoticias.com.pe\/noticiero\/#\/schema\/person\/fc1e5d578f4b62ba1cf7ac2bba1170a0","name":"Redacci\u00f3n Aeronoticias","url":"https:\/\/aeronoticias.com.pe\/noticiero\/author\/piloto\/"}]}},"_links":{"self":[{"href":"https:\/\/aeronoticias.com.pe\/noticiero\/wp-json\/wp\/v2\/posts\/51061","targetHints":{"allow":["GET"]}}],"collection":[{"href":"https:\/\/aeronoticias.com.pe\/noticiero\/wp-json\/wp\/v2\/posts"}],"about":[{"href":"https:\/\/aeronoticias.com.pe\/noticiero\/wp-json\/wp\/v2\/types\/post"}],"author":[{"embeddable":true,"href":"https:\/\/aeronoticias.com.pe\/noticiero\/wp-json\/wp\/v2\/users\/1"}],"replies":[{"embeddable":true,"href":"https:\/\/aeronoticias.com.pe\/noticiero\/wp-json\/wp\/v2\/comments?post=51061"}],"version-history":[{"count":0,"href":"https:\/\/aeronoticias.com.pe\/noticiero\/wp-json\/wp\/v2\/posts\/51061\/revisions"}],"wp:attachment":[{"href":"https:\/\/aeronoticias.com.pe\/noticiero\/wp-json\/wp\/v2\/media?parent=51061"}],"wp:term":[{"taxonomy":"category","embeddable":true,"href":"https:\/\/aeronoticias.com.pe\/noticiero\/wp-json\/wp\/v2\/categories?post=51061"},{"taxonomy":"post_tag","embeddable":true,"href":"https:\/\/aeronoticias.com.pe\/noticiero\/wp-json\/wp\/v2\/tags?post=51061"}],"curies":[{"name":"wp","href":"https:\/\/api.w.org\/{rel}","templated":true}]}}