{"id":51067,"date":"2015-01-05T21:18:37","date_gmt":"2015-01-05T21:18:37","guid":{"rendered":"http:\/\/desarrollo.mcvicious.com\/aero2020\/2015\/01\/05\/denunciarian-penalmente-al-directorio-de-entel-y-a-su-gerente-sebastian-dominguez-por-contaminacion-de-la-playa-senoritas\/"},"modified":"2015-01-05T21:18:37","modified_gmt":"2015-01-05T21:18:37","slug":"denunciarian-penalmente-al-directorio-de-entel-y-a-su-gerente-sebastian-dominguez-por-contaminacion-de-la-playa-senoritas","status":"publish","type":"post","link":"https:\/\/aeronoticias.com.pe\/noticiero\/salud\/denunciarian-penalmente-al-directorio-de-entel-y-a-su-gerente-sebastian-dominguez-por-contaminacion-de-la-playa-senoritas\/","title":{"rendered":"Denunciar\u00edan penalmente al directorio de ENTEL y a su gerente Sebastian Dom\u00ednguez por contaminaci\u00f3n de la playa Se\u00f1oritas"},"content":{"rendered":"<p style=\"text-align: justify;\"><img decoding=\"async\" src=\"images\/stories\/15\/01\/050115\/foto1.jpg\" border=\"0\" \/><\/p>\n<p style=\"text-align: justify;\"><strong>(Aeronoticias).-<\/strong> La Asociaci\u00f3n de Propietarios Playa Se\u00f1oritas y Caballeros APJUVES que preside Juli\u00e1n Palac\u00edn Fern\u00e1ndez fij\u00f3 su posici\u00f3n legal frente al atropello de la multinacional chilena ENTEL S.A. de colocar una antena de telefon\u00eda celular en la Mz- E Lt. 9 de la Playa Se\u00f1oritas en el predio del se\u00f1or Freddy Jos\u00e9 Huanqui Guerra, en donde se le recuerda que el Art. 304\u00ba del C\u00f3digo Penal establece los delitos ambientales y su formas agravadas en el Art. 305\u00ba, con penas no menor de cuatro ni mayor de siete a\u00f1os, por lo que APJUVES conmin\u00f3 a los infractores a que si no retiran la antena contaminante antes del 11 de enero del 2015 se pondr\u00e1 en conocimiento estos hechos al Ministerio P\u00fablico y al Procurador para que realicen la investigaci\u00f3n preliminar correspondiente y luego la denuncia ante el Juez Penal de turno.<\/p>\n<p style=\"text-align: justify;\">APJUVES le exigi\u00f3 a ENTEL y al se\u00f1or Freddy Jos\u00e9 Huanqui Guerra que en el plazo de 72 horas \u00a0les comunique por escrito que retirar\u00e1n la antena antes del 11 de enero del 2015 de lo contrario informaron que le interpondr\u00e1n una demanda de indemnizaci\u00f3n por da\u00f1os y perjuicios de diez millones de d\u00f3lares, adem\u00e1s de las demandas individuales que el interpondr\u00e1n los propietarios de las viviendas afectadas dirigir\u00edan contra el se\u00f1or Freddy Jos\u00e9 Huanqui Guerra y solidariamente contra la multinacional chilena ENTEL S.A. y su Directorio y Gerente General; adem\u00e1s de una eventual denuncia penal por delito de contaminaci\u00f3n del ambiente, tipificado en el Art. 304\u00ba y su forma agravada prevista en el Art. 305\u00ba del C\u00f3digo Penal.<\/p>\n<p style=\"text-align: justify;\">Est\u00e1n involucrados en estos hechos el se\u00f1or Freddy Jos\u00e9 Huanqui Guerra (propietario del inmueble), Luis Augusto Zapata P\u00e9rez; Jos\u00e9 Armando Montes de Peralta Callirgos, Juan Francisco Nino Boggio Ubillus, Paul William Ramsey Calle, Luis Teobaldo Torrealba Fuentes, Gerentes y Apoderados de ENTEL S.A., quienes ser\u00edan denunciados Ministro de Transportes, al Defensor del Pueblo, al Ministerio P\u00fablico, a la Municipalidad Distrital de Punta Hermosa, al Gobernador de Punta Hermosa, al Fiscal del Prevenci\u00f3n del Delito y al Congreso de la Rep\u00fablica.<\/p>\n<p style=\"text-align: justify;\">APJUVES interpondr\u00eda una denuncia ante la Direcci\u00f3n de Telecomunicaciones y OSIPTEL, pidi\u00e9ndose un pronunciamiento del Ministerio de Transportes Ing. Jos\u00e9 Gallardo Ku, en raz\u00f3n a que la multinacional chilena est\u00e1n violando los derechos de los propietarios de la Playa Se\u00f1oritas que no descartaron adem\u00e1s denunciarlos a INDECOPI, y pedir a la Superintendencia de Migraciones la situaci\u00f3n legal de los ciudadanos supuestamente chilenos, Luis Teobaldo Torrealba Fuentes con C.E. 000358234 y Sebasti\u00e1n Diego Dominguez Philippi con C.E. 000988866, \u00e9ste \u00faltimo Gerente General de ENTEL y responsable penalmente de pretender atropellar los derechos de m\u00e1s de mil propietarios de la Playa Se\u00f1oritas y Caballeros.<\/p>\n<p style=\"text-align: justify;\"><a href=\"http:\/\/es.slideshare.net\/aeronoticias\/carta-notarial-a-entel-per\" target=\"_blank\" rel=\"noopener noreferrer\"><strong><span style=\"text-decoration: underline;\">VER CARTA NOTARIAL A ENTEL<\/span><\/strong><\/a><\/p>\n<p style=\"text-align: justify;\"><a href=\"http:\/\/es.slideshare.net\/aeronoticias\/carta-notarial-a-huanqui\" target=\"_blank\" rel=\"noopener noreferrer\"><strong><span style=\"text-decoration: underline;\">VER CARTA NOTARIAL AL SE\u00d1OR FREDY HUANQUI GUERRA<\/span><\/strong><\/a><\/p>\n","protected":false},"excerpt":{"rendered":"<p>(Aeronoticias).- La Asociaci\u00f3n de Propietarios Playa Se\u00f1oritas y Caballeros APJUVES que preside Juli\u00e1n Palac\u00edn Fern\u00e1ndez fij\u00f3 su posici\u00f3n legal frente al atropello de la multinacional chilena ENTEL S.A. de colocar una antena de telefon\u00eda celular en la Mz- E Lt. 9 de la Playa Se\u00f1oritas en el predio del se\u00f1or Freddy Jos\u00e9 Huanqui Guerra, en [&hellip;]<\/p>\n","protected":false},"author":1,"featured_media":0,"comment_status":"open","ping_status":"open","sticky":false,"template":"","format":"standard","meta":{"tdm_status":"","tdm_grid_status":"","footnotes":""},"categories":[37],"tags":[],"class_list":{"0":"post-51067","1":"post","2":"type-post","3":"status-publish","4":"format-standard","6":"category-salud"},"yoast_head":"<!-- This site is optimized with the Yoast SEO plugin v25.1 - https:\/\/yoast.com\/wordpress\/plugins\/seo\/ -->\n<title>Denunciar\u00edan penalmente al directorio de ENTEL y a su gerente Sebastian Dom\u00ednguez por contaminaci\u00f3n de la playa Se\u00f1oritas<\/title>\n<meta name=\"description\" content=\"Portal de noticias del Per\u00fa sobre el transporte a\u00e9reo, aviaci\u00f3n, turismo, hoteleria, actualidad.\" \/>\n<meta name=\"robots\" content=\"index, follow, max-snippet:-1, max-image-preview:large, max-video-preview:-1\" \/>\n<link rel=\"canonical\" href=\"https:\/\/aeronoticias.com.pe\/noticiero\/salud\/denunciarian-penalmente-al-directorio-de-entel-y-a-su-gerente-sebastian-dominguez-por-contaminacion-de-la-playa-senoritas\/\" \/>\n<meta property=\"og:locale\" content=\"es_ES\" \/>\n<meta property=\"og:type\" content=\"article\" \/>\n<meta property=\"og:title\" content=\"Denunciar\u00edan penalmente al directorio de ENTEL y a su gerente Sebastian Dom\u00ednguez por contaminaci\u00f3n de la playa Se\u00f1oritas\" \/>\n<meta property=\"og:description\" content=\"Portal de noticias del Per\u00fa sobre el transporte a\u00e9reo, aviaci\u00f3n, turismo, hoteleria, actualidad.\" \/>\n<meta property=\"og:url\" content=\"https:\/\/aeronoticias.com.pe\/noticiero\/salud\/denunciarian-penalmente-al-directorio-de-entel-y-a-su-gerente-sebastian-dominguez-por-contaminacion-de-la-playa-senoritas\/\" \/>\n<meta property=\"og:site_name\" content=\"Aeronoticias.com.pe\" \/>\n<meta property=\"article:publisher\" content=\"https:\/\/www.facebook.com\/Aeronoticias.com.pe\/\" \/>\n<meta property=\"article:published_time\" content=\"2015-01-05T21:18:37+00:00\" \/>\n<meta name=\"author\" content=\"Redacci\u00f3n Aeronoticias\" \/>\n<meta name=\"twitter:card\" content=\"summary_large_image\" \/>\n<meta name=\"twitter:creator\" content=\"@aeronoticias\" \/>\n<meta name=\"twitter:site\" content=\"@aeronoticias\" \/>\n<meta name=\"twitter:label1\" content=\"Escrito por\" \/>\n\t<meta name=\"twitter:data1\" content=\"Redacci\u00f3n Aeronoticias\" \/>\n\t<meta name=\"twitter:label2\" content=\"Tiempo de lectura\" \/>\n\t<meta name=\"twitter:data2\" content=\"2 minutos\" \/>\n<script type=\"application\/ld+json\" class=\"yoast-schema-graph\">{\"@context\":\"https:\/\/schema.org\",\"@graph\":[{\"@type\":\"WebPage\",\"@id\":\"https:\/\/aeronoticias.com.pe\/noticiero\/salud\/denunciarian-penalmente-al-directorio-de-entel-y-a-su-gerente-sebastian-dominguez-por-contaminacion-de-la-playa-senoritas\/\",\"url\":\"https:\/\/aeronoticias.com.pe\/noticiero\/salud\/denunciarian-penalmente-al-directorio-de-entel-y-a-su-gerente-sebastian-dominguez-por-contaminacion-de-la-playa-senoritas\/\",\"name\":\"Denunciar\u00edan penalmente al directorio de ENTEL y a su gerente Sebastian Dom\u00ednguez por contaminaci\u00f3n de la playa Se\u00f1oritas\",\"isPartOf\":{\"@id\":\"https:\/\/aeronoticias.com.pe\/noticiero\/#website\"},\"datePublished\":\"2015-01-05T21:18:37+00:00\",\"author\":{\"@id\":\"https:\/\/aeronoticias.com.pe\/noticiero\/#\/schema\/person\/fc1e5d578f4b62ba1cf7ac2bba1170a0\"},\"description\":\"Portal de noticias del Per\u00fa sobre el transporte a\u00e9reo, aviaci\u00f3n, turismo, hoteleria, actualidad.\",\"breadcrumb\":{\"@id\":\"https:\/\/aeronoticias.com.pe\/noticiero\/salud\/denunciarian-penalmente-al-directorio-de-entel-y-a-su-gerente-sebastian-dominguez-por-contaminacion-de-la-playa-senoritas\/#breadcrumb\"},\"inLanguage\":\"es\",\"potentialAction\":[{\"@type\":\"ReadAction\",\"target\":[\"https:\/\/aeronoticias.com.pe\/noticiero\/salud\/denunciarian-penalmente-al-directorio-de-entel-y-a-su-gerente-sebastian-dominguez-por-contaminacion-de-la-playa-senoritas\/\"]}]},{\"@type\":\"BreadcrumbList\",\"@id\":\"https:\/\/aeronoticias.com.pe\/noticiero\/salud\/denunciarian-penalmente-al-directorio-de-entel-y-a-su-gerente-sebastian-dominguez-por-contaminacion-de-la-playa-senoritas\/#breadcrumb\",\"itemListElement\":[{\"@type\":\"ListItem\",\"position\":1,\"name\":\"Portada\",\"item\":\"https:\/\/aeronoticias.com.pe\/noticiero\/\"},{\"@type\":\"ListItem\",\"position\":2,\"name\":\"Denunciar\u00edan penalmente al directorio de ENTEL y a su gerente Sebastian Dom\u00ednguez por contaminaci\u00f3n de la playa Se\u00f1oritas\"}]},{\"@type\":\"WebSite\",\"@id\":\"https:\/\/aeronoticias.com.pe\/noticiero\/#website\",\"url\":\"https:\/\/aeronoticias.com.pe\/noticiero\/\",\"name\":\"Aeronoticias.com.pe\",\"description\":\"Noticias de tranporte aereo, turismo, hoteles, gastronomia, actualidad, internacional\",\"potentialAction\":[{\"@type\":\"SearchAction\",\"target\":{\"@type\":\"EntryPoint\",\"urlTemplate\":\"https:\/\/aeronoticias.com.pe\/noticiero\/?s={search_term_string}\"},\"query-input\":{\"@type\":\"PropertyValueSpecification\",\"valueRequired\":true,\"valueName\":\"search_term_string\"}}],\"inLanguage\":\"es\"},{\"@type\":\"Person\",\"@id\":\"https:\/\/aeronoticias.com.pe\/noticiero\/#\/schema\/person\/fc1e5d578f4b62ba1cf7ac2bba1170a0\",\"name\":\"Redacci\u00f3n Aeronoticias\",\"url\":\"https:\/\/aeronoticias.com.pe\/noticiero\/author\/piloto\/\"}]}<\/script>\n<!-- \/ Yoast SEO plugin. -->","yoast_head_json":{"title":"Denunciar\u00edan penalmente al directorio de ENTEL y a su gerente Sebastian Dom\u00ednguez por contaminaci\u00f3n de la playa Se\u00f1oritas","description":"Portal de noticias del Per\u00fa sobre el transporte a\u00e9reo, aviaci\u00f3n, turismo, hoteleria, actualidad.","robots":{"index":"index","follow":"follow","max-snippet":"max-snippet:-1","max-image-preview":"max-image-preview:large","max-video-preview":"max-video-preview:-1"},"canonical":"https:\/\/aeronoticias.com.pe\/noticiero\/salud\/denunciarian-penalmente-al-directorio-de-entel-y-a-su-gerente-sebastian-dominguez-por-contaminacion-de-la-playa-senoritas\/","og_locale":"es_ES","og_type":"article","og_title":"Denunciar\u00edan penalmente al directorio de ENTEL y a su gerente Sebastian Dom\u00ednguez por contaminaci\u00f3n de la playa Se\u00f1oritas","og_description":"Portal de noticias del Per\u00fa sobre el transporte a\u00e9reo, aviaci\u00f3n, turismo, hoteleria, actualidad.","og_url":"https:\/\/aeronoticias.com.pe\/noticiero\/salud\/denunciarian-penalmente-al-directorio-de-entel-y-a-su-gerente-sebastian-dominguez-por-contaminacion-de-la-playa-senoritas\/","og_site_name":"Aeronoticias.com.pe","article_publisher":"https:\/\/www.facebook.com\/Aeronoticias.com.pe\/","article_published_time":"2015-01-05T21:18:37+00:00","author":"Redacci\u00f3n Aeronoticias","twitter_card":"summary_large_image","twitter_creator":"@aeronoticias","twitter_site":"@aeronoticias","twitter_misc":{"Escrito por":"Redacci\u00f3n Aeronoticias","Tiempo de lectura":"2 minutos"},"schema":{"@context":"https:\/\/schema.org","@graph":[{"@type":"WebPage","@id":"https:\/\/aeronoticias.com.pe\/noticiero\/salud\/denunciarian-penalmente-al-directorio-de-entel-y-a-su-gerente-sebastian-dominguez-por-contaminacion-de-la-playa-senoritas\/","url":"https:\/\/aeronoticias.com.pe\/noticiero\/salud\/denunciarian-penalmente-al-directorio-de-entel-y-a-su-gerente-sebastian-dominguez-por-contaminacion-de-la-playa-senoritas\/","name":"Denunciar\u00edan penalmente al directorio de ENTEL y a su gerente Sebastian Dom\u00ednguez por contaminaci\u00f3n de la playa Se\u00f1oritas","isPartOf":{"@id":"https:\/\/aeronoticias.com.pe\/noticiero\/#website"},"datePublished":"2015-01-05T21:18:37+00:00","author":{"@id":"https:\/\/aeronoticias.com.pe\/noticiero\/#\/schema\/person\/fc1e5d578f4b62ba1cf7ac2bba1170a0"},"description":"Portal de noticias del Per\u00fa sobre el transporte a\u00e9reo, aviaci\u00f3n, turismo, hoteleria, actualidad.","breadcrumb":{"@id":"https:\/\/aeronoticias.com.pe\/noticiero\/salud\/denunciarian-penalmente-al-directorio-de-entel-y-a-su-gerente-sebastian-dominguez-por-contaminacion-de-la-playa-senoritas\/#breadcrumb"},"inLanguage":"es","potentialAction":[{"@type":"ReadAction","target":["https:\/\/aeronoticias.com.pe\/noticiero\/salud\/denunciarian-penalmente-al-directorio-de-entel-y-a-su-gerente-sebastian-dominguez-por-contaminacion-de-la-playa-senoritas\/"]}]},{"@type":"BreadcrumbList","@id":"https:\/\/aeronoticias.com.pe\/noticiero\/salud\/denunciarian-penalmente-al-directorio-de-entel-y-a-su-gerente-sebastian-dominguez-por-contaminacion-de-la-playa-senoritas\/#breadcrumb","itemListElement":[{"@type":"ListItem","position":1,"name":"Portada","item":"https:\/\/aeronoticias.com.pe\/noticiero\/"},{"@type":"ListItem","position":2,"name":"Denunciar\u00edan penalmente al directorio de ENTEL y a su gerente Sebastian Dom\u00ednguez por contaminaci\u00f3n de la playa Se\u00f1oritas"}]},{"@type":"WebSite","@id":"https:\/\/aeronoticias.com.pe\/noticiero\/#website","url":"https:\/\/aeronoticias.com.pe\/noticiero\/","name":"Aeronoticias.com.pe","description":"Noticias de tranporte aereo, turismo, hoteles, gastronomia, actualidad, internacional","potentialAction":[{"@type":"SearchAction","target":{"@type":"EntryPoint","urlTemplate":"https:\/\/aeronoticias.com.pe\/noticiero\/?s={search_term_string}"},"query-input":{"@type":"PropertyValueSpecification","valueRequired":true,"valueName":"search_term_string"}}],"inLanguage":"es"},{"@type":"Person","@id":"https:\/\/aeronoticias.com.pe\/noticiero\/#\/schema\/person\/fc1e5d578f4b62ba1cf7ac2bba1170a0","name":"Redacci\u00f3n Aeronoticias","url":"https:\/\/aeronoticias.com.pe\/noticiero\/author\/piloto\/"}]}},"_links":{"self":[{"href":"https:\/\/aeronoticias.com.pe\/noticiero\/wp-json\/wp\/v2\/posts\/51067","targetHints":{"allow":["GET"]}}],"collection":[{"href":"https:\/\/aeronoticias.com.pe\/noticiero\/wp-json\/wp\/v2\/posts"}],"about":[{"href":"https:\/\/aeronoticias.com.pe\/noticiero\/wp-json\/wp\/v2\/types\/post"}],"author":[{"embeddable":true,"href":"https:\/\/aeronoticias.com.pe\/noticiero\/wp-json\/wp\/v2\/users\/1"}],"replies":[{"embeddable":true,"href":"https:\/\/aeronoticias.com.pe\/noticiero\/wp-json\/wp\/v2\/comments?post=51067"}],"version-history":[{"count":0,"href":"https:\/\/aeronoticias.com.pe\/noticiero\/wp-json\/wp\/v2\/posts\/51067\/revisions"}],"wp:attachment":[{"href":"https:\/\/aeronoticias.com.pe\/noticiero\/wp-json\/wp\/v2\/media?parent=51067"}],"wp:term":[{"taxonomy":"category","embeddable":true,"href":"https:\/\/aeronoticias.com.pe\/noticiero\/wp-json\/wp\/v2\/categories?post=51067"},{"taxonomy":"post_tag","embeddable":true,"href":"https:\/\/aeronoticias.com.pe\/noticiero\/wp-json\/wp\/v2\/tags?post=51067"}],"curies":[{"name":"wp","href":"https:\/\/api.w.org\/{rel}","templated":true}]}}