{"id":51136,"date":"2015-01-11T11:01:01","date_gmt":"2015-01-11T11:01:01","guid":{"rendered":"http:\/\/desarrollo.mcvicious.com\/aero2020\/2015\/01\/11\/reglamento-de-ley-laboral-juvenil-recibira-aportes-de-la-sociedad-civil\/"},"modified":"2015-01-11T11:01:01","modified_gmt":"2015-01-11T11:01:01","slug":"reglamento-de-ley-laboral-juvenil-recibira-aportes-de-la-sociedad-civil","status":"publish","type":"post","link":"https:\/\/aeronoticias.com.pe\/noticiero\/politica\/reglamento-de-ley-laboral-juvenil-recibira-aportes-de-la-sociedad-civil\/","title":{"rendered":"Reglamento de Ley Laboral Juvenil recibir\u00e1 aportes de la sociedad civil"},"content":{"rendered":"<p style=\"text-align: justify;\"><img decoding=\"async\" src=\"images\/stories\/15\/01\/110115\/a3.jpg\" border=\"0\" \/><\/p>\n<p style=\"text-align: justify;\"><strong>(Aeronoticias).-<\/strong> Con el fin de recabar aportes y comentarios de la sociedad civil, hoy se pre-public\u00f3 la propuesta de reglamento de la Ley del R\u00e9gimen Laboral Juvenil, en el que se establecen claras disposiciones para garantizar el cumplimiento por parte de las empresas de los beneficios y capacitaci\u00f3n que otorga esta modalidad de contrataci\u00f3n temporal para los j\u00f3venes.<\/p>\n<p style=\"text-align: justify;\">  <!--more-->  Asimismo el reglamento fija claramente que los j\u00f3venes de entre 18 y 24 a\u00f1os que se acojan a este r\u00e9gimen tienen garantizada su participaci\u00f3n en la percepci\u00f3n anual de las utilidades que genera la empresa, conforme a lo establecido en el Decreto Legislativo N\u00ba 892 y normas modificatorias y complementarias.<\/p>\n<p style=\"text-align: justify;\">En cuanto a la capacitaci\u00f3n, la propuesta del \u00a0reglamento establece que esta debe iniciarse a m\u00e1s tardar durante el primer semestre de contrataci\u00f3n, a raz\u00f3n de una vez por cada a\u00f1o que es contratado el joven.<\/p>\n<p style=\"text-align: justify;\">Asimismo, se incluya la posibilidad de que el joven proponga sus temas de inter\u00e9s para que sean incluidos en la capacitaci\u00f3n a consideraci\u00f3n del empleador.<\/p>\n<p style=\"text-align: justify;\">Adem\u00e1s, se garantiza la calidad de los programas de capacitaci\u00f3n, pues deben estar certificados por el Ministerio de Trabajo y Promoci\u00f3n del Empleo.<\/p>\n<p style=\"text-align: justify;\">Se determina que estas capacitaciones deben tener una duraci\u00f3n m\u00ednima de 60 horas y m\u00e1xima de 400 horas, con lo que garantiza un impacto relevante para incrementar la empleabilidad del joven.<\/p>\n<p style=\"text-align: justify;\">De igual manera, se protege a los trabajadores que ya cuentan con un contrato de trabajo formal. Para ello se establece que:<\/p>\n<p style=\"text-align: justify;\">-No se permite el cambio al r\u00e9gimen laboral especial juvenil en actividades cubiertas con contratos temporales en el que se mantengan las condiciones que sustentaron dicha contrataci\u00f3n,<\/p>\n<p style=\"text-align: justify;\">-Se proh\u00edbe la sustituci\u00f3n de trabajadores bajo otros reg\u00edmenes por trabajadores con el r\u00e9gimen laboral especial juvenil.<\/p>\n<p style=\"text-align: justify;\">-No se puede despedir a un joven para volver a contratarlo bajo el r\u00e9gimen especial.<\/p>\n<p style=\"text-align: justify;\">Adicionalmente, la Superintendencia Nacional de Fiscalizaci\u00f3n Laboral ( Sunafil) priorizar\u00e1 la atenci\u00f3n de los casos de incumplimiento de las reglas del r\u00e9gimen laboral, para lo cual crear\u00e1 una unidad especializada para la protecci\u00f3n de los derechos de los j\u00f3venes.<\/p>\n<p style=\"text-align: justify;\">Este aspecto tendr\u00e1 prioridad en el Plan Anual de Inspecciones que deber\u00e1 fijar metas para el cumplimiento de lo dispuesto en el reglamento.<\/p>\n<p style=\"text-align: justify;\">El Ministerio de Trabajo se encargar\u00e1 de recopilar las opiniones de la sociedad civil durante un plazo de 30 d\u00edas, tiempo en el cual se evaluar\u00e1n y debatir\u00e1n los aportes recibidos.<\/p>\n<p style=\"text-align: justify;\">\u00a0<\/p>\n<p style=\"text-align: justify;\">Fuente: <strong><em>Andina<\/em><\/strong><\/p>\n<p style=\"text-align: justify;\">Foto: <strong><em>Andina<\/em><\/strong><\/p>\n","protected":false},"excerpt":{"rendered":"<p>(Aeronoticias).- Con el fin de recabar aportes y comentarios de la sociedad civil, hoy se pre-public\u00f3 la propuesta de reglamento de la Ley del R\u00e9gimen Laboral Juvenil, en el que se establecen claras disposiciones para garantizar el cumplimiento por parte de las empresas de los beneficios y capacitaci\u00f3n que otorga esta modalidad de contrataci\u00f3n temporal [&hellip;]<\/p>\n","protected":false},"author":1,"featured_media":0,"comment_status":"open","ping_status":"open","sticky":false,"template":"","format":"standard","meta":{"tdm_status":"","tdm_grid_status":"","footnotes":""},"categories":[36],"tags":[],"class_list":{"0":"post-51136","1":"post","2":"type-post","3":"status-publish","4":"format-standard","6":"category-politica"},"yoast_head":"<!-- This site is optimized with the Yoast SEO plugin v25.1 - https:\/\/yoast.com\/wordpress\/plugins\/seo\/ -->\n<title>Reglamento de Ley Laboral Juvenil recibir\u00e1 aportes de la sociedad civil<\/title>\n<meta name=\"description\" content=\"Portal de noticias del Per\u00fa sobre el transporte a\u00e9reo, aviaci\u00f3n, turismo, hoteleria, actualidad.\" \/>\n<meta name=\"robots\" content=\"index, follow, max-snippet:-1, max-image-preview:large, max-video-preview:-1\" \/>\n<link rel=\"canonical\" href=\"https:\/\/aeronoticias.com.pe\/noticiero\/politica\/reglamento-de-ley-laboral-juvenil-recibira-aportes-de-la-sociedad-civil\/\" \/>\n<meta property=\"og:locale\" content=\"es_ES\" \/>\n<meta property=\"og:type\" content=\"article\" \/>\n<meta property=\"og:title\" content=\"Reglamento de Ley Laboral Juvenil recibir\u00e1 aportes de la sociedad civil\" \/>\n<meta property=\"og:description\" content=\"Portal de noticias del Per\u00fa sobre el transporte a\u00e9reo, aviaci\u00f3n, turismo, hoteleria, actualidad.\" \/>\n<meta property=\"og:url\" content=\"https:\/\/aeronoticias.com.pe\/noticiero\/politica\/reglamento-de-ley-laboral-juvenil-recibira-aportes-de-la-sociedad-civil\/\" \/>\n<meta property=\"og:site_name\" content=\"Aeronoticias.com.pe\" \/>\n<meta property=\"article:publisher\" content=\"https:\/\/www.facebook.com\/Aeronoticias.com.pe\/\" \/>\n<meta property=\"article:published_time\" content=\"2015-01-11T11:01:01+00:00\" \/>\n<meta name=\"author\" content=\"Redacci\u00f3n Aeronoticias\" \/>\n<meta name=\"twitter:card\" content=\"summary_large_image\" \/>\n<meta name=\"twitter:creator\" content=\"@aeronoticias\" \/>\n<meta name=\"twitter:site\" content=\"@aeronoticias\" \/>\n<meta name=\"twitter:label1\" content=\"Escrito por\" \/>\n\t<meta name=\"twitter:data1\" content=\"Redacci\u00f3n Aeronoticias\" \/>\n\t<meta name=\"twitter:label2\" content=\"Tiempo de lectura\" \/>\n\t<meta name=\"twitter:data2\" content=\"2 minutos\" \/>\n<script type=\"application\/ld+json\" class=\"yoast-schema-graph\">{\"@context\":\"https:\/\/schema.org\",\"@graph\":[{\"@type\":\"WebPage\",\"@id\":\"https:\/\/aeronoticias.com.pe\/noticiero\/politica\/reglamento-de-ley-laboral-juvenil-recibira-aportes-de-la-sociedad-civil\/\",\"url\":\"https:\/\/aeronoticias.com.pe\/noticiero\/politica\/reglamento-de-ley-laboral-juvenil-recibira-aportes-de-la-sociedad-civil\/\",\"name\":\"Reglamento de Ley Laboral Juvenil recibir\u00e1 aportes de la sociedad civil\",\"isPartOf\":{\"@id\":\"https:\/\/aeronoticias.com.pe\/noticiero\/#website\"},\"datePublished\":\"2015-01-11T11:01:01+00:00\",\"author\":{\"@id\":\"https:\/\/aeronoticias.com.pe\/noticiero\/#\/schema\/person\/fc1e5d578f4b62ba1cf7ac2bba1170a0\"},\"description\":\"Portal de noticias del Per\u00fa sobre el transporte a\u00e9reo, aviaci\u00f3n, turismo, hoteleria, actualidad.\",\"breadcrumb\":{\"@id\":\"https:\/\/aeronoticias.com.pe\/noticiero\/politica\/reglamento-de-ley-laboral-juvenil-recibira-aportes-de-la-sociedad-civil\/#breadcrumb\"},\"inLanguage\":\"es\",\"potentialAction\":[{\"@type\":\"ReadAction\",\"target\":[\"https:\/\/aeronoticias.com.pe\/noticiero\/politica\/reglamento-de-ley-laboral-juvenil-recibira-aportes-de-la-sociedad-civil\/\"]}]},{\"@type\":\"BreadcrumbList\",\"@id\":\"https:\/\/aeronoticias.com.pe\/noticiero\/politica\/reglamento-de-ley-laboral-juvenil-recibira-aportes-de-la-sociedad-civil\/#breadcrumb\",\"itemListElement\":[{\"@type\":\"ListItem\",\"position\":1,\"name\":\"Portada\",\"item\":\"https:\/\/aeronoticias.com.pe\/noticiero\/\"},{\"@type\":\"ListItem\",\"position\":2,\"name\":\"Reglamento de Ley Laboral Juvenil recibir\u00e1 aportes de la sociedad civil\"}]},{\"@type\":\"WebSite\",\"@id\":\"https:\/\/aeronoticias.com.pe\/noticiero\/#website\",\"url\":\"https:\/\/aeronoticias.com.pe\/noticiero\/\",\"name\":\"Aeronoticias.com.pe\",\"description\":\"Noticias de tranporte aereo, turismo, hoteles, gastronomia, actualidad, internacional\",\"potentialAction\":[{\"@type\":\"SearchAction\",\"target\":{\"@type\":\"EntryPoint\",\"urlTemplate\":\"https:\/\/aeronoticias.com.pe\/noticiero\/?s={search_term_string}\"},\"query-input\":{\"@type\":\"PropertyValueSpecification\",\"valueRequired\":true,\"valueName\":\"search_term_string\"}}],\"inLanguage\":\"es\"},{\"@type\":\"Person\",\"@id\":\"https:\/\/aeronoticias.com.pe\/noticiero\/#\/schema\/person\/fc1e5d578f4b62ba1cf7ac2bba1170a0\",\"name\":\"Redacci\u00f3n Aeronoticias\",\"url\":\"https:\/\/aeronoticias.com.pe\/noticiero\/author\/piloto\/\"}]}<\/script>\n<!-- \/ Yoast SEO plugin. -->","yoast_head_json":{"title":"Reglamento de Ley Laboral Juvenil recibir\u00e1 aportes de la sociedad civil","description":"Portal de noticias del Per\u00fa sobre el transporte a\u00e9reo, aviaci\u00f3n, turismo, hoteleria, actualidad.","robots":{"index":"index","follow":"follow","max-snippet":"max-snippet:-1","max-image-preview":"max-image-preview:large","max-video-preview":"max-video-preview:-1"},"canonical":"https:\/\/aeronoticias.com.pe\/noticiero\/politica\/reglamento-de-ley-laboral-juvenil-recibira-aportes-de-la-sociedad-civil\/","og_locale":"es_ES","og_type":"article","og_title":"Reglamento de Ley Laboral Juvenil recibir\u00e1 aportes de la sociedad civil","og_description":"Portal de noticias del Per\u00fa sobre el transporte a\u00e9reo, aviaci\u00f3n, turismo, hoteleria, actualidad.","og_url":"https:\/\/aeronoticias.com.pe\/noticiero\/politica\/reglamento-de-ley-laboral-juvenil-recibira-aportes-de-la-sociedad-civil\/","og_site_name":"Aeronoticias.com.pe","article_publisher":"https:\/\/www.facebook.com\/Aeronoticias.com.pe\/","article_published_time":"2015-01-11T11:01:01+00:00","author":"Redacci\u00f3n Aeronoticias","twitter_card":"summary_large_image","twitter_creator":"@aeronoticias","twitter_site":"@aeronoticias","twitter_misc":{"Escrito por":"Redacci\u00f3n Aeronoticias","Tiempo de lectura":"2 minutos"},"schema":{"@context":"https:\/\/schema.org","@graph":[{"@type":"WebPage","@id":"https:\/\/aeronoticias.com.pe\/noticiero\/politica\/reglamento-de-ley-laboral-juvenil-recibira-aportes-de-la-sociedad-civil\/","url":"https:\/\/aeronoticias.com.pe\/noticiero\/politica\/reglamento-de-ley-laboral-juvenil-recibira-aportes-de-la-sociedad-civil\/","name":"Reglamento de Ley Laboral Juvenil recibir\u00e1 aportes de la sociedad civil","isPartOf":{"@id":"https:\/\/aeronoticias.com.pe\/noticiero\/#website"},"datePublished":"2015-01-11T11:01:01+00:00","author":{"@id":"https:\/\/aeronoticias.com.pe\/noticiero\/#\/schema\/person\/fc1e5d578f4b62ba1cf7ac2bba1170a0"},"description":"Portal de noticias del Per\u00fa sobre el transporte a\u00e9reo, aviaci\u00f3n, turismo, hoteleria, actualidad.","breadcrumb":{"@id":"https:\/\/aeronoticias.com.pe\/noticiero\/politica\/reglamento-de-ley-laboral-juvenil-recibira-aportes-de-la-sociedad-civil\/#breadcrumb"},"inLanguage":"es","potentialAction":[{"@type":"ReadAction","target":["https:\/\/aeronoticias.com.pe\/noticiero\/politica\/reglamento-de-ley-laboral-juvenil-recibira-aportes-de-la-sociedad-civil\/"]}]},{"@type":"BreadcrumbList","@id":"https:\/\/aeronoticias.com.pe\/noticiero\/politica\/reglamento-de-ley-laboral-juvenil-recibira-aportes-de-la-sociedad-civil\/#breadcrumb","itemListElement":[{"@type":"ListItem","position":1,"name":"Portada","item":"https:\/\/aeronoticias.com.pe\/noticiero\/"},{"@type":"ListItem","position":2,"name":"Reglamento de Ley Laboral Juvenil recibir\u00e1 aportes de la sociedad civil"}]},{"@type":"WebSite","@id":"https:\/\/aeronoticias.com.pe\/noticiero\/#website","url":"https:\/\/aeronoticias.com.pe\/noticiero\/","name":"Aeronoticias.com.pe","description":"Noticias de tranporte aereo, turismo, hoteles, gastronomia, actualidad, internacional","potentialAction":[{"@type":"SearchAction","target":{"@type":"EntryPoint","urlTemplate":"https:\/\/aeronoticias.com.pe\/noticiero\/?s={search_term_string}"},"query-input":{"@type":"PropertyValueSpecification","valueRequired":true,"valueName":"search_term_string"}}],"inLanguage":"es"},{"@type":"Person","@id":"https:\/\/aeronoticias.com.pe\/noticiero\/#\/schema\/person\/fc1e5d578f4b62ba1cf7ac2bba1170a0","name":"Redacci\u00f3n Aeronoticias","url":"https:\/\/aeronoticias.com.pe\/noticiero\/author\/piloto\/"}]}},"_links":{"self":[{"href":"https:\/\/aeronoticias.com.pe\/noticiero\/wp-json\/wp\/v2\/posts\/51136","targetHints":{"allow":["GET"]}}],"collection":[{"href":"https:\/\/aeronoticias.com.pe\/noticiero\/wp-json\/wp\/v2\/posts"}],"about":[{"href":"https:\/\/aeronoticias.com.pe\/noticiero\/wp-json\/wp\/v2\/types\/post"}],"author":[{"embeddable":true,"href":"https:\/\/aeronoticias.com.pe\/noticiero\/wp-json\/wp\/v2\/users\/1"}],"replies":[{"embeddable":true,"href":"https:\/\/aeronoticias.com.pe\/noticiero\/wp-json\/wp\/v2\/comments?post=51136"}],"version-history":[{"count":0,"href":"https:\/\/aeronoticias.com.pe\/noticiero\/wp-json\/wp\/v2\/posts\/51136\/revisions"}],"wp:attachment":[{"href":"https:\/\/aeronoticias.com.pe\/noticiero\/wp-json\/wp\/v2\/media?parent=51136"}],"wp:term":[{"taxonomy":"category","embeddable":true,"href":"https:\/\/aeronoticias.com.pe\/noticiero\/wp-json\/wp\/v2\/categories?post=51136"},{"taxonomy":"post_tag","embeddable":true,"href":"https:\/\/aeronoticias.com.pe\/noticiero\/wp-json\/wp\/v2\/tags?post=51136"}],"curies":[{"name":"wp","href":"https:\/\/api.w.org\/{rel}","templated":true}]}}