{"id":51144,"date":"2015-01-13T14:58:11","date_gmt":"2015-01-13T14:58:11","guid":{"rendered":"http:\/\/desarrollo.mcvicious.com\/aero2020\/2015\/01\/13\/airasia-al-fin-hallaron-la-segunda-caja-negra-de-la-nave\/"},"modified":"2015-01-13T14:58:11","modified_gmt":"2015-01-13T14:58:11","slug":"airasia-al-fin-hallaron-la-segunda-caja-negra-de-la-nave","status":"publish","type":"post","link":"https:\/\/aeronoticias.com.pe\/noticiero\/internacionales\/airasia-al-fin-hallaron-la-segunda-caja-negra-de-la-nave\/","title":{"rendered":"AirAsia: Segunda caja negra hallada tiene grabada las conversaciones en la cabina de vuelo"},"content":{"rendered":"<p style=\"text-align: justify;\"><img decoding=\"async\" src=\"images\/stories\/15\/01\/130115\/a2.jpg\" border=\"0\" \/><\/p>\n<p style=\"text-align: justify;\"><strong>(Aeronoticias).-<\/strong> El <strong>Airbus A320<\/strong> de la aerol\u00ednea de bajo coste se estrell\u00f3 el 28 de diciembre cuando volaba a Singapur con 162 personas a bordo.<\/p>\n<p>  <!--more-->  <\/p>\n<p style=\"text-align: justify;\">Los equipos de rescate indonesios lograron recuperar hoy la segunda caja negra con las grabaciones de las conversaciones en cabina del vuelo de <strong>AirAsia<\/strong> que se estrell\u00f3 el 28 de diciembre en al mar de Java con 162 personas a bordo, informaron las autoridades indonesias.<\/p>\n<p style=\"text-align: justify;\">El lunes los se hab\u00eda recuperado la otra caja negra que almacena informaci\u00f3n t\u00e9cnica sobre el vuelo. Con ello, las autoridades ya disponen de los objetos m\u00e1s importantes para investigar las causas del accidente.<\/p>\n<p style=\"text-align: justify;\">Las cajas negras ser\u00e1n trasladadas a Yakarta para su investigaci\u00f3n. Se calcula que se necesitar\u00e1n tres d\u00edas para descargar su contenido, pero algunos meses para su estudio y an\u00e1lisis, destac\u00f3 el Ministerio de transporte del pa\u00eds del sudeste asi\u00e1tico.<\/p>\n<p style=\"text-align: justify;\">Los buceadores sacaron del mar esta ma\u00f1ana la caja negra que se encontraba atrapada bajo un trozo de ala del avi\u00f3n. Primero tuvieron que izar el grave trozo de metal con bolsas de aire antes de poder recuperarla.<\/p>\n<p style=\"text-align: justify;\"><img decoding=\"async\" src=\"images\/stories\/15\/01\/130115\/a2_1.jpg\" border=\"0\" \/><\/p>\n<p style=\"text-align: justify;\">Unas 24 horas antes y en el mismo lugar, a unos 180 kil\u00f3metros al suroeste de la costa de Borneo ya se hab\u00eda recuperado la primera caja negra que registra mediciones autom\u00e1ticas como la altura, la velocidad o el \u00e1ngulo de inclinaci\u00f3n del aparato.<\/p>\n<p style=\"text-align: justify;\">Todos esos datos deben compararse ahora con la ruta de vuelo prevista y con los mapas meteorol\u00f3gicos. Los indonesios consultar\u00e1n entre otros a especialistas de la autoridad francesa de seguridad a\u00e9rea, BEA, que ya investigaron las cajas negras del avi\u00f3n de Air France AF447 que se accident\u00f3 en el Atl\u00e1ntico en 2009 y atribuyeron tres a\u00f1os despu\u00e9s el accidente a problemas t\u00e9cnicos y un fallo del piloto.<\/p>\n<p style=\"text-align: justify;\">Mientras tanto, provoc\u00f3 indignaci\u00f3n la teor\u00eda de un jefe de operaciones del rescate, que dijo a medios autralianos que el avi\u00f3n podr\u00eda haber explotado antes de impactar con el agua. La autoridad indonesia de seguridad de transporte rechaz\u00f3 esas especulaciones.<\/p>\n<p style=\"text-align: justify;\">El Airbus A320 de la aerol\u00ednea de bajo coste, con el n\u00famero de vuelo QZ8501, se estrell\u00f3 por motivos desconocidos el 28 de diciembre cuando volaba de Surabaya, en la isla indonesia de Java, a Singapur. No sobrevivi\u00f3 ninguna de las 162 personas que iban a bordo, la mayor\u00eda de nacionalidad indonesia.<\/p>\n<p style=\"text-align: justify;\">Hasta hoy se han rescatado 48 cad\u00e1veres. El Comandante Suryadi Surpriyadi se\u00f1al\u00f3 que continuar\u00e1 la b\u00fasqueda del cuerpo central del avi\u00f3n y de m\u00e1s v\u00edctimas, pero no est\u00e1 claro si se mantendr\u00e1 el ritmo actual.<\/p>\n<p style=\"text-align: justify;\">El jefe de las operaciones de rescate, Bambang Sulistyo, habl\u00f3 de bajar el ritmo. \u00abSabemos que las familias tienen expectativas. S\u00e9 c\u00f3mo se sienten, pero tambi\u00e9n debemos considerar hasta d\u00f3nde esta acci\u00f3n sigue siendo efectiva\u00bb, se\u00f1al\u00f3.<\/p>\n<p style=\"text-align: justify;\">\u00a0<\/p>\n<p style=\"text-align: justify;\">Fuente: <em><strong>El Comercio<\/strong><\/em><\/p>\n<p style=\"text-align: justify;\">Foto: <strong><em>Reuters<\/em><\/strong><\/p>\n<p style=\"text-align: justify;\"><strong><em><br \/><\/em><\/strong><\/p>\n<p>{jathumbnail off images=\u00bbimages\/stories\/15\/01\/130115\/a2.jpg,images\/stories\/15\/01\/130115\/a2_1.jpg\u00bb}<\/p>\n","protected":false},"excerpt":{"rendered":"<p>(Aeronoticias).- El Airbus A320 de la aerol\u00ednea de bajo coste se estrell\u00f3 el 28 de diciembre cuando volaba a Singapur con 162 personas a bordo.<\/p>\n","protected":false},"author":1,"featured_media":0,"comment_status":"open","ping_status":"open","sticky":false,"template":"","format":"standard","meta":{"tdm_status":"","tdm_grid_status":"","footnotes":""},"categories":[34],"tags":[],"class_list":{"0":"post-51144","1":"post","2":"type-post","3":"status-publish","4":"format-standard","6":"category-internacionales"},"yoast_head":"<!-- This site is optimized with the Yoast SEO plugin v25.1 - https:\/\/yoast.com\/wordpress\/plugins\/seo\/ -->\n<title>AirAsia: Segunda caja negra hallada tiene grabada las conversaciones en la cabina de vuelo<\/title>\n<meta name=\"description\" content=\"Portal de noticias del Per\u00fa sobre el transporte a\u00e9reo, aviaci\u00f3n, turismo, hoteleria, actualidad.\" \/>\n<meta name=\"robots\" content=\"index, follow, max-snippet:-1, max-image-preview:large, max-video-preview:-1\" \/>\n<link rel=\"canonical\" href=\"https:\/\/aeronoticias.com.pe\/noticiero\/internacionales\/airasia-al-fin-hallaron-la-segunda-caja-negra-de-la-nave\/\" \/>\n<meta property=\"og:locale\" content=\"es_ES\" \/>\n<meta property=\"og:type\" content=\"article\" \/>\n<meta property=\"og:title\" content=\"AirAsia: Segunda caja negra hallada tiene grabada las conversaciones en la cabina de vuelo\" \/>\n<meta property=\"og:description\" content=\"Portal de noticias del Per\u00fa sobre el transporte a\u00e9reo, aviaci\u00f3n, turismo, hoteleria, actualidad.\" \/>\n<meta property=\"og:url\" content=\"https:\/\/aeronoticias.com.pe\/noticiero\/internacionales\/airasia-al-fin-hallaron-la-segunda-caja-negra-de-la-nave\/\" \/>\n<meta property=\"og:site_name\" content=\"Aeronoticias.com.pe\" \/>\n<meta property=\"article:publisher\" content=\"https:\/\/www.facebook.com\/Aeronoticias.com.pe\/\" \/>\n<meta property=\"article:published_time\" content=\"2015-01-13T14:58:11+00:00\" \/>\n<meta name=\"author\" content=\"Redacci\u00f3n Aeronoticias\" \/>\n<meta name=\"twitter:card\" content=\"summary_large_image\" \/>\n<meta name=\"twitter:creator\" content=\"@aeronoticias\" \/>\n<meta name=\"twitter:site\" content=\"@aeronoticias\" \/>\n<meta name=\"twitter:label1\" content=\"Escrito por\" \/>\n\t<meta name=\"twitter:data1\" content=\"Redacci\u00f3n Aeronoticias\" \/>\n\t<meta name=\"twitter:label2\" content=\"Tiempo de lectura\" \/>\n\t<meta name=\"twitter:data2\" content=\"3 minutos\" \/>\n<script type=\"application\/ld+json\" class=\"yoast-schema-graph\">{\"@context\":\"https:\/\/schema.org\",\"@graph\":[{\"@type\":\"WebPage\",\"@id\":\"https:\/\/aeronoticias.com.pe\/noticiero\/internacionales\/airasia-al-fin-hallaron-la-segunda-caja-negra-de-la-nave\/\",\"url\":\"https:\/\/aeronoticias.com.pe\/noticiero\/internacionales\/airasia-al-fin-hallaron-la-segunda-caja-negra-de-la-nave\/\",\"name\":\"AirAsia: Segunda caja negra hallada tiene grabada las conversaciones en la cabina de vuelo\",\"isPartOf\":{\"@id\":\"https:\/\/aeronoticias.com.pe\/noticiero\/#website\"},\"datePublished\":\"2015-01-13T14:58:11+00:00\",\"author\":{\"@id\":\"https:\/\/aeronoticias.com.pe\/noticiero\/#\/schema\/person\/fc1e5d578f4b62ba1cf7ac2bba1170a0\"},\"description\":\"Portal de noticias del Per\u00fa sobre el transporte a\u00e9reo, aviaci\u00f3n, turismo, hoteleria, actualidad.\",\"breadcrumb\":{\"@id\":\"https:\/\/aeronoticias.com.pe\/noticiero\/internacionales\/airasia-al-fin-hallaron-la-segunda-caja-negra-de-la-nave\/#breadcrumb\"},\"inLanguage\":\"es\",\"potentialAction\":[{\"@type\":\"ReadAction\",\"target\":[\"https:\/\/aeronoticias.com.pe\/noticiero\/internacionales\/airasia-al-fin-hallaron-la-segunda-caja-negra-de-la-nave\/\"]}]},{\"@type\":\"BreadcrumbList\",\"@id\":\"https:\/\/aeronoticias.com.pe\/noticiero\/internacionales\/airasia-al-fin-hallaron-la-segunda-caja-negra-de-la-nave\/#breadcrumb\",\"itemListElement\":[{\"@type\":\"ListItem\",\"position\":1,\"name\":\"Portada\",\"item\":\"https:\/\/aeronoticias.com.pe\/noticiero\/\"},{\"@type\":\"ListItem\",\"position\":2,\"name\":\"AirAsia: Segunda caja negra hallada tiene grabada las conversaciones en la cabina de vuelo\"}]},{\"@type\":\"WebSite\",\"@id\":\"https:\/\/aeronoticias.com.pe\/noticiero\/#website\",\"url\":\"https:\/\/aeronoticias.com.pe\/noticiero\/\",\"name\":\"Aeronoticias.com.pe\",\"description\":\"Noticias de tranporte aereo, turismo, hoteles, gastronomia, actualidad, internacional\",\"potentialAction\":[{\"@type\":\"SearchAction\",\"target\":{\"@type\":\"EntryPoint\",\"urlTemplate\":\"https:\/\/aeronoticias.com.pe\/noticiero\/?s={search_term_string}\"},\"query-input\":{\"@type\":\"PropertyValueSpecification\",\"valueRequired\":true,\"valueName\":\"search_term_string\"}}],\"inLanguage\":\"es\"},{\"@type\":\"Person\",\"@id\":\"https:\/\/aeronoticias.com.pe\/noticiero\/#\/schema\/person\/fc1e5d578f4b62ba1cf7ac2bba1170a0\",\"name\":\"Redacci\u00f3n Aeronoticias\",\"url\":\"https:\/\/aeronoticias.com.pe\/noticiero\/author\/piloto\/\"}]}<\/script>\n<!-- \/ Yoast SEO plugin. -->","yoast_head_json":{"title":"AirAsia: Segunda caja negra hallada tiene grabada las conversaciones en la cabina de vuelo","description":"Portal de noticias del Per\u00fa sobre el transporte a\u00e9reo, aviaci\u00f3n, turismo, hoteleria, actualidad.","robots":{"index":"index","follow":"follow","max-snippet":"max-snippet:-1","max-image-preview":"max-image-preview:large","max-video-preview":"max-video-preview:-1"},"canonical":"https:\/\/aeronoticias.com.pe\/noticiero\/internacionales\/airasia-al-fin-hallaron-la-segunda-caja-negra-de-la-nave\/","og_locale":"es_ES","og_type":"article","og_title":"AirAsia: Segunda caja negra hallada tiene grabada las conversaciones en la cabina de vuelo","og_description":"Portal de noticias del Per\u00fa sobre el transporte a\u00e9reo, aviaci\u00f3n, turismo, hoteleria, actualidad.","og_url":"https:\/\/aeronoticias.com.pe\/noticiero\/internacionales\/airasia-al-fin-hallaron-la-segunda-caja-negra-de-la-nave\/","og_site_name":"Aeronoticias.com.pe","article_publisher":"https:\/\/www.facebook.com\/Aeronoticias.com.pe\/","article_published_time":"2015-01-13T14:58:11+00:00","author":"Redacci\u00f3n Aeronoticias","twitter_card":"summary_large_image","twitter_creator":"@aeronoticias","twitter_site":"@aeronoticias","twitter_misc":{"Escrito por":"Redacci\u00f3n Aeronoticias","Tiempo de lectura":"3 minutos"},"schema":{"@context":"https:\/\/schema.org","@graph":[{"@type":"WebPage","@id":"https:\/\/aeronoticias.com.pe\/noticiero\/internacionales\/airasia-al-fin-hallaron-la-segunda-caja-negra-de-la-nave\/","url":"https:\/\/aeronoticias.com.pe\/noticiero\/internacionales\/airasia-al-fin-hallaron-la-segunda-caja-negra-de-la-nave\/","name":"AirAsia: Segunda caja negra hallada tiene grabada las conversaciones en la cabina de vuelo","isPartOf":{"@id":"https:\/\/aeronoticias.com.pe\/noticiero\/#website"},"datePublished":"2015-01-13T14:58:11+00:00","author":{"@id":"https:\/\/aeronoticias.com.pe\/noticiero\/#\/schema\/person\/fc1e5d578f4b62ba1cf7ac2bba1170a0"},"description":"Portal de noticias del Per\u00fa sobre el transporte a\u00e9reo, aviaci\u00f3n, turismo, hoteleria, actualidad.","breadcrumb":{"@id":"https:\/\/aeronoticias.com.pe\/noticiero\/internacionales\/airasia-al-fin-hallaron-la-segunda-caja-negra-de-la-nave\/#breadcrumb"},"inLanguage":"es","potentialAction":[{"@type":"ReadAction","target":["https:\/\/aeronoticias.com.pe\/noticiero\/internacionales\/airasia-al-fin-hallaron-la-segunda-caja-negra-de-la-nave\/"]}]},{"@type":"BreadcrumbList","@id":"https:\/\/aeronoticias.com.pe\/noticiero\/internacionales\/airasia-al-fin-hallaron-la-segunda-caja-negra-de-la-nave\/#breadcrumb","itemListElement":[{"@type":"ListItem","position":1,"name":"Portada","item":"https:\/\/aeronoticias.com.pe\/noticiero\/"},{"@type":"ListItem","position":2,"name":"AirAsia: Segunda caja negra hallada tiene grabada las conversaciones en la cabina de vuelo"}]},{"@type":"WebSite","@id":"https:\/\/aeronoticias.com.pe\/noticiero\/#website","url":"https:\/\/aeronoticias.com.pe\/noticiero\/","name":"Aeronoticias.com.pe","description":"Noticias de tranporte aereo, turismo, hoteles, gastronomia, actualidad, internacional","potentialAction":[{"@type":"SearchAction","target":{"@type":"EntryPoint","urlTemplate":"https:\/\/aeronoticias.com.pe\/noticiero\/?s={search_term_string}"},"query-input":{"@type":"PropertyValueSpecification","valueRequired":true,"valueName":"search_term_string"}}],"inLanguage":"es"},{"@type":"Person","@id":"https:\/\/aeronoticias.com.pe\/noticiero\/#\/schema\/person\/fc1e5d578f4b62ba1cf7ac2bba1170a0","name":"Redacci\u00f3n Aeronoticias","url":"https:\/\/aeronoticias.com.pe\/noticiero\/author\/piloto\/"}]}},"_links":{"self":[{"href":"https:\/\/aeronoticias.com.pe\/noticiero\/wp-json\/wp\/v2\/posts\/51144","targetHints":{"allow":["GET"]}}],"collection":[{"href":"https:\/\/aeronoticias.com.pe\/noticiero\/wp-json\/wp\/v2\/posts"}],"about":[{"href":"https:\/\/aeronoticias.com.pe\/noticiero\/wp-json\/wp\/v2\/types\/post"}],"author":[{"embeddable":true,"href":"https:\/\/aeronoticias.com.pe\/noticiero\/wp-json\/wp\/v2\/users\/1"}],"replies":[{"embeddable":true,"href":"https:\/\/aeronoticias.com.pe\/noticiero\/wp-json\/wp\/v2\/comments?post=51144"}],"version-history":[{"count":0,"href":"https:\/\/aeronoticias.com.pe\/noticiero\/wp-json\/wp\/v2\/posts\/51144\/revisions"}],"wp:attachment":[{"href":"https:\/\/aeronoticias.com.pe\/noticiero\/wp-json\/wp\/v2\/media?parent=51144"}],"wp:term":[{"taxonomy":"category","embeddable":true,"href":"https:\/\/aeronoticias.com.pe\/noticiero\/wp-json\/wp\/v2\/categories?post=51144"},{"taxonomy":"post_tag","embeddable":true,"href":"https:\/\/aeronoticias.com.pe\/noticiero\/wp-json\/wp\/v2\/tags?post=51144"}],"curies":[{"name":"wp","href":"https:\/\/api.w.org\/{rel}","templated":true}]}}