{"id":51146,"date":"2015-01-13T15:25:31","date_gmt":"2015-01-13T15:25:31","guid":{"rendered":"http:\/\/desarrollo.mcvicious.com\/aero2020\/2015\/01\/13\/charlie-hebdo-policia-se-suicido-tras-escuchar-a-un-familiar-de-una-de-las-victimas\/"},"modified":"2015-01-13T15:25:31","modified_gmt":"2015-01-13T15:25:31","slug":"charlie-hebdo-policia-se-suicido-tras-escuchar-a-un-familiar-de-una-de-las-victimas","status":"publish","type":"post","link":"https:\/\/aeronoticias.com.pe\/noticiero\/mundo\/mundo-mundo-2\/charlie-hebdo-policia-se-suicido-tras-escuchar-a-un-familiar-de-una-de-las-victimas\/","title":{"rendered":"&#8216;Charlie Hebdo&#8217;: Se suicida despues de escuchar la versi\u00f3n de un familiar de las v\u00edctimas"},"content":{"rendered":"<p style=\"text-align: justify;\"><img decoding=\"async\" src=\"images\/stories\/15\/01\/130115\/a3.jpg\" border=\"0\" \/><\/p>\n<p style=\"text-align: justify;\"><strong>(Aeronoticias).-<\/strong> Un polic\u00eda franc\u00e9s, que estaba investigando la masacre en la revista \u2018Charlie Hebdo\u2019, se suicid\u00f3 despu\u00e9s de entrevistar a un familiar de una de las v\u00edctimas.<\/p>\n<p style=\"text-align: justify;\">\u00a0<\/p>\n<p>  <!--more-->  <\/p>\n<p>El oficial de alto rango, Helric Fredou, de 45 a\u00f1os, se suicid\u00f3 en su oficina el mi\u00e9rcoles pasado, horas despu\u00e9s del atentado a la revista, inform\u00f3 France 3, seg\u00fan relatan medios brit\u00e1nicos.<\/p>\n<p>\u00a0<\/p>\n<p style=\"text-align: justify;\">El cuerpo del polic\u00eda franc\u00e9s fue hallado por un colega a la 1 de la ma\u00f1ana. Sin embargo, la noticia reci\u00e9n ha sido resaltado pues no quer\u00edan entorpecer las investigaciones sobre los terroristas que atacaron la revista.<\/p>\n<p style=\"text-align: justify;\">En un comunicado, la polic\u00eda inform\u00f3 del \u201clamentable\u201d deceso de Helric Fredou.<\/p>\n<p style=\"text-align: justify;\">\u201cEn este d\u00eda particular, los polic\u00edas estamos conmocionados por la tr\u00e1gica muerte de uno de los nuestras\u201d, indica el comunicado.<\/p>\n<p style=\"text-align: justify;\">Fredou, quien era soltero y no ten\u00eda hijos, empez\u00f3 su carrera como polic\u00eda en 1997.<\/p>\n<p style=\"text-align: justify;\">El ataque a \u2018Charlie Hebdo\u2019 dej\u00f3 12 personas muertas despu\u00e9s que dos terroristas Said y Ch\u00e9riri Kouachi ingresaran a la revista sat\u00edrica.<\/p>\n<p style=\"text-align: justify;\">El domingo, al menos 3,7 millones de personas participaron en marchas por toda Francia en apoyo a \u2018Charlie Hebdo\u2019 y a la libertad de expresi\u00f3n. Los l\u00edderes mundiales unieron sus brazos para liderar a m\u00e1s de un mill\u00f3n de personas por Par\u00eds en una manifestaci\u00f3n sin precedentes para rendir tributo a las v\u00edctimas.<\/p>\n<p style=\"text-align: justify;\">El viernes concluyeron tres d\u00edas de violencia con un asalto a un local de comida jud\u00eda en Par\u00eds, en el que murieron cuatro rehenes y su captor.<\/p>\n<p style=\"text-align: justify;\">Poco antes, la polic\u00eda mat\u00f3 a los que atacaron \u2018Charlie Hebdo\u2019 en un tiroteo diferente en una imprenta al noroeste de la ciudad.<\/p>\n<p style=\"text-align: justify;\">Tras estos episodios de violencia, el ministro de Defensa franc\u00e9s, Jean-Yves Le Drian, anunci\u00f3 el despliegue de 10 mil soldados en lugares sensibles, como mezquitas, sinagogas y aeropuertos.<\/p>\n<p style=\"text-align: justify;\">\u00a0<\/p>\n<p style=\"text-align: justify;\">Fuente: <strong><em>Trome<\/em><\/strong><\/p>\n<p style=\"text-align: justify;\">Foto: <strong><em>Mirror<\/em><\/strong><\/p>\n","protected":false},"excerpt":{"rendered":"<p>(Aeronoticias).- Un polic\u00eda franc\u00e9s, que estaba investigando la masacre en la revista \u2018Charlie Hebdo\u2019, se suicid\u00f3 despu\u00e9s de entrevistar a un familiar de una de las v\u00edctimas. \u00a0<\/p>\n","protected":false},"author":1,"featured_media":0,"comment_status":"open","ping_status":"open","sticky":false,"template":"","format":"standard","meta":{"tdm_status":"","tdm_grid_status":"","footnotes":""},"categories":[65],"tags":[],"class_list":{"0":"post-51146","1":"post","2":"type-post","3":"status-publish","4":"format-standard","6":"category-mundo-mundo-2"},"yoast_head":"<!-- This site is optimized with the Yoast SEO plugin v25.1 - https:\/\/yoast.com\/wordpress\/plugins\/seo\/ -->\n<title>&#039;Charlie Hebdo&#039;: Se suicida despues de escuchar la versi\u00f3n de un familiar de las v\u00edctimas<\/title>\n<meta name=\"description\" content=\"Portal de noticias del Per\u00fa sobre el transporte a\u00e9reo, aviaci\u00f3n, turismo, hoteleria, actualidad.\" \/>\n<meta name=\"robots\" content=\"index, follow, max-snippet:-1, max-image-preview:large, max-video-preview:-1\" \/>\n<link rel=\"canonical\" href=\"https:\/\/aeronoticias.com.pe\/noticiero\/mundo\/mundo-mundo-2\/charlie-hebdo-policia-se-suicido-tras-escuchar-a-un-familiar-de-una-de-las-victimas\/\" \/>\n<meta property=\"og:locale\" content=\"es_ES\" \/>\n<meta property=\"og:type\" content=\"article\" \/>\n<meta property=\"og:title\" content=\"&#039;Charlie Hebdo&#039;: Se suicida despues de escuchar la versi\u00f3n de un familiar de las v\u00edctimas\" \/>\n<meta property=\"og:description\" content=\"Portal de noticias del Per\u00fa sobre el transporte a\u00e9reo, aviaci\u00f3n, turismo, hoteleria, actualidad.\" \/>\n<meta property=\"og:url\" content=\"https:\/\/aeronoticias.com.pe\/noticiero\/mundo\/mundo-mundo-2\/charlie-hebdo-policia-se-suicido-tras-escuchar-a-un-familiar-de-una-de-las-victimas\/\" \/>\n<meta property=\"og:site_name\" content=\"Aeronoticias.com.pe\" \/>\n<meta property=\"article:publisher\" content=\"https:\/\/www.facebook.com\/Aeronoticias.com.pe\/\" \/>\n<meta property=\"article:published_time\" content=\"2015-01-13T15:25:31+00:00\" \/>\n<meta name=\"author\" content=\"Redacci\u00f3n Aeronoticias\" \/>\n<meta name=\"twitter:card\" content=\"summary_large_image\" \/>\n<meta name=\"twitter:creator\" content=\"@aeronoticias\" \/>\n<meta name=\"twitter:site\" content=\"@aeronoticias\" \/>\n<meta name=\"twitter:label1\" content=\"Escrito por\" \/>\n\t<meta name=\"twitter:data1\" content=\"Redacci\u00f3n Aeronoticias\" \/>\n\t<meta name=\"twitter:label2\" content=\"Tiempo de lectura\" \/>\n\t<meta name=\"twitter:data2\" content=\"2 minutos\" \/>\n<script type=\"application\/ld+json\" class=\"yoast-schema-graph\">{\"@context\":\"https:\/\/schema.org\",\"@graph\":[{\"@type\":\"WebPage\",\"@id\":\"https:\/\/aeronoticias.com.pe\/noticiero\/mundo\/mundo-mundo-2\/charlie-hebdo-policia-se-suicido-tras-escuchar-a-un-familiar-de-una-de-las-victimas\/\",\"url\":\"https:\/\/aeronoticias.com.pe\/noticiero\/mundo\/mundo-mundo-2\/charlie-hebdo-policia-se-suicido-tras-escuchar-a-un-familiar-de-una-de-las-victimas\/\",\"name\":\"'Charlie Hebdo': Se suicida despues de escuchar la versi\u00f3n de un familiar de las v\u00edctimas\",\"isPartOf\":{\"@id\":\"https:\/\/aeronoticias.com.pe\/noticiero\/#website\"},\"datePublished\":\"2015-01-13T15:25:31+00:00\",\"author\":{\"@id\":\"https:\/\/aeronoticias.com.pe\/noticiero\/#\/schema\/person\/fc1e5d578f4b62ba1cf7ac2bba1170a0\"},\"description\":\"Portal de noticias del Per\u00fa sobre el transporte a\u00e9reo, aviaci\u00f3n, turismo, hoteleria, actualidad.\",\"breadcrumb\":{\"@id\":\"https:\/\/aeronoticias.com.pe\/noticiero\/mundo\/mundo-mundo-2\/charlie-hebdo-policia-se-suicido-tras-escuchar-a-un-familiar-de-una-de-las-victimas\/#breadcrumb\"},\"inLanguage\":\"es\",\"potentialAction\":[{\"@type\":\"ReadAction\",\"target\":[\"https:\/\/aeronoticias.com.pe\/noticiero\/mundo\/mundo-mundo-2\/charlie-hebdo-policia-se-suicido-tras-escuchar-a-un-familiar-de-una-de-las-victimas\/\"]}]},{\"@type\":\"BreadcrumbList\",\"@id\":\"https:\/\/aeronoticias.com.pe\/noticiero\/mundo\/mundo-mundo-2\/charlie-hebdo-policia-se-suicido-tras-escuchar-a-un-familiar-de-una-de-las-victimas\/#breadcrumb\",\"itemListElement\":[{\"@type\":\"ListItem\",\"position\":1,\"name\":\"Portada\",\"item\":\"https:\/\/aeronoticias.com.pe\/noticiero\/\"},{\"@type\":\"ListItem\",\"position\":2,\"name\":\"&#8216;Charlie Hebdo&#8217;: Se suicida despues de escuchar la versi\u00f3n de un familiar de las v\u00edctimas\"}]},{\"@type\":\"WebSite\",\"@id\":\"https:\/\/aeronoticias.com.pe\/noticiero\/#website\",\"url\":\"https:\/\/aeronoticias.com.pe\/noticiero\/\",\"name\":\"Aeronoticias.com.pe\",\"description\":\"Noticias de tranporte aereo, turismo, hoteles, gastronomia, actualidad, internacional\",\"potentialAction\":[{\"@type\":\"SearchAction\",\"target\":{\"@type\":\"EntryPoint\",\"urlTemplate\":\"https:\/\/aeronoticias.com.pe\/noticiero\/?s={search_term_string}\"},\"query-input\":{\"@type\":\"PropertyValueSpecification\",\"valueRequired\":true,\"valueName\":\"search_term_string\"}}],\"inLanguage\":\"es\"},{\"@type\":\"Person\",\"@id\":\"https:\/\/aeronoticias.com.pe\/noticiero\/#\/schema\/person\/fc1e5d578f4b62ba1cf7ac2bba1170a0\",\"name\":\"Redacci\u00f3n Aeronoticias\",\"url\":\"https:\/\/aeronoticias.com.pe\/noticiero\/author\/piloto\/\"}]}<\/script>\n<!-- \/ Yoast SEO plugin. -->","yoast_head_json":{"title":"'Charlie Hebdo': Se suicida despues de escuchar la versi\u00f3n de un familiar de las v\u00edctimas","description":"Portal de noticias del Per\u00fa sobre el transporte a\u00e9reo, aviaci\u00f3n, turismo, hoteleria, actualidad.","robots":{"index":"index","follow":"follow","max-snippet":"max-snippet:-1","max-image-preview":"max-image-preview:large","max-video-preview":"max-video-preview:-1"},"canonical":"https:\/\/aeronoticias.com.pe\/noticiero\/mundo\/mundo-mundo-2\/charlie-hebdo-policia-se-suicido-tras-escuchar-a-un-familiar-de-una-de-las-victimas\/","og_locale":"es_ES","og_type":"article","og_title":"'Charlie Hebdo': Se suicida despues de escuchar la versi\u00f3n de un familiar de las v\u00edctimas","og_description":"Portal de noticias del Per\u00fa sobre el transporte a\u00e9reo, aviaci\u00f3n, turismo, hoteleria, actualidad.","og_url":"https:\/\/aeronoticias.com.pe\/noticiero\/mundo\/mundo-mundo-2\/charlie-hebdo-policia-se-suicido-tras-escuchar-a-un-familiar-de-una-de-las-victimas\/","og_site_name":"Aeronoticias.com.pe","article_publisher":"https:\/\/www.facebook.com\/Aeronoticias.com.pe\/","article_published_time":"2015-01-13T15:25:31+00:00","author":"Redacci\u00f3n Aeronoticias","twitter_card":"summary_large_image","twitter_creator":"@aeronoticias","twitter_site":"@aeronoticias","twitter_misc":{"Escrito por":"Redacci\u00f3n Aeronoticias","Tiempo de lectura":"2 minutos"},"schema":{"@context":"https:\/\/schema.org","@graph":[{"@type":"WebPage","@id":"https:\/\/aeronoticias.com.pe\/noticiero\/mundo\/mundo-mundo-2\/charlie-hebdo-policia-se-suicido-tras-escuchar-a-un-familiar-de-una-de-las-victimas\/","url":"https:\/\/aeronoticias.com.pe\/noticiero\/mundo\/mundo-mundo-2\/charlie-hebdo-policia-se-suicido-tras-escuchar-a-un-familiar-de-una-de-las-victimas\/","name":"'Charlie Hebdo': Se suicida despues de escuchar la versi\u00f3n de un familiar de las v\u00edctimas","isPartOf":{"@id":"https:\/\/aeronoticias.com.pe\/noticiero\/#website"},"datePublished":"2015-01-13T15:25:31+00:00","author":{"@id":"https:\/\/aeronoticias.com.pe\/noticiero\/#\/schema\/person\/fc1e5d578f4b62ba1cf7ac2bba1170a0"},"description":"Portal de noticias del Per\u00fa sobre el transporte a\u00e9reo, aviaci\u00f3n, turismo, hoteleria, actualidad.","breadcrumb":{"@id":"https:\/\/aeronoticias.com.pe\/noticiero\/mundo\/mundo-mundo-2\/charlie-hebdo-policia-se-suicido-tras-escuchar-a-un-familiar-de-una-de-las-victimas\/#breadcrumb"},"inLanguage":"es","potentialAction":[{"@type":"ReadAction","target":["https:\/\/aeronoticias.com.pe\/noticiero\/mundo\/mundo-mundo-2\/charlie-hebdo-policia-se-suicido-tras-escuchar-a-un-familiar-de-una-de-las-victimas\/"]}]},{"@type":"BreadcrumbList","@id":"https:\/\/aeronoticias.com.pe\/noticiero\/mundo\/mundo-mundo-2\/charlie-hebdo-policia-se-suicido-tras-escuchar-a-un-familiar-de-una-de-las-victimas\/#breadcrumb","itemListElement":[{"@type":"ListItem","position":1,"name":"Portada","item":"https:\/\/aeronoticias.com.pe\/noticiero\/"},{"@type":"ListItem","position":2,"name":"&#8216;Charlie Hebdo&#8217;: Se suicida despues de escuchar la versi\u00f3n de un familiar de las v\u00edctimas"}]},{"@type":"WebSite","@id":"https:\/\/aeronoticias.com.pe\/noticiero\/#website","url":"https:\/\/aeronoticias.com.pe\/noticiero\/","name":"Aeronoticias.com.pe","description":"Noticias de tranporte aereo, turismo, hoteles, gastronomia, actualidad, internacional","potentialAction":[{"@type":"SearchAction","target":{"@type":"EntryPoint","urlTemplate":"https:\/\/aeronoticias.com.pe\/noticiero\/?s={search_term_string}"},"query-input":{"@type":"PropertyValueSpecification","valueRequired":true,"valueName":"search_term_string"}}],"inLanguage":"es"},{"@type":"Person","@id":"https:\/\/aeronoticias.com.pe\/noticiero\/#\/schema\/person\/fc1e5d578f4b62ba1cf7ac2bba1170a0","name":"Redacci\u00f3n Aeronoticias","url":"https:\/\/aeronoticias.com.pe\/noticiero\/author\/piloto\/"}]}},"_links":{"self":[{"href":"https:\/\/aeronoticias.com.pe\/noticiero\/wp-json\/wp\/v2\/posts\/51146","targetHints":{"allow":["GET"]}}],"collection":[{"href":"https:\/\/aeronoticias.com.pe\/noticiero\/wp-json\/wp\/v2\/posts"}],"about":[{"href":"https:\/\/aeronoticias.com.pe\/noticiero\/wp-json\/wp\/v2\/types\/post"}],"author":[{"embeddable":true,"href":"https:\/\/aeronoticias.com.pe\/noticiero\/wp-json\/wp\/v2\/users\/1"}],"replies":[{"embeddable":true,"href":"https:\/\/aeronoticias.com.pe\/noticiero\/wp-json\/wp\/v2\/comments?post=51146"}],"version-history":[{"count":0,"href":"https:\/\/aeronoticias.com.pe\/noticiero\/wp-json\/wp\/v2\/posts\/51146\/revisions"}],"wp:attachment":[{"href":"https:\/\/aeronoticias.com.pe\/noticiero\/wp-json\/wp\/v2\/media?parent=51146"}],"wp:term":[{"taxonomy":"category","embeddable":true,"href":"https:\/\/aeronoticias.com.pe\/noticiero\/wp-json\/wp\/v2\/categories?post=51146"},{"taxonomy":"post_tag","embeddable":true,"href":"https:\/\/aeronoticias.com.pe\/noticiero\/wp-json\/wp\/v2\/tags?post=51146"}],"curies":[{"name":"wp","href":"https:\/\/api.w.org\/{rel}","templated":true}]}}