{"id":51147,"date":"2015-01-13T15:30:45","date_gmt":"2015-01-13T15:30:45","guid":{"rendered":"http:\/\/desarrollo.mcvicious.com\/aero2020\/2015\/01\/13\/ucrania-derriban-la-torre-de-control-del-aeropuerto-de-donetsk\/"},"modified":"2015-01-13T15:30:45","modified_gmt":"2015-01-13T15:30:45","slug":"ucrania-derriban-la-torre-de-control-del-aeropuerto-de-donetsk","status":"publish","type":"post","link":"https:\/\/aeronoticias.com.pe\/noticiero\/internacionales\/ucrania-derriban-la-torre-de-control-del-aeropuerto-de-donetsk\/","title":{"rendered":"Aeropuerto de Ucrania se queda sin torre de control"},"content":{"rendered":"<p style=\"text-align: justify;\"><img decoding=\"async\" src=\"images\/stories\/15\/01\/130115\/a4.jpg\" border=\"0\" \/><\/p>\n<p style=\"text-align: justify;\"><strong>(Aeronoticias).-<\/strong> La torre de control del aeropuerto de Donetsk, en el este de Ucrania, se desplom\u00f3 este martes como resultado del fuego de artiller\u00eda disparado ayer por los separatistas prorrusos, inform\u00f3 el portavoz del Estado Mayor de las Fuerzas Armadas ucranianas, Vladislav Selezniov.<\/p>\n<p>  <!--more-->  <\/p>\n<p style=\"text-align: justify;\">\u00abLos separatistas dispararon la v\u00edspera contra la torre. Hoy la torre se desplom\u00f3 hasta su cuarta planta\u00bb, dijo Selezniov a la agencia local \u00abInterfax Ukraini\u00bb.<\/p>\n<p style=\"text-align: justify;\">Las fuerzas de Kiev denuncian que las milicias rebeldes han redoblado en los \u00faltimos d\u00edas sus ataques contra el aeropuerto, escenario de incesantes enfrentamientos entre los dos bandos incluso durante todas las treguas acordadas, incluida la que rige desde el pasado 9 de diciembre.<\/p>\n<p style=\"text-align: justify;\">Seg\u00fan el servicio de prensa de los militares ucranianos, los sublevados disparan contra el aeropuerto con artiller\u00eda, morteros y fusiles.<\/p>\n<p style=\"text-align: justify;\">Las tropas ucranianas responden con artiller\u00eda contra las posiciones de los rebeles que rodean la instalaci\u00f3n, controlada por los soldados desde el inicio del conflicto armado el pasado abril, dijo hoy el portavoz militar, Andr\u00e9i Lisenko.<\/p>\n<p style=\"text-align: justify;\">Las partes en conflicto se lanzaron hoy de nuevo acusaciones de violar la tregua acordada el 9 de diciembre con la mediaci\u00f3n de la OSCE.<\/p>\n<p style=\"text-align: justify;\">La autoproclamada rep\u00fablica popular de Donetsk afirm\u00f3 que \u00aben las \u00faltimas 24 horas se registraron 66 violaciones de la tregua\u00bb por parte de las tropas, mientras que Kiev denunci\u00f3 84 violaciones por las milicias prorrusas.<\/p>\n<p style=\"text-align: justify;\">Casi 5.000 personas, entre civiles y combatientes, han muerto en las regiones ucranianas de Donetsk y Lugansk desde mediados del pasado mes de abril, tras el estallido de una rebeli\u00f3n prorrusa contraria al vuelco de poder que vivi\u00f3 Kiev en febrero.<\/p>\n<p style=\"text-align: justify;\">\u00a0<\/p>\n<p style=\"text-align: justify;\">Fuente: <strong><em>RPP<\/em><\/strong><\/p>\n<p style=\"text-align: justify;\">Foto: <em><strong>EFE<\/strong><\/em><\/p>\n","protected":false},"excerpt":{"rendered":"<p>(Aeronoticias).- La torre de control del aeropuerto de Donetsk, en el este de Ucrania, se desplom\u00f3 este martes como resultado del fuego de artiller\u00eda disparado ayer por los separatistas prorrusos, inform\u00f3 el portavoz del Estado Mayor de las Fuerzas Armadas ucranianas, Vladislav Selezniov.<\/p>\n","protected":false},"author":1,"featured_media":0,"comment_status":"open","ping_status":"open","sticky":false,"template":"","format":"standard","meta":{"tdm_status":"","tdm_grid_status":"","footnotes":""},"categories":[34],"tags":[],"class_list":{"0":"post-51147","1":"post","2":"type-post","3":"status-publish","4":"format-standard","6":"category-internacionales"},"yoast_head":"<!-- This site is optimized with the Yoast SEO plugin v25.1 - https:\/\/yoast.com\/wordpress\/plugins\/seo\/ -->\n<title>Aeropuerto de Ucrania se queda sin torre de control<\/title>\n<meta name=\"description\" content=\"Portal de noticias del Per\u00fa sobre el transporte a\u00e9reo, aviaci\u00f3n, turismo, hoteleria, actualidad.\" \/>\n<meta name=\"robots\" content=\"index, follow, max-snippet:-1, max-image-preview:large, max-video-preview:-1\" \/>\n<link rel=\"canonical\" href=\"https:\/\/aeronoticias.com.pe\/noticiero\/internacionales\/ucrania-derriban-la-torre-de-control-del-aeropuerto-de-donetsk\/\" \/>\n<meta property=\"og:locale\" content=\"es_ES\" \/>\n<meta property=\"og:type\" content=\"article\" \/>\n<meta property=\"og:title\" content=\"Aeropuerto de Ucrania se queda sin torre de control\" \/>\n<meta property=\"og:description\" content=\"Portal de noticias del Per\u00fa sobre el transporte a\u00e9reo, aviaci\u00f3n, turismo, hoteleria, actualidad.\" \/>\n<meta property=\"og:url\" content=\"https:\/\/aeronoticias.com.pe\/noticiero\/internacionales\/ucrania-derriban-la-torre-de-control-del-aeropuerto-de-donetsk\/\" \/>\n<meta property=\"og:site_name\" content=\"Aeronoticias.com.pe\" \/>\n<meta property=\"article:publisher\" content=\"https:\/\/www.facebook.com\/Aeronoticias.com.pe\/\" \/>\n<meta property=\"article:published_time\" content=\"2015-01-13T15:30:45+00:00\" \/>\n<meta name=\"author\" content=\"Redacci\u00f3n Aeronoticias\" \/>\n<meta name=\"twitter:card\" content=\"summary_large_image\" \/>\n<meta name=\"twitter:creator\" content=\"@aeronoticias\" \/>\n<meta name=\"twitter:site\" content=\"@aeronoticias\" \/>\n<meta name=\"twitter:label1\" content=\"Escrito por\" \/>\n\t<meta name=\"twitter:data1\" content=\"Redacci\u00f3n Aeronoticias\" \/>\n\t<meta name=\"twitter:label2\" content=\"Tiempo de lectura\" \/>\n\t<meta name=\"twitter:data2\" content=\"1 minuto\" \/>\n<script type=\"application\/ld+json\" class=\"yoast-schema-graph\">{\"@context\":\"https:\/\/schema.org\",\"@graph\":[{\"@type\":\"WebPage\",\"@id\":\"https:\/\/aeronoticias.com.pe\/noticiero\/internacionales\/ucrania-derriban-la-torre-de-control-del-aeropuerto-de-donetsk\/\",\"url\":\"https:\/\/aeronoticias.com.pe\/noticiero\/internacionales\/ucrania-derriban-la-torre-de-control-del-aeropuerto-de-donetsk\/\",\"name\":\"Aeropuerto de Ucrania se queda sin torre de control\",\"isPartOf\":{\"@id\":\"https:\/\/aeronoticias.com.pe\/noticiero\/#website\"},\"datePublished\":\"2015-01-13T15:30:45+00:00\",\"author\":{\"@id\":\"https:\/\/aeronoticias.com.pe\/noticiero\/#\/schema\/person\/fc1e5d578f4b62ba1cf7ac2bba1170a0\"},\"description\":\"Portal de noticias del Per\u00fa sobre el transporte a\u00e9reo, aviaci\u00f3n, turismo, hoteleria, actualidad.\",\"breadcrumb\":{\"@id\":\"https:\/\/aeronoticias.com.pe\/noticiero\/internacionales\/ucrania-derriban-la-torre-de-control-del-aeropuerto-de-donetsk\/#breadcrumb\"},\"inLanguage\":\"es\",\"potentialAction\":[{\"@type\":\"ReadAction\",\"target\":[\"https:\/\/aeronoticias.com.pe\/noticiero\/internacionales\/ucrania-derriban-la-torre-de-control-del-aeropuerto-de-donetsk\/\"]}]},{\"@type\":\"BreadcrumbList\",\"@id\":\"https:\/\/aeronoticias.com.pe\/noticiero\/internacionales\/ucrania-derriban-la-torre-de-control-del-aeropuerto-de-donetsk\/#breadcrumb\",\"itemListElement\":[{\"@type\":\"ListItem\",\"position\":1,\"name\":\"Portada\",\"item\":\"https:\/\/aeronoticias.com.pe\/noticiero\/\"},{\"@type\":\"ListItem\",\"position\":2,\"name\":\"Aeropuerto de Ucrania se queda sin torre de control\"}]},{\"@type\":\"WebSite\",\"@id\":\"https:\/\/aeronoticias.com.pe\/noticiero\/#website\",\"url\":\"https:\/\/aeronoticias.com.pe\/noticiero\/\",\"name\":\"Aeronoticias.com.pe\",\"description\":\"Noticias de tranporte aereo, turismo, hoteles, gastronomia, actualidad, internacional\",\"potentialAction\":[{\"@type\":\"SearchAction\",\"target\":{\"@type\":\"EntryPoint\",\"urlTemplate\":\"https:\/\/aeronoticias.com.pe\/noticiero\/?s={search_term_string}\"},\"query-input\":{\"@type\":\"PropertyValueSpecification\",\"valueRequired\":true,\"valueName\":\"search_term_string\"}}],\"inLanguage\":\"es\"},{\"@type\":\"Person\",\"@id\":\"https:\/\/aeronoticias.com.pe\/noticiero\/#\/schema\/person\/fc1e5d578f4b62ba1cf7ac2bba1170a0\",\"name\":\"Redacci\u00f3n Aeronoticias\",\"url\":\"https:\/\/aeronoticias.com.pe\/noticiero\/author\/piloto\/\"}]}<\/script>\n<!-- \/ Yoast SEO plugin. -->","yoast_head_json":{"title":"Aeropuerto de Ucrania se queda sin torre de control","description":"Portal de noticias del Per\u00fa sobre el transporte a\u00e9reo, aviaci\u00f3n, turismo, hoteleria, actualidad.","robots":{"index":"index","follow":"follow","max-snippet":"max-snippet:-1","max-image-preview":"max-image-preview:large","max-video-preview":"max-video-preview:-1"},"canonical":"https:\/\/aeronoticias.com.pe\/noticiero\/internacionales\/ucrania-derriban-la-torre-de-control-del-aeropuerto-de-donetsk\/","og_locale":"es_ES","og_type":"article","og_title":"Aeropuerto de Ucrania se queda sin torre de control","og_description":"Portal de noticias del Per\u00fa sobre el transporte a\u00e9reo, aviaci\u00f3n, turismo, hoteleria, actualidad.","og_url":"https:\/\/aeronoticias.com.pe\/noticiero\/internacionales\/ucrania-derriban-la-torre-de-control-del-aeropuerto-de-donetsk\/","og_site_name":"Aeronoticias.com.pe","article_publisher":"https:\/\/www.facebook.com\/Aeronoticias.com.pe\/","article_published_time":"2015-01-13T15:30:45+00:00","author":"Redacci\u00f3n Aeronoticias","twitter_card":"summary_large_image","twitter_creator":"@aeronoticias","twitter_site":"@aeronoticias","twitter_misc":{"Escrito por":"Redacci\u00f3n Aeronoticias","Tiempo de lectura":"1 minuto"},"schema":{"@context":"https:\/\/schema.org","@graph":[{"@type":"WebPage","@id":"https:\/\/aeronoticias.com.pe\/noticiero\/internacionales\/ucrania-derriban-la-torre-de-control-del-aeropuerto-de-donetsk\/","url":"https:\/\/aeronoticias.com.pe\/noticiero\/internacionales\/ucrania-derriban-la-torre-de-control-del-aeropuerto-de-donetsk\/","name":"Aeropuerto de Ucrania se queda sin torre de control","isPartOf":{"@id":"https:\/\/aeronoticias.com.pe\/noticiero\/#website"},"datePublished":"2015-01-13T15:30:45+00:00","author":{"@id":"https:\/\/aeronoticias.com.pe\/noticiero\/#\/schema\/person\/fc1e5d578f4b62ba1cf7ac2bba1170a0"},"description":"Portal de noticias del Per\u00fa sobre el transporte a\u00e9reo, aviaci\u00f3n, turismo, hoteleria, actualidad.","breadcrumb":{"@id":"https:\/\/aeronoticias.com.pe\/noticiero\/internacionales\/ucrania-derriban-la-torre-de-control-del-aeropuerto-de-donetsk\/#breadcrumb"},"inLanguage":"es","potentialAction":[{"@type":"ReadAction","target":["https:\/\/aeronoticias.com.pe\/noticiero\/internacionales\/ucrania-derriban-la-torre-de-control-del-aeropuerto-de-donetsk\/"]}]},{"@type":"BreadcrumbList","@id":"https:\/\/aeronoticias.com.pe\/noticiero\/internacionales\/ucrania-derriban-la-torre-de-control-del-aeropuerto-de-donetsk\/#breadcrumb","itemListElement":[{"@type":"ListItem","position":1,"name":"Portada","item":"https:\/\/aeronoticias.com.pe\/noticiero\/"},{"@type":"ListItem","position":2,"name":"Aeropuerto de Ucrania se queda sin torre de control"}]},{"@type":"WebSite","@id":"https:\/\/aeronoticias.com.pe\/noticiero\/#website","url":"https:\/\/aeronoticias.com.pe\/noticiero\/","name":"Aeronoticias.com.pe","description":"Noticias de tranporte aereo, turismo, hoteles, gastronomia, actualidad, internacional","potentialAction":[{"@type":"SearchAction","target":{"@type":"EntryPoint","urlTemplate":"https:\/\/aeronoticias.com.pe\/noticiero\/?s={search_term_string}"},"query-input":{"@type":"PropertyValueSpecification","valueRequired":true,"valueName":"search_term_string"}}],"inLanguage":"es"},{"@type":"Person","@id":"https:\/\/aeronoticias.com.pe\/noticiero\/#\/schema\/person\/fc1e5d578f4b62ba1cf7ac2bba1170a0","name":"Redacci\u00f3n Aeronoticias","url":"https:\/\/aeronoticias.com.pe\/noticiero\/author\/piloto\/"}]}},"_links":{"self":[{"href":"https:\/\/aeronoticias.com.pe\/noticiero\/wp-json\/wp\/v2\/posts\/51147","targetHints":{"allow":["GET"]}}],"collection":[{"href":"https:\/\/aeronoticias.com.pe\/noticiero\/wp-json\/wp\/v2\/posts"}],"about":[{"href":"https:\/\/aeronoticias.com.pe\/noticiero\/wp-json\/wp\/v2\/types\/post"}],"author":[{"embeddable":true,"href":"https:\/\/aeronoticias.com.pe\/noticiero\/wp-json\/wp\/v2\/users\/1"}],"replies":[{"embeddable":true,"href":"https:\/\/aeronoticias.com.pe\/noticiero\/wp-json\/wp\/v2\/comments?post=51147"}],"version-history":[{"count":0,"href":"https:\/\/aeronoticias.com.pe\/noticiero\/wp-json\/wp\/v2\/posts\/51147\/revisions"}],"wp:attachment":[{"href":"https:\/\/aeronoticias.com.pe\/noticiero\/wp-json\/wp\/v2\/media?parent=51147"}],"wp:term":[{"taxonomy":"category","embeddable":true,"href":"https:\/\/aeronoticias.com.pe\/noticiero\/wp-json\/wp\/v2\/categories?post=51147"},{"taxonomy":"post_tag","embeddable":true,"href":"https:\/\/aeronoticias.com.pe\/noticiero\/wp-json\/wp\/v2\/tags?post=51147"}],"curies":[{"name":"wp","href":"https:\/\/api.w.org\/{rel}","templated":true}]}}