{"id":51151,"date":"2015-01-13T15:55:00","date_gmt":"2015-01-13T15:55:00","guid":{"rendered":"http:\/\/desarrollo.mcvicious.com\/aero2020\/2015\/01\/13\/un-volcan-submarino-en-tonga-perturba-los-vuelos-en-el-pacifico-sur\/"},"modified":"2015-01-13T15:55:00","modified_gmt":"2015-01-13T15:55:00","slug":"un-volcan-submarino-en-tonga-perturba-los-vuelos-en-el-pacifico-sur","status":"publish","type":"post","link":"https:\/\/aeronoticias.com.pe\/noticiero\/internacionales\/un-volcan-submarino-en-tonga-perturba-los-vuelos-en-el-pacifico-sur\/","title":{"rendered":"Un volc\u00e1n submarino en Tonga perturba los vuelos en el Pac\u00edfico Sur"},"content":{"rendered":"<p style=\"text-align: justify;\"><strong>(Aeronoticias) <\/strong>En S\u00eddney (Australia) u<span style=\"line-height: 1.3em;\">n volc\u00e1n submarino en Tonga, pa\u00eds insular en el Pac\u00edfico Sur, ha perturbado hoy los vuelos en la regi\u00f3n y obligado a suspender algunos desplazamientos a\u00e9reos dom\u00e9sticos e internacionales, informaron medios locales.<\/span><\/p>\n<p style=\"text-align: justify;\"><span style=\"line-height: 1.3em;\">El Centro Asesor de Cenizas Volc\u00e1nicas Wellington alert\u00f3 de que el volc\u00e1n submarino Hunga Ha&#8217;apai, situado en el norte de Nuku&#8217;alofa, la capital de Tonga, est\u00e1 expulsando una columna de ceniza oscura de unos 4.500 metros, seg\u00fan el portal neozeland\u00e9s \u00abStuff\u00bb.<\/span><\/p>\n<p style=\"text-align: justify;\"><span style=\"line-height: 1.3em;\">\u00abSiento que (el volc\u00e1n) se est\u00e1 descargando de forma saludable, pero el tama\u00f1o de la base (de la columna de vapor y cenizas) se ha duplicado desde el 24 de diciembre cuando la vimos por primera vez y cada vez es m\u00e1s alta\u00bb, dijo al portal Cris Egan, quien reside a unos 56 kil\u00f3metros del volc\u00e1n.<\/span><\/p>\n<p style=\"text-align: justify;\"><span style=\"line-height: 1.3em;\">Los vuelos de las aerol\u00edneas Air New Zealand, Fiji Airways y otros desplazamientos dom\u00e9sticos de Tonga han sido desviados o suspendidos desde el lunes ante el aumento de cenizas que emite este volc\u00e1n, que entr\u00f3 en erupci\u00f3n por primera vez en 2009 y volvi\u00f3 a despertar a mediados de diciembre.<\/span><\/p>\n<p style=\"text-align: justify;\"><span style=\"line-height: 1.3em;\">El jefe de la oficina meteorol\u00f3gica de la Autoridad de Aviaci\u00f3n Civil neozelandesa, Peter Lechner, dijo el domingo que \u00absi no se producen m\u00e1s erupciones se espera que las cenizas se disipen hacia la medianoche\u00bb, inform\u00f3 la cadena TVNZ.<\/span><\/p>\n<p style=\"text-align: justify;\"><strong><em>Fuente: http:\/\/noticias.lainformacion.com\/economia-negocios-y-finanzas\/transporte-aereo\/un-volcan-submarino-en-tonga-perturba-los-vuelos-en-el-pacifico-sur_7WQ8r2ODomLToUg9mcVjS1\/<\/em><\/strong><\/p>\n<p style=\"text-align: justify;\"><strong><em><img decoding=\"async\" src=\"images\/stories\/15\/01\/130115\/volcansub.jpg\" border=\"0\" \/><br \/><\/em><\/strong><\/p>\n","protected":false},"excerpt":{"rendered":"<p>(Aeronoticias) En S\u00eddney (Australia) un volc\u00e1n submarino en Tonga, pa\u00eds insular en el Pac\u00edfico Sur, ha perturbado hoy los vuelos en la regi\u00f3n y obligado a suspender algunos desplazamientos a\u00e9reos dom\u00e9sticos e internacionales, informaron medios locales. El Centro Asesor de Cenizas Volc\u00e1nicas Wellington alert\u00f3 de que el volc\u00e1n submarino Hunga Ha&#8217;apai, situado en el norte [&hellip;]<\/p>\n","protected":false},"author":1,"featured_media":0,"comment_status":"open","ping_status":"open","sticky":false,"template":"","format":"standard","meta":{"tdm_status":"","tdm_grid_status":"","footnotes":""},"categories":[34],"tags":[],"class_list":{"0":"post-51151","1":"post","2":"type-post","3":"status-publish","4":"format-standard","6":"category-internacionales"},"yoast_head":"<!-- This site is optimized with the Yoast SEO plugin v25.1 - https:\/\/yoast.com\/wordpress\/plugins\/seo\/ -->\n<title>Un volc\u00e1n submarino en Tonga perturba los vuelos en el Pac\u00edfico Sur<\/title>\n<meta name=\"description\" content=\"Portal de noticias del Per\u00fa sobre el transporte a\u00e9reo, aviaci\u00f3n, turismo, hoteleria, actualidad.\" \/>\n<meta name=\"robots\" content=\"index, follow, max-snippet:-1, max-image-preview:large, max-video-preview:-1\" \/>\n<link rel=\"canonical\" href=\"https:\/\/aeronoticias.com.pe\/noticiero\/internacionales\/un-volcan-submarino-en-tonga-perturba-los-vuelos-en-el-pacifico-sur\/\" \/>\n<meta property=\"og:locale\" content=\"es_ES\" \/>\n<meta property=\"og:type\" content=\"article\" \/>\n<meta property=\"og:title\" content=\"Un volc\u00e1n submarino en Tonga perturba los vuelos en el Pac\u00edfico Sur\" \/>\n<meta property=\"og:description\" content=\"Portal de noticias del Per\u00fa sobre el transporte a\u00e9reo, aviaci\u00f3n, turismo, hoteleria, actualidad.\" \/>\n<meta property=\"og:url\" content=\"https:\/\/aeronoticias.com.pe\/noticiero\/internacionales\/un-volcan-submarino-en-tonga-perturba-los-vuelos-en-el-pacifico-sur\/\" \/>\n<meta property=\"og:site_name\" content=\"Aeronoticias.com.pe\" \/>\n<meta property=\"article:publisher\" content=\"https:\/\/www.facebook.com\/Aeronoticias.com.pe\/\" \/>\n<meta property=\"article:published_time\" content=\"2015-01-13T15:55:00+00:00\" \/>\n<meta name=\"author\" content=\"Redacci\u00f3n Aeronoticias\" \/>\n<meta name=\"twitter:card\" content=\"summary_large_image\" \/>\n<meta name=\"twitter:creator\" content=\"@aeronoticias\" \/>\n<meta name=\"twitter:site\" content=\"@aeronoticias\" \/>\n<meta name=\"twitter:label1\" content=\"Escrito por\" \/>\n\t<meta name=\"twitter:data1\" content=\"Redacci\u00f3n Aeronoticias\" \/>\n\t<meta name=\"twitter:label2\" content=\"Tiempo de lectura\" \/>\n\t<meta name=\"twitter:data2\" content=\"1 minuto\" \/>\n<script type=\"application\/ld+json\" class=\"yoast-schema-graph\">{\"@context\":\"https:\/\/schema.org\",\"@graph\":[{\"@type\":\"WebPage\",\"@id\":\"https:\/\/aeronoticias.com.pe\/noticiero\/internacionales\/un-volcan-submarino-en-tonga-perturba-los-vuelos-en-el-pacifico-sur\/\",\"url\":\"https:\/\/aeronoticias.com.pe\/noticiero\/internacionales\/un-volcan-submarino-en-tonga-perturba-los-vuelos-en-el-pacifico-sur\/\",\"name\":\"Un volc\u00e1n submarino en Tonga perturba los vuelos en el Pac\u00edfico Sur\",\"isPartOf\":{\"@id\":\"https:\/\/aeronoticias.com.pe\/noticiero\/#website\"},\"datePublished\":\"2015-01-13T15:55:00+00:00\",\"author\":{\"@id\":\"https:\/\/aeronoticias.com.pe\/noticiero\/#\/schema\/person\/fc1e5d578f4b62ba1cf7ac2bba1170a0\"},\"description\":\"Portal de noticias del Per\u00fa sobre el transporte a\u00e9reo, aviaci\u00f3n, turismo, hoteleria, actualidad.\",\"breadcrumb\":{\"@id\":\"https:\/\/aeronoticias.com.pe\/noticiero\/internacionales\/un-volcan-submarino-en-tonga-perturba-los-vuelos-en-el-pacifico-sur\/#breadcrumb\"},\"inLanguage\":\"es\",\"potentialAction\":[{\"@type\":\"ReadAction\",\"target\":[\"https:\/\/aeronoticias.com.pe\/noticiero\/internacionales\/un-volcan-submarino-en-tonga-perturba-los-vuelos-en-el-pacifico-sur\/\"]}]},{\"@type\":\"BreadcrumbList\",\"@id\":\"https:\/\/aeronoticias.com.pe\/noticiero\/internacionales\/un-volcan-submarino-en-tonga-perturba-los-vuelos-en-el-pacifico-sur\/#breadcrumb\",\"itemListElement\":[{\"@type\":\"ListItem\",\"position\":1,\"name\":\"Portada\",\"item\":\"https:\/\/aeronoticias.com.pe\/noticiero\/\"},{\"@type\":\"ListItem\",\"position\":2,\"name\":\"Un volc\u00e1n submarino en Tonga perturba los vuelos en el Pac\u00edfico Sur\"}]},{\"@type\":\"WebSite\",\"@id\":\"https:\/\/aeronoticias.com.pe\/noticiero\/#website\",\"url\":\"https:\/\/aeronoticias.com.pe\/noticiero\/\",\"name\":\"Aeronoticias.com.pe\",\"description\":\"Noticias de tranporte aereo, turismo, hoteles, gastronomia, actualidad, internacional\",\"potentialAction\":[{\"@type\":\"SearchAction\",\"target\":{\"@type\":\"EntryPoint\",\"urlTemplate\":\"https:\/\/aeronoticias.com.pe\/noticiero\/?s={search_term_string}\"},\"query-input\":{\"@type\":\"PropertyValueSpecification\",\"valueRequired\":true,\"valueName\":\"search_term_string\"}}],\"inLanguage\":\"es\"},{\"@type\":\"Person\",\"@id\":\"https:\/\/aeronoticias.com.pe\/noticiero\/#\/schema\/person\/fc1e5d578f4b62ba1cf7ac2bba1170a0\",\"name\":\"Redacci\u00f3n Aeronoticias\",\"url\":\"https:\/\/aeronoticias.com.pe\/noticiero\/author\/piloto\/\"}]}<\/script>\n<!-- \/ Yoast SEO plugin. -->","yoast_head_json":{"title":"Un volc\u00e1n submarino en Tonga perturba los vuelos en el Pac\u00edfico Sur","description":"Portal de noticias del Per\u00fa sobre el transporte a\u00e9reo, aviaci\u00f3n, turismo, hoteleria, actualidad.","robots":{"index":"index","follow":"follow","max-snippet":"max-snippet:-1","max-image-preview":"max-image-preview:large","max-video-preview":"max-video-preview:-1"},"canonical":"https:\/\/aeronoticias.com.pe\/noticiero\/internacionales\/un-volcan-submarino-en-tonga-perturba-los-vuelos-en-el-pacifico-sur\/","og_locale":"es_ES","og_type":"article","og_title":"Un volc\u00e1n submarino en Tonga perturba los vuelos en el Pac\u00edfico Sur","og_description":"Portal de noticias del Per\u00fa sobre el transporte a\u00e9reo, aviaci\u00f3n, turismo, hoteleria, actualidad.","og_url":"https:\/\/aeronoticias.com.pe\/noticiero\/internacionales\/un-volcan-submarino-en-tonga-perturba-los-vuelos-en-el-pacifico-sur\/","og_site_name":"Aeronoticias.com.pe","article_publisher":"https:\/\/www.facebook.com\/Aeronoticias.com.pe\/","article_published_time":"2015-01-13T15:55:00+00:00","author":"Redacci\u00f3n Aeronoticias","twitter_card":"summary_large_image","twitter_creator":"@aeronoticias","twitter_site":"@aeronoticias","twitter_misc":{"Escrito por":"Redacci\u00f3n Aeronoticias","Tiempo de lectura":"1 minuto"},"schema":{"@context":"https:\/\/schema.org","@graph":[{"@type":"WebPage","@id":"https:\/\/aeronoticias.com.pe\/noticiero\/internacionales\/un-volcan-submarino-en-tonga-perturba-los-vuelos-en-el-pacifico-sur\/","url":"https:\/\/aeronoticias.com.pe\/noticiero\/internacionales\/un-volcan-submarino-en-tonga-perturba-los-vuelos-en-el-pacifico-sur\/","name":"Un volc\u00e1n submarino en Tonga perturba los vuelos en el Pac\u00edfico Sur","isPartOf":{"@id":"https:\/\/aeronoticias.com.pe\/noticiero\/#website"},"datePublished":"2015-01-13T15:55:00+00:00","author":{"@id":"https:\/\/aeronoticias.com.pe\/noticiero\/#\/schema\/person\/fc1e5d578f4b62ba1cf7ac2bba1170a0"},"description":"Portal de noticias del Per\u00fa sobre el transporte a\u00e9reo, aviaci\u00f3n, turismo, hoteleria, actualidad.","breadcrumb":{"@id":"https:\/\/aeronoticias.com.pe\/noticiero\/internacionales\/un-volcan-submarino-en-tonga-perturba-los-vuelos-en-el-pacifico-sur\/#breadcrumb"},"inLanguage":"es","potentialAction":[{"@type":"ReadAction","target":["https:\/\/aeronoticias.com.pe\/noticiero\/internacionales\/un-volcan-submarino-en-tonga-perturba-los-vuelos-en-el-pacifico-sur\/"]}]},{"@type":"BreadcrumbList","@id":"https:\/\/aeronoticias.com.pe\/noticiero\/internacionales\/un-volcan-submarino-en-tonga-perturba-los-vuelos-en-el-pacifico-sur\/#breadcrumb","itemListElement":[{"@type":"ListItem","position":1,"name":"Portada","item":"https:\/\/aeronoticias.com.pe\/noticiero\/"},{"@type":"ListItem","position":2,"name":"Un volc\u00e1n submarino en Tonga perturba los vuelos en el Pac\u00edfico Sur"}]},{"@type":"WebSite","@id":"https:\/\/aeronoticias.com.pe\/noticiero\/#website","url":"https:\/\/aeronoticias.com.pe\/noticiero\/","name":"Aeronoticias.com.pe","description":"Noticias de tranporte aereo, turismo, hoteles, gastronomia, actualidad, internacional","potentialAction":[{"@type":"SearchAction","target":{"@type":"EntryPoint","urlTemplate":"https:\/\/aeronoticias.com.pe\/noticiero\/?s={search_term_string}"},"query-input":{"@type":"PropertyValueSpecification","valueRequired":true,"valueName":"search_term_string"}}],"inLanguage":"es"},{"@type":"Person","@id":"https:\/\/aeronoticias.com.pe\/noticiero\/#\/schema\/person\/fc1e5d578f4b62ba1cf7ac2bba1170a0","name":"Redacci\u00f3n Aeronoticias","url":"https:\/\/aeronoticias.com.pe\/noticiero\/author\/piloto\/"}]}},"_links":{"self":[{"href":"https:\/\/aeronoticias.com.pe\/noticiero\/wp-json\/wp\/v2\/posts\/51151","targetHints":{"allow":["GET"]}}],"collection":[{"href":"https:\/\/aeronoticias.com.pe\/noticiero\/wp-json\/wp\/v2\/posts"}],"about":[{"href":"https:\/\/aeronoticias.com.pe\/noticiero\/wp-json\/wp\/v2\/types\/post"}],"author":[{"embeddable":true,"href":"https:\/\/aeronoticias.com.pe\/noticiero\/wp-json\/wp\/v2\/users\/1"}],"replies":[{"embeddable":true,"href":"https:\/\/aeronoticias.com.pe\/noticiero\/wp-json\/wp\/v2\/comments?post=51151"}],"version-history":[{"count":0,"href":"https:\/\/aeronoticias.com.pe\/noticiero\/wp-json\/wp\/v2\/posts\/51151\/revisions"}],"wp:attachment":[{"href":"https:\/\/aeronoticias.com.pe\/noticiero\/wp-json\/wp\/v2\/media?parent=51151"}],"wp:term":[{"taxonomy":"category","embeddable":true,"href":"https:\/\/aeronoticias.com.pe\/noticiero\/wp-json\/wp\/v2\/categories?post=51151"},{"taxonomy":"post_tag","embeddable":true,"href":"https:\/\/aeronoticias.com.pe\/noticiero\/wp-json\/wp\/v2\/tags?post=51151"}],"curies":[{"name":"wp","href":"https:\/\/api.w.org\/{rel}","templated":true}]}}