{"id":51165,"date":"2015-01-14T16:20:59","date_gmt":"2015-01-14T16:20:59","guid":{"rendered":"http:\/\/desarrollo.mcvicious.com\/aero2020\/2015\/01\/14\/real-madrid-asi-celebraron-el-balon-de-oro-de-cristiano-ronaldo-en-el-avion\/"},"modified":"2015-01-14T16:20:59","modified_gmt":"2015-01-14T16:20:59","slug":"real-madrid-asi-celebraron-el-balon-de-oro-de-cristiano-ronaldo-en-el-avion","status":"publish","type":"post","link":"https:\/\/aeronoticias.com.pe\/noticiero\/deportes\/real-madrid-asi-celebraron-el-balon-de-oro-de-cristiano-ronaldo-en-el-avion\/","title":{"rendered":"Real Madrid: as\u00ed celebraron el Bal\u00f3n de Oro de Cristiano Ronaldo en el avi\u00f3n"},"content":{"rendered":"<p style=\"text-align: justify;\"><img decoding=\"async\" src=\"images\/stories\/15\/01\/140115\/a3.jpg\" border=\"0\" \/><\/p>\n<p style=\"text-align: justify;\"><strong>(Aeronoticias).-<\/strong> Tras haber ganado el trofeo a mejor jugador del a\u00f1o, \u2018CR7\u2019 y la delegaci\u00f3n madridista celebraron durante el vuelo de regreso. Mira el video.<\/p>\n<p>  <!--more-->  <\/p>\n<p style=\"text-align: justify;\"><strong>Cristiano Ronaldo<\/strong> gan\u00f3 el Bal\u00f3n de Oro 2014 y la delegaci\u00f3n del Real Madrid que asisti\u00f3 a la gala de premiaci\u00f3n celebr\u00f3 con un brindis en el avi\u00f3n en su retorno a Madrid.<\/p>\n<p style=\"text-align: justify;\">Florentino P\u00e9rez, Carlo Ancelotti, James Rodr\u00edguez, Sergio Ramos y Cristiano Jr., el hijo de <strong>Cristiano Ronaldo<\/strong>, fueron parte de la delegaci\u00f3n madridista que brind\u00f3 durante el vuelo de regreso por los premios obtenidos esa noche: Bal\u00f3n de Oro para <strong>Cristiano Ronaldo<\/strong> y Premio Puskas para James Rodr\u00edguez.<\/p>\n<p style=\"text-align: center;\"> <object width=\"610\" height=\"409\" data=\"http:\/\/www.youtube.com\/v\/ymiHyD4qkmU? fs=1&amp;hl=en_US&amp;autoplay=0&amp; showinfo=0&amp;rel=0\" type=\"application\/x-shockwave-flash\"><param name=\"movie\" value=\"http:\/\/www.youtube.com\/v\/ymiHyD4qkmU? fs=1&amp;hl=en_US&amp;autoplay=0&amp; showinfo=0&amp;rel=0\" \/><param name=\"wmode\" value=\"transparent\" \/><\/object> <\/p>\n<p style=\"text-align: justify;\">Adem\u00e1s, en el once ideal, figuraron cinco jugadores de la Liga BBVA, de los cuales, tres son del Real Madrid: <strong>Cristiano Ronaldo<\/strong> junto con Sergio Ramos y Toni Kroos fueron los escogidos por la FIFA.<\/p>\n<p style=\"text-align: justify;\">Real Madrid vs. Atl\u00e9tico de Madrid. Tras haber perdido en el partido de ida por los octavos de final de la Copa del Rey 2-0 ante Atl\u00e9tico de Madrid, los de Carlo Ancelotti enfrentar\u00e1n a los de Diego Simeone este jueves 15 de enero a las 2:00 p.m. en el Santiago Bernab\u00e9u.<\/p>\n<p style=\"text-align: justify;\"><strong>EL DATO:<\/strong> Real Madrid enfrentar\u00e1 al Atl\u00e9tico de Madrid ma\u00f1ana a las 2:00 p.m.<\/p>\n<p style=\"text-align: justify;\">\u00a0<\/p>\n<p style=\"text-align: justify;\">Fuente: <strong><em>depor.pe<\/em><\/strong><\/p>\n<p style=\"text-align: justify;\">Foto: <strong><em>captura youtube<\/em><\/strong><\/p>\n","protected":false},"excerpt":{"rendered":"<p>(Aeronoticias).- Tras haber ganado el trofeo a mejor jugador del a\u00f1o, \u2018CR7\u2019 y la delegaci\u00f3n madridista celebraron durante el vuelo de regreso. Mira el video.<\/p>\n","protected":false},"author":1,"featured_media":0,"comment_status":"open","ping_status":"open","sticky":false,"template":"","format":"standard","meta":{"tdm_status":"","tdm_grid_status":"","footnotes":""},"categories":[40],"tags":[],"class_list":{"0":"post-51165","1":"post","2":"type-post","3":"status-publish","4":"format-standard","6":"category-deportes"},"yoast_head":"<!-- This site is optimized with the Yoast SEO plugin v25.1 - https:\/\/yoast.com\/wordpress\/plugins\/seo\/ -->\n<title>Real Madrid: as\u00ed celebraron el Bal\u00f3n de Oro de Cristiano Ronaldo en el avi\u00f3n<\/title>\n<meta name=\"description\" content=\"Portal de noticias del Per\u00fa sobre el transporte a\u00e9reo, aviaci\u00f3n, turismo, hoteleria, actualidad.\" \/>\n<meta name=\"robots\" content=\"index, follow, max-snippet:-1, max-image-preview:large, max-video-preview:-1\" \/>\n<link rel=\"canonical\" href=\"https:\/\/aeronoticias.com.pe\/noticiero\/deportes\/real-madrid-asi-celebraron-el-balon-de-oro-de-cristiano-ronaldo-en-el-avion\/\" \/>\n<meta property=\"og:locale\" content=\"es_ES\" \/>\n<meta property=\"og:type\" content=\"article\" \/>\n<meta property=\"og:title\" content=\"Real Madrid: as\u00ed celebraron el Bal\u00f3n de Oro de Cristiano Ronaldo en el avi\u00f3n\" \/>\n<meta property=\"og:description\" content=\"Portal de noticias del Per\u00fa sobre el transporte a\u00e9reo, aviaci\u00f3n, turismo, hoteleria, actualidad.\" \/>\n<meta property=\"og:url\" content=\"https:\/\/aeronoticias.com.pe\/noticiero\/deportes\/real-madrid-asi-celebraron-el-balon-de-oro-de-cristiano-ronaldo-en-el-avion\/\" \/>\n<meta property=\"og:site_name\" content=\"Aeronoticias.com.pe\" \/>\n<meta property=\"article:publisher\" content=\"https:\/\/www.facebook.com\/Aeronoticias.com.pe\/\" \/>\n<meta property=\"article:published_time\" content=\"2015-01-14T16:20:59+00:00\" \/>\n<meta name=\"author\" content=\"Redacci\u00f3n Aeronoticias\" \/>\n<meta name=\"twitter:card\" content=\"summary_large_image\" \/>\n<meta name=\"twitter:creator\" content=\"@aeronoticias\" \/>\n<meta name=\"twitter:site\" content=\"@aeronoticias\" \/>\n<meta name=\"twitter:label1\" content=\"Escrito por\" \/>\n\t<meta name=\"twitter:data1\" content=\"Redacci\u00f3n Aeronoticias\" \/>\n\t<meta name=\"twitter:label2\" content=\"Tiempo de lectura\" \/>\n\t<meta name=\"twitter:data2\" content=\"1 minuto\" \/>\n<script type=\"application\/ld+json\" class=\"yoast-schema-graph\">{\"@context\":\"https:\/\/schema.org\",\"@graph\":[{\"@type\":\"WebPage\",\"@id\":\"https:\/\/aeronoticias.com.pe\/noticiero\/deportes\/real-madrid-asi-celebraron-el-balon-de-oro-de-cristiano-ronaldo-en-el-avion\/\",\"url\":\"https:\/\/aeronoticias.com.pe\/noticiero\/deportes\/real-madrid-asi-celebraron-el-balon-de-oro-de-cristiano-ronaldo-en-el-avion\/\",\"name\":\"Real Madrid: as\u00ed celebraron el Bal\u00f3n de Oro de Cristiano Ronaldo en el avi\u00f3n\",\"isPartOf\":{\"@id\":\"https:\/\/aeronoticias.com.pe\/noticiero\/#website\"},\"datePublished\":\"2015-01-14T16:20:59+00:00\",\"author\":{\"@id\":\"https:\/\/aeronoticias.com.pe\/noticiero\/#\/schema\/person\/fc1e5d578f4b62ba1cf7ac2bba1170a0\"},\"description\":\"Portal de noticias del Per\u00fa sobre el transporte a\u00e9reo, aviaci\u00f3n, turismo, hoteleria, actualidad.\",\"breadcrumb\":{\"@id\":\"https:\/\/aeronoticias.com.pe\/noticiero\/deportes\/real-madrid-asi-celebraron-el-balon-de-oro-de-cristiano-ronaldo-en-el-avion\/#breadcrumb\"},\"inLanguage\":\"es\",\"potentialAction\":[{\"@type\":\"ReadAction\",\"target\":[\"https:\/\/aeronoticias.com.pe\/noticiero\/deportes\/real-madrid-asi-celebraron-el-balon-de-oro-de-cristiano-ronaldo-en-el-avion\/\"]}]},{\"@type\":\"BreadcrumbList\",\"@id\":\"https:\/\/aeronoticias.com.pe\/noticiero\/deportes\/real-madrid-asi-celebraron-el-balon-de-oro-de-cristiano-ronaldo-en-el-avion\/#breadcrumb\",\"itemListElement\":[{\"@type\":\"ListItem\",\"position\":1,\"name\":\"Portada\",\"item\":\"https:\/\/aeronoticias.com.pe\/noticiero\/\"},{\"@type\":\"ListItem\",\"position\":2,\"name\":\"Real Madrid: as\u00ed celebraron el Bal\u00f3n de Oro de Cristiano Ronaldo en el avi\u00f3n\"}]},{\"@type\":\"WebSite\",\"@id\":\"https:\/\/aeronoticias.com.pe\/noticiero\/#website\",\"url\":\"https:\/\/aeronoticias.com.pe\/noticiero\/\",\"name\":\"Aeronoticias.com.pe\",\"description\":\"Noticias de tranporte aereo, turismo, hoteles, gastronomia, actualidad, internacional\",\"potentialAction\":[{\"@type\":\"SearchAction\",\"target\":{\"@type\":\"EntryPoint\",\"urlTemplate\":\"https:\/\/aeronoticias.com.pe\/noticiero\/?s={search_term_string}\"},\"query-input\":{\"@type\":\"PropertyValueSpecification\",\"valueRequired\":true,\"valueName\":\"search_term_string\"}}],\"inLanguage\":\"es\"},{\"@type\":\"Person\",\"@id\":\"https:\/\/aeronoticias.com.pe\/noticiero\/#\/schema\/person\/fc1e5d578f4b62ba1cf7ac2bba1170a0\",\"name\":\"Redacci\u00f3n Aeronoticias\",\"url\":\"https:\/\/aeronoticias.com.pe\/noticiero\/author\/piloto\/\"}]}<\/script>\n<!-- \/ Yoast SEO plugin. -->","yoast_head_json":{"title":"Real Madrid: as\u00ed celebraron el Bal\u00f3n de Oro de Cristiano Ronaldo en el avi\u00f3n","description":"Portal de noticias del Per\u00fa sobre el transporte a\u00e9reo, aviaci\u00f3n, turismo, hoteleria, actualidad.","robots":{"index":"index","follow":"follow","max-snippet":"max-snippet:-1","max-image-preview":"max-image-preview:large","max-video-preview":"max-video-preview:-1"},"canonical":"https:\/\/aeronoticias.com.pe\/noticiero\/deportes\/real-madrid-asi-celebraron-el-balon-de-oro-de-cristiano-ronaldo-en-el-avion\/","og_locale":"es_ES","og_type":"article","og_title":"Real Madrid: as\u00ed celebraron el Bal\u00f3n de Oro de Cristiano Ronaldo en el avi\u00f3n","og_description":"Portal de noticias del Per\u00fa sobre el transporte a\u00e9reo, aviaci\u00f3n, turismo, hoteleria, actualidad.","og_url":"https:\/\/aeronoticias.com.pe\/noticiero\/deportes\/real-madrid-asi-celebraron-el-balon-de-oro-de-cristiano-ronaldo-en-el-avion\/","og_site_name":"Aeronoticias.com.pe","article_publisher":"https:\/\/www.facebook.com\/Aeronoticias.com.pe\/","article_published_time":"2015-01-14T16:20:59+00:00","author":"Redacci\u00f3n Aeronoticias","twitter_card":"summary_large_image","twitter_creator":"@aeronoticias","twitter_site":"@aeronoticias","twitter_misc":{"Escrito por":"Redacci\u00f3n Aeronoticias","Tiempo de lectura":"1 minuto"},"schema":{"@context":"https:\/\/schema.org","@graph":[{"@type":"WebPage","@id":"https:\/\/aeronoticias.com.pe\/noticiero\/deportes\/real-madrid-asi-celebraron-el-balon-de-oro-de-cristiano-ronaldo-en-el-avion\/","url":"https:\/\/aeronoticias.com.pe\/noticiero\/deportes\/real-madrid-asi-celebraron-el-balon-de-oro-de-cristiano-ronaldo-en-el-avion\/","name":"Real Madrid: as\u00ed celebraron el Bal\u00f3n de Oro de Cristiano Ronaldo en el avi\u00f3n","isPartOf":{"@id":"https:\/\/aeronoticias.com.pe\/noticiero\/#website"},"datePublished":"2015-01-14T16:20:59+00:00","author":{"@id":"https:\/\/aeronoticias.com.pe\/noticiero\/#\/schema\/person\/fc1e5d578f4b62ba1cf7ac2bba1170a0"},"description":"Portal de noticias del Per\u00fa sobre el transporte a\u00e9reo, aviaci\u00f3n, turismo, hoteleria, actualidad.","breadcrumb":{"@id":"https:\/\/aeronoticias.com.pe\/noticiero\/deportes\/real-madrid-asi-celebraron-el-balon-de-oro-de-cristiano-ronaldo-en-el-avion\/#breadcrumb"},"inLanguage":"es","potentialAction":[{"@type":"ReadAction","target":["https:\/\/aeronoticias.com.pe\/noticiero\/deportes\/real-madrid-asi-celebraron-el-balon-de-oro-de-cristiano-ronaldo-en-el-avion\/"]}]},{"@type":"BreadcrumbList","@id":"https:\/\/aeronoticias.com.pe\/noticiero\/deportes\/real-madrid-asi-celebraron-el-balon-de-oro-de-cristiano-ronaldo-en-el-avion\/#breadcrumb","itemListElement":[{"@type":"ListItem","position":1,"name":"Portada","item":"https:\/\/aeronoticias.com.pe\/noticiero\/"},{"@type":"ListItem","position":2,"name":"Real Madrid: as\u00ed celebraron el Bal\u00f3n de Oro de Cristiano Ronaldo en el avi\u00f3n"}]},{"@type":"WebSite","@id":"https:\/\/aeronoticias.com.pe\/noticiero\/#website","url":"https:\/\/aeronoticias.com.pe\/noticiero\/","name":"Aeronoticias.com.pe","description":"Noticias de tranporte aereo, turismo, hoteles, gastronomia, actualidad, internacional","potentialAction":[{"@type":"SearchAction","target":{"@type":"EntryPoint","urlTemplate":"https:\/\/aeronoticias.com.pe\/noticiero\/?s={search_term_string}"},"query-input":{"@type":"PropertyValueSpecification","valueRequired":true,"valueName":"search_term_string"}}],"inLanguage":"es"},{"@type":"Person","@id":"https:\/\/aeronoticias.com.pe\/noticiero\/#\/schema\/person\/fc1e5d578f4b62ba1cf7ac2bba1170a0","name":"Redacci\u00f3n Aeronoticias","url":"https:\/\/aeronoticias.com.pe\/noticiero\/author\/piloto\/"}]}},"_links":{"self":[{"href":"https:\/\/aeronoticias.com.pe\/noticiero\/wp-json\/wp\/v2\/posts\/51165","targetHints":{"allow":["GET"]}}],"collection":[{"href":"https:\/\/aeronoticias.com.pe\/noticiero\/wp-json\/wp\/v2\/posts"}],"about":[{"href":"https:\/\/aeronoticias.com.pe\/noticiero\/wp-json\/wp\/v2\/types\/post"}],"author":[{"embeddable":true,"href":"https:\/\/aeronoticias.com.pe\/noticiero\/wp-json\/wp\/v2\/users\/1"}],"replies":[{"embeddable":true,"href":"https:\/\/aeronoticias.com.pe\/noticiero\/wp-json\/wp\/v2\/comments?post=51165"}],"version-history":[{"count":0,"href":"https:\/\/aeronoticias.com.pe\/noticiero\/wp-json\/wp\/v2\/posts\/51165\/revisions"}],"wp:attachment":[{"href":"https:\/\/aeronoticias.com.pe\/noticiero\/wp-json\/wp\/v2\/media?parent=51165"}],"wp:term":[{"taxonomy":"category","embeddable":true,"href":"https:\/\/aeronoticias.com.pe\/noticiero\/wp-json\/wp\/v2\/categories?post=51165"},{"taxonomy":"post_tag","embeddable":true,"href":"https:\/\/aeronoticias.com.pe\/noticiero\/wp-json\/wp\/v2\/tags?post=51165"}],"curies":[{"name":"wp","href":"https:\/\/api.w.org\/{rel}","templated":true}]}}