{"id":51203,"date":"2015-01-16T16:55:14","date_gmt":"2015-01-16T16:55:14","guid":{"rendered":"http:\/\/desarrollo.mcvicious.com\/aero2020\/2015\/01\/16\/qno-invitar-a-putin-a-la-ceremonia-de-auschwitz-significa-olvidar-quien-lo-liberoq\/"},"modified":"2015-01-16T16:55:14","modified_gmt":"2015-01-16T16:55:14","slug":"qno-invitar-a-putin-a-la-ceremonia-de-auschwitz-significa-olvidar-quien-lo-liberoq","status":"publish","type":"post","link":"https:\/\/aeronoticias.com.pe\/noticiero\/internacionales\/qno-invitar-a-putin-a-la-ceremonia-de-auschwitz-significa-olvidar-quien-lo-liberoq\/","title":{"rendered":"\u00abNo invitar a Putin a la ceremonia de Auschwitz significa olvidar qui\u00e9n lo liber\u00f3\u00bb"},"content":{"rendered":"<p style=\"text-align: justify;\"><img decoding=\"async\" src=\"images\/stories\/15\/01\/160115\/a6.jpg\" border=\"0\" \/><\/p>\n<p style=\"text-align: justify;\"><strong>(Aeronoticias).<\/strong>&#8211; El historiador israel\u00ed Efraim Zuroff sugiere que el aniversario de la liberaci\u00f3n del campo de exterminio nazi de Auschwitz no puede celebrarse sin la presencia de Vlad\u00edmir Putin, presidente de Rusia, un pa\u00eds que realiz\u00f3 una contribuci\u00f3n decisiva a la derrota del Tercer Reich.<\/p>\n<p style=\"text-align: justify;\">  <!--more-->  \u00abEl presidente de Rusia est\u00e1 obligado a ser un invitado especialmente importante en los pr\u00f3ximos eventos en Polonia\u00bb, opina el historiador israel\u00ed Efraim Zuroff en un art\u00edculo publicado en i24news.tv. \u00abLa presencia de Putin en una ceremonia en Auschwitz debe servir como un fuerte recordatorio de qui\u00e9n liber\u00f3 en realidad el campo de exterminio, de lo que los miembros de la UE y de Europa del Este prefieren olvidarse\u00bb, asegura Zuroff, quien ha dedicado gran parte de su vida profesional a buscar testimonios hist\u00f3ricos contra los l\u00edderes nazis para que fueran juzgados.<\/p>\n<p style=\"text-align: justify;\">Zuroff sugiere que el Ej\u00e9rcito Rojo liber\u00f3 Auschwitz y puso fin a los asesinatos en masa en el campo de concentraci\u00f3n. El historiador israel\u00ed a\u00f1ade que las tropas sovi\u00e9ticas jugaron un papel crucial en la derrota final del Tercer Reich. \u00abEn otras palabras, si alguien verdaderamente merece una invitaci\u00f3n a una ceremonia conmemorativa, es Vlad\u00edmir Putin\u00bb, sentencia el historiador. El 70 aniversario de la liberaci\u00f3n de Auschwitz se celebrar\u00e1 el pr\u00f3ximo 27 de enero sin la presencia de Vlad\u00edmir Putin, que no fue invitado .<\/p>\n<p style=\"text-align: justify;\">\u00a0<\/p>\n<p style=\"text-align: justify;\">Fuente: <strong><em>RT<\/em><\/strong><\/p>\n<p style=\"text-align: justify;\">Foto: <strong><em>Reuters \/ Kacper Pempel<\/em><\/strong><\/p>\n","protected":false},"excerpt":{"rendered":"<p>(Aeronoticias).&#8211; El historiador israel\u00ed Efraim Zuroff sugiere que el aniversario de la liberaci\u00f3n del campo de exterminio nazi de Auschwitz no puede celebrarse sin la presencia de Vlad\u00edmir Putin, presidente de Rusia, un pa\u00eds que realiz\u00f3 una contribuci\u00f3n decisiva a la derrota del Tercer Reich.<\/p>\n","protected":false},"author":1,"featured_media":0,"comment_status":"open","ping_status":"open","sticky":false,"template":"","format":"standard","meta":{"tdm_status":"","tdm_grid_status":"","footnotes":""},"categories":[34],"tags":[],"class_list":{"0":"post-51203","1":"post","2":"type-post","3":"status-publish","4":"format-standard","6":"category-internacionales"},"yoast_head":"<!-- This site is optimized with the Yoast SEO plugin v25.1 - https:\/\/yoast.com\/wordpress\/plugins\/seo\/ -->\n<title>&quot;No invitar a Putin a la ceremonia de Auschwitz significa olvidar qui\u00e9n lo liber\u00f3&quot;<\/title>\n<meta name=\"description\" content=\"Portal de noticias del Per\u00fa sobre el transporte a\u00e9reo, aviaci\u00f3n, turismo, hoteleria, actualidad.\" \/>\n<meta name=\"robots\" content=\"index, follow, max-snippet:-1, max-image-preview:large, max-video-preview:-1\" \/>\n<link rel=\"canonical\" href=\"https:\/\/aeronoticias.com.pe\/noticiero\/internacionales\/qno-invitar-a-putin-a-la-ceremonia-de-auschwitz-significa-olvidar-quien-lo-liberoq\/\" \/>\n<meta property=\"og:locale\" content=\"es_ES\" \/>\n<meta property=\"og:type\" content=\"article\" \/>\n<meta property=\"og:title\" content=\"&quot;No invitar a Putin a la ceremonia de Auschwitz significa olvidar qui\u00e9n lo liber\u00f3&quot;\" \/>\n<meta property=\"og:description\" content=\"Portal de noticias del Per\u00fa sobre el transporte a\u00e9reo, aviaci\u00f3n, turismo, hoteleria, actualidad.\" \/>\n<meta property=\"og:url\" content=\"https:\/\/aeronoticias.com.pe\/noticiero\/internacionales\/qno-invitar-a-putin-a-la-ceremonia-de-auschwitz-significa-olvidar-quien-lo-liberoq\/\" \/>\n<meta property=\"og:site_name\" content=\"Aeronoticias.com.pe\" \/>\n<meta property=\"article:publisher\" content=\"https:\/\/www.facebook.com\/Aeronoticias.com.pe\/\" \/>\n<meta property=\"article:published_time\" content=\"2015-01-16T16:55:14+00:00\" \/>\n<meta name=\"author\" content=\"Redacci\u00f3n Aeronoticias\" \/>\n<meta name=\"twitter:card\" content=\"summary_large_image\" \/>\n<meta name=\"twitter:creator\" content=\"@aeronoticias\" \/>\n<meta name=\"twitter:site\" content=\"@aeronoticias\" \/>\n<meta name=\"twitter:label1\" content=\"Escrito por\" \/>\n\t<meta name=\"twitter:data1\" content=\"Redacci\u00f3n Aeronoticias\" \/>\n\t<meta name=\"twitter:label2\" content=\"Tiempo de lectura\" \/>\n\t<meta name=\"twitter:data2\" content=\"1 minuto\" \/>\n<script type=\"application\/ld+json\" class=\"yoast-schema-graph\">{\"@context\":\"https:\/\/schema.org\",\"@graph\":[{\"@type\":\"WebPage\",\"@id\":\"https:\/\/aeronoticias.com.pe\/noticiero\/internacionales\/qno-invitar-a-putin-a-la-ceremonia-de-auschwitz-significa-olvidar-quien-lo-liberoq\/\",\"url\":\"https:\/\/aeronoticias.com.pe\/noticiero\/internacionales\/qno-invitar-a-putin-a-la-ceremonia-de-auschwitz-significa-olvidar-quien-lo-liberoq\/\",\"name\":\"\\\"No invitar a Putin a la ceremonia de Auschwitz significa olvidar qui\u00e9n lo liber\u00f3\\\"\",\"isPartOf\":{\"@id\":\"https:\/\/aeronoticias.com.pe\/noticiero\/#website\"},\"datePublished\":\"2015-01-16T16:55:14+00:00\",\"author\":{\"@id\":\"https:\/\/aeronoticias.com.pe\/noticiero\/#\/schema\/person\/fc1e5d578f4b62ba1cf7ac2bba1170a0\"},\"description\":\"Portal de noticias del Per\u00fa sobre el transporte a\u00e9reo, aviaci\u00f3n, turismo, hoteleria, actualidad.\",\"breadcrumb\":{\"@id\":\"https:\/\/aeronoticias.com.pe\/noticiero\/internacionales\/qno-invitar-a-putin-a-la-ceremonia-de-auschwitz-significa-olvidar-quien-lo-liberoq\/#breadcrumb\"},\"inLanguage\":\"es\",\"potentialAction\":[{\"@type\":\"ReadAction\",\"target\":[\"https:\/\/aeronoticias.com.pe\/noticiero\/internacionales\/qno-invitar-a-putin-a-la-ceremonia-de-auschwitz-significa-olvidar-quien-lo-liberoq\/\"]}]},{\"@type\":\"BreadcrumbList\",\"@id\":\"https:\/\/aeronoticias.com.pe\/noticiero\/internacionales\/qno-invitar-a-putin-a-la-ceremonia-de-auschwitz-significa-olvidar-quien-lo-liberoq\/#breadcrumb\",\"itemListElement\":[{\"@type\":\"ListItem\",\"position\":1,\"name\":\"Portada\",\"item\":\"https:\/\/aeronoticias.com.pe\/noticiero\/\"},{\"@type\":\"ListItem\",\"position\":2,\"name\":\"\u00abNo invitar a Putin a la ceremonia de Auschwitz significa olvidar qui\u00e9n lo liber\u00f3\u00bb\"}]},{\"@type\":\"WebSite\",\"@id\":\"https:\/\/aeronoticias.com.pe\/noticiero\/#website\",\"url\":\"https:\/\/aeronoticias.com.pe\/noticiero\/\",\"name\":\"Aeronoticias.com.pe\",\"description\":\"Noticias de tranporte aereo, turismo, hoteles, gastronomia, actualidad, internacional\",\"potentialAction\":[{\"@type\":\"SearchAction\",\"target\":{\"@type\":\"EntryPoint\",\"urlTemplate\":\"https:\/\/aeronoticias.com.pe\/noticiero\/?s={search_term_string}\"},\"query-input\":{\"@type\":\"PropertyValueSpecification\",\"valueRequired\":true,\"valueName\":\"search_term_string\"}}],\"inLanguage\":\"es\"},{\"@type\":\"Person\",\"@id\":\"https:\/\/aeronoticias.com.pe\/noticiero\/#\/schema\/person\/fc1e5d578f4b62ba1cf7ac2bba1170a0\",\"name\":\"Redacci\u00f3n Aeronoticias\",\"url\":\"https:\/\/aeronoticias.com.pe\/noticiero\/author\/piloto\/\"}]}<\/script>\n<!-- \/ Yoast SEO plugin. -->","yoast_head_json":{"title":"\"No invitar a Putin a la ceremonia de Auschwitz significa olvidar qui\u00e9n lo liber\u00f3\"","description":"Portal de noticias del Per\u00fa sobre el transporte a\u00e9reo, aviaci\u00f3n, turismo, hoteleria, actualidad.","robots":{"index":"index","follow":"follow","max-snippet":"max-snippet:-1","max-image-preview":"max-image-preview:large","max-video-preview":"max-video-preview:-1"},"canonical":"https:\/\/aeronoticias.com.pe\/noticiero\/internacionales\/qno-invitar-a-putin-a-la-ceremonia-de-auschwitz-significa-olvidar-quien-lo-liberoq\/","og_locale":"es_ES","og_type":"article","og_title":"\"No invitar a Putin a la ceremonia de Auschwitz significa olvidar qui\u00e9n lo liber\u00f3\"","og_description":"Portal de noticias del Per\u00fa sobre el transporte a\u00e9reo, aviaci\u00f3n, turismo, hoteleria, actualidad.","og_url":"https:\/\/aeronoticias.com.pe\/noticiero\/internacionales\/qno-invitar-a-putin-a-la-ceremonia-de-auschwitz-significa-olvidar-quien-lo-liberoq\/","og_site_name":"Aeronoticias.com.pe","article_publisher":"https:\/\/www.facebook.com\/Aeronoticias.com.pe\/","article_published_time":"2015-01-16T16:55:14+00:00","author":"Redacci\u00f3n Aeronoticias","twitter_card":"summary_large_image","twitter_creator":"@aeronoticias","twitter_site":"@aeronoticias","twitter_misc":{"Escrito por":"Redacci\u00f3n Aeronoticias","Tiempo de lectura":"1 minuto"},"schema":{"@context":"https:\/\/schema.org","@graph":[{"@type":"WebPage","@id":"https:\/\/aeronoticias.com.pe\/noticiero\/internacionales\/qno-invitar-a-putin-a-la-ceremonia-de-auschwitz-significa-olvidar-quien-lo-liberoq\/","url":"https:\/\/aeronoticias.com.pe\/noticiero\/internacionales\/qno-invitar-a-putin-a-la-ceremonia-de-auschwitz-significa-olvidar-quien-lo-liberoq\/","name":"\"No invitar a Putin a la ceremonia de Auschwitz significa olvidar qui\u00e9n lo liber\u00f3\"","isPartOf":{"@id":"https:\/\/aeronoticias.com.pe\/noticiero\/#website"},"datePublished":"2015-01-16T16:55:14+00:00","author":{"@id":"https:\/\/aeronoticias.com.pe\/noticiero\/#\/schema\/person\/fc1e5d578f4b62ba1cf7ac2bba1170a0"},"description":"Portal de noticias del Per\u00fa sobre el transporte a\u00e9reo, aviaci\u00f3n, turismo, hoteleria, actualidad.","breadcrumb":{"@id":"https:\/\/aeronoticias.com.pe\/noticiero\/internacionales\/qno-invitar-a-putin-a-la-ceremonia-de-auschwitz-significa-olvidar-quien-lo-liberoq\/#breadcrumb"},"inLanguage":"es","potentialAction":[{"@type":"ReadAction","target":["https:\/\/aeronoticias.com.pe\/noticiero\/internacionales\/qno-invitar-a-putin-a-la-ceremonia-de-auschwitz-significa-olvidar-quien-lo-liberoq\/"]}]},{"@type":"BreadcrumbList","@id":"https:\/\/aeronoticias.com.pe\/noticiero\/internacionales\/qno-invitar-a-putin-a-la-ceremonia-de-auschwitz-significa-olvidar-quien-lo-liberoq\/#breadcrumb","itemListElement":[{"@type":"ListItem","position":1,"name":"Portada","item":"https:\/\/aeronoticias.com.pe\/noticiero\/"},{"@type":"ListItem","position":2,"name":"\u00abNo invitar a Putin a la ceremonia de Auschwitz significa olvidar qui\u00e9n lo liber\u00f3\u00bb"}]},{"@type":"WebSite","@id":"https:\/\/aeronoticias.com.pe\/noticiero\/#website","url":"https:\/\/aeronoticias.com.pe\/noticiero\/","name":"Aeronoticias.com.pe","description":"Noticias de tranporte aereo, turismo, hoteles, gastronomia, actualidad, internacional","potentialAction":[{"@type":"SearchAction","target":{"@type":"EntryPoint","urlTemplate":"https:\/\/aeronoticias.com.pe\/noticiero\/?s={search_term_string}"},"query-input":{"@type":"PropertyValueSpecification","valueRequired":true,"valueName":"search_term_string"}}],"inLanguage":"es"},{"@type":"Person","@id":"https:\/\/aeronoticias.com.pe\/noticiero\/#\/schema\/person\/fc1e5d578f4b62ba1cf7ac2bba1170a0","name":"Redacci\u00f3n Aeronoticias","url":"https:\/\/aeronoticias.com.pe\/noticiero\/author\/piloto\/"}]}},"_links":{"self":[{"href":"https:\/\/aeronoticias.com.pe\/noticiero\/wp-json\/wp\/v2\/posts\/51203","targetHints":{"allow":["GET"]}}],"collection":[{"href":"https:\/\/aeronoticias.com.pe\/noticiero\/wp-json\/wp\/v2\/posts"}],"about":[{"href":"https:\/\/aeronoticias.com.pe\/noticiero\/wp-json\/wp\/v2\/types\/post"}],"author":[{"embeddable":true,"href":"https:\/\/aeronoticias.com.pe\/noticiero\/wp-json\/wp\/v2\/users\/1"}],"replies":[{"embeddable":true,"href":"https:\/\/aeronoticias.com.pe\/noticiero\/wp-json\/wp\/v2\/comments?post=51203"}],"version-history":[{"count":0,"href":"https:\/\/aeronoticias.com.pe\/noticiero\/wp-json\/wp\/v2\/posts\/51203\/revisions"}],"wp:attachment":[{"href":"https:\/\/aeronoticias.com.pe\/noticiero\/wp-json\/wp\/v2\/media?parent=51203"}],"wp:term":[{"taxonomy":"category","embeddable":true,"href":"https:\/\/aeronoticias.com.pe\/noticiero\/wp-json\/wp\/v2\/categories?post=51203"},{"taxonomy":"post_tag","embeddable":true,"href":"https:\/\/aeronoticias.com.pe\/noticiero\/wp-json\/wp\/v2\/tags?post=51203"}],"curies":[{"name":"wp","href":"https:\/\/api.w.org\/{rel}","templated":true}]}}