{"id":51214,"date":"2015-01-17T11:01:00","date_gmt":"2015-01-17T11:01:00","guid":{"rendered":"http:\/\/desarrollo.mcvicious.com\/aero2020\/2015\/01\/17\/gana-peru-pide-investigacion-seria-y-sin-vincular-al-gobierno-en-presunto-espionaje\/"},"modified":"2015-01-17T11:01:00","modified_gmt":"2015-01-17T11:01:00","slug":"gana-peru-pide-investigacion-seria-y-sin-vincular-al-gobierno-en-presunto-espionaje","status":"publish","type":"post","link":"https:\/\/aeronoticias.com.pe\/noticiero\/politica\/gana-peru-pide-investigacion-seria-y-sin-vincular-al-gobierno-en-presunto-espionaje\/","title":{"rendered":"Gana Per\u00fa pide investigaci\u00f3n seria y sin vincular al Gobierno en presunto espionaje"},"content":{"rendered":"<p style=\"text-align: justify;\"><img decoding=\"async\" src=\"images\/stories\/15\/01\/170115\/a4.jpg\" border=\"0\" \/><\/p>\n<p style=\"text-align: justify;\"><strong>(Aeronoticias).-<\/strong> La vocera alterna de Gana Per\u00fa, Julia Teves, pidi\u00f3 hoy una investigaci\u00f3n seria y sin vincular al Ejecutivo en el posible caso de espionaje a pol\u00edticos y exfuncionarios, dado que estas no son pr\u00e1cticas que desarrolla un gobierno democr\u00e1tico.<\/p>\n<p style=\"text-align: justify;\">En declaraciones a la Agencia Andina, refiri\u00f3 que los partidos opositores vinculan permanentemente a la actual gesti\u00f3n de acciones \u00abque no son pr\u00e1cticas de un Estado democr\u00e1tico y lo hacen de manera forzosa\u00bb.<\/p>\n<p style=\"text-align: justify;\">\u00abPedimos que se haga una investigaci\u00f3n seria y responsable, sin acusar al gobierno, para conocer qui\u00e9nes est\u00e1n detr\u00e1s de estas pr\u00e1cticas, al parecer no ser\u00eda el gobierno sino la oposici\u00f3n\u00bb, afirm\u00f3.<\/p>\n<p style=\"text-align: justify;\">Teves insisti\u00f3 en que no se puede atribuir al gobierno responsabilidad sin antes pedir una investigaci\u00f3n, m\u00e1s a\u00fan cuando el Ejecutivo ha sido claro en deslindar con estos hecho y se\u00f1al\u00f3 que \u00a0no tiene \u00abpr\u00e1cticas del pasado\u00bb.<\/p>\n<p style=\"text-align: justify;\">\u00abEsta gesti\u00f3n lucha frontalmente contra problemas y lacras del pasado como son la corrupci\u00f3n, estos temas de presunto espionaje no pueden volver a repetirse\u00bb, aclar\u00f3.<\/p>\n<p style=\"text-align: justify;\">Respald\u00f3, en ese sentido, lo dicho por la titular del Gabinete Ministerial, Ana Jara Vel\u00e1squez, quien \u00a0neg\u00f3 que los servicios de inteligencia est\u00e9n relacionados con el presunto seguimiento y solicit\u00f3 una investigaci\u00f3n objetiva.<\/p>\n<p style=\"text-align: justify;\">\u00abDeben identificarse a estos personajes para digan qui\u00e9nes est\u00e1n detr\u00e1s y por qu\u00e9 manchan al gobierno con sus pr\u00e1cticas oscuras\u00bb, asegur\u00f3.<\/p>\n<p style=\"text-align: justify;\">\u00a0<\/p>\n<p style=\"text-align: justify;\">Fuente: <strong><em>Andina<\/em><\/strong><\/p>\n<p style=\"text-align: justify;\">Foto: <strong><em>Andina<\/em><\/strong><\/p>\n","protected":false},"excerpt":{"rendered":"<p>(Aeronoticias).- La vocera alterna de Gana Per\u00fa, Julia Teves, pidi\u00f3 hoy una investigaci\u00f3n seria y sin vincular al Ejecutivo en el posible caso de espionaje a pol\u00edticos y exfuncionarios, dado que estas no son pr\u00e1cticas que desarrolla un gobierno democr\u00e1tico. En declaraciones a la Agencia Andina, refiri\u00f3 que los partidos opositores vinculan permanentemente a la [&hellip;]<\/p>\n","protected":false},"author":1,"featured_media":0,"comment_status":"open","ping_status":"open","sticky":false,"template":"","format":"standard","meta":{"tdm_status":"","tdm_grid_status":"","footnotes":""},"categories":[36],"tags":[],"class_list":{"0":"post-51214","1":"post","2":"type-post","3":"status-publish","4":"format-standard","6":"category-politica"},"yoast_head":"<!-- This site is optimized with the Yoast SEO plugin v25.1 - https:\/\/yoast.com\/wordpress\/plugins\/seo\/ -->\n<title>Gana Per\u00fa pide investigaci\u00f3n seria y sin vincular al Gobierno en presunto espionaje<\/title>\n<meta name=\"description\" content=\"Portal de noticias del Per\u00fa sobre el transporte a\u00e9reo, aviaci\u00f3n, turismo, hoteleria, actualidad.\" \/>\n<meta name=\"robots\" content=\"index, follow, max-snippet:-1, max-image-preview:large, max-video-preview:-1\" \/>\n<link rel=\"canonical\" href=\"https:\/\/aeronoticias.com.pe\/noticiero\/politica\/gana-peru-pide-investigacion-seria-y-sin-vincular-al-gobierno-en-presunto-espionaje\/\" \/>\n<meta property=\"og:locale\" content=\"es_ES\" \/>\n<meta property=\"og:type\" content=\"article\" \/>\n<meta property=\"og:title\" content=\"Gana Per\u00fa pide investigaci\u00f3n seria y sin vincular al Gobierno en presunto espionaje\" \/>\n<meta property=\"og:description\" content=\"Portal de noticias del Per\u00fa sobre el transporte a\u00e9reo, aviaci\u00f3n, turismo, hoteleria, actualidad.\" \/>\n<meta property=\"og:url\" content=\"https:\/\/aeronoticias.com.pe\/noticiero\/politica\/gana-peru-pide-investigacion-seria-y-sin-vincular-al-gobierno-en-presunto-espionaje\/\" \/>\n<meta property=\"og:site_name\" content=\"Aeronoticias.com.pe\" \/>\n<meta property=\"article:publisher\" content=\"https:\/\/www.facebook.com\/Aeronoticias.com.pe\/\" \/>\n<meta property=\"article:published_time\" content=\"2015-01-17T11:01:00+00:00\" \/>\n<meta name=\"author\" content=\"Redacci\u00f3n Aeronoticias\" \/>\n<meta name=\"twitter:card\" content=\"summary_large_image\" \/>\n<meta name=\"twitter:creator\" content=\"@aeronoticias\" \/>\n<meta name=\"twitter:site\" content=\"@aeronoticias\" \/>\n<meta name=\"twitter:label1\" content=\"Escrito por\" \/>\n\t<meta name=\"twitter:data1\" content=\"Redacci\u00f3n Aeronoticias\" \/>\n\t<meta name=\"twitter:label2\" content=\"Tiempo de lectura\" \/>\n\t<meta name=\"twitter:data2\" content=\"1 minuto\" \/>\n<script type=\"application\/ld+json\" class=\"yoast-schema-graph\">{\"@context\":\"https:\/\/schema.org\",\"@graph\":[{\"@type\":\"WebPage\",\"@id\":\"https:\/\/aeronoticias.com.pe\/noticiero\/politica\/gana-peru-pide-investigacion-seria-y-sin-vincular-al-gobierno-en-presunto-espionaje\/\",\"url\":\"https:\/\/aeronoticias.com.pe\/noticiero\/politica\/gana-peru-pide-investigacion-seria-y-sin-vincular-al-gobierno-en-presunto-espionaje\/\",\"name\":\"Gana Per\u00fa pide investigaci\u00f3n seria y sin vincular al Gobierno en presunto espionaje\",\"isPartOf\":{\"@id\":\"https:\/\/aeronoticias.com.pe\/noticiero\/#website\"},\"datePublished\":\"2015-01-17T11:01:00+00:00\",\"author\":{\"@id\":\"https:\/\/aeronoticias.com.pe\/noticiero\/#\/schema\/person\/fc1e5d578f4b62ba1cf7ac2bba1170a0\"},\"description\":\"Portal de noticias del Per\u00fa sobre el transporte a\u00e9reo, aviaci\u00f3n, turismo, hoteleria, actualidad.\",\"breadcrumb\":{\"@id\":\"https:\/\/aeronoticias.com.pe\/noticiero\/politica\/gana-peru-pide-investigacion-seria-y-sin-vincular-al-gobierno-en-presunto-espionaje\/#breadcrumb\"},\"inLanguage\":\"es\",\"potentialAction\":[{\"@type\":\"ReadAction\",\"target\":[\"https:\/\/aeronoticias.com.pe\/noticiero\/politica\/gana-peru-pide-investigacion-seria-y-sin-vincular-al-gobierno-en-presunto-espionaje\/\"]}]},{\"@type\":\"BreadcrumbList\",\"@id\":\"https:\/\/aeronoticias.com.pe\/noticiero\/politica\/gana-peru-pide-investigacion-seria-y-sin-vincular-al-gobierno-en-presunto-espionaje\/#breadcrumb\",\"itemListElement\":[{\"@type\":\"ListItem\",\"position\":1,\"name\":\"Portada\",\"item\":\"https:\/\/aeronoticias.com.pe\/noticiero\/\"},{\"@type\":\"ListItem\",\"position\":2,\"name\":\"Gana Per\u00fa pide investigaci\u00f3n seria y sin vincular al Gobierno en presunto espionaje\"}]},{\"@type\":\"WebSite\",\"@id\":\"https:\/\/aeronoticias.com.pe\/noticiero\/#website\",\"url\":\"https:\/\/aeronoticias.com.pe\/noticiero\/\",\"name\":\"Aeronoticias.com.pe\",\"description\":\"Noticias de tranporte aereo, turismo, hoteles, gastronomia, actualidad, internacional\",\"potentialAction\":[{\"@type\":\"SearchAction\",\"target\":{\"@type\":\"EntryPoint\",\"urlTemplate\":\"https:\/\/aeronoticias.com.pe\/noticiero\/?s={search_term_string}\"},\"query-input\":{\"@type\":\"PropertyValueSpecification\",\"valueRequired\":true,\"valueName\":\"search_term_string\"}}],\"inLanguage\":\"es\"},{\"@type\":\"Person\",\"@id\":\"https:\/\/aeronoticias.com.pe\/noticiero\/#\/schema\/person\/fc1e5d578f4b62ba1cf7ac2bba1170a0\",\"name\":\"Redacci\u00f3n Aeronoticias\",\"url\":\"https:\/\/aeronoticias.com.pe\/noticiero\/author\/piloto\/\"}]}<\/script>\n<!-- \/ Yoast SEO plugin. -->","yoast_head_json":{"title":"Gana Per\u00fa pide investigaci\u00f3n seria y sin vincular al Gobierno en presunto espionaje","description":"Portal de noticias del Per\u00fa sobre el transporte a\u00e9reo, aviaci\u00f3n, turismo, hoteleria, actualidad.","robots":{"index":"index","follow":"follow","max-snippet":"max-snippet:-1","max-image-preview":"max-image-preview:large","max-video-preview":"max-video-preview:-1"},"canonical":"https:\/\/aeronoticias.com.pe\/noticiero\/politica\/gana-peru-pide-investigacion-seria-y-sin-vincular-al-gobierno-en-presunto-espionaje\/","og_locale":"es_ES","og_type":"article","og_title":"Gana Per\u00fa pide investigaci\u00f3n seria y sin vincular al Gobierno en presunto espionaje","og_description":"Portal de noticias del Per\u00fa sobre el transporte a\u00e9reo, aviaci\u00f3n, turismo, hoteleria, actualidad.","og_url":"https:\/\/aeronoticias.com.pe\/noticiero\/politica\/gana-peru-pide-investigacion-seria-y-sin-vincular-al-gobierno-en-presunto-espionaje\/","og_site_name":"Aeronoticias.com.pe","article_publisher":"https:\/\/www.facebook.com\/Aeronoticias.com.pe\/","article_published_time":"2015-01-17T11:01:00+00:00","author":"Redacci\u00f3n Aeronoticias","twitter_card":"summary_large_image","twitter_creator":"@aeronoticias","twitter_site":"@aeronoticias","twitter_misc":{"Escrito por":"Redacci\u00f3n Aeronoticias","Tiempo de lectura":"1 minuto"},"schema":{"@context":"https:\/\/schema.org","@graph":[{"@type":"WebPage","@id":"https:\/\/aeronoticias.com.pe\/noticiero\/politica\/gana-peru-pide-investigacion-seria-y-sin-vincular-al-gobierno-en-presunto-espionaje\/","url":"https:\/\/aeronoticias.com.pe\/noticiero\/politica\/gana-peru-pide-investigacion-seria-y-sin-vincular-al-gobierno-en-presunto-espionaje\/","name":"Gana Per\u00fa pide investigaci\u00f3n seria y sin vincular al Gobierno en presunto espionaje","isPartOf":{"@id":"https:\/\/aeronoticias.com.pe\/noticiero\/#website"},"datePublished":"2015-01-17T11:01:00+00:00","author":{"@id":"https:\/\/aeronoticias.com.pe\/noticiero\/#\/schema\/person\/fc1e5d578f4b62ba1cf7ac2bba1170a0"},"description":"Portal de noticias del Per\u00fa sobre el transporte a\u00e9reo, aviaci\u00f3n, turismo, hoteleria, actualidad.","breadcrumb":{"@id":"https:\/\/aeronoticias.com.pe\/noticiero\/politica\/gana-peru-pide-investigacion-seria-y-sin-vincular-al-gobierno-en-presunto-espionaje\/#breadcrumb"},"inLanguage":"es","potentialAction":[{"@type":"ReadAction","target":["https:\/\/aeronoticias.com.pe\/noticiero\/politica\/gana-peru-pide-investigacion-seria-y-sin-vincular-al-gobierno-en-presunto-espionaje\/"]}]},{"@type":"BreadcrumbList","@id":"https:\/\/aeronoticias.com.pe\/noticiero\/politica\/gana-peru-pide-investigacion-seria-y-sin-vincular-al-gobierno-en-presunto-espionaje\/#breadcrumb","itemListElement":[{"@type":"ListItem","position":1,"name":"Portada","item":"https:\/\/aeronoticias.com.pe\/noticiero\/"},{"@type":"ListItem","position":2,"name":"Gana Per\u00fa pide investigaci\u00f3n seria y sin vincular al Gobierno en presunto espionaje"}]},{"@type":"WebSite","@id":"https:\/\/aeronoticias.com.pe\/noticiero\/#website","url":"https:\/\/aeronoticias.com.pe\/noticiero\/","name":"Aeronoticias.com.pe","description":"Noticias de tranporte aereo, turismo, hoteles, gastronomia, actualidad, internacional","potentialAction":[{"@type":"SearchAction","target":{"@type":"EntryPoint","urlTemplate":"https:\/\/aeronoticias.com.pe\/noticiero\/?s={search_term_string}"},"query-input":{"@type":"PropertyValueSpecification","valueRequired":true,"valueName":"search_term_string"}}],"inLanguage":"es"},{"@type":"Person","@id":"https:\/\/aeronoticias.com.pe\/noticiero\/#\/schema\/person\/fc1e5d578f4b62ba1cf7ac2bba1170a0","name":"Redacci\u00f3n Aeronoticias","url":"https:\/\/aeronoticias.com.pe\/noticiero\/author\/piloto\/"}]}},"_links":{"self":[{"href":"https:\/\/aeronoticias.com.pe\/noticiero\/wp-json\/wp\/v2\/posts\/51214","targetHints":{"allow":["GET"]}}],"collection":[{"href":"https:\/\/aeronoticias.com.pe\/noticiero\/wp-json\/wp\/v2\/posts"}],"about":[{"href":"https:\/\/aeronoticias.com.pe\/noticiero\/wp-json\/wp\/v2\/types\/post"}],"author":[{"embeddable":true,"href":"https:\/\/aeronoticias.com.pe\/noticiero\/wp-json\/wp\/v2\/users\/1"}],"replies":[{"embeddable":true,"href":"https:\/\/aeronoticias.com.pe\/noticiero\/wp-json\/wp\/v2\/comments?post=51214"}],"version-history":[{"count":0,"href":"https:\/\/aeronoticias.com.pe\/noticiero\/wp-json\/wp\/v2\/posts\/51214\/revisions"}],"wp:attachment":[{"href":"https:\/\/aeronoticias.com.pe\/noticiero\/wp-json\/wp\/v2\/media?parent=51214"}],"wp:term":[{"taxonomy":"category","embeddable":true,"href":"https:\/\/aeronoticias.com.pe\/noticiero\/wp-json\/wp\/v2\/categories?post=51214"},{"taxonomy":"post_tag","embeddable":true,"href":"https:\/\/aeronoticias.com.pe\/noticiero\/wp-json\/wp\/v2\/tags?post=51214"}],"curies":[{"name":"wp","href":"https:\/\/api.w.org\/{rel}","templated":true}]}}