{"id":51256,"date":"2015-01-20T17:22:34","date_gmt":"2015-01-20T17:22:34","guid":{"rendered":"http:\/\/desarrollo.mcvicious.com\/aero2020\/2015\/01\/20\/lo-que-manifiesta-la-carta-de-cristina-fernandez-sobre-la-muerte-de-nisman\/"},"modified":"2015-01-20T17:22:34","modified_gmt":"2015-01-20T17:22:34","slug":"lo-que-manifiesta-la-carta-de-cristina-fernandez-sobre-la-muerte-de-nisman","status":"publish","type":"post","link":"https:\/\/aeronoticias.com.pe\/noticiero\/internacionales\/lo-que-manifiesta-la-carta-de-cristina-fernandez-sobre-la-muerte-de-nisman\/","title":{"rendered":"Lo que manifiesta la carta de Cristina Fern\u00e1ndez sobre la muerte de Nisman"},"content":{"rendered":"<p><img decoding=\"async\" src=\"images\/stories\/15\/01\/200115\/a8.jpg\" border=\"0\" \/><\/p>\n<p><strong>(Aeronoticias).- <\/strong><span style=\"font-size: 11.8181819915771px; line-height: 15.8079996109009px;\">A la misma hora que se hac\u00eda p\u00fablica la carta, cientos de argentinos estaban en las calles exigiendo justicia para Nisman.<\/span><\/p>\n<p>  <!--more-->  <\/p>\n<p style=\"text-align: justify;\">Bajo el t\u00edtulo \u00abAMIA. Otra vez: tragedia, confusi\u00f3n, mentira e interrogantes\u00bb, la presidenta Cristina Fern\u00e1ndez de Kirchner (CFK) public\u00f3 anoche en su p\u00e1gina de Facebook una carta en la que habla del estupor y las interrogantes que deja tras de s\u00ed un suicidio, refiri\u00e9ndose a la muerte del fiscal Alberto Nisman \u00abEn el caso del \u00bfsuicidio? Del Fiscal a cargo de la causa AMIA, Alberto Nisman, no s\u00f3lo hay estupor e interrogantes, sino que adem\u00e1s una historia demasiado larga, demasiado pesada, demasiado dura, y por sobre todas las cosas, muy s\u00f3rdida\u00bb, se\u00f1ala.<\/p>\n<p style=\"text-align: justify;\">La presidenta de Argentina no lamenta la muerte del fiscal Nisman textual ni directamente. CFK aprovech\u00f3 este espacio para hacer un descargo de los cargos que Nisman le atribuy\u00f3, y a denunciar una serie de portadas del Diario El Clar\u00edn. En el texto Fern\u00e1ndez lanza sus dudas y deja muchas preguntas abiertas sobre el caso y particularmente sobre la actitud de Nisman. Y dice:<\/p>\n<p style=\"text-align: justify;\"><em>\u00ab\u00bfQui\u00e9n fue el que orden\u00f3 volver al pa\u00eds al fiscal Nisman el d\u00eda 12 de enero, dejando inclusive a su peque\u00f1a hija sola en el aeropuerto de Barajas, interrumpiendo vacaciones familiares y licencia en el trabajo que hab\u00edan comenzado el 1\u00ba de enero y deb\u00edan finalizar m\u00e1s all\u00e1 del 20? \u00bfQui\u00e9n puede creer que alguien que ten\u00eda tan grave denuncia institucional contra la Presidenta, su Canciller, que profesa la fe jud\u00eda, o contra el secretario general de una organizaci\u00f3n juvenil que cuando ocurri\u00f3 el atentado estaba en 5\u00ba a\u00f1o del secundario, se fue de vacaciones y de repente las interrumpe y en plena feria judicial, sin avisarle al juez de la causa, presenta una denuncia de 350 fojas que evidentemente deb\u00eda tener preparadas con anterioridad? \u00bfO ser\u00e1 que alguien se las dio cuando volvi\u00f3? Que por una de esas raras casualidades es al d\u00eda siguiente de la marcha en Francia por los actos terroristas en Par\u00eds\u00bb<\/em><\/p>\n<p style=\"text-align: justify;\">La carta se hizo p\u00fablica poco despu\u00e9s de las 8 p.m., hora de Argentina.<\/p>\n<p style=\"text-align: justify;\">\u00a0<\/p>\n<p style=\"text-align: justify;\">Fuente: <strong><em>Canal N<\/em><\/strong><\/p>\n<p style=\"text-align: justify;\">Foto: <strong><em>Canal N<\/em><\/strong><\/p>\n","protected":false},"excerpt":{"rendered":"<p>(Aeronoticias).- A la misma hora que se hac\u00eda p\u00fablica la carta, cientos de argentinos estaban en las calles exigiendo justicia para Nisman.<\/p>\n","protected":false},"author":1,"featured_media":0,"comment_status":"open","ping_status":"open","sticky":false,"template":"","format":"standard","meta":{"tdm_status":"","tdm_grid_status":"","footnotes":""},"categories":[34],"tags":[],"class_list":{"0":"post-51256","1":"post","2":"type-post","3":"status-publish","4":"format-standard","6":"category-internacionales"},"yoast_head":"<!-- This site is optimized with the Yoast SEO plugin v25.1 - https:\/\/yoast.com\/wordpress\/plugins\/seo\/ -->\n<title>Lo que manifiesta la carta de Cristina Fern\u00e1ndez sobre la muerte de Nisman<\/title>\n<meta name=\"description\" content=\"Portal de noticias del Per\u00fa sobre el transporte a\u00e9reo, aviaci\u00f3n, turismo, hoteleria, actualidad.\" \/>\n<meta name=\"robots\" content=\"index, follow, max-snippet:-1, max-image-preview:large, max-video-preview:-1\" \/>\n<link rel=\"canonical\" href=\"https:\/\/aeronoticias.com.pe\/noticiero\/internacionales\/lo-que-manifiesta-la-carta-de-cristina-fernandez-sobre-la-muerte-de-nisman\/\" \/>\n<meta property=\"og:locale\" content=\"es_ES\" \/>\n<meta property=\"og:type\" content=\"article\" \/>\n<meta property=\"og:title\" content=\"Lo que manifiesta la carta de Cristina Fern\u00e1ndez sobre la muerte de Nisman\" \/>\n<meta property=\"og:description\" content=\"Portal de noticias del Per\u00fa sobre el transporte a\u00e9reo, aviaci\u00f3n, turismo, hoteleria, actualidad.\" \/>\n<meta property=\"og:url\" content=\"https:\/\/aeronoticias.com.pe\/noticiero\/internacionales\/lo-que-manifiesta-la-carta-de-cristina-fernandez-sobre-la-muerte-de-nisman\/\" \/>\n<meta property=\"og:site_name\" content=\"Aeronoticias.com.pe\" \/>\n<meta property=\"article:publisher\" content=\"https:\/\/www.facebook.com\/Aeronoticias.com.pe\/\" \/>\n<meta property=\"article:published_time\" content=\"2015-01-20T17:22:34+00:00\" \/>\n<meta name=\"author\" content=\"Redacci\u00f3n Aeronoticias\" \/>\n<meta name=\"twitter:card\" content=\"summary_large_image\" \/>\n<meta name=\"twitter:creator\" content=\"@aeronoticias\" \/>\n<meta name=\"twitter:site\" content=\"@aeronoticias\" \/>\n<meta name=\"twitter:label1\" content=\"Escrito por\" \/>\n\t<meta name=\"twitter:data1\" content=\"Redacci\u00f3n Aeronoticias\" \/>\n\t<meta name=\"twitter:label2\" content=\"Tiempo de lectura\" \/>\n\t<meta name=\"twitter:data2\" content=\"2 minutos\" \/>\n<script type=\"application\/ld+json\" class=\"yoast-schema-graph\">{\"@context\":\"https:\/\/schema.org\",\"@graph\":[{\"@type\":\"WebPage\",\"@id\":\"https:\/\/aeronoticias.com.pe\/noticiero\/internacionales\/lo-que-manifiesta-la-carta-de-cristina-fernandez-sobre-la-muerte-de-nisman\/\",\"url\":\"https:\/\/aeronoticias.com.pe\/noticiero\/internacionales\/lo-que-manifiesta-la-carta-de-cristina-fernandez-sobre-la-muerte-de-nisman\/\",\"name\":\"Lo que manifiesta la carta de Cristina Fern\u00e1ndez sobre la muerte de Nisman\",\"isPartOf\":{\"@id\":\"https:\/\/aeronoticias.com.pe\/noticiero\/#website\"},\"datePublished\":\"2015-01-20T17:22:34+00:00\",\"author\":{\"@id\":\"https:\/\/aeronoticias.com.pe\/noticiero\/#\/schema\/person\/fc1e5d578f4b62ba1cf7ac2bba1170a0\"},\"description\":\"Portal de noticias del Per\u00fa sobre el transporte a\u00e9reo, aviaci\u00f3n, turismo, hoteleria, actualidad.\",\"breadcrumb\":{\"@id\":\"https:\/\/aeronoticias.com.pe\/noticiero\/internacionales\/lo-que-manifiesta-la-carta-de-cristina-fernandez-sobre-la-muerte-de-nisman\/#breadcrumb\"},\"inLanguage\":\"es\",\"potentialAction\":[{\"@type\":\"ReadAction\",\"target\":[\"https:\/\/aeronoticias.com.pe\/noticiero\/internacionales\/lo-que-manifiesta-la-carta-de-cristina-fernandez-sobre-la-muerte-de-nisman\/\"]}]},{\"@type\":\"BreadcrumbList\",\"@id\":\"https:\/\/aeronoticias.com.pe\/noticiero\/internacionales\/lo-que-manifiesta-la-carta-de-cristina-fernandez-sobre-la-muerte-de-nisman\/#breadcrumb\",\"itemListElement\":[{\"@type\":\"ListItem\",\"position\":1,\"name\":\"Portada\",\"item\":\"https:\/\/aeronoticias.com.pe\/noticiero\/\"},{\"@type\":\"ListItem\",\"position\":2,\"name\":\"Lo que manifiesta la carta de Cristina Fern\u00e1ndez sobre la muerte de Nisman\"}]},{\"@type\":\"WebSite\",\"@id\":\"https:\/\/aeronoticias.com.pe\/noticiero\/#website\",\"url\":\"https:\/\/aeronoticias.com.pe\/noticiero\/\",\"name\":\"Aeronoticias.com.pe\",\"description\":\"Noticias de tranporte aereo, turismo, hoteles, gastronomia, actualidad, internacional\",\"potentialAction\":[{\"@type\":\"SearchAction\",\"target\":{\"@type\":\"EntryPoint\",\"urlTemplate\":\"https:\/\/aeronoticias.com.pe\/noticiero\/?s={search_term_string}\"},\"query-input\":{\"@type\":\"PropertyValueSpecification\",\"valueRequired\":true,\"valueName\":\"search_term_string\"}}],\"inLanguage\":\"es\"},{\"@type\":\"Person\",\"@id\":\"https:\/\/aeronoticias.com.pe\/noticiero\/#\/schema\/person\/fc1e5d578f4b62ba1cf7ac2bba1170a0\",\"name\":\"Redacci\u00f3n Aeronoticias\",\"url\":\"https:\/\/aeronoticias.com.pe\/noticiero\/author\/piloto\/\"}]}<\/script>\n<!-- \/ Yoast SEO plugin. -->","yoast_head_json":{"title":"Lo que manifiesta la carta de Cristina Fern\u00e1ndez sobre la muerte de Nisman","description":"Portal de noticias del Per\u00fa sobre el transporte a\u00e9reo, aviaci\u00f3n, turismo, hoteleria, actualidad.","robots":{"index":"index","follow":"follow","max-snippet":"max-snippet:-1","max-image-preview":"max-image-preview:large","max-video-preview":"max-video-preview:-1"},"canonical":"https:\/\/aeronoticias.com.pe\/noticiero\/internacionales\/lo-que-manifiesta-la-carta-de-cristina-fernandez-sobre-la-muerte-de-nisman\/","og_locale":"es_ES","og_type":"article","og_title":"Lo que manifiesta la carta de Cristina Fern\u00e1ndez sobre la muerte de Nisman","og_description":"Portal de noticias del Per\u00fa sobre el transporte a\u00e9reo, aviaci\u00f3n, turismo, hoteleria, actualidad.","og_url":"https:\/\/aeronoticias.com.pe\/noticiero\/internacionales\/lo-que-manifiesta-la-carta-de-cristina-fernandez-sobre-la-muerte-de-nisman\/","og_site_name":"Aeronoticias.com.pe","article_publisher":"https:\/\/www.facebook.com\/Aeronoticias.com.pe\/","article_published_time":"2015-01-20T17:22:34+00:00","author":"Redacci\u00f3n Aeronoticias","twitter_card":"summary_large_image","twitter_creator":"@aeronoticias","twitter_site":"@aeronoticias","twitter_misc":{"Escrito por":"Redacci\u00f3n Aeronoticias","Tiempo de lectura":"2 minutos"},"schema":{"@context":"https:\/\/schema.org","@graph":[{"@type":"WebPage","@id":"https:\/\/aeronoticias.com.pe\/noticiero\/internacionales\/lo-que-manifiesta-la-carta-de-cristina-fernandez-sobre-la-muerte-de-nisman\/","url":"https:\/\/aeronoticias.com.pe\/noticiero\/internacionales\/lo-que-manifiesta-la-carta-de-cristina-fernandez-sobre-la-muerte-de-nisman\/","name":"Lo que manifiesta la carta de Cristina Fern\u00e1ndez sobre la muerte de Nisman","isPartOf":{"@id":"https:\/\/aeronoticias.com.pe\/noticiero\/#website"},"datePublished":"2015-01-20T17:22:34+00:00","author":{"@id":"https:\/\/aeronoticias.com.pe\/noticiero\/#\/schema\/person\/fc1e5d578f4b62ba1cf7ac2bba1170a0"},"description":"Portal de noticias del Per\u00fa sobre el transporte a\u00e9reo, aviaci\u00f3n, turismo, hoteleria, actualidad.","breadcrumb":{"@id":"https:\/\/aeronoticias.com.pe\/noticiero\/internacionales\/lo-que-manifiesta-la-carta-de-cristina-fernandez-sobre-la-muerte-de-nisman\/#breadcrumb"},"inLanguage":"es","potentialAction":[{"@type":"ReadAction","target":["https:\/\/aeronoticias.com.pe\/noticiero\/internacionales\/lo-que-manifiesta-la-carta-de-cristina-fernandez-sobre-la-muerte-de-nisman\/"]}]},{"@type":"BreadcrumbList","@id":"https:\/\/aeronoticias.com.pe\/noticiero\/internacionales\/lo-que-manifiesta-la-carta-de-cristina-fernandez-sobre-la-muerte-de-nisman\/#breadcrumb","itemListElement":[{"@type":"ListItem","position":1,"name":"Portada","item":"https:\/\/aeronoticias.com.pe\/noticiero\/"},{"@type":"ListItem","position":2,"name":"Lo que manifiesta la carta de Cristina Fern\u00e1ndez sobre la muerte de Nisman"}]},{"@type":"WebSite","@id":"https:\/\/aeronoticias.com.pe\/noticiero\/#website","url":"https:\/\/aeronoticias.com.pe\/noticiero\/","name":"Aeronoticias.com.pe","description":"Noticias de tranporte aereo, turismo, hoteles, gastronomia, actualidad, internacional","potentialAction":[{"@type":"SearchAction","target":{"@type":"EntryPoint","urlTemplate":"https:\/\/aeronoticias.com.pe\/noticiero\/?s={search_term_string}"},"query-input":{"@type":"PropertyValueSpecification","valueRequired":true,"valueName":"search_term_string"}}],"inLanguage":"es"},{"@type":"Person","@id":"https:\/\/aeronoticias.com.pe\/noticiero\/#\/schema\/person\/fc1e5d578f4b62ba1cf7ac2bba1170a0","name":"Redacci\u00f3n Aeronoticias","url":"https:\/\/aeronoticias.com.pe\/noticiero\/author\/piloto\/"}]}},"_links":{"self":[{"href":"https:\/\/aeronoticias.com.pe\/noticiero\/wp-json\/wp\/v2\/posts\/51256","targetHints":{"allow":["GET"]}}],"collection":[{"href":"https:\/\/aeronoticias.com.pe\/noticiero\/wp-json\/wp\/v2\/posts"}],"about":[{"href":"https:\/\/aeronoticias.com.pe\/noticiero\/wp-json\/wp\/v2\/types\/post"}],"author":[{"embeddable":true,"href":"https:\/\/aeronoticias.com.pe\/noticiero\/wp-json\/wp\/v2\/users\/1"}],"replies":[{"embeddable":true,"href":"https:\/\/aeronoticias.com.pe\/noticiero\/wp-json\/wp\/v2\/comments?post=51256"}],"version-history":[{"count":0,"href":"https:\/\/aeronoticias.com.pe\/noticiero\/wp-json\/wp\/v2\/posts\/51256\/revisions"}],"wp:attachment":[{"href":"https:\/\/aeronoticias.com.pe\/noticiero\/wp-json\/wp\/v2\/media?parent=51256"}],"wp:term":[{"taxonomy":"category","embeddable":true,"href":"https:\/\/aeronoticias.com.pe\/noticiero\/wp-json\/wp\/v2\/categories?post=51256"},{"taxonomy":"post_tag","embeddable":true,"href":"https:\/\/aeronoticias.com.pe\/noticiero\/wp-json\/wp\/v2\/tags?post=51256"}],"curies":[{"name":"wp","href":"https:\/\/api.w.org\/{rel}","templated":true}]}}