{"id":51257,"date":"2015-01-20T17:30:41","date_gmt":"2015-01-20T17:30:41","guid":{"rendered":"http:\/\/desarrollo.mcvicious.com\/aero2020\/2015\/01\/20\/brasil-falla-del-piloto-habria-causado-la-muerte-de-eduardo-campos\/"},"modified":"2015-01-20T17:30:41","modified_gmt":"2015-01-20T17:30:41","slug":"brasil-falla-del-piloto-habria-causado-la-muerte-de-eduardo-campos","status":"publish","type":"post","link":"https:\/\/aeronoticias.com.pe\/noticiero\/internacionales\/brasil-falla-del-piloto-habria-causado-la-muerte-de-eduardo-campos\/","title":{"rendered":"Brasil: Falla del piloto habr\u00eda causado la muerte de  Eduardo Campos"},"content":{"rendered":"<p style=\"text-align: justify;\"><img decoding=\"async\" src=\"images\/stories\/15\/01\/200115\/a9.jpg\" border=\"0\" \/><\/p>\n<p style=\"text-align: justify;\"><strong>(Aeronoticias).-<\/strong> Documentos de la investigaci\u00f3n se\u00f1alan que la \u00b4falta de entrenamiento\u00b4 para pilotar ese tipo de aviones y una \u00b4secuencia de errores\u00b4 provocaron la ca\u00edda de la aeronave.<\/p>\n<p style=\"text-align: justify;\">\u00a0<\/p>\n<p>  <!--more-->  <\/p>\n<p>Una falla del piloto habr\u00eda sido la causa de la ca\u00edda del avi\u00f3n que provoc\u00f3 la muerte, el pasado 13 de agosto, del candidato presidencial brasile\u00f1o Eduardo Campos y otras seis personas, de acuerdo con las primeras investigaciones de las autoridades, public\u00f3 el diario O Estado de Sao Paulo.<\/p>\n<p>\u00a0<\/p>\n<p style=\"text-align: justify;\">Documentos de la investigaci\u00f3n adelantados por las Fuerza A\u00e9rea Brasile\u00f1a, a los que tuvo acceso el diario, se\u00f1alan que la \u00abfalta de entrenamiento\u00bb para pilotar ese tipo de aviones, un Cessna 560 XL, y una \u00absecuencia de errores\u00bb provocaron la ca\u00edda de la aeronave.<\/p>\n<p style=\"text-align: justify;\">El avi\u00f3n transportaba al exministro y exgobernador del estado nororiental de Pernambuco, a cuatro asesores y a dos tripulantes.<\/p>\n<p style=\"text-align: justify;\">Campos, en la \u00e9poca titular del Partido Socialista Brasile\u00f1o (PSB), estaba en plena campa\u00f1a presidencial y muri\u00f3 cuando el avi\u00f3n en el que viajaba de R\u00edo de Janeiro a Guaruj\u00e1, en el Litoral Paulista, tuvo que desviar su destino hacia el vecino puerto de Santos por cuestiones clim\u00e1ticas.<\/p>\n<p style=\"text-align: justify;\">El resultado oficial de las investigaciones comenzar\u00e1 a ser divulgado en febrero.<\/p>\n<p style=\"text-align: justify;\">La investigaci\u00f3n, se\u00f1al\u00f3 el peri\u00f3dico, indic\u00f3 que el piloto Marcos Martins fue obligado por la lluvia a abortar el aterrizaje inicial en Guaruj\u00e1 y desviarse hasta la vecina Santos, pero que realiz\u00f3 esa maniobra de forma brusca y sin seguir el procedimiento recomendado por el fabricante.<\/p>\n<p style=\"text-align: justify;\">Esa situaci\u00f3n, seg\u00fan las informaciones, caus\u00f3 una \u00abdesorientaci\u00f3n espacial\u00bb, que es la p\u00e9rdida de la referencia entre la aeronave y el suelo y deriv\u00f3 en el impacto contra residencias del barrio Boqueirao, en la ciudad de Santos.<\/p>\n<p style=\"text-align: justify;\">El Centro de Investigaci\u00f3n y Prevenci\u00f3n de Accidentes Aeron\u00e1uticos (Cenipa), adscrito a la Fuerza A\u00e9rea, realiz\u00f3 una evaluaci\u00f3n psicol\u00f3gica y profesional del piloto y su copiloto y tambi\u00e9n determin\u00f3 que la aeronave no present\u00f3 fallas t\u00e9cnicas, de acuerdo con O Estado.<\/p>\n<p style=\"text-align: justify;\">El informe apunt\u00f3 tambi\u00e9n que Martins nunca pas\u00f3 por el simulador de vuelo para ese tipo de aviones y en su perfil de las redes sociales, d\u00edas antes del accidente, manifest\u00f3 que se estaba sintiendo \u00abcansado\u00bb.<\/p>\n<p style=\"text-align: justify;\">Tras su muerte, Campos fue relevado en la candidatura por su compa\u00f1era como vicepresidente, la ecologista Marina Silva, quien termin\u00f3 tercera en las elecciones del 5 de octubre.<\/p>\n<p style=\"text-align: justify;\">\u00a0<\/p>\n<p style=\"text-align: justify;\">Fuente:<strong><em> RPP<\/em><\/strong><\/p>\n<p style=\"text-align: justify;\">Foto: <strong><em>EFE<\/em><\/strong><\/p>\n","protected":false},"excerpt":{"rendered":"<p>(Aeronoticias).- Documentos de la investigaci\u00f3n se\u00f1alan que la \u00b4falta de entrenamiento\u00b4 para pilotar ese tipo de aviones y una \u00b4secuencia de errores\u00b4 provocaron la ca\u00edda de la aeronave. \u00a0<\/p>\n","protected":false},"author":1,"featured_media":0,"comment_status":"open","ping_status":"open","sticky":false,"template":"","format":"standard","meta":{"tdm_status":"","tdm_grid_status":"","footnotes":""},"categories":[34],"tags":[],"class_list":{"0":"post-51257","1":"post","2":"type-post","3":"status-publish","4":"format-standard","6":"category-internacionales"},"yoast_head":"<!-- This site is optimized with the Yoast SEO plugin v25.1 - https:\/\/yoast.com\/wordpress\/plugins\/seo\/ -->\n<title>Brasil: Falla del piloto habr\u00eda causado la muerte de Eduardo Campos<\/title>\n<meta name=\"description\" content=\"Portal de noticias del Per\u00fa sobre el transporte a\u00e9reo, aviaci\u00f3n, turismo, hoteleria, actualidad.\" \/>\n<meta name=\"robots\" content=\"index, follow, max-snippet:-1, max-image-preview:large, max-video-preview:-1\" \/>\n<link rel=\"canonical\" href=\"https:\/\/aeronoticias.com.pe\/noticiero\/internacionales\/brasil-falla-del-piloto-habria-causado-la-muerte-de-eduardo-campos\/\" \/>\n<meta property=\"og:locale\" content=\"es_ES\" \/>\n<meta property=\"og:type\" content=\"article\" \/>\n<meta property=\"og:title\" content=\"Brasil: Falla del piloto habr\u00eda causado la muerte de Eduardo Campos\" \/>\n<meta property=\"og:description\" content=\"Portal de noticias del Per\u00fa sobre el transporte a\u00e9reo, aviaci\u00f3n, turismo, hoteleria, actualidad.\" \/>\n<meta property=\"og:url\" content=\"https:\/\/aeronoticias.com.pe\/noticiero\/internacionales\/brasil-falla-del-piloto-habria-causado-la-muerte-de-eduardo-campos\/\" \/>\n<meta property=\"og:site_name\" content=\"Aeronoticias.com.pe\" \/>\n<meta property=\"article:publisher\" content=\"https:\/\/www.facebook.com\/Aeronoticias.com.pe\/\" \/>\n<meta property=\"article:published_time\" content=\"2015-01-20T17:30:41+00:00\" \/>\n<meta name=\"author\" content=\"Redacci\u00f3n Aeronoticias\" \/>\n<meta name=\"twitter:card\" content=\"summary_large_image\" \/>\n<meta name=\"twitter:creator\" content=\"@aeronoticias\" \/>\n<meta name=\"twitter:site\" content=\"@aeronoticias\" \/>\n<meta name=\"twitter:label1\" content=\"Escrito por\" \/>\n\t<meta name=\"twitter:data1\" content=\"Redacci\u00f3n Aeronoticias\" \/>\n\t<meta name=\"twitter:label2\" content=\"Tiempo de lectura\" \/>\n\t<meta name=\"twitter:data2\" content=\"2 minutos\" \/>\n<script type=\"application\/ld+json\" class=\"yoast-schema-graph\">{\"@context\":\"https:\/\/schema.org\",\"@graph\":[{\"@type\":\"WebPage\",\"@id\":\"https:\/\/aeronoticias.com.pe\/noticiero\/internacionales\/brasil-falla-del-piloto-habria-causado-la-muerte-de-eduardo-campos\/\",\"url\":\"https:\/\/aeronoticias.com.pe\/noticiero\/internacionales\/brasil-falla-del-piloto-habria-causado-la-muerte-de-eduardo-campos\/\",\"name\":\"Brasil: Falla del piloto habr\u00eda causado la muerte de Eduardo Campos\",\"isPartOf\":{\"@id\":\"https:\/\/aeronoticias.com.pe\/noticiero\/#website\"},\"datePublished\":\"2015-01-20T17:30:41+00:00\",\"author\":{\"@id\":\"https:\/\/aeronoticias.com.pe\/noticiero\/#\/schema\/person\/fc1e5d578f4b62ba1cf7ac2bba1170a0\"},\"description\":\"Portal de noticias del Per\u00fa sobre el transporte a\u00e9reo, aviaci\u00f3n, turismo, hoteleria, actualidad.\",\"breadcrumb\":{\"@id\":\"https:\/\/aeronoticias.com.pe\/noticiero\/internacionales\/brasil-falla-del-piloto-habria-causado-la-muerte-de-eduardo-campos\/#breadcrumb\"},\"inLanguage\":\"es\",\"potentialAction\":[{\"@type\":\"ReadAction\",\"target\":[\"https:\/\/aeronoticias.com.pe\/noticiero\/internacionales\/brasil-falla-del-piloto-habria-causado-la-muerte-de-eduardo-campos\/\"]}]},{\"@type\":\"BreadcrumbList\",\"@id\":\"https:\/\/aeronoticias.com.pe\/noticiero\/internacionales\/brasil-falla-del-piloto-habria-causado-la-muerte-de-eduardo-campos\/#breadcrumb\",\"itemListElement\":[{\"@type\":\"ListItem\",\"position\":1,\"name\":\"Portada\",\"item\":\"https:\/\/aeronoticias.com.pe\/noticiero\/\"},{\"@type\":\"ListItem\",\"position\":2,\"name\":\"Brasil: Falla del piloto habr\u00eda causado la muerte de Eduardo Campos\"}]},{\"@type\":\"WebSite\",\"@id\":\"https:\/\/aeronoticias.com.pe\/noticiero\/#website\",\"url\":\"https:\/\/aeronoticias.com.pe\/noticiero\/\",\"name\":\"Aeronoticias.com.pe\",\"description\":\"Noticias de tranporte aereo, turismo, hoteles, gastronomia, actualidad, internacional\",\"potentialAction\":[{\"@type\":\"SearchAction\",\"target\":{\"@type\":\"EntryPoint\",\"urlTemplate\":\"https:\/\/aeronoticias.com.pe\/noticiero\/?s={search_term_string}\"},\"query-input\":{\"@type\":\"PropertyValueSpecification\",\"valueRequired\":true,\"valueName\":\"search_term_string\"}}],\"inLanguage\":\"es\"},{\"@type\":\"Person\",\"@id\":\"https:\/\/aeronoticias.com.pe\/noticiero\/#\/schema\/person\/fc1e5d578f4b62ba1cf7ac2bba1170a0\",\"name\":\"Redacci\u00f3n Aeronoticias\",\"url\":\"https:\/\/aeronoticias.com.pe\/noticiero\/author\/piloto\/\"}]}<\/script>\n<!-- \/ Yoast SEO plugin. -->","yoast_head_json":{"title":"Brasil: Falla del piloto habr\u00eda causado la muerte de Eduardo Campos","description":"Portal de noticias del Per\u00fa sobre el transporte a\u00e9reo, aviaci\u00f3n, turismo, hoteleria, actualidad.","robots":{"index":"index","follow":"follow","max-snippet":"max-snippet:-1","max-image-preview":"max-image-preview:large","max-video-preview":"max-video-preview:-1"},"canonical":"https:\/\/aeronoticias.com.pe\/noticiero\/internacionales\/brasil-falla-del-piloto-habria-causado-la-muerte-de-eduardo-campos\/","og_locale":"es_ES","og_type":"article","og_title":"Brasil: Falla del piloto habr\u00eda causado la muerte de Eduardo Campos","og_description":"Portal de noticias del Per\u00fa sobre el transporte a\u00e9reo, aviaci\u00f3n, turismo, hoteleria, actualidad.","og_url":"https:\/\/aeronoticias.com.pe\/noticiero\/internacionales\/brasil-falla-del-piloto-habria-causado-la-muerte-de-eduardo-campos\/","og_site_name":"Aeronoticias.com.pe","article_publisher":"https:\/\/www.facebook.com\/Aeronoticias.com.pe\/","article_published_time":"2015-01-20T17:30:41+00:00","author":"Redacci\u00f3n Aeronoticias","twitter_card":"summary_large_image","twitter_creator":"@aeronoticias","twitter_site":"@aeronoticias","twitter_misc":{"Escrito por":"Redacci\u00f3n Aeronoticias","Tiempo de lectura":"2 minutos"},"schema":{"@context":"https:\/\/schema.org","@graph":[{"@type":"WebPage","@id":"https:\/\/aeronoticias.com.pe\/noticiero\/internacionales\/brasil-falla-del-piloto-habria-causado-la-muerte-de-eduardo-campos\/","url":"https:\/\/aeronoticias.com.pe\/noticiero\/internacionales\/brasil-falla-del-piloto-habria-causado-la-muerte-de-eduardo-campos\/","name":"Brasil: Falla del piloto habr\u00eda causado la muerte de Eduardo Campos","isPartOf":{"@id":"https:\/\/aeronoticias.com.pe\/noticiero\/#website"},"datePublished":"2015-01-20T17:30:41+00:00","author":{"@id":"https:\/\/aeronoticias.com.pe\/noticiero\/#\/schema\/person\/fc1e5d578f4b62ba1cf7ac2bba1170a0"},"description":"Portal de noticias del Per\u00fa sobre el transporte a\u00e9reo, aviaci\u00f3n, turismo, hoteleria, actualidad.","breadcrumb":{"@id":"https:\/\/aeronoticias.com.pe\/noticiero\/internacionales\/brasil-falla-del-piloto-habria-causado-la-muerte-de-eduardo-campos\/#breadcrumb"},"inLanguage":"es","potentialAction":[{"@type":"ReadAction","target":["https:\/\/aeronoticias.com.pe\/noticiero\/internacionales\/brasil-falla-del-piloto-habria-causado-la-muerte-de-eduardo-campos\/"]}]},{"@type":"BreadcrumbList","@id":"https:\/\/aeronoticias.com.pe\/noticiero\/internacionales\/brasil-falla-del-piloto-habria-causado-la-muerte-de-eduardo-campos\/#breadcrumb","itemListElement":[{"@type":"ListItem","position":1,"name":"Portada","item":"https:\/\/aeronoticias.com.pe\/noticiero\/"},{"@type":"ListItem","position":2,"name":"Brasil: Falla del piloto habr\u00eda causado la muerte de Eduardo Campos"}]},{"@type":"WebSite","@id":"https:\/\/aeronoticias.com.pe\/noticiero\/#website","url":"https:\/\/aeronoticias.com.pe\/noticiero\/","name":"Aeronoticias.com.pe","description":"Noticias de tranporte aereo, turismo, hoteles, gastronomia, actualidad, internacional","potentialAction":[{"@type":"SearchAction","target":{"@type":"EntryPoint","urlTemplate":"https:\/\/aeronoticias.com.pe\/noticiero\/?s={search_term_string}"},"query-input":{"@type":"PropertyValueSpecification","valueRequired":true,"valueName":"search_term_string"}}],"inLanguage":"es"},{"@type":"Person","@id":"https:\/\/aeronoticias.com.pe\/noticiero\/#\/schema\/person\/fc1e5d578f4b62ba1cf7ac2bba1170a0","name":"Redacci\u00f3n Aeronoticias","url":"https:\/\/aeronoticias.com.pe\/noticiero\/author\/piloto\/"}]}},"_links":{"self":[{"href":"https:\/\/aeronoticias.com.pe\/noticiero\/wp-json\/wp\/v2\/posts\/51257","targetHints":{"allow":["GET"]}}],"collection":[{"href":"https:\/\/aeronoticias.com.pe\/noticiero\/wp-json\/wp\/v2\/posts"}],"about":[{"href":"https:\/\/aeronoticias.com.pe\/noticiero\/wp-json\/wp\/v2\/types\/post"}],"author":[{"embeddable":true,"href":"https:\/\/aeronoticias.com.pe\/noticiero\/wp-json\/wp\/v2\/users\/1"}],"replies":[{"embeddable":true,"href":"https:\/\/aeronoticias.com.pe\/noticiero\/wp-json\/wp\/v2\/comments?post=51257"}],"version-history":[{"count":0,"href":"https:\/\/aeronoticias.com.pe\/noticiero\/wp-json\/wp\/v2\/posts\/51257\/revisions"}],"wp:attachment":[{"href":"https:\/\/aeronoticias.com.pe\/noticiero\/wp-json\/wp\/v2\/media?parent=51257"}],"wp:term":[{"taxonomy":"category","embeddable":true,"href":"https:\/\/aeronoticias.com.pe\/noticiero\/wp-json\/wp\/v2\/categories?post=51257"},{"taxonomy":"post_tag","embeddable":true,"href":"https:\/\/aeronoticias.com.pe\/noticiero\/wp-json\/wp\/v2\/tags?post=51257"}],"curies":[{"name":"wp","href":"https:\/\/api.w.org\/{rel}","templated":true}]}}