{"id":51258,"date":"2015-01-20T17:47:09","date_gmt":"2015-01-20T17:47:09","guid":{"rendered":"http:\/\/desarrollo.mcvicious.com\/aero2020\/2015\/01\/20\/no-hay-evidencias-de-atentado-en-restos-del-avion-de-airasia\/"},"modified":"2015-01-20T17:47:09","modified_gmt":"2015-01-20T17:47:09","slug":"no-hay-evidencias-de-atentado-en-restos-del-avion-de-airasia","status":"publish","type":"post","link":"https:\/\/aeronoticias.com.pe\/noticiero\/transporte-aereo\/internacional\/no-hay-evidencias-de-atentado-en-restos-del-avion-de-airasia\/","title":{"rendered":"No hay evidencias de atentado en restos del avi\u00f3n de Air Asia"},"content":{"rendered":"<p><strong>(Aeronoticias) <\/strong><span style=\"text-align: justify; line-height: 1.3em;\">El investigador Andreas Hananto declar\u00f3 a la agencia Reuters que su equipo de 10 investigadores en el Comit\u00e9 Nacional de Seguridad del Transporte \u00abno encontr\u00f3 amenazas\u00bb en las grabaciones de voz de la cabina que indicaran irregularidades vinculadas a un acto de terrorismo durante el vuelo QZ8501 de AirAsia.<\/span><\/p>\n<p style=\"text-align: justify;\">El avi\u00f3n Airbus A320-200 desapareci\u00f3 de las pantallas de radar el 28 de diciembre, cuando hab\u00eda recorrido menos de la mitad de su viaje de dos horas desde Surabaya, la segunda mayor ciudad de Indonesia, a Singapur. El avi\u00f3n cay\u00f3 en el Mar de Java y no hubo sobrevivientes.<\/p>\n<p style=\"text-align: justify;\"><span style=\"line-height: 1.3em;\"><strong>Recuperan segunda caja negra de avi\u00f3n accidentado de Air Asia<\/strong><\/span><\/p>\n<p style=\"text-align: justify;\">Equipos de rescate indonesios lograron recuperar la segunda caja negra con grabaciones del vuelo de AirAsia, que cay\u00f3 al mar el 28 de diciembre. (13.01.2015)<\/p>\n<p style=\"text-align: justify;\">Recuperan cola del avi\u00f3n de AirAsia accidentado en diciembre<\/p>\n<p style=\"text-align: justify;\"><strong>Equipos tratan de confirmar si las se\u00f1ales son de cajas negras del Air Asia<\/strong><\/p>\n<p style=\"text-align: justify;\">Al ser consultado si hab\u00eda alguna evidencia a partir de las grabaciones que apunte a un acto terrorista, Hananto dijo: \u00abNo. Porque de ser as\u00ed, habr\u00eda habido una amenaza de alg\u00fan tipo\u00bb.<\/p>\n<p style=\"text-align: justify;\">\u00abEn esa situaci\u00f3n cr\u00edtica, la grabaci\u00f3n indica que el piloto estaba atareado con el manejo del avi\u00f3n\u00bb, explic\u00f3.Investigadores dijeron que oyeron la grabaci\u00f3n completa, pero que transcribieron s\u00f3lo cerca de la mitad. El equipo espera terminar de transcribir la grabaci\u00f3n esta semana, sostuvo Hananto.<\/p>\n<p style=\"text-align: justify;\">\u00abNo escuchamos ninguna voz de otras personas m\u00e1s que de los pilotos\u00bb, sostuvo Nurcahyo Utomo, otro investigador. \u00abNo o\u00edmos ning\u00fan sonido de disparos o explosiones. Por el momento, basados en eso, podemos eliminar la posibilidad de terrorismo\u00bb, agreg\u00f3. \u00abNo hay signo de actividad terrorista hasta el momento\u00bb, asegur\u00f3 el indonesio Mardjono Siswosuwarno, jefe del equipo investigador, seg\u00fan la cadena de televisi\u00f3n Channel NewsAsia.<\/p>\n<p style=\"text-align: justify;\"><strong>Sonidos de alerta<\/strong><\/p>\n<p style=\"text-align: justify;\">Utomo dijo que los investigadores pod\u00edan o\u00edr \u00abcasi todo\u00bb en la grabaci\u00f3n a partir de una de las dos \u00abcajas negras\u00bb del avi\u00f3n. La otra corresponde a la grabadora de datos de vuelo y ambas fueron recuperadas de los restos en el fondo del Mar de Java.<\/p>\n<p style=\"text-align: justify;\">Autoridades del pa\u00eds afirmaron que el mal clima probablemente jug\u00f3 un papel en el desastre.<\/p>\n<p style=\"text-align: justify;\">Seg\u00fan Hananto, la evidencia tambi\u00e9n mostr\u00f3 que era improbable que se hubiera producido una explosi\u00f3n antes de que el avi\u00f3n se estrellara, en contraposici\u00f3n con una teor\u00eda sugerida la semana pasada por un funcionario de la Agencia Nacional de B\u00fasqueda y Rescate.<\/p>\n<p style=\"text-align: justify;\">Los minutos finales del vuelo de AirAsiaestuvieron llenos de \u00absonidos de m\u00e1quinas y sonidos de alertas\u00bb que deben filtrarse para obtener una transcripci\u00f3n completa de lo que se dijo en la cabina, sostuvo Hananto, que ha sido investigador de seguridad a\u00e9rea desde 2009.<\/p>\n<p style=\"text-align: justify;\"><span style=\"line-height: 1.3em;\">Los investigadores esperan terminar un reporte preliminar sobre el desastre a comienzos de la pr\u00f3xima semana. La elaboraci\u00f3n del informe completo podr\u00eda tomar hasta un a\u00f1o.<\/span><\/p>\n<p style=\"text-align: justify;\"><strong>Fuente: http:\/\/www.dw.de\/no-hay-evidencias-de-atentado-en-restos-del-avi%C3%B3n-de-airasia\/a-18200336<\/strong><\/p>\n<p style=\"text-align: justify;\"><strong><img decoding=\"async\" src=\"images\/stories\/15\/01\/200115\/airasia1.jpg\" border=\"0\" \/><br \/><\/strong><\/p>\n","protected":false},"excerpt":{"rendered":"<p>(Aeronoticias) El investigador Andreas Hananto declar\u00f3 a la agencia Reuters que su equipo de 10 investigadores en el Comit\u00e9 Nacional de Seguridad del Transporte \u00abno encontr\u00f3 amenazas\u00bb en las grabaciones de voz de la cabina que indicaran irregularidades vinculadas a un acto de terrorismo durante el vuelo QZ8501 de AirAsia. El avi\u00f3n Airbus A320-200 desapareci\u00f3 [&hellip;]<\/p>\n","protected":false},"author":1,"featured_media":0,"comment_status":"open","ping_status":"open","sticky":false,"template":"","format":"standard","meta":{"tdm_status":"","tdm_grid_status":"","footnotes":""},"categories":[32],"tags":[],"class_list":{"0":"post-51258","1":"post","2":"type-post","3":"status-publish","4":"format-standard","6":"category-internacional"},"yoast_head":"<!-- This site is optimized with the Yoast SEO plugin v25.1 - https:\/\/yoast.com\/wordpress\/plugins\/seo\/ -->\n<title>No hay evidencias de atentado en restos del avi\u00f3n de Air Asia<\/title>\n<meta name=\"description\" content=\"Portal de noticias del Per\u00fa sobre el transporte a\u00e9reo, aviaci\u00f3n, turismo, hoteleria, actualidad.\" \/>\n<meta name=\"robots\" content=\"index, follow, max-snippet:-1, max-image-preview:large, max-video-preview:-1\" \/>\n<link rel=\"canonical\" href=\"https:\/\/aeronoticias.com.pe\/noticiero\/transporte-aereo\/internacional\/no-hay-evidencias-de-atentado-en-restos-del-avion-de-airasia\/\" \/>\n<meta property=\"og:locale\" content=\"es_ES\" \/>\n<meta property=\"og:type\" content=\"article\" \/>\n<meta property=\"og:title\" content=\"No hay evidencias de atentado en restos del avi\u00f3n de Air Asia\" \/>\n<meta property=\"og:description\" content=\"Portal de noticias del Per\u00fa sobre el transporte a\u00e9reo, aviaci\u00f3n, turismo, hoteleria, actualidad.\" \/>\n<meta property=\"og:url\" content=\"https:\/\/aeronoticias.com.pe\/noticiero\/transporte-aereo\/internacional\/no-hay-evidencias-de-atentado-en-restos-del-avion-de-airasia\/\" \/>\n<meta property=\"og:site_name\" content=\"Aeronoticias.com.pe\" \/>\n<meta property=\"article:publisher\" content=\"https:\/\/www.facebook.com\/Aeronoticias.com.pe\/\" \/>\n<meta property=\"article:published_time\" content=\"2015-01-20T17:47:09+00:00\" \/>\n<meta name=\"author\" content=\"Redacci\u00f3n Aeronoticias\" \/>\n<meta name=\"twitter:card\" content=\"summary_large_image\" \/>\n<meta name=\"twitter:creator\" content=\"@aeronoticias\" \/>\n<meta name=\"twitter:site\" content=\"@aeronoticias\" \/>\n<meta name=\"twitter:label1\" content=\"Escrito por\" \/>\n\t<meta name=\"twitter:data1\" content=\"Redacci\u00f3n Aeronoticias\" \/>\n\t<meta name=\"twitter:label2\" content=\"Tiempo de lectura\" \/>\n\t<meta name=\"twitter:data2\" content=\"3 minutos\" \/>\n<script type=\"application\/ld+json\" class=\"yoast-schema-graph\">{\"@context\":\"https:\/\/schema.org\",\"@graph\":[{\"@type\":\"WebPage\",\"@id\":\"https:\/\/aeronoticias.com.pe\/noticiero\/transporte-aereo\/internacional\/no-hay-evidencias-de-atentado-en-restos-del-avion-de-airasia\/\",\"url\":\"https:\/\/aeronoticias.com.pe\/noticiero\/transporte-aereo\/internacional\/no-hay-evidencias-de-atentado-en-restos-del-avion-de-airasia\/\",\"name\":\"No hay evidencias de atentado en restos del avi\u00f3n de Air Asia\",\"isPartOf\":{\"@id\":\"https:\/\/aeronoticias.com.pe\/noticiero\/#website\"},\"datePublished\":\"2015-01-20T17:47:09+00:00\",\"author\":{\"@id\":\"https:\/\/aeronoticias.com.pe\/noticiero\/#\/schema\/person\/fc1e5d578f4b62ba1cf7ac2bba1170a0\"},\"description\":\"Portal de noticias del Per\u00fa sobre el transporte a\u00e9reo, aviaci\u00f3n, turismo, hoteleria, actualidad.\",\"breadcrumb\":{\"@id\":\"https:\/\/aeronoticias.com.pe\/noticiero\/transporte-aereo\/internacional\/no-hay-evidencias-de-atentado-en-restos-del-avion-de-airasia\/#breadcrumb\"},\"inLanguage\":\"es\",\"potentialAction\":[{\"@type\":\"ReadAction\",\"target\":[\"https:\/\/aeronoticias.com.pe\/noticiero\/transporte-aereo\/internacional\/no-hay-evidencias-de-atentado-en-restos-del-avion-de-airasia\/\"]}]},{\"@type\":\"BreadcrumbList\",\"@id\":\"https:\/\/aeronoticias.com.pe\/noticiero\/transporte-aereo\/internacional\/no-hay-evidencias-de-atentado-en-restos-del-avion-de-airasia\/#breadcrumb\",\"itemListElement\":[{\"@type\":\"ListItem\",\"position\":1,\"name\":\"Portada\",\"item\":\"https:\/\/aeronoticias.com.pe\/noticiero\/\"},{\"@type\":\"ListItem\",\"position\":2,\"name\":\"No hay evidencias de atentado en restos del avi\u00f3n de Air Asia\"}]},{\"@type\":\"WebSite\",\"@id\":\"https:\/\/aeronoticias.com.pe\/noticiero\/#website\",\"url\":\"https:\/\/aeronoticias.com.pe\/noticiero\/\",\"name\":\"Aeronoticias.com.pe\",\"description\":\"Noticias de tranporte aereo, turismo, hoteles, gastronomia, actualidad, internacional\",\"potentialAction\":[{\"@type\":\"SearchAction\",\"target\":{\"@type\":\"EntryPoint\",\"urlTemplate\":\"https:\/\/aeronoticias.com.pe\/noticiero\/?s={search_term_string}\"},\"query-input\":{\"@type\":\"PropertyValueSpecification\",\"valueRequired\":true,\"valueName\":\"search_term_string\"}}],\"inLanguage\":\"es\"},{\"@type\":\"Person\",\"@id\":\"https:\/\/aeronoticias.com.pe\/noticiero\/#\/schema\/person\/fc1e5d578f4b62ba1cf7ac2bba1170a0\",\"name\":\"Redacci\u00f3n Aeronoticias\",\"url\":\"https:\/\/aeronoticias.com.pe\/noticiero\/author\/piloto\/\"}]}<\/script>\n<!-- \/ Yoast SEO plugin. -->","yoast_head_json":{"title":"No hay evidencias de atentado en restos del avi\u00f3n de Air Asia","description":"Portal de noticias del Per\u00fa sobre el transporte a\u00e9reo, aviaci\u00f3n, turismo, hoteleria, actualidad.","robots":{"index":"index","follow":"follow","max-snippet":"max-snippet:-1","max-image-preview":"max-image-preview:large","max-video-preview":"max-video-preview:-1"},"canonical":"https:\/\/aeronoticias.com.pe\/noticiero\/transporte-aereo\/internacional\/no-hay-evidencias-de-atentado-en-restos-del-avion-de-airasia\/","og_locale":"es_ES","og_type":"article","og_title":"No hay evidencias de atentado en restos del avi\u00f3n de Air Asia","og_description":"Portal de noticias del Per\u00fa sobre el transporte a\u00e9reo, aviaci\u00f3n, turismo, hoteleria, actualidad.","og_url":"https:\/\/aeronoticias.com.pe\/noticiero\/transporte-aereo\/internacional\/no-hay-evidencias-de-atentado-en-restos-del-avion-de-airasia\/","og_site_name":"Aeronoticias.com.pe","article_publisher":"https:\/\/www.facebook.com\/Aeronoticias.com.pe\/","article_published_time":"2015-01-20T17:47:09+00:00","author":"Redacci\u00f3n Aeronoticias","twitter_card":"summary_large_image","twitter_creator":"@aeronoticias","twitter_site":"@aeronoticias","twitter_misc":{"Escrito por":"Redacci\u00f3n Aeronoticias","Tiempo de lectura":"3 minutos"},"schema":{"@context":"https:\/\/schema.org","@graph":[{"@type":"WebPage","@id":"https:\/\/aeronoticias.com.pe\/noticiero\/transporte-aereo\/internacional\/no-hay-evidencias-de-atentado-en-restos-del-avion-de-airasia\/","url":"https:\/\/aeronoticias.com.pe\/noticiero\/transporte-aereo\/internacional\/no-hay-evidencias-de-atentado-en-restos-del-avion-de-airasia\/","name":"No hay evidencias de atentado en restos del avi\u00f3n de Air Asia","isPartOf":{"@id":"https:\/\/aeronoticias.com.pe\/noticiero\/#website"},"datePublished":"2015-01-20T17:47:09+00:00","author":{"@id":"https:\/\/aeronoticias.com.pe\/noticiero\/#\/schema\/person\/fc1e5d578f4b62ba1cf7ac2bba1170a0"},"description":"Portal de noticias del Per\u00fa sobre el transporte a\u00e9reo, aviaci\u00f3n, turismo, hoteleria, actualidad.","breadcrumb":{"@id":"https:\/\/aeronoticias.com.pe\/noticiero\/transporte-aereo\/internacional\/no-hay-evidencias-de-atentado-en-restos-del-avion-de-airasia\/#breadcrumb"},"inLanguage":"es","potentialAction":[{"@type":"ReadAction","target":["https:\/\/aeronoticias.com.pe\/noticiero\/transporte-aereo\/internacional\/no-hay-evidencias-de-atentado-en-restos-del-avion-de-airasia\/"]}]},{"@type":"BreadcrumbList","@id":"https:\/\/aeronoticias.com.pe\/noticiero\/transporte-aereo\/internacional\/no-hay-evidencias-de-atentado-en-restos-del-avion-de-airasia\/#breadcrumb","itemListElement":[{"@type":"ListItem","position":1,"name":"Portada","item":"https:\/\/aeronoticias.com.pe\/noticiero\/"},{"@type":"ListItem","position":2,"name":"No hay evidencias de atentado en restos del avi\u00f3n de Air Asia"}]},{"@type":"WebSite","@id":"https:\/\/aeronoticias.com.pe\/noticiero\/#website","url":"https:\/\/aeronoticias.com.pe\/noticiero\/","name":"Aeronoticias.com.pe","description":"Noticias de tranporte aereo, turismo, hoteles, gastronomia, actualidad, internacional","potentialAction":[{"@type":"SearchAction","target":{"@type":"EntryPoint","urlTemplate":"https:\/\/aeronoticias.com.pe\/noticiero\/?s={search_term_string}"},"query-input":{"@type":"PropertyValueSpecification","valueRequired":true,"valueName":"search_term_string"}}],"inLanguage":"es"},{"@type":"Person","@id":"https:\/\/aeronoticias.com.pe\/noticiero\/#\/schema\/person\/fc1e5d578f4b62ba1cf7ac2bba1170a0","name":"Redacci\u00f3n Aeronoticias","url":"https:\/\/aeronoticias.com.pe\/noticiero\/author\/piloto\/"}]}},"_links":{"self":[{"href":"https:\/\/aeronoticias.com.pe\/noticiero\/wp-json\/wp\/v2\/posts\/51258","targetHints":{"allow":["GET"]}}],"collection":[{"href":"https:\/\/aeronoticias.com.pe\/noticiero\/wp-json\/wp\/v2\/posts"}],"about":[{"href":"https:\/\/aeronoticias.com.pe\/noticiero\/wp-json\/wp\/v2\/types\/post"}],"author":[{"embeddable":true,"href":"https:\/\/aeronoticias.com.pe\/noticiero\/wp-json\/wp\/v2\/users\/1"}],"replies":[{"embeddable":true,"href":"https:\/\/aeronoticias.com.pe\/noticiero\/wp-json\/wp\/v2\/comments?post=51258"}],"version-history":[{"count":0,"href":"https:\/\/aeronoticias.com.pe\/noticiero\/wp-json\/wp\/v2\/posts\/51258\/revisions"}],"wp:attachment":[{"href":"https:\/\/aeronoticias.com.pe\/noticiero\/wp-json\/wp\/v2\/media?parent=51258"}],"wp:term":[{"taxonomy":"category","embeddable":true,"href":"https:\/\/aeronoticias.com.pe\/noticiero\/wp-json\/wp\/v2\/categories?post=51258"},{"taxonomy":"post_tag","embeddable":true,"href":"https:\/\/aeronoticias.com.pe\/noticiero\/wp-json\/wp\/v2\/tags?post=51258"}],"curies":[{"name":"wp","href":"https:\/\/api.w.org\/{rel}","templated":true}]}}