{"id":51330,"date":"2015-01-25T11:00:00","date_gmt":"2015-01-25T11:00:00","guid":{"rendered":"http:\/\/desarrollo.mcvicious.com\/aero2020\/2015\/01\/25\/mandatario-peru-fortalecera-su-relacion-con-la-comunidad-internacional\/"},"modified":"2015-01-25T11:00:00","modified_gmt":"2015-01-25T11:00:00","slug":"mandatario-peru-fortalecera-su-relacion-con-la-comunidad-internacional","status":"publish","type":"post","link":"https:\/\/aeronoticias.com.pe\/noticiero\/politica\/mandatario-peru-fortalecera-su-relacion-con-la-comunidad-internacional\/","title":{"rendered":"Mandatario: Per\u00fa fortalecer\u00e1 su relaci\u00f3n con la comunidad internacional"},"content":{"rendered":"<p style=\"text-align: justify;\"><img decoding=\"async\" src=\"images\/stories\/15\/01\/250115\/a4.jpg\" border=\"0\" \/><\/p>\n<p style=\"text-align: justify;\"><strong>(Aeronoticias).-<\/strong> El Per\u00fa tiene una participaci\u00f3n activa en el contexto mundial y fortalecer\u00e1 sus relaciones y alianzas con la comunidad internacional, afirm\u00f3 hoy el Jefe del Estado, Ollanta Humala, al destacar que Lima ha sido y seguir\u00e1 siendo sede de importantes encuentros mundiales.<\/p>\n<p style=\"text-align: justify;\">  <!--more-->  Resalt\u00f3 que el Per\u00fa, por ejemplo, ha sido escenario de diversas citas mundiales como la reciente conferencia internacional sobre cambio clim\u00e1tico (COP20), la XV Reuni\u00f3n de la Orgsnizaci\u00f3n de las Naciones Unidas para el Desarrollo Industrial (Onudi) y la cumbre anual de la Cepal, celebrados en Lima en el 2014.<\/p>\n<p style=\"text-align: justify;\">Desde Palacio de Gobierno, donde recibi\u00f3 el saludo anual del Cuerpo Diplom\u00e1tico acreditado en el Per\u00fa, el Mandatario agreg\u00f3 que este a\u00f1o el pa\u00eds tambi\u00e9n ser\u00e1 escenario de la junta anual del Fondo Monetario Internacional (FMI) y el Banco Mundial, y en el 2016 del foro APEC.<\/p>\n<p style=\"text-align: justify;\">\u201cY en el 2019 tenemos la responsabilidad de organizar los Juegos Panamericanos. Es decir, asumimos compromisos internacionales que vamos a mantener y vamos a hacerlos de la mejor manera (\u2026). Este a\u00f1o tambi\u00e9n el Per\u00fa participar\u00e1 en la COP21, en Par\u00eds\u201d, agreg\u00f3.<\/p>\n<p style=\"text-align: justify;\">Para el Presidente, entre los aspectos que tambi\u00e9n han contribuido a fortalecer la relaci\u00f3n entre el Per\u00fa y la comunidad mundial figuran los viajes y las visitas oficiales que ha efectuado a distintos pa\u00edses del orbe; as\u00ed como la activa intervenci\u00f3n nacional en espacios multilaterales y de cooperaci\u00f3n como la Uni\u00f3n de Naciones Suramericanas (Unasur) y la Alianza del Pac\u00edfico.<\/p>\n<p style=\"text-align: justify;\">\u201cEste a\u00f1o seguiremos fortaleciendo nuestra pol\u00edtica de integrarnos y participar de manera activa en la comunidad internacional y en las diferentes organizaciones\u201d, apunt\u00f3 Humala Tasso durante la referida ceremonia, celebrada en el Sal\u00f3n Dorado de la Casa de Gobierno.<\/p>\n<p style=\"text-align: justify;\">Subray\u00f3, tambi\u00e9n, que dentro de las pol\u00edticas nacionales se encuentra el fortalecimiento de la institucionalidad del pa\u00eds, que permita promover una mayor confianza para las inversiones y robustecer la relaci\u00f3n de amistad, cooperaci\u00f3n y entendimiento con otros pa\u00edses.<\/p>\n<p style=\"text-align: justify;\">\u201cApreciaremos mucho el trabajo que hagan ustedes (Cuerpo Diplom\u00e1tico) en pos de fortalecer las relaciones del Per\u00fa con la comunidad internacional\u201d, manifest\u00f3.<\/p>\n<p style=\"text-align: justify;\">Ante los representantes de las embajadas extranjeras y organismos internacionales, Humala Tasso tambi\u00e9n puso en relieve que su gobierno sigue avanzando en el cumplimiento de las diferentes metas y objetivos relativos a la inclusi\u00f3n social y el combate a la pobreza y la desigualdad.<\/p>\n<p style=\"text-align: justify;\">\u201cEn ese sentido, agradezco a toda la comunidad internacional que, de una manera u otra, ha acompa\u00f1ado al Per\u00fa en esta lucha porque, al final de cuentas, la lucha contra la pobreza, contra la desigualdad, es universal\u201d, se\u00f1al\u00f3, acompa\u00f1ado por el canciller Gonzalo Guti\u00e9rrez.<\/p>\n<p style=\"text-align: justify;\">Asimismo, aprovech\u00f3 la ocasi\u00f3n para destacar el avance del Per\u00fa en cuanto al desarrollo de infraestructura en \u00e1reas como la educaci\u00f3n y la salud, as\u00ed como en lo referido a carreteras, puertos y aeropuertos, con inversi\u00f3n p\u00fablica y tambi\u00e9n privada.<\/p>\n<p style=\"text-align: justify;\">\u00a0<\/p>\n<p style=\"text-align: justify;\">Fuente: <strong><em>Andina<\/em><\/strong><\/p>\n<p style=\"text-align: justify;\">Foto: <strong><em>Andina<\/em><\/strong><\/p>\n","protected":false},"excerpt":{"rendered":"<p>(Aeronoticias).- El Per\u00fa tiene una participaci\u00f3n activa en el contexto mundial y fortalecer\u00e1 sus relaciones y alianzas con la comunidad internacional, afirm\u00f3 hoy el Jefe del Estado, Ollanta Humala, al destacar que Lima ha sido y seguir\u00e1 siendo sede de importantes encuentros mundiales.<\/p>\n","protected":false},"author":1,"featured_media":0,"comment_status":"open","ping_status":"open","sticky":false,"template":"","format":"standard","meta":{"tdm_status":"","tdm_grid_status":"","footnotes":""},"categories":[36],"tags":[],"class_list":{"0":"post-51330","1":"post","2":"type-post","3":"status-publish","4":"format-standard","6":"category-politica"},"yoast_head":"<!-- This site is optimized with the Yoast SEO plugin v25.1 - https:\/\/yoast.com\/wordpress\/plugins\/seo\/ -->\n<title>Mandatario: Per\u00fa fortalecer\u00e1 su relaci\u00f3n con la comunidad internacional<\/title>\n<meta name=\"description\" content=\"Portal de noticias del Per\u00fa sobre el transporte a\u00e9reo, aviaci\u00f3n, turismo, hoteleria, actualidad.\" \/>\n<meta name=\"robots\" content=\"index, follow, max-snippet:-1, max-image-preview:large, max-video-preview:-1\" \/>\n<link rel=\"canonical\" href=\"https:\/\/aeronoticias.com.pe\/noticiero\/politica\/mandatario-peru-fortalecera-su-relacion-con-la-comunidad-internacional\/\" \/>\n<meta property=\"og:locale\" content=\"es_ES\" \/>\n<meta property=\"og:type\" content=\"article\" \/>\n<meta property=\"og:title\" content=\"Mandatario: Per\u00fa fortalecer\u00e1 su relaci\u00f3n con la comunidad internacional\" \/>\n<meta property=\"og:description\" content=\"Portal de noticias del Per\u00fa sobre el transporte a\u00e9reo, aviaci\u00f3n, turismo, hoteleria, actualidad.\" \/>\n<meta property=\"og:url\" content=\"https:\/\/aeronoticias.com.pe\/noticiero\/politica\/mandatario-peru-fortalecera-su-relacion-con-la-comunidad-internacional\/\" \/>\n<meta property=\"og:site_name\" content=\"Aeronoticias.com.pe\" \/>\n<meta property=\"article:publisher\" content=\"https:\/\/www.facebook.com\/Aeronoticias.com.pe\/\" \/>\n<meta property=\"article:published_time\" content=\"2015-01-25T11:00:00+00:00\" \/>\n<meta name=\"author\" content=\"Redacci\u00f3n Aeronoticias\" \/>\n<meta name=\"twitter:card\" content=\"summary_large_image\" \/>\n<meta name=\"twitter:creator\" content=\"@aeronoticias\" \/>\n<meta name=\"twitter:site\" content=\"@aeronoticias\" \/>\n<meta name=\"twitter:label1\" content=\"Escrito por\" \/>\n\t<meta name=\"twitter:data1\" content=\"Redacci\u00f3n Aeronoticias\" \/>\n\t<meta name=\"twitter:label2\" content=\"Tiempo de lectura\" \/>\n\t<meta name=\"twitter:data2\" content=\"3 minutos\" \/>\n<script type=\"application\/ld+json\" class=\"yoast-schema-graph\">{\"@context\":\"https:\/\/schema.org\",\"@graph\":[{\"@type\":\"WebPage\",\"@id\":\"https:\/\/aeronoticias.com.pe\/noticiero\/politica\/mandatario-peru-fortalecera-su-relacion-con-la-comunidad-internacional\/\",\"url\":\"https:\/\/aeronoticias.com.pe\/noticiero\/politica\/mandatario-peru-fortalecera-su-relacion-con-la-comunidad-internacional\/\",\"name\":\"Mandatario: Per\u00fa fortalecer\u00e1 su relaci\u00f3n con la comunidad internacional\",\"isPartOf\":{\"@id\":\"https:\/\/aeronoticias.com.pe\/noticiero\/#website\"},\"datePublished\":\"2015-01-25T11:00:00+00:00\",\"author\":{\"@id\":\"https:\/\/aeronoticias.com.pe\/noticiero\/#\/schema\/person\/fc1e5d578f4b62ba1cf7ac2bba1170a0\"},\"description\":\"Portal de noticias del Per\u00fa sobre el transporte a\u00e9reo, aviaci\u00f3n, turismo, hoteleria, actualidad.\",\"breadcrumb\":{\"@id\":\"https:\/\/aeronoticias.com.pe\/noticiero\/politica\/mandatario-peru-fortalecera-su-relacion-con-la-comunidad-internacional\/#breadcrumb\"},\"inLanguage\":\"es\",\"potentialAction\":[{\"@type\":\"ReadAction\",\"target\":[\"https:\/\/aeronoticias.com.pe\/noticiero\/politica\/mandatario-peru-fortalecera-su-relacion-con-la-comunidad-internacional\/\"]}]},{\"@type\":\"BreadcrumbList\",\"@id\":\"https:\/\/aeronoticias.com.pe\/noticiero\/politica\/mandatario-peru-fortalecera-su-relacion-con-la-comunidad-internacional\/#breadcrumb\",\"itemListElement\":[{\"@type\":\"ListItem\",\"position\":1,\"name\":\"Portada\",\"item\":\"https:\/\/aeronoticias.com.pe\/noticiero\/\"},{\"@type\":\"ListItem\",\"position\":2,\"name\":\"Mandatario: Per\u00fa fortalecer\u00e1 su relaci\u00f3n con la comunidad internacional\"}]},{\"@type\":\"WebSite\",\"@id\":\"https:\/\/aeronoticias.com.pe\/noticiero\/#website\",\"url\":\"https:\/\/aeronoticias.com.pe\/noticiero\/\",\"name\":\"Aeronoticias.com.pe\",\"description\":\"Noticias de tranporte aereo, turismo, hoteles, gastronomia, actualidad, internacional\",\"potentialAction\":[{\"@type\":\"SearchAction\",\"target\":{\"@type\":\"EntryPoint\",\"urlTemplate\":\"https:\/\/aeronoticias.com.pe\/noticiero\/?s={search_term_string}\"},\"query-input\":{\"@type\":\"PropertyValueSpecification\",\"valueRequired\":true,\"valueName\":\"search_term_string\"}}],\"inLanguage\":\"es\"},{\"@type\":\"Person\",\"@id\":\"https:\/\/aeronoticias.com.pe\/noticiero\/#\/schema\/person\/fc1e5d578f4b62ba1cf7ac2bba1170a0\",\"name\":\"Redacci\u00f3n Aeronoticias\",\"url\":\"https:\/\/aeronoticias.com.pe\/noticiero\/author\/piloto\/\"}]}<\/script>\n<!-- \/ Yoast SEO plugin. -->","yoast_head_json":{"title":"Mandatario: Per\u00fa fortalecer\u00e1 su relaci\u00f3n con la comunidad internacional","description":"Portal de noticias del Per\u00fa sobre el transporte a\u00e9reo, aviaci\u00f3n, turismo, hoteleria, actualidad.","robots":{"index":"index","follow":"follow","max-snippet":"max-snippet:-1","max-image-preview":"max-image-preview:large","max-video-preview":"max-video-preview:-1"},"canonical":"https:\/\/aeronoticias.com.pe\/noticiero\/politica\/mandatario-peru-fortalecera-su-relacion-con-la-comunidad-internacional\/","og_locale":"es_ES","og_type":"article","og_title":"Mandatario: Per\u00fa fortalecer\u00e1 su relaci\u00f3n con la comunidad internacional","og_description":"Portal de noticias del Per\u00fa sobre el transporte a\u00e9reo, aviaci\u00f3n, turismo, hoteleria, actualidad.","og_url":"https:\/\/aeronoticias.com.pe\/noticiero\/politica\/mandatario-peru-fortalecera-su-relacion-con-la-comunidad-internacional\/","og_site_name":"Aeronoticias.com.pe","article_publisher":"https:\/\/www.facebook.com\/Aeronoticias.com.pe\/","article_published_time":"2015-01-25T11:00:00+00:00","author":"Redacci\u00f3n Aeronoticias","twitter_card":"summary_large_image","twitter_creator":"@aeronoticias","twitter_site":"@aeronoticias","twitter_misc":{"Escrito por":"Redacci\u00f3n Aeronoticias","Tiempo de lectura":"3 minutos"},"schema":{"@context":"https:\/\/schema.org","@graph":[{"@type":"WebPage","@id":"https:\/\/aeronoticias.com.pe\/noticiero\/politica\/mandatario-peru-fortalecera-su-relacion-con-la-comunidad-internacional\/","url":"https:\/\/aeronoticias.com.pe\/noticiero\/politica\/mandatario-peru-fortalecera-su-relacion-con-la-comunidad-internacional\/","name":"Mandatario: Per\u00fa fortalecer\u00e1 su relaci\u00f3n con la comunidad internacional","isPartOf":{"@id":"https:\/\/aeronoticias.com.pe\/noticiero\/#website"},"datePublished":"2015-01-25T11:00:00+00:00","author":{"@id":"https:\/\/aeronoticias.com.pe\/noticiero\/#\/schema\/person\/fc1e5d578f4b62ba1cf7ac2bba1170a0"},"description":"Portal de noticias del Per\u00fa sobre el transporte a\u00e9reo, aviaci\u00f3n, turismo, hoteleria, actualidad.","breadcrumb":{"@id":"https:\/\/aeronoticias.com.pe\/noticiero\/politica\/mandatario-peru-fortalecera-su-relacion-con-la-comunidad-internacional\/#breadcrumb"},"inLanguage":"es","potentialAction":[{"@type":"ReadAction","target":["https:\/\/aeronoticias.com.pe\/noticiero\/politica\/mandatario-peru-fortalecera-su-relacion-con-la-comunidad-internacional\/"]}]},{"@type":"BreadcrumbList","@id":"https:\/\/aeronoticias.com.pe\/noticiero\/politica\/mandatario-peru-fortalecera-su-relacion-con-la-comunidad-internacional\/#breadcrumb","itemListElement":[{"@type":"ListItem","position":1,"name":"Portada","item":"https:\/\/aeronoticias.com.pe\/noticiero\/"},{"@type":"ListItem","position":2,"name":"Mandatario: Per\u00fa fortalecer\u00e1 su relaci\u00f3n con la comunidad internacional"}]},{"@type":"WebSite","@id":"https:\/\/aeronoticias.com.pe\/noticiero\/#website","url":"https:\/\/aeronoticias.com.pe\/noticiero\/","name":"Aeronoticias.com.pe","description":"Noticias de tranporte aereo, turismo, hoteles, gastronomia, actualidad, internacional","potentialAction":[{"@type":"SearchAction","target":{"@type":"EntryPoint","urlTemplate":"https:\/\/aeronoticias.com.pe\/noticiero\/?s={search_term_string}"},"query-input":{"@type":"PropertyValueSpecification","valueRequired":true,"valueName":"search_term_string"}}],"inLanguage":"es"},{"@type":"Person","@id":"https:\/\/aeronoticias.com.pe\/noticiero\/#\/schema\/person\/fc1e5d578f4b62ba1cf7ac2bba1170a0","name":"Redacci\u00f3n Aeronoticias","url":"https:\/\/aeronoticias.com.pe\/noticiero\/author\/piloto\/"}]}},"_links":{"self":[{"href":"https:\/\/aeronoticias.com.pe\/noticiero\/wp-json\/wp\/v2\/posts\/51330","targetHints":{"allow":["GET"]}}],"collection":[{"href":"https:\/\/aeronoticias.com.pe\/noticiero\/wp-json\/wp\/v2\/posts"}],"about":[{"href":"https:\/\/aeronoticias.com.pe\/noticiero\/wp-json\/wp\/v2\/types\/post"}],"author":[{"embeddable":true,"href":"https:\/\/aeronoticias.com.pe\/noticiero\/wp-json\/wp\/v2\/users\/1"}],"replies":[{"embeddable":true,"href":"https:\/\/aeronoticias.com.pe\/noticiero\/wp-json\/wp\/v2\/comments?post=51330"}],"version-history":[{"count":0,"href":"https:\/\/aeronoticias.com.pe\/noticiero\/wp-json\/wp\/v2\/posts\/51330\/revisions"}],"wp:attachment":[{"href":"https:\/\/aeronoticias.com.pe\/noticiero\/wp-json\/wp\/v2\/media?parent=51330"}],"wp:term":[{"taxonomy":"category","embeddable":true,"href":"https:\/\/aeronoticias.com.pe\/noticiero\/wp-json\/wp\/v2\/categories?post=51330"},{"taxonomy":"post_tag","embeddable":true,"href":"https:\/\/aeronoticias.com.pe\/noticiero\/wp-json\/wp\/v2\/tags?post=51330"}],"curies":[{"name":"wp","href":"https:\/\/api.w.org\/{rel}","templated":true}]}}