{"id":51376,"date":"2015-01-28T14:45:32","date_gmt":"2015-01-28T14:45:32","guid":{"rendered":"http:\/\/desarrollo.mcvicious.com\/aero2020\/2015\/01\/28\/sunass-lanza-campana-para-evitar-el-derroche-del-agua-en-carnavales\/"},"modified":"2015-01-28T14:45:32","modified_gmt":"2015-01-28T14:45:32","slug":"sunass-lanza-campana-para-evitar-el-derroche-del-agua-en-carnavales","status":"publish","type":"post","link":"https:\/\/aeronoticias.com.pe\/noticiero\/nacionales\/sunass-lanza-campana-para-evitar-el-derroche-del-agua-en-carnavales\/","title":{"rendered":"SUNASS lanza campa\u00f1a para evitar el derroche del agua en carnavales"},"content":{"rendered":"<p style=\"text-align: justify;\"><img decoding=\"async\" src=\"images\/stories\/15\/01\/280115\/a1.jpg\" border=\"0\" \/><\/p>\n<p style=\"text-align: justify;\"><strong>(Aeronoticias).- <\/strong>Un poblador en Lima consume hasta 250 litros de agua potable, cinco veces m\u00e1s de lo necesario.<\/p>\n<p style=\"text-align: justify;\">La Superintendencia Nacional de Servicios de Saneamiento (SUNASS) reinici\u00f3 su campa\u00f1a AHORREMOS AGUA, ES VIDA! con el fin de sensibilizar a la poblaci\u00f3n sobre la urgente necesidad de cambiar h\u00e1bitos de consumo y evitar el derroche del agua potable, en especial en los meses de verano.<\/p>\n<p style=\"text-align: justify;\">De acuerdo a los niveles hist\u00f3ricos de consumo, un poblador de Lima consume hasta cinco veces m\u00e1s agua potable de lo que realmente necesita.<\/p>\n<p style=\"text-align: justify;\">En efecto, seg\u00fan la Organizaci\u00f3n Mundial de la Salud (OMS) considera que la cantidad adecuada de agua para consumo humano (beber, cocinar, higiene personal y limpieza del hogar) es de 50 litros por habitante al d\u00eda. Sin embargo, en Lima el consumo de una persona alcanza hasta los 250 litros. Cinco veces m\u00e1s de lo necesario, seg\u00fan la OMS.<\/p>\n<p style=\"text-align: justify;\">Ello se agrava a\u00fan m\u00e1s en \u00e9poca de verano y carnavales. El uso indiscriminado de agua potable mediante el llenado de piscinas callejeras, es un mal h\u00e1bito que se debe de erradicar.<\/p>\n<p style=\"text-align: justify;\">S\u00f3lo en el Callao, en el verano pasado, se detectaron m\u00e1s de 500 piscinas callejeras, en las que se usaron por lo menos 3 millones 500 mil litros de agua potable, que hubieran servido para distribuirlas a m\u00e1s de 70 mil personas.<\/p>\n<p style=\"text-align: justify;\">En Lima, m\u00e1s de 700 mil personas no cuentan con una conexi\u00f3n domiciliaria de agua potable y a nivel nacional, en la parte urbana, se encuentran en situaci\u00f3n similar m\u00e1s de 2.7 millones.<\/p>\n<p style=\"text-align: justify;\"><strong>SAB\u00cdAS QUE\u2026?<\/strong><\/p>\n<p style=\"text-align: justify;\">\n<ul>\n<li><span style=\"font-size: 12.1599998474121px; line-height: 1.3em;\">Seg\u00fan la UNESCO actualmente se consume al a\u00f1o el 54% del agua dulce disponible. A mediados del siglo XXI la poblaci\u00f3n mundial alcanzar\u00e1 los 12 mil millones de habitantes, la demanda se habr\u00e1 duplicado y las reservas h\u00eddricas de nuestro planeta llegar\u00e1n a su tope.<\/span><\/li>\n<li><span style=\"font-size: 12.1599998474121px; line-height: 1.3em;\">Seg\u00fan la OMS, m\u00e1s de 1,200 millones de personas consumen agua sin garant\u00edas sanitarias, lo que provoca entre 20,000 y 30,000 muertes diarias y gran cantidad de enfermedades.<\/span><\/li>\n<\/ul>\n<p style=\"text-align: justify;\">La funci\u00f3n de la Sunass, el regulador del agua potable, es normar, regular, supervisar y fiscalizar a las empresas de saneamiento a nivel nacional, resolviendo los reclamos en segunda instancia administrativa.<\/p>\n<p style=\"text-align: justify;\">\u00a0<\/p>\n","protected":false},"excerpt":{"rendered":"<p>(Aeronoticias).- Un poblador en Lima consume hasta 250 litros de agua potable, cinco veces m\u00e1s de lo necesario. La Superintendencia Nacional de Servicios de Saneamiento (SUNASS) reinici\u00f3 su campa\u00f1a AHORREMOS AGUA, ES VIDA! con el fin de sensibilizar a la poblaci\u00f3n sobre la urgente necesidad de cambiar h\u00e1bitos de consumo y evitar el derroche del [&hellip;]<\/p>\n","protected":false},"author":1,"featured_media":0,"comment_status":"open","ping_status":"open","sticky":false,"template":"","format":"standard","meta":{"tdm_status":"","tdm_grid_status":"","footnotes":""},"categories":[38],"tags":[],"class_list":{"0":"post-51376","1":"post","2":"type-post","3":"status-publish","4":"format-standard","6":"category-nacionales"},"yoast_head":"<!-- This site is optimized with the Yoast SEO plugin v25.1 - https:\/\/yoast.com\/wordpress\/plugins\/seo\/ -->\n<title>SUNASS lanza campa\u00f1a para evitar el derroche del agua en carnavales<\/title>\n<meta name=\"description\" content=\"Portal de noticias del Per\u00fa sobre el transporte a\u00e9reo, aviaci\u00f3n, turismo, hoteleria, actualidad.\" \/>\n<meta name=\"robots\" content=\"index, follow, max-snippet:-1, max-image-preview:large, max-video-preview:-1\" \/>\n<link rel=\"canonical\" href=\"https:\/\/aeronoticias.com.pe\/noticiero\/nacionales\/sunass-lanza-campana-para-evitar-el-derroche-del-agua-en-carnavales\/\" \/>\n<meta property=\"og:locale\" content=\"es_ES\" \/>\n<meta property=\"og:type\" content=\"article\" \/>\n<meta property=\"og:title\" content=\"SUNASS lanza campa\u00f1a para evitar el derroche del agua en carnavales\" \/>\n<meta property=\"og:description\" content=\"Portal de noticias del Per\u00fa sobre el transporte a\u00e9reo, aviaci\u00f3n, turismo, hoteleria, actualidad.\" \/>\n<meta property=\"og:url\" content=\"https:\/\/aeronoticias.com.pe\/noticiero\/nacionales\/sunass-lanza-campana-para-evitar-el-derroche-del-agua-en-carnavales\/\" \/>\n<meta property=\"og:site_name\" content=\"Aeronoticias.com.pe\" \/>\n<meta property=\"article:publisher\" content=\"https:\/\/www.facebook.com\/Aeronoticias.com.pe\/\" \/>\n<meta property=\"article:published_time\" content=\"2015-01-28T14:45:32+00:00\" \/>\n<meta name=\"author\" content=\"Redacci\u00f3n Aeronoticias\" \/>\n<meta name=\"twitter:card\" content=\"summary_large_image\" \/>\n<meta name=\"twitter:creator\" content=\"@aeronoticias\" \/>\n<meta name=\"twitter:site\" content=\"@aeronoticias\" \/>\n<meta name=\"twitter:label1\" content=\"Escrito por\" \/>\n\t<meta name=\"twitter:data1\" content=\"Redacci\u00f3n Aeronoticias\" \/>\n\t<meta name=\"twitter:label2\" content=\"Tiempo de lectura\" \/>\n\t<meta name=\"twitter:data2\" content=\"2 minutos\" \/>\n<script type=\"application\/ld+json\" class=\"yoast-schema-graph\">{\"@context\":\"https:\/\/schema.org\",\"@graph\":[{\"@type\":\"WebPage\",\"@id\":\"https:\/\/aeronoticias.com.pe\/noticiero\/nacionales\/sunass-lanza-campana-para-evitar-el-derroche-del-agua-en-carnavales\/\",\"url\":\"https:\/\/aeronoticias.com.pe\/noticiero\/nacionales\/sunass-lanza-campana-para-evitar-el-derroche-del-agua-en-carnavales\/\",\"name\":\"SUNASS lanza campa\u00f1a para evitar el derroche del agua en carnavales\",\"isPartOf\":{\"@id\":\"https:\/\/aeronoticias.com.pe\/noticiero\/#website\"},\"datePublished\":\"2015-01-28T14:45:32+00:00\",\"author\":{\"@id\":\"https:\/\/aeronoticias.com.pe\/noticiero\/#\/schema\/person\/fc1e5d578f4b62ba1cf7ac2bba1170a0\"},\"description\":\"Portal de noticias del Per\u00fa sobre el transporte a\u00e9reo, aviaci\u00f3n, turismo, hoteleria, actualidad.\",\"breadcrumb\":{\"@id\":\"https:\/\/aeronoticias.com.pe\/noticiero\/nacionales\/sunass-lanza-campana-para-evitar-el-derroche-del-agua-en-carnavales\/#breadcrumb\"},\"inLanguage\":\"es\",\"potentialAction\":[{\"@type\":\"ReadAction\",\"target\":[\"https:\/\/aeronoticias.com.pe\/noticiero\/nacionales\/sunass-lanza-campana-para-evitar-el-derroche-del-agua-en-carnavales\/\"]}]},{\"@type\":\"BreadcrumbList\",\"@id\":\"https:\/\/aeronoticias.com.pe\/noticiero\/nacionales\/sunass-lanza-campana-para-evitar-el-derroche-del-agua-en-carnavales\/#breadcrumb\",\"itemListElement\":[{\"@type\":\"ListItem\",\"position\":1,\"name\":\"Portada\",\"item\":\"https:\/\/aeronoticias.com.pe\/noticiero\/\"},{\"@type\":\"ListItem\",\"position\":2,\"name\":\"SUNASS lanza campa\u00f1a para evitar el derroche del agua en carnavales\"}]},{\"@type\":\"WebSite\",\"@id\":\"https:\/\/aeronoticias.com.pe\/noticiero\/#website\",\"url\":\"https:\/\/aeronoticias.com.pe\/noticiero\/\",\"name\":\"Aeronoticias.com.pe\",\"description\":\"Noticias de tranporte aereo, turismo, hoteles, gastronomia, actualidad, internacional\",\"potentialAction\":[{\"@type\":\"SearchAction\",\"target\":{\"@type\":\"EntryPoint\",\"urlTemplate\":\"https:\/\/aeronoticias.com.pe\/noticiero\/?s={search_term_string}\"},\"query-input\":{\"@type\":\"PropertyValueSpecification\",\"valueRequired\":true,\"valueName\":\"search_term_string\"}}],\"inLanguage\":\"es\"},{\"@type\":\"Person\",\"@id\":\"https:\/\/aeronoticias.com.pe\/noticiero\/#\/schema\/person\/fc1e5d578f4b62ba1cf7ac2bba1170a0\",\"name\":\"Redacci\u00f3n Aeronoticias\",\"url\":\"https:\/\/aeronoticias.com.pe\/noticiero\/author\/piloto\/\"}]}<\/script>\n<!-- \/ Yoast SEO plugin. -->","yoast_head_json":{"title":"SUNASS lanza campa\u00f1a para evitar el derroche del agua en carnavales","description":"Portal de noticias del Per\u00fa sobre el transporte a\u00e9reo, aviaci\u00f3n, turismo, hoteleria, actualidad.","robots":{"index":"index","follow":"follow","max-snippet":"max-snippet:-1","max-image-preview":"max-image-preview:large","max-video-preview":"max-video-preview:-1"},"canonical":"https:\/\/aeronoticias.com.pe\/noticiero\/nacionales\/sunass-lanza-campana-para-evitar-el-derroche-del-agua-en-carnavales\/","og_locale":"es_ES","og_type":"article","og_title":"SUNASS lanza campa\u00f1a para evitar el derroche del agua en carnavales","og_description":"Portal de noticias del Per\u00fa sobre el transporte a\u00e9reo, aviaci\u00f3n, turismo, hoteleria, actualidad.","og_url":"https:\/\/aeronoticias.com.pe\/noticiero\/nacionales\/sunass-lanza-campana-para-evitar-el-derroche-del-agua-en-carnavales\/","og_site_name":"Aeronoticias.com.pe","article_publisher":"https:\/\/www.facebook.com\/Aeronoticias.com.pe\/","article_published_time":"2015-01-28T14:45:32+00:00","author":"Redacci\u00f3n Aeronoticias","twitter_card":"summary_large_image","twitter_creator":"@aeronoticias","twitter_site":"@aeronoticias","twitter_misc":{"Escrito por":"Redacci\u00f3n Aeronoticias","Tiempo de lectura":"2 minutos"},"schema":{"@context":"https:\/\/schema.org","@graph":[{"@type":"WebPage","@id":"https:\/\/aeronoticias.com.pe\/noticiero\/nacionales\/sunass-lanza-campana-para-evitar-el-derroche-del-agua-en-carnavales\/","url":"https:\/\/aeronoticias.com.pe\/noticiero\/nacionales\/sunass-lanza-campana-para-evitar-el-derroche-del-agua-en-carnavales\/","name":"SUNASS lanza campa\u00f1a para evitar el derroche del agua en carnavales","isPartOf":{"@id":"https:\/\/aeronoticias.com.pe\/noticiero\/#website"},"datePublished":"2015-01-28T14:45:32+00:00","author":{"@id":"https:\/\/aeronoticias.com.pe\/noticiero\/#\/schema\/person\/fc1e5d578f4b62ba1cf7ac2bba1170a0"},"description":"Portal de noticias del Per\u00fa sobre el transporte a\u00e9reo, aviaci\u00f3n, turismo, hoteleria, actualidad.","breadcrumb":{"@id":"https:\/\/aeronoticias.com.pe\/noticiero\/nacionales\/sunass-lanza-campana-para-evitar-el-derroche-del-agua-en-carnavales\/#breadcrumb"},"inLanguage":"es","potentialAction":[{"@type":"ReadAction","target":["https:\/\/aeronoticias.com.pe\/noticiero\/nacionales\/sunass-lanza-campana-para-evitar-el-derroche-del-agua-en-carnavales\/"]}]},{"@type":"BreadcrumbList","@id":"https:\/\/aeronoticias.com.pe\/noticiero\/nacionales\/sunass-lanza-campana-para-evitar-el-derroche-del-agua-en-carnavales\/#breadcrumb","itemListElement":[{"@type":"ListItem","position":1,"name":"Portada","item":"https:\/\/aeronoticias.com.pe\/noticiero\/"},{"@type":"ListItem","position":2,"name":"SUNASS lanza campa\u00f1a para evitar el derroche del agua en carnavales"}]},{"@type":"WebSite","@id":"https:\/\/aeronoticias.com.pe\/noticiero\/#website","url":"https:\/\/aeronoticias.com.pe\/noticiero\/","name":"Aeronoticias.com.pe","description":"Noticias de tranporte aereo, turismo, hoteles, gastronomia, actualidad, internacional","potentialAction":[{"@type":"SearchAction","target":{"@type":"EntryPoint","urlTemplate":"https:\/\/aeronoticias.com.pe\/noticiero\/?s={search_term_string}"},"query-input":{"@type":"PropertyValueSpecification","valueRequired":true,"valueName":"search_term_string"}}],"inLanguage":"es"},{"@type":"Person","@id":"https:\/\/aeronoticias.com.pe\/noticiero\/#\/schema\/person\/fc1e5d578f4b62ba1cf7ac2bba1170a0","name":"Redacci\u00f3n Aeronoticias","url":"https:\/\/aeronoticias.com.pe\/noticiero\/author\/piloto\/"}]}},"_links":{"self":[{"href":"https:\/\/aeronoticias.com.pe\/noticiero\/wp-json\/wp\/v2\/posts\/51376","targetHints":{"allow":["GET"]}}],"collection":[{"href":"https:\/\/aeronoticias.com.pe\/noticiero\/wp-json\/wp\/v2\/posts"}],"about":[{"href":"https:\/\/aeronoticias.com.pe\/noticiero\/wp-json\/wp\/v2\/types\/post"}],"author":[{"embeddable":true,"href":"https:\/\/aeronoticias.com.pe\/noticiero\/wp-json\/wp\/v2\/users\/1"}],"replies":[{"embeddable":true,"href":"https:\/\/aeronoticias.com.pe\/noticiero\/wp-json\/wp\/v2\/comments?post=51376"}],"version-history":[{"count":0,"href":"https:\/\/aeronoticias.com.pe\/noticiero\/wp-json\/wp\/v2\/posts\/51376\/revisions"}],"wp:attachment":[{"href":"https:\/\/aeronoticias.com.pe\/noticiero\/wp-json\/wp\/v2\/media?parent=51376"}],"wp:term":[{"taxonomy":"category","embeddable":true,"href":"https:\/\/aeronoticias.com.pe\/noticiero\/wp-json\/wp\/v2\/categories?post=51376"},{"taxonomy":"post_tag","embeddable":true,"href":"https:\/\/aeronoticias.com.pe\/noticiero\/wp-json\/wp\/v2\/tags?post=51376"}],"curies":[{"name":"wp","href":"https:\/\/api.w.org\/{rel}","templated":true}]}}