{"id":51377,"date":"2015-01-28T15:02:28","date_gmt":"2015-01-28T15:02:28","guid":{"rendered":"http:\/\/desarrollo.mcvicious.com\/aero2020\/2015\/01\/28\/aparecio-enterrado-el-joven-que-salio-a-vender-su-auto\/"},"modified":"2015-01-28T15:02:28","modified_gmt":"2015-01-28T15:02:28","slug":"aparecio-enterrado-el-joven-que-salio-a-vender-su-auto","status":"publish","type":"post","link":"https:\/\/aeronoticias.com.pe\/noticiero\/49\/aparecio-enterrado-el-joven-que-salio-a-vender-su-auto\/","title":{"rendered":"Apareci\u00f3 enterrado el joven que sali\u00f3 a vender su auto"},"content":{"rendered":"<p style=\"text-align: justify;\"><img decoding=\"async\" src=\"images\/stories\/15\/01\/280115\/a2.jpg\" border=\"0\" \/><\/p>\n<p style=\"text-align: justify;\"><strong>(Aeronoticias).-<\/strong> Cad\u00e1ver de Rub\u00e9n Leiva Calder\u00f3n se encontraba en una fosa ubicada en un inmueble de la cuadra 3 de la calle La Punta<\/p>\n<p>  <!--more-->  <\/p>\n<p style=\"text-align: justify;\">Enterrado dentro de un inmueble en La Molina apareci\u00f3 Rub\u00e9n Leiva Calder\u00f3n, el joven que el pasado 20 de diciembre sali\u00f3 de su casa en el mismo distrito para vender su auto Kia Cerato.<\/p>\n<p style=\"text-align: justify;\">Personal de la Polic\u00eda Nacional y el Ministerio P\u00fablico estuvo por m\u00e1s de seis horas en el inmueble de la cuadra 3 de la calle La Punta, en la urbanizaci\u00f3n El Sol, donde se excav\u00f3 una fosa hasta hallar finalmente el cad\u00e1ver del joven de 32 a\u00f1os poco antes de las 11 p.m.<\/p>\n<p style=\"text-align: justify;\">En ese inmueble no viv\u00eda nadie, pues se encontraba en venta. Im\u00e1genes de \u00abAm\u00e9rica Noticias\u00bb dieron cuenta de que sobre los restos de Leiva hab\u00edan arrojado cal.<\/p>\n<p style=\"text-align: justify;\">El pasado 24 de diciembre, el auto de Leiva fue encontrado abandonado cerca de su casa, en la urbanizaci\u00f3n Mayorazgo, en Ate. Dentro se encontraron una mochila con una laptop, cuadernos, una casaca y otros objetos.<\/p>\n<p style=\"text-align: justify;\">Por ello, aunque en primer t\u00e9rmino se habl\u00f3 de la hip\u00f3tesis del robo, familiares sospecharon luego de un ajuste de cuentas.<\/p>\n<p style=\"text-align: justify;\"><img decoding=\"async\" src=\"images\/stories\/15\/01\/280115\/a2_1.jpg\" border=\"0\" \/><\/p>\n<p style=\"text-align: justify;\"><span style=\"text-decoration: underline;\">DETENCI\u00d3N DE AMIGO FUE CLAVE<\/span><\/p>\n<p style=\"text-align: justify;\">La semana pasada, Harold Maldonado R\u00e1zuri, amigo de Leiva, fue detenido en calidad de sospechoso, pero finalmente confes\u00f3 el crimen. Ambos estuvieron juntos el d\u00eda de la desaparici\u00f3n.<\/p>\n<p style=\"text-align: justify;\">Uno de los \u00faltimos lugares que visit\u00f3 Rub\u00e9n Leiva fue la oficina del Servicio de Administraci\u00f3n Tributaria (SAT) del Jockey Plaza, ubicado en Surco. Las c\u00e1maras de seguridad lo captaron junto a Maldonado, quien hoy finalmente confes\u00f3 el crimen a 38 d\u00edas de la desaparici\u00f3n. La casa de este queda a dos cuadras de donde fue encontrado el cuerpo.<\/p>\n<p style=\"text-align: justify;\">El mismo d\u00eda en que desapareci\u00f3, Leiva deb\u00eda encontrarse con el pastor de la iglesia evang\u00e9lica a la que asist\u00eda pues iba a llevar donaciones a Villa El Salvador. Sin embargo, tampoco lleg\u00f3 a esta cita.<\/p>\n<p style=\"text-align: justify;\">\u00a0<\/p>\n<p style=\"text-align: justify;\">Fuente: <strong><em>El Comercio<\/em><\/strong><\/p>\n<p style=\"text-align: justify;\">Foto: <strong><em>Facebook<\/em><\/strong><\/p>\n<p style=\"text-align: justify;\"><strong><em><br \/><\/em><\/strong><\/p>\n<p>{jathumbnail off images=\u00bbimages\/stories\/15\/01\/280115\/a2.jpg,images\/stories\/15\/01\/280115\/a2_1.jpg\u00bb}<\/p>\n","protected":false},"excerpt":{"rendered":"<p>(Aeronoticias).- Cad\u00e1ver de Rub\u00e9n Leiva Calder\u00f3n se encontraba en una fosa ubicada en un inmueble de la cuadra 3 de la calle La Punta<\/p>\n","protected":false},"author":1,"featured_media":0,"comment_status":"open","ping_status":"open","sticky":false,"template":"","format":"standard","meta":{"tdm_status":"","tdm_grid_status":"","footnotes":""},"categories":[39],"tags":[],"class_list":{"0":"post-51377","1":"post","2":"type-post","3":"status-publish","4":"format-standard","6":"category-39"},"yoast_head":"<!-- This site is optimized with the Yoast SEO plugin v25.1 - https:\/\/yoast.com\/wordpress\/plugins\/seo\/ -->\n<title>Apareci\u00f3 enterrado el joven que sali\u00f3 a vender su auto<\/title>\n<meta name=\"description\" content=\"Portal de noticias del Per\u00fa sobre el transporte a\u00e9reo, aviaci\u00f3n, turismo, hoteleria, actualidad.\" \/>\n<meta name=\"robots\" content=\"index, follow, max-snippet:-1, max-image-preview:large, max-video-preview:-1\" \/>\n<link rel=\"canonical\" href=\"https:\/\/aeronoticias.com.pe\/noticiero\/49\/aparecio-enterrado-el-joven-que-salio-a-vender-su-auto\/\" \/>\n<meta property=\"og:locale\" content=\"es_ES\" \/>\n<meta property=\"og:type\" content=\"article\" \/>\n<meta property=\"og:title\" content=\"Apareci\u00f3 enterrado el joven que sali\u00f3 a vender su auto\" \/>\n<meta property=\"og:description\" content=\"Portal de noticias del Per\u00fa sobre el transporte a\u00e9reo, aviaci\u00f3n, turismo, hoteleria, actualidad.\" \/>\n<meta property=\"og:url\" content=\"https:\/\/aeronoticias.com.pe\/noticiero\/49\/aparecio-enterrado-el-joven-que-salio-a-vender-su-auto\/\" \/>\n<meta property=\"og:site_name\" content=\"Aeronoticias.com.pe\" \/>\n<meta property=\"article:publisher\" content=\"https:\/\/www.facebook.com\/Aeronoticias.com.pe\/\" \/>\n<meta property=\"article:published_time\" content=\"2015-01-28T15:02:28+00:00\" \/>\n<meta name=\"author\" content=\"Redacci\u00f3n Aeronoticias\" \/>\n<meta name=\"twitter:card\" content=\"summary_large_image\" \/>\n<meta name=\"twitter:creator\" content=\"@aeronoticias\" \/>\n<meta name=\"twitter:site\" content=\"@aeronoticias\" \/>\n<meta name=\"twitter:label1\" content=\"Escrito por\" \/>\n\t<meta name=\"twitter:data1\" content=\"Redacci\u00f3n Aeronoticias\" \/>\n\t<meta name=\"twitter:label2\" content=\"Tiempo de lectura\" \/>\n\t<meta name=\"twitter:data2\" content=\"2 minutos\" \/>\n<script type=\"application\/ld+json\" class=\"yoast-schema-graph\">{\"@context\":\"https:\/\/schema.org\",\"@graph\":[{\"@type\":\"WebPage\",\"@id\":\"https:\/\/aeronoticias.com.pe\/noticiero\/49\/aparecio-enterrado-el-joven-que-salio-a-vender-su-auto\/\",\"url\":\"https:\/\/aeronoticias.com.pe\/noticiero\/49\/aparecio-enterrado-el-joven-que-salio-a-vender-su-auto\/\",\"name\":\"Apareci\u00f3 enterrado el joven que sali\u00f3 a vender su auto\",\"isPartOf\":{\"@id\":\"https:\/\/aeronoticias.com.pe\/noticiero\/#website\"},\"datePublished\":\"2015-01-28T15:02:28+00:00\",\"author\":{\"@id\":\"https:\/\/aeronoticias.com.pe\/noticiero\/#\/schema\/person\/fc1e5d578f4b62ba1cf7ac2bba1170a0\"},\"description\":\"Portal de noticias del Per\u00fa sobre el transporte a\u00e9reo, aviaci\u00f3n, turismo, hoteleria, actualidad.\",\"breadcrumb\":{\"@id\":\"https:\/\/aeronoticias.com.pe\/noticiero\/49\/aparecio-enterrado-el-joven-que-salio-a-vender-su-auto\/#breadcrumb\"},\"inLanguage\":\"es\",\"potentialAction\":[{\"@type\":\"ReadAction\",\"target\":[\"https:\/\/aeronoticias.com.pe\/noticiero\/49\/aparecio-enterrado-el-joven-que-salio-a-vender-su-auto\/\"]}]},{\"@type\":\"BreadcrumbList\",\"@id\":\"https:\/\/aeronoticias.com.pe\/noticiero\/49\/aparecio-enterrado-el-joven-que-salio-a-vender-su-auto\/#breadcrumb\",\"itemListElement\":[{\"@type\":\"ListItem\",\"position\":1,\"name\":\"Portada\",\"item\":\"https:\/\/aeronoticias.com.pe\/noticiero\/\"},{\"@type\":\"ListItem\",\"position\":2,\"name\":\"Apareci\u00f3 enterrado el joven que sali\u00f3 a vender su auto\"}]},{\"@type\":\"WebSite\",\"@id\":\"https:\/\/aeronoticias.com.pe\/noticiero\/#website\",\"url\":\"https:\/\/aeronoticias.com.pe\/noticiero\/\",\"name\":\"Aeronoticias.com.pe\",\"description\":\"Noticias de tranporte aereo, turismo, hoteles, gastronomia, actualidad, internacional\",\"potentialAction\":[{\"@type\":\"SearchAction\",\"target\":{\"@type\":\"EntryPoint\",\"urlTemplate\":\"https:\/\/aeronoticias.com.pe\/noticiero\/?s={search_term_string}\"},\"query-input\":{\"@type\":\"PropertyValueSpecification\",\"valueRequired\":true,\"valueName\":\"search_term_string\"}}],\"inLanguage\":\"es\"},{\"@type\":\"Person\",\"@id\":\"https:\/\/aeronoticias.com.pe\/noticiero\/#\/schema\/person\/fc1e5d578f4b62ba1cf7ac2bba1170a0\",\"name\":\"Redacci\u00f3n Aeronoticias\",\"url\":\"https:\/\/aeronoticias.com.pe\/noticiero\/author\/piloto\/\"}]}<\/script>\n<!-- \/ Yoast SEO plugin. -->","yoast_head_json":{"title":"Apareci\u00f3 enterrado el joven que sali\u00f3 a vender su auto","description":"Portal de noticias del Per\u00fa sobre el transporte a\u00e9reo, aviaci\u00f3n, turismo, hoteleria, actualidad.","robots":{"index":"index","follow":"follow","max-snippet":"max-snippet:-1","max-image-preview":"max-image-preview:large","max-video-preview":"max-video-preview:-1"},"canonical":"https:\/\/aeronoticias.com.pe\/noticiero\/49\/aparecio-enterrado-el-joven-que-salio-a-vender-su-auto\/","og_locale":"es_ES","og_type":"article","og_title":"Apareci\u00f3 enterrado el joven que sali\u00f3 a vender su auto","og_description":"Portal de noticias del Per\u00fa sobre el transporte a\u00e9reo, aviaci\u00f3n, turismo, hoteleria, actualidad.","og_url":"https:\/\/aeronoticias.com.pe\/noticiero\/49\/aparecio-enterrado-el-joven-que-salio-a-vender-su-auto\/","og_site_name":"Aeronoticias.com.pe","article_publisher":"https:\/\/www.facebook.com\/Aeronoticias.com.pe\/","article_published_time":"2015-01-28T15:02:28+00:00","author":"Redacci\u00f3n Aeronoticias","twitter_card":"summary_large_image","twitter_creator":"@aeronoticias","twitter_site":"@aeronoticias","twitter_misc":{"Escrito por":"Redacci\u00f3n Aeronoticias","Tiempo de lectura":"2 minutos"},"schema":{"@context":"https:\/\/schema.org","@graph":[{"@type":"WebPage","@id":"https:\/\/aeronoticias.com.pe\/noticiero\/49\/aparecio-enterrado-el-joven-que-salio-a-vender-su-auto\/","url":"https:\/\/aeronoticias.com.pe\/noticiero\/49\/aparecio-enterrado-el-joven-que-salio-a-vender-su-auto\/","name":"Apareci\u00f3 enterrado el joven que sali\u00f3 a vender su auto","isPartOf":{"@id":"https:\/\/aeronoticias.com.pe\/noticiero\/#website"},"datePublished":"2015-01-28T15:02:28+00:00","author":{"@id":"https:\/\/aeronoticias.com.pe\/noticiero\/#\/schema\/person\/fc1e5d578f4b62ba1cf7ac2bba1170a0"},"description":"Portal de noticias del Per\u00fa sobre el transporte a\u00e9reo, aviaci\u00f3n, turismo, hoteleria, actualidad.","breadcrumb":{"@id":"https:\/\/aeronoticias.com.pe\/noticiero\/49\/aparecio-enterrado-el-joven-que-salio-a-vender-su-auto\/#breadcrumb"},"inLanguage":"es","potentialAction":[{"@type":"ReadAction","target":["https:\/\/aeronoticias.com.pe\/noticiero\/49\/aparecio-enterrado-el-joven-que-salio-a-vender-su-auto\/"]}]},{"@type":"BreadcrumbList","@id":"https:\/\/aeronoticias.com.pe\/noticiero\/49\/aparecio-enterrado-el-joven-que-salio-a-vender-su-auto\/#breadcrumb","itemListElement":[{"@type":"ListItem","position":1,"name":"Portada","item":"https:\/\/aeronoticias.com.pe\/noticiero\/"},{"@type":"ListItem","position":2,"name":"Apareci\u00f3 enterrado el joven que sali\u00f3 a vender su auto"}]},{"@type":"WebSite","@id":"https:\/\/aeronoticias.com.pe\/noticiero\/#website","url":"https:\/\/aeronoticias.com.pe\/noticiero\/","name":"Aeronoticias.com.pe","description":"Noticias de tranporte aereo, turismo, hoteles, gastronomia, actualidad, internacional","potentialAction":[{"@type":"SearchAction","target":{"@type":"EntryPoint","urlTemplate":"https:\/\/aeronoticias.com.pe\/noticiero\/?s={search_term_string}"},"query-input":{"@type":"PropertyValueSpecification","valueRequired":true,"valueName":"search_term_string"}}],"inLanguage":"es"},{"@type":"Person","@id":"https:\/\/aeronoticias.com.pe\/noticiero\/#\/schema\/person\/fc1e5d578f4b62ba1cf7ac2bba1170a0","name":"Redacci\u00f3n Aeronoticias","url":"https:\/\/aeronoticias.com.pe\/noticiero\/author\/piloto\/"}]}},"_links":{"self":[{"href":"https:\/\/aeronoticias.com.pe\/noticiero\/wp-json\/wp\/v2\/posts\/51377","targetHints":{"allow":["GET"]}}],"collection":[{"href":"https:\/\/aeronoticias.com.pe\/noticiero\/wp-json\/wp\/v2\/posts"}],"about":[{"href":"https:\/\/aeronoticias.com.pe\/noticiero\/wp-json\/wp\/v2\/types\/post"}],"author":[{"embeddable":true,"href":"https:\/\/aeronoticias.com.pe\/noticiero\/wp-json\/wp\/v2\/users\/1"}],"replies":[{"embeddable":true,"href":"https:\/\/aeronoticias.com.pe\/noticiero\/wp-json\/wp\/v2\/comments?post=51377"}],"version-history":[{"count":0,"href":"https:\/\/aeronoticias.com.pe\/noticiero\/wp-json\/wp\/v2\/posts\/51377\/revisions"}],"wp:attachment":[{"href":"https:\/\/aeronoticias.com.pe\/noticiero\/wp-json\/wp\/v2\/media?parent=51377"}],"wp:term":[{"taxonomy":"category","embeddable":true,"href":"https:\/\/aeronoticias.com.pe\/noticiero\/wp-json\/wp\/v2\/categories?post=51377"},{"taxonomy":"post_tag","embeddable":true,"href":"https:\/\/aeronoticias.com.pe\/noticiero\/wp-json\/wp\/v2\/tags?post=51377"}],"curies":[{"name":"wp","href":"https:\/\/api.w.org\/{rel}","templated":true}]}}