{"id":51400,"date":"2015-01-29T16:02:38","date_gmt":"2015-01-29T16:02:38","guid":{"rendered":"http:\/\/desarrollo.mcvicious.com\/aero2020\/2015\/01\/29\/estado-islamico-extiende-plazo-para-canjear-a-rehenes\/"},"modified":"2015-01-29T16:02:38","modified_gmt":"2015-01-29T16:02:38","slug":"estado-islamico-extiende-plazo-para-canjear-a-rehenes","status":"publish","type":"post","link":"https:\/\/aeronoticias.com.pe\/noticiero\/internacionales\/estado-islamico-extiende-plazo-para-canjear-a-rehenes\/","title":{"rendered":"Estado Isl\u00e1mico extiende la vida a los rehenes por un plazo"},"content":{"rendered":"<p style=\"text-align: justify;\"><img decoding=\"async\" src=\"images\/stories\/15\/01\/290115\/a6.jpg\" border=\"0\" \/><\/p>\n<p style=\"text-align: justify;\"><strong>(Aeronoticias).-<\/strong> Los yihadistas esperar\u00e1n hasta el jueves al anochecer a la terrorista iraqu\u00ed para salvar la vida de un japon\u00e9s y un jordano.<\/p>\n<p>  <!--more-->  <\/p>\n<p style=\"text-align: justify;\">El grupo yihadista Estado Isl\u00e1mico (EI) difundi\u00f3 un mensaje el mi\u00e9rcoles en la noche supuestamente grabado por el reh\u00e9n japon\u00e9s Kenji Goto, donde anuncia una extensi\u00f3n en el plazo para la liberaci\u00f3n de un jordano a cambio de una iraqu\u00ed relacionada con un atentado y vinculada a la red terrorista Al Qaeda.<\/p>\n<p style=\"text-align: justify;\">Jordania hab\u00eda ofrecido previamente un intercambio de prisioneros al Estado Isl\u00e1mico, en un desesperado intento de salvar a un piloto de su Fuerza A\u00e9rea que los milicianos amenazan con ejecutar. Goto tambi\u00e9n est\u00e1 amenazado desde hace una semana.<\/p>\n<p style=\"text-align: justify;\">El audio, grabado en ingl\u00e9s, dice que los jordanos deben presentar a Sajida al-Rishawi en la frontera turca para el jueves al anochecer o el piloto jordano Maaz al Kasasbeh ser\u00e1 asesinado.<\/p>\n<p style=\"text-align: justify;\">The Associated Press no pudo verificar de forma independiente el contenido de la grabaci\u00f3n, la cual fue difundida por Twitter en cuentas afiliadas al grupo Estado Isl\u00e1mico.<\/p>\n<p style=\"text-align: justify;\">El mi\u00e9rcoles, el padre del piloto se reuni\u00f3 con el rey jordano, quien le asegur\u00f3 que \u00abtodo estar\u00e1 bien\u00bb. El rey Abdul\u00e1 II enfrenta una creciente presi\u00f3n nacional para lograr la liberaci\u00f3n del piloto. Sin embargo, cumplir con las demandas del EI podr\u00eda mermar el enfoque de l\u00ednea dura del reino hacia los yihadistas.<\/p>\n<p style=\"text-align: justify;\">Los esfuerzos por liberar a Al-Kasasbeh y Goto cobraron urgencia cuando el martes por la noche se difundi\u00f3 por Internet un ultim\u00e1tum donde el Estado Isl\u00e1mico advert\u00eda que los matar\u00eda a ambos dentro de 24 horas si la prisionera de Al Qaeda no era liberada.<\/p>\n<p style=\"text-align: justify;\">El alcance de un posible intercambio y las demandas del grupo extremista todav\u00eda no son claros.<\/p>\n<p style=\"text-align: justify;\">El piloto jordano, de 26 a\u00f1os, fue capturado en diciembre, cuando su avi\u00f3n F16 cay\u00f3 cerca de Raqa, Siria, la capital de facto del Estado Isl\u00e1mico.<\/p>\n<p style=\"text-align: justify;\">El portavoz del Gobierno Jordano Mohammed Al-Momani dijo el mi\u00e9rcoles en un comunicado que \u00abJordania est\u00e1 dispuesta a dejar en libertad a la prisionera iraqu\u00ed\u00bb si el piloto jordano es dejado en libertad \u00abileso\u00bb. En su declaraci\u00f3n no mencion\u00f3 a Goto.<\/p>\n<p style=\"text-align: justify;\">Cualquier intercambio sentar\u00eda un precedente para negociar con los extremistas, quienes en el pasado no han demandado p\u00fablicamente la liberaci\u00f3n de prisioneros. Estados Unidos, el principal aliado de Jordania, rechaza negociar con los yihadistas.<\/p>\n<p style=\"text-align: justify;\">La liberaci\u00f3n de la iraqu\u00ed Al-Rishawi tambi\u00e9n podr\u00eda ser objeto de propaganda para los milicianos que ya controlan enormes franjas de Iraq y Siria.<\/p>\n<p style=\"text-align: justify;\">Jordania participa en la alianza militar encabezada por Estados Unidos que ha bombardeado objetivos del grupo Estado Isl\u00e1mico en Siria e Iraq desde agosto.<\/p>\n<p style=\"text-align: justify;\"><span style=\"text-decoration: underline;\">Desesperaci\u00f3n en Jap\u00f3n<\/span><\/p>\n<p style=\"text-align: justify;\">Mientras, en Tokio, la madre del reh\u00e9n japon\u00e9s pidi\u00f3 al primer ministro Shinzo Abe salvar a su hijo Kenji.<\/p>\n<p style=\"text-align: justify;\">Goto, un periodista independiente, fue capturado en octubre en Siria al parecer al tratar de rescatar a otro japon\u00e9s secuestrado, Haruna Yukawa. Hay reportes de que los milicianos mataron esta semana a Yukawa.<\/p>\n<p style=\"text-align: justify;\">\u00a0<\/p>\n<p style=\"text-align: justify;\">Fuente: <strong><em>El Comercio<\/em><\/strong><\/p>\n<p style=\"text-align: justify;\">Foto: <strong><em>AFP\/Reuters<\/em><\/strong><\/p>\n","protected":false},"excerpt":{"rendered":"<p>(Aeronoticias).- Los yihadistas esperar\u00e1n hasta el jueves al anochecer a la terrorista iraqu\u00ed para salvar la vida de un japon\u00e9s y un jordano.<\/p>\n","protected":false},"author":1,"featured_media":0,"comment_status":"open","ping_status":"open","sticky":false,"template":"","format":"standard","meta":{"tdm_status":"","tdm_grid_status":"","footnotes":""},"categories":[34],"tags":[],"class_list":{"0":"post-51400","1":"post","2":"type-post","3":"status-publish","4":"format-standard","6":"category-internacionales"},"yoast_head":"<!-- This site is optimized with the Yoast SEO plugin v25.1 - https:\/\/yoast.com\/wordpress\/plugins\/seo\/ -->\n<title>Estado Isl\u00e1mico extiende la vida a los rehenes por un plazo<\/title>\n<meta name=\"description\" content=\"Portal de noticias del Per\u00fa sobre el transporte a\u00e9reo, aviaci\u00f3n, turismo, hoteleria, actualidad.\" \/>\n<meta name=\"robots\" content=\"index, follow, max-snippet:-1, max-image-preview:large, max-video-preview:-1\" \/>\n<link rel=\"canonical\" href=\"https:\/\/aeronoticias.com.pe\/noticiero\/internacionales\/estado-islamico-extiende-plazo-para-canjear-a-rehenes\/\" \/>\n<meta property=\"og:locale\" content=\"es_ES\" \/>\n<meta property=\"og:type\" content=\"article\" \/>\n<meta property=\"og:title\" content=\"Estado Isl\u00e1mico extiende la vida a los rehenes por un plazo\" \/>\n<meta property=\"og:description\" content=\"Portal de noticias del Per\u00fa sobre el transporte a\u00e9reo, aviaci\u00f3n, turismo, hoteleria, actualidad.\" \/>\n<meta property=\"og:url\" content=\"https:\/\/aeronoticias.com.pe\/noticiero\/internacionales\/estado-islamico-extiende-plazo-para-canjear-a-rehenes\/\" \/>\n<meta property=\"og:site_name\" content=\"Aeronoticias.com.pe\" \/>\n<meta property=\"article:publisher\" content=\"https:\/\/www.facebook.com\/Aeronoticias.com.pe\/\" \/>\n<meta property=\"article:published_time\" content=\"2015-01-29T16:02:38+00:00\" \/>\n<meta name=\"author\" content=\"Redacci\u00f3n Aeronoticias\" \/>\n<meta name=\"twitter:card\" content=\"summary_large_image\" \/>\n<meta name=\"twitter:creator\" content=\"@aeronoticias\" \/>\n<meta name=\"twitter:site\" content=\"@aeronoticias\" \/>\n<meta name=\"twitter:label1\" content=\"Escrito por\" \/>\n\t<meta name=\"twitter:data1\" content=\"Redacci\u00f3n Aeronoticias\" \/>\n\t<meta name=\"twitter:label2\" content=\"Tiempo de lectura\" \/>\n\t<meta name=\"twitter:data2\" content=\"3 minutos\" \/>\n<script type=\"application\/ld+json\" class=\"yoast-schema-graph\">{\"@context\":\"https:\/\/schema.org\",\"@graph\":[{\"@type\":\"WebPage\",\"@id\":\"https:\/\/aeronoticias.com.pe\/noticiero\/internacionales\/estado-islamico-extiende-plazo-para-canjear-a-rehenes\/\",\"url\":\"https:\/\/aeronoticias.com.pe\/noticiero\/internacionales\/estado-islamico-extiende-plazo-para-canjear-a-rehenes\/\",\"name\":\"Estado Isl\u00e1mico extiende la vida a los rehenes por un plazo\",\"isPartOf\":{\"@id\":\"https:\/\/aeronoticias.com.pe\/noticiero\/#website\"},\"datePublished\":\"2015-01-29T16:02:38+00:00\",\"author\":{\"@id\":\"https:\/\/aeronoticias.com.pe\/noticiero\/#\/schema\/person\/fc1e5d578f4b62ba1cf7ac2bba1170a0\"},\"description\":\"Portal de noticias del Per\u00fa sobre el transporte a\u00e9reo, aviaci\u00f3n, turismo, hoteleria, actualidad.\",\"breadcrumb\":{\"@id\":\"https:\/\/aeronoticias.com.pe\/noticiero\/internacionales\/estado-islamico-extiende-plazo-para-canjear-a-rehenes\/#breadcrumb\"},\"inLanguage\":\"es\",\"potentialAction\":[{\"@type\":\"ReadAction\",\"target\":[\"https:\/\/aeronoticias.com.pe\/noticiero\/internacionales\/estado-islamico-extiende-plazo-para-canjear-a-rehenes\/\"]}]},{\"@type\":\"BreadcrumbList\",\"@id\":\"https:\/\/aeronoticias.com.pe\/noticiero\/internacionales\/estado-islamico-extiende-plazo-para-canjear-a-rehenes\/#breadcrumb\",\"itemListElement\":[{\"@type\":\"ListItem\",\"position\":1,\"name\":\"Portada\",\"item\":\"https:\/\/aeronoticias.com.pe\/noticiero\/\"},{\"@type\":\"ListItem\",\"position\":2,\"name\":\"Estado Isl\u00e1mico extiende la vida a los rehenes por un plazo\"}]},{\"@type\":\"WebSite\",\"@id\":\"https:\/\/aeronoticias.com.pe\/noticiero\/#website\",\"url\":\"https:\/\/aeronoticias.com.pe\/noticiero\/\",\"name\":\"Aeronoticias.com.pe\",\"description\":\"Noticias de tranporte aereo, turismo, hoteles, gastronomia, actualidad, internacional\",\"potentialAction\":[{\"@type\":\"SearchAction\",\"target\":{\"@type\":\"EntryPoint\",\"urlTemplate\":\"https:\/\/aeronoticias.com.pe\/noticiero\/?s={search_term_string}\"},\"query-input\":{\"@type\":\"PropertyValueSpecification\",\"valueRequired\":true,\"valueName\":\"search_term_string\"}}],\"inLanguage\":\"es\"},{\"@type\":\"Person\",\"@id\":\"https:\/\/aeronoticias.com.pe\/noticiero\/#\/schema\/person\/fc1e5d578f4b62ba1cf7ac2bba1170a0\",\"name\":\"Redacci\u00f3n Aeronoticias\",\"url\":\"https:\/\/aeronoticias.com.pe\/noticiero\/author\/piloto\/\"}]}<\/script>\n<!-- \/ Yoast SEO plugin. -->","yoast_head_json":{"title":"Estado Isl\u00e1mico extiende la vida a los rehenes por un plazo","description":"Portal de noticias del Per\u00fa sobre el transporte a\u00e9reo, aviaci\u00f3n, turismo, hoteleria, actualidad.","robots":{"index":"index","follow":"follow","max-snippet":"max-snippet:-1","max-image-preview":"max-image-preview:large","max-video-preview":"max-video-preview:-1"},"canonical":"https:\/\/aeronoticias.com.pe\/noticiero\/internacionales\/estado-islamico-extiende-plazo-para-canjear-a-rehenes\/","og_locale":"es_ES","og_type":"article","og_title":"Estado Isl\u00e1mico extiende la vida a los rehenes por un plazo","og_description":"Portal de noticias del Per\u00fa sobre el transporte a\u00e9reo, aviaci\u00f3n, turismo, hoteleria, actualidad.","og_url":"https:\/\/aeronoticias.com.pe\/noticiero\/internacionales\/estado-islamico-extiende-plazo-para-canjear-a-rehenes\/","og_site_name":"Aeronoticias.com.pe","article_publisher":"https:\/\/www.facebook.com\/Aeronoticias.com.pe\/","article_published_time":"2015-01-29T16:02:38+00:00","author":"Redacci\u00f3n Aeronoticias","twitter_card":"summary_large_image","twitter_creator":"@aeronoticias","twitter_site":"@aeronoticias","twitter_misc":{"Escrito por":"Redacci\u00f3n Aeronoticias","Tiempo de lectura":"3 minutos"},"schema":{"@context":"https:\/\/schema.org","@graph":[{"@type":"WebPage","@id":"https:\/\/aeronoticias.com.pe\/noticiero\/internacionales\/estado-islamico-extiende-plazo-para-canjear-a-rehenes\/","url":"https:\/\/aeronoticias.com.pe\/noticiero\/internacionales\/estado-islamico-extiende-plazo-para-canjear-a-rehenes\/","name":"Estado Isl\u00e1mico extiende la vida a los rehenes por un plazo","isPartOf":{"@id":"https:\/\/aeronoticias.com.pe\/noticiero\/#website"},"datePublished":"2015-01-29T16:02:38+00:00","author":{"@id":"https:\/\/aeronoticias.com.pe\/noticiero\/#\/schema\/person\/fc1e5d578f4b62ba1cf7ac2bba1170a0"},"description":"Portal de noticias del Per\u00fa sobre el transporte a\u00e9reo, aviaci\u00f3n, turismo, hoteleria, actualidad.","breadcrumb":{"@id":"https:\/\/aeronoticias.com.pe\/noticiero\/internacionales\/estado-islamico-extiende-plazo-para-canjear-a-rehenes\/#breadcrumb"},"inLanguage":"es","potentialAction":[{"@type":"ReadAction","target":["https:\/\/aeronoticias.com.pe\/noticiero\/internacionales\/estado-islamico-extiende-plazo-para-canjear-a-rehenes\/"]}]},{"@type":"BreadcrumbList","@id":"https:\/\/aeronoticias.com.pe\/noticiero\/internacionales\/estado-islamico-extiende-plazo-para-canjear-a-rehenes\/#breadcrumb","itemListElement":[{"@type":"ListItem","position":1,"name":"Portada","item":"https:\/\/aeronoticias.com.pe\/noticiero\/"},{"@type":"ListItem","position":2,"name":"Estado Isl\u00e1mico extiende la vida a los rehenes por un plazo"}]},{"@type":"WebSite","@id":"https:\/\/aeronoticias.com.pe\/noticiero\/#website","url":"https:\/\/aeronoticias.com.pe\/noticiero\/","name":"Aeronoticias.com.pe","description":"Noticias de tranporte aereo, turismo, hoteles, gastronomia, actualidad, internacional","potentialAction":[{"@type":"SearchAction","target":{"@type":"EntryPoint","urlTemplate":"https:\/\/aeronoticias.com.pe\/noticiero\/?s={search_term_string}"},"query-input":{"@type":"PropertyValueSpecification","valueRequired":true,"valueName":"search_term_string"}}],"inLanguage":"es"},{"@type":"Person","@id":"https:\/\/aeronoticias.com.pe\/noticiero\/#\/schema\/person\/fc1e5d578f4b62ba1cf7ac2bba1170a0","name":"Redacci\u00f3n Aeronoticias","url":"https:\/\/aeronoticias.com.pe\/noticiero\/author\/piloto\/"}]}},"_links":{"self":[{"href":"https:\/\/aeronoticias.com.pe\/noticiero\/wp-json\/wp\/v2\/posts\/51400","targetHints":{"allow":["GET"]}}],"collection":[{"href":"https:\/\/aeronoticias.com.pe\/noticiero\/wp-json\/wp\/v2\/posts"}],"about":[{"href":"https:\/\/aeronoticias.com.pe\/noticiero\/wp-json\/wp\/v2\/types\/post"}],"author":[{"embeddable":true,"href":"https:\/\/aeronoticias.com.pe\/noticiero\/wp-json\/wp\/v2\/users\/1"}],"replies":[{"embeddable":true,"href":"https:\/\/aeronoticias.com.pe\/noticiero\/wp-json\/wp\/v2\/comments?post=51400"}],"version-history":[{"count":0,"href":"https:\/\/aeronoticias.com.pe\/noticiero\/wp-json\/wp\/v2\/posts\/51400\/revisions"}],"wp:attachment":[{"href":"https:\/\/aeronoticias.com.pe\/noticiero\/wp-json\/wp\/v2\/media?parent=51400"}],"wp:term":[{"taxonomy":"category","embeddable":true,"href":"https:\/\/aeronoticias.com.pe\/noticiero\/wp-json\/wp\/v2\/categories?post=51400"},{"taxonomy":"post_tag","embeddable":true,"href":"https:\/\/aeronoticias.com.pe\/noticiero\/wp-json\/wp\/v2\/tags?post=51400"}],"curies":[{"name":"wp","href":"https:\/\/api.w.org\/{rel}","templated":true}]}}