{"id":51406,"date":"2015-01-29T17:00:50","date_gmt":"2015-01-29T17:00:50","guid":{"rendered":"http:\/\/desarrollo.mcvicious.com\/aero2020\/2015\/01\/29\/juramento-nueva-junta-directiva-del-comite-de-damas-de-la-corte-del-callao\/"},"modified":"2015-01-29T17:00:50","modified_gmt":"2015-01-29T17:00:50","slug":"juramento-nueva-junta-directiva-del-comite-de-damas-de-la-corte-del-callao","status":"publish","type":"post","link":"https:\/\/aeronoticias.com.pe\/noticiero\/nacionales\/juramento-nueva-junta-directiva-del-comite-de-damas-de-la-corte-del-callao\/","title":{"rendered":"Jurament\u00f3 nueva Junta Directiva del Comit\u00e9 de Damas de la Corte del Callao"},"content":{"rendered":"<p style=\"text-align: justify;\"><img decoding=\"async\" src=\"images\/stories\/15\/01\/290115\/a12.jpg\" border=\"0\" \/><\/p>\n<p style=\"text-align: justify;\"><strong>(Aeronoticias).- <\/strong>Velar\u00e1n por el bienestar del trabajador judicial.<\/p>\n<p style=\"text-align: justify;\">\u00a0<\/p>\n<p>  <!--more-->  <\/p>\n<p style=\"text-align: justify;\">Con el compromiso de desarrollar actividades en beneficio de los trabajadores judiciales, no solo en lo material, sino tambi\u00e9n espiritual, para buscar un clima de paz, armon\u00eda y unidad, se escuchen aportes, ideas y participe cada integrante de la organizaci\u00f3n, jurament\u00f3 ante un gran audit\u00f3rium la se\u00f1ora Gloria Guti\u00e9rrez de Hinostroza como Presidenta del Comit\u00e9 de Damas de la Corte Superior de Justicia del Callao.<\/p>\n<p>\u00a0<\/p>\n<p style=\"text-align: justify;\">\u201cConsidero que un trabajador bien motivado, bien tratado y es escuchado por su empleador o l\u00edder, aporta en mayor grado para desarrollar un trabajo positivo al saber que cuenta con autoridades que sienten preocupaci\u00f3n por sus problemas y por la soluci\u00f3n de ellos\u201d, afirm\u00f3 la flamante presidenta del Codapoj Callao.<\/p>\n<p style=\"text-align: justify;\">Guti\u00e9rrez de Hinostroza anunci\u00f3 que sus actividades se centrar\u00e1n en la salud de los trabajadores, ayuda econ\u00f3mica y espiritual cuando el caso lo amerite, capacitaci\u00f3n en las \u00e1reas necesarias, reactivar la celebraci\u00f3n de actos trascendentales como el D\u00eda del Trabajador Judicial, D\u00eda de la Mujer, D\u00eda de la Madre y del Padre, fiestas patrias y navide\u00f1as.<\/p>\n<p style=\"text-align: justify;\">Agreg\u00f3 que apoyar\u00e1 la creaci\u00f3n del ansiado Wawa Wasi para las madres trabajadoras, la construcci\u00f3n de una capilla para un oratorio que brinde la tranquilidad espiritual, tanto a los servidores judiciales como usuarios, entre otras acciones importantes.<\/p>\n<p style=\"text-align: justify;\">En tanto, la Presidenta de la Asociaci\u00f3n de Damas del Poder Judicial, Sra. Mirian Clara Yanqui Farf\u00e1n de Ticona, felicit\u00f3 las acciones innovadoras que promover\u00e1 la presidenta del Codapoj Callao y destac\u00f3 la labor social que realiza esta asociaci\u00f3n en beneficio de los recursos humanos.<\/p>\n<p style=\"text-align: justify;\">Asimismo, el Presidente de la Corte Superior de Justicia del Callao, C\u00e9sar Hinostroza Pariachi, destac\u00f3 que el Comit\u00e9 de Damas es el brazo derecho de una Presidencia de Corte, ya que se preocupa por el bienestar de cada integrante de la instituci\u00f3n.<\/p>\n<p style=\"text-align: justify;\">Finalmente, la past presidenta del Comit\u00e9 de Damas del Poder Judicial del Callao, Dra. Tatiana Barrientos C\u00e1rdenas agradeci\u00f3 el apoyo que recibi\u00f3 durante su gesti\u00f3n, especialmente de la Oficina de Bienestar Social e hizo un recuento de la principales actividades realizadas entre los a\u00f1os 2013 y 2014. adem\u00e1s ofreci\u00f3 su total apoyo a la nueva junta directiva del Codapoj.<\/p>\n<p style=\"text-align: justify;\">Durante la ceremonia jurament\u00f3 tambi\u00e9n la Junta Directiva del Codapoj-Callao integrada por las se\u00f1oras:<\/p>\n<p style=\"text-align: justify;\">Eda Chiri de Le\u00f3n (Vicepresidenta)<\/p>\n<p style=\"text-align: justify;\">Maritza S\u00e1nchez de R\u00edos (Secretaria)<\/p>\n<p style=\"text-align: justify;\">Fanny Garc\u00eda Ju\u00e1rez (Tesorera)<\/p>\n<p style=\"text-align: justify;\">Gladys Ilizarbe Albites (Directora de Actividades Sociales)<\/p>\n<p style=\"text-align: justify;\">Madeleine Ildefonso Vargas (Vice Directora de Actividades Sociales)<\/p>\n<p style=\"text-align: justify;\">Noem\u00ed Nieto Nacarino (Directora de Relaciones P\u00fablicas)<\/p>\n<p style=\"text-align: justify;\">Beatriz S\u00e1nchez Ramos (Vice Directora de Relaciones P\u00fablicas)<\/p>\n<p style=\"text-align: justify;\">Marianella Leonardo Infante (Directora de Actividades Culturales)<\/p>\n<p style=\"text-align: justify;\">Roc\u00edo V\u00e1squez Barrantes (Coordinadora de Corte Superiores)<\/p>\n<p style=\"text-align: justify;\">Mar\u00eda Clavijo Arraiza (Vice Coordinadora de Corte Superiores)<\/p>\n","protected":false},"excerpt":{"rendered":"<p>(Aeronoticias).- Velar\u00e1n por el bienestar del trabajador judicial. \u00a0<\/p>\n","protected":false},"author":1,"featured_media":0,"comment_status":"open","ping_status":"open","sticky":false,"template":"","format":"standard","meta":{"tdm_status":"","tdm_grid_status":"","footnotes":""},"categories":[38],"tags":[],"class_list":{"0":"post-51406","1":"post","2":"type-post","3":"status-publish","4":"format-standard","6":"category-nacionales"},"yoast_head":"<!-- This site is optimized with the Yoast SEO plugin v25.1 - https:\/\/yoast.com\/wordpress\/plugins\/seo\/ -->\n<title>Jurament\u00f3 nueva Junta Directiva del Comit\u00e9 de Damas de la Corte del Callao<\/title>\n<meta name=\"description\" content=\"Portal de noticias del Per\u00fa sobre el transporte a\u00e9reo, aviaci\u00f3n, turismo, hoteleria, actualidad.\" \/>\n<meta name=\"robots\" content=\"index, follow, max-snippet:-1, max-image-preview:large, max-video-preview:-1\" \/>\n<link rel=\"canonical\" href=\"https:\/\/aeronoticias.com.pe\/noticiero\/nacionales\/juramento-nueva-junta-directiva-del-comite-de-damas-de-la-corte-del-callao\/\" \/>\n<meta property=\"og:locale\" content=\"es_ES\" \/>\n<meta property=\"og:type\" content=\"article\" \/>\n<meta property=\"og:title\" content=\"Jurament\u00f3 nueva Junta Directiva del Comit\u00e9 de Damas de la Corte del Callao\" \/>\n<meta property=\"og:description\" content=\"Portal de noticias del Per\u00fa sobre el transporte a\u00e9reo, aviaci\u00f3n, turismo, hoteleria, actualidad.\" \/>\n<meta property=\"og:url\" content=\"https:\/\/aeronoticias.com.pe\/noticiero\/nacionales\/juramento-nueva-junta-directiva-del-comite-de-damas-de-la-corte-del-callao\/\" \/>\n<meta property=\"og:site_name\" content=\"Aeronoticias.com.pe\" \/>\n<meta property=\"article:publisher\" content=\"https:\/\/www.facebook.com\/Aeronoticias.com.pe\/\" \/>\n<meta property=\"article:published_time\" content=\"2015-01-29T17:00:50+00:00\" \/>\n<meta name=\"author\" content=\"Redacci\u00f3n Aeronoticias\" \/>\n<meta name=\"twitter:card\" content=\"summary_large_image\" \/>\n<meta name=\"twitter:creator\" content=\"@aeronoticias\" \/>\n<meta name=\"twitter:site\" content=\"@aeronoticias\" \/>\n<meta name=\"twitter:label1\" content=\"Escrito por\" \/>\n\t<meta name=\"twitter:data1\" content=\"Redacci\u00f3n Aeronoticias\" \/>\n\t<meta name=\"twitter:label2\" content=\"Tiempo de lectura\" \/>\n\t<meta name=\"twitter:data2\" content=\"2 minutos\" \/>\n<script type=\"application\/ld+json\" class=\"yoast-schema-graph\">{\"@context\":\"https:\/\/schema.org\",\"@graph\":[{\"@type\":\"WebPage\",\"@id\":\"https:\/\/aeronoticias.com.pe\/noticiero\/nacionales\/juramento-nueva-junta-directiva-del-comite-de-damas-de-la-corte-del-callao\/\",\"url\":\"https:\/\/aeronoticias.com.pe\/noticiero\/nacionales\/juramento-nueva-junta-directiva-del-comite-de-damas-de-la-corte-del-callao\/\",\"name\":\"Jurament\u00f3 nueva Junta Directiva del Comit\u00e9 de Damas de la Corte del Callao\",\"isPartOf\":{\"@id\":\"https:\/\/aeronoticias.com.pe\/noticiero\/#website\"},\"datePublished\":\"2015-01-29T17:00:50+00:00\",\"author\":{\"@id\":\"https:\/\/aeronoticias.com.pe\/noticiero\/#\/schema\/person\/fc1e5d578f4b62ba1cf7ac2bba1170a0\"},\"description\":\"Portal de noticias del Per\u00fa sobre el transporte a\u00e9reo, aviaci\u00f3n, turismo, hoteleria, actualidad.\",\"breadcrumb\":{\"@id\":\"https:\/\/aeronoticias.com.pe\/noticiero\/nacionales\/juramento-nueva-junta-directiva-del-comite-de-damas-de-la-corte-del-callao\/#breadcrumb\"},\"inLanguage\":\"es\",\"potentialAction\":[{\"@type\":\"ReadAction\",\"target\":[\"https:\/\/aeronoticias.com.pe\/noticiero\/nacionales\/juramento-nueva-junta-directiva-del-comite-de-damas-de-la-corte-del-callao\/\"]}]},{\"@type\":\"BreadcrumbList\",\"@id\":\"https:\/\/aeronoticias.com.pe\/noticiero\/nacionales\/juramento-nueva-junta-directiva-del-comite-de-damas-de-la-corte-del-callao\/#breadcrumb\",\"itemListElement\":[{\"@type\":\"ListItem\",\"position\":1,\"name\":\"Portada\",\"item\":\"https:\/\/aeronoticias.com.pe\/noticiero\/\"},{\"@type\":\"ListItem\",\"position\":2,\"name\":\"Jurament\u00f3 nueva Junta Directiva del Comit\u00e9 de Damas de la Corte del Callao\"}]},{\"@type\":\"WebSite\",\"@id\":\"https:\/\/aeronoticias.com.pe\/noticiero\/#website\",\"url\":\"https:\/\/aeronoticias.com.pe\/noticiero\/\",\"name\":\"Aeronoticias.com.pe\",\"description\":\"Noticias de tranporte aereo, turismo, hoteles, gastronomia, actualidad, internacional\",\"potentialAction\":[{\"@type\":\"SearchAction\",\"target\":{\"@type\":\"EntryPoint\",\"urlTemplate\":\"https:\/\/aeronoticias.com.pe\/noticiero\/?s={search_term_string}\"},\"query-input\":{\"@type\":\"PropertyValueSpecification\",\"valueRequired\":true,\"valueName\":\"search_term_string\"}}],\"inLanguage\":\"es\"},{\"@type\":\"Person\",\"@id\":\"https:\/\/aeronoticias.com.pe\/noticiero\/#\/schema\/person\/fc1e5d578f4b62ba1cf7ac2bba1170a0\",\"name\":\"Redacci\u00f3n Aeronoticias\",\"url\":\"https:\/\/aeronoticias.com.pe\/noticiero\/author\/piloto\/\"}]}<\/script>\n<!-- \/ Yoast SEO plugin. -->","yoast_head_json":{"title":"Jurament\u00f3 nueva Junta Directiva del Comit\u00e9 de Damas de la Corte del Callao","description":"Portal de noticias del Per\u00fa sobre el transporte a\u00e9reo, aviaci\u00f3n, turismo, hoteleria, actualidad.","robots":{"index":"index","follow":"follow","max-snippet":"max-snippet:-1","max-image-preview":"max-image-preview:large","max-video-preview":"max-video-preview:-1"},"canonical":"https:\/\/aeronoticias.com.pe\/noticiero\/nacionales\/juramento-nueva-junta-directiva-del-comite-de-damas-de-la-corte-del-callao\/","og_locale":"es_ES","og_type":"article","og_title":"Jurament\u00f3 nueva Junta Directiva del Comit\u00e9 de Damas de la Corte del Callao","og_description":"Portal de noticias del Per\u00fa sobre el transporte a\u00e9reo, aviaci\u00f3n, turismo, hoteleria, actualidad.","og_url":"https:\/\/aeronoticias.com.pe\/noticiero\/nacionales\/juramento-nueva-junta-directiva-del-comite-de-damas-de-la-corte-del-callao\/","og_site_name":"Aeronoticias.com.pe","article_publisher":"https:\/\/www.facebook.com\/Aeronoticias.com.pe\/","article_published_time":"2015-01-29T17:00:50+00:00","author":"Redacci\u00f3n Aeronoticias","twitter_card":"summary_large_image","twitter_creator":"@aeronoticias","twitter_site":"@aeronoticias","twitter_misc":{"Escrito por":"Redacci\u00f3n Aeronoticias","Tiempo de lectura":"2 minutos"},"schema":{"@context":"https:\/\/schema.org","@graph":[{"@type":"WebPage","@id":"https:\/\/aeronoticias.com.pe\/noticiero\/nacionales\/juramento-nueva-junta-directiva-del-comite-de-damas-de-la-corte-del-callao\/","url":"https:\/\/aeronoticias.com.pe\/noticiero\/nacionales\/juramento-nueva-junta-directiva-del-comite-de-damas-de-la-corte-del-callao\/","name":"Jurament\u00f3 nueva Junta Directiva del Comit\u00e9 de Damas de la Corte del Callao","isPartOf":{"@id":"https:\/\/aeronoticias.com.pe\/noticiero\/#website"},"datePublished":"2015-01-29T17:00:50+00:00","author":{"@id":"https:\/\/aeronoticias.com.pe\/noticiero\/#\/schema\/person\/fc1e5d578f4b62ba1cf7ac2bba1170a0"},"description":"Portal de noticias del Per\u00fa sobre el transporte a\u00e9reo, aviaci\u00f3n, turismo, hoteleria, actualidad.","breadcrumb":{"@id":"https:\/\/aeronoticias.com.pe\/noticiero\/nacionales\/juramento-nueva-junta-directiva-del-comite-de-damas-de-la-corte-del-callao\/#breadcrumb"},"inLanguage":"es","potentialAction":[{"@type":"ReadAction","target":["https:\/\/aeronoticias.com.pe\/noticiero\/nacionales\/juramento-nueva-junta-directiva-del-comite-de-damas-de-la-corte-del-callao\/"]}]},{"@type":"BreadcrumbList","@id":"https:\/\/aeronoticias.com.pe\/noticiero\/nacionales\/juramento-nueva-junta-directiva-del-comite-de-damas-de-la-corte-del-callao\/#breadcrumb","itemListElement":[{"@type":"ListItem","position":1,"name":"Portada","item":"https:\/\/aeronoticias.com.pe\/noticiero\/"},{"@type":"ListItem","position":2,"name":"Jurament\u00f3 nueva Junta Directiva del Comit\u00e9 de Damas de la Corte del Callao"}]},{"@type":"WebSite","@id":"https:\/\/aeronoticias.com.pe\/noticiero\/#website","url":"https:\/\/aeronoticias.com.pe\/noticiero\/","name":"Aeronoticias.com.pe","description":"Noticias de tranporte aereo, turismo, hoteles, gastronomia, actualidad, internacional","potentialAction":[{"@type":"SearchAction","target":{"@type":"EntryPoint","urlTemplate":"https:\/\/aeronoticias.com.pe\/noticiero\/?s={search_term_string}"},"query-input":{"@type":"PropertyValueSpecification","valueRequired":true,"valueName":"search_term_string"}}],"inLanguage":"es"},{"@type":"Person","@id":"https:\/\/aeronoticias.com.pe\/noticiero\/#\/schema\/person\/fc1e5d578f4b62ba1cf7ac2bba1170a0","name":"Redacci\u00f3n Aeronoticias","url":"https:\/\/aeronoticias.com.pe\/noticiero\/author\/piloto\/"}]}},"_links":{"self":[{"href":"https:\/\/aeronoticias.com.pe\/noticiero\/wp-json\/wp\/v2\/posts\/51406","targetHints":{"allow":["GET"]}}],"collection":[{"href":"https:\/\/aeronoticias.com.pe\/noticiero\/wp-json\/wp\/v2\/posts"}],"about":[{"href":"https:\/\/aeronoticias.com.pe\/noticiero\/wp-json\/wp\/v2\/types\/post"}],"author":[{"embeddable":true,"href":"https:\/\/aeronoticias.com.pe\/noticiero\/wp-json\/wp\/v2\/users\/1"}],"replies":[{"embeddable":true,"href":"https:\/\/aeronoticias.com.pe\/noticiero\/wp-json\/wp\/v2\/comments?post=51406"}],"version-history":[{"count":0,"href":"https:\/\/aeronoticias.com.pe\/noticiero\/wp-json\/wp\/v2\/posts\/51406\/revisions"}],"wp:attachment":[{"href":"https:\/\/aeronoticias.com.pe\/noticiero\/wp-json\/wp\/v2\/media?parent=51406"}],"wp:term":[{"taxonomy":"category","embeddable":true,"href":"https:\/\/aeronoticias.com.pe\/noticiero\/wp-json\/wp\/v2\/categories?post=51406"},{"taxonomy":"post_tag","embeddable":true,"href":"https:\/\/aeronoticias.com.pe\/noticiero\/wp-json\/wp\/v2\/tags?post=51406"}],"curies":[{"name":"wp","href":"https:\/\/api.w.org\/{rel}","templated":true}]}}