{"id":51407,"date":"2015-01-29T17:03:36","date_gmt":"2015-01-29T17:03:36","guid":{"rendered":"http:\/\/desarrollo.mcvicious.com\/aero2020\/2015\/01\/29\/eeuu-arrastra-a-rusia-a-una-guerra-afirma-gorbachov\/"},"modified":"2015-01-29T17:03:36","modified_gmt":"2015-01-29T17:03:36","slug":"eeuu-arrastra-a-rusia-a-una-guerra-afirma-gorbachov","status":"publish","type":"post","link":"https:\/\/aeronoticias.com.pe\/noticiero\/internacionales\/eeuu-arrastra-a-rusia-a-una-guerra-afirma-gorbachov\/","title":{"rendered":"EE.UU. arrastra a Rusia a una guerra, afirma Gorbachov"},"content":{"rendered":"<p style=\"text-align: justify;\"><strong><img decoding=\"async\" src=\"images\/stories\/15\/01\/290115\/a13.jpg\" border=\"0\" \/><br \/><\/strong><\/p>\n<p style=\"text-align: justify;\"><strong>(Aeronoticias).-<\/strong> \u00abSolo se oye hablar de sanciones de EE.UU. y Europa contra Rusia. \u00bfHan perdido la cabeza?\u00bb, dijo el \u00faltimo l\u00edder sovi\u00e9tico.<\/p>\n<p style=\"text-align: justify;\">\u00a0<\/p>\n<p>  <!--more-->  <\/p>\n<p style=\"text-align: justify;\">Mijail Gorbachov acus\u00f3 el jueves a Washington de arrastrar a Rusia a una nueva guerra fr\u00eda que podr\u00eda degenerar en un conflicto armado antes una eventual ampliaci\u00f3n de las sanciones de la UE contra Mosc\u00fa por su papel en la crisis ucraniana.<\/p>\n<p>\u00a0<\/p>\n<p style=\"text-align: justify;\">La guerra verbal entre rusos y occidentales est\u00e1 en su punto \u00e1lgido y cada d\u00eda aporta un nuevo lote de acusaciones y recriminaciones. Mientras los combates contin\u00faan en el este de Ucrania donde al menos once personas murieron en el este de Ucrania en las \u00faltimas 24 horas, rusos, ucranianos y a veces los europeos han secuestrado la historia con fines pol\u00edticos.<\/p>\n<p style=\"text-align: justify;\">El \u00faltimo ejemplo es que el parlamento ruso estudia una resoluci\u00f3n de condena de la \u00abanexi\u00f3n\u00bb de la Rep\u00fablica Democr\u00e1tica Alemana (RDA) comunista por la Rep\u00fablica Federal Alemana (RFA) tras la ca\u00edda del muro de Berl\u00edn en 1989.<\/p>\n<p style=\"text-align: justify;\">Poco antes, polacos y rusos polemizaron sobre la liberaci\u00f3n del campo de exterminio nazi de Auschwitz el 27 de enero de 1945.<\/p>\n<p style=\"text-align: justify;\">Esta escalada verbal y las nuevas sanciones de Washington contra Mosc\u00fa que se perfilan, han hecho reaccionar al \u00faltimo dirigente sovi\u00e9tico para acusar a Estados Unidos de conducir al mundo a la guerra.<\/p>\n<p style=\"text-align: justify;\">\u00abSolo se oye hablar de sanciones de Estados Unidos y de la Uni\u00f3n Europea contra Rusia. \u00bfHan perdido la cabeza?\u00bb, se pregunt\u00f3 Gorbachov, citado por la agencia Interfax.<\/p>\n<p style=\"text-align: justify;\">Estados Unidos \u00abnos conduce a una nueva guerra fr\u00eda, intentando abiertamente aplicar su genial idea de querer triunfar siempre\u00bb, critic\u00f3 el antiguo dirigente, de 83 a\u00f1os.<\/p>\n<p style=\"text-align: justify;\">\u00ab\u00bfA d\u00f3nde nos va a llevar todo esto? La guerra fr\u00eda ya est\u00e1 declarada. \u00bfY ahora? No puedo afirmar con seguridad que la guerra fr\u00eda no vaya a conducir a una guerra de verdad\u00bb, dijo Gorbachov.<\/p>\n<p style=\"text-align: justify;\">Las declaraciones del premio Nobel de la paz coinciden con una reuni\u00f3n de ministros de Relaciones Exteriores de la UE en Bruselas.<\/p>\n<p style=\"text-align: justify;\">\u00a0<\/p>\n<p style=\"text-align: justify;\">Fuente:<strong><em> El Comercio<\/em><\/strong><\/p>\n<p style=\"text-align: justify;\">Foto: <strong><em>AP \/ AFP<\/em><\/strong><\/p>\n","protected":false},"excerpt":{"rendered":"<p>(Aeronoticias).- \u00abSolo se oye hablar de sanciones de EE.UU. y Europa contra Rusia. \u00bfHan perdido la cabeza?\u00bb, dijo el \u00faltimo l\u00edder sovi\u00e9tico. \u00a0<\/p>\n","protected":false},"author":1,"featured_media":0,"comment_status":"open","ping_status":"open","sticky":false,"template":"","format":"standard","meta":{"tdm_status":"","tdm_grid_status":"","footnotes":""},"categories":[34],"tags":[],"class_list":{"0":"post-51407","1":"post","2":"type-post","3":"status-publish","4":"format-standard","6":"category-internacionales"},"yoast_head":"<!-- This site is optimized with the Yoast SEO plugin v25.1 - https:\/\/yoast.com\/wordpress\/plugins\/seo\/ -->\n<title>EE.UU. arrastra a Rusia a una guerra, afirma Gorbachov<\/title>\n<meta name=\"description\" content=\"Portal de noticias del Per\u00fa sobre el transporte a\u00e9reo, aviaci\u00f3n, turismo, hoteleria, actualidad.\" \/>\n<meta name=\"robots\" content=\"index, follow, max-snippet:-1, max-image-preview:large, max-video-preview:-1\" \/>\n<link rel=\"canonical\" href=\"https:\/\/aeronoticias.com.pe\/noticiero\/internacionales\/eeuu-arrastra-a-rusia-a-una-guerra-afirma-gorbachov\/\" \/>\n<meta property=\"og:locale\" content=\"es_ES\" \/>\n<meta property=\"og:type\" content=\"article\" \/>\n<meta property=\"og:title\" content=\"EE.UU. arrastra a Rusia a una guerra, afirma Gorbachov\" \/>\n<meta property=\"og:description\" content=\"Portal de noticias del Per\u00fa sobre el transporte a\u00e9reo, aviaci\u00f3n, turismo, hoteleria, actualidad.\" \/>\n<meta property=\"og:url\" content=\"https:\/\/aeronoticias.com.pe\/noticiero\/internacionales\/eeuu-arrastra-a-rusia-a-una-guerra-afirma-gorbachov\/\" \/>\n<meta property=\"og:site_name\" content=\"Aeronoticias.com.pe\" \/>\n<meta property=\"article:publisher\" content=\"https:\/\/www.facebook.com\/Aeronoticias.com.pe\/\" \/>\n<meta property=\"article:published_time\" content=\"2015-01-29T17:03:36+00:00\" \/>\n<meta name=\"author\" content=\"Redacci\u00f3n Aeronoticias\" \/>\n<meta name=\"twitter:card\" content=\"summary_large_image\" \/>\n<meta name=\"twitter:creator\" content=\"@aeronoticias\" \/>\n<meta name=\"twitter:site\" content=\"@aeronoticias\" \/>\n<meta name=\"twitter:label1\" content=\"Escrito por\" \/>\n\t<meta name=\"twitter:data1\" content=\"Redacci\u00f3n Aeronoticias\" \/>\n\t<meta name=\"twitter:label2\" content=\"Tiempo de lectura\" \/>\n\t<meta name=\"twitter:data2\" content=\"2 minutos\" \/>\n<script type=\"application\/ld+json\" class=\"yoast-schema-graph\">{\"@context\":\"https:\/\/schema.org\",\"@graph\":[{\"@type\":\"WebPage\",\"@id\":\"https:\/\/aeronoticias.com.pe\/noticiero\/internacionales\/eeuu-arrastra-a-rusia-a-una-guerra-afirma-gorbachov\/\",\"url\":\"https:\/\/aeronoticias.com.pe\/noticiero\/internacionales\/eeuu-arrastra-a-rusia-a-una-guerra-afirma-gorbachov\/\",\"name\":\"EE.UU. arrastra a Rusia a una guerra, afirma Gorbachov\",\"isPartOf\":{\"@id\":\"https:\/\/aeronoticias.com.pe\/noticiero\/#website\"},\"datePublished\":\"2015-01-29T17:03:36+00:00\",\"author\":{\"@id\":\"https:\/\/aeronoticias.com.pe\/noticiero\/#\/schema\/person\/fc1e5d578f4b62ba1cf7ac2bba1170a0\"},\"description\":\"Portal de noticias del Per\u00fa sobre el transporte a\u00e9reo, aviaci\u00f3n, turismo, hoteleria, actualidad.\",\"breadcrumb\":{\"@id\":\"https:\/\/aeronoticias.com.pe\/noticiero\/internacionales\/eeuu-arrastra-a-rusia-a-una-guerra-afirma-gorbachov\/#breadcrumb\"},\"inLanguage\":\"es\",\"potentialAction\":[{\"@type\":\"ReadAction\",\"target\":[\"https:\/\/aeronoticias.com.pe\/noticiero\/internacionales\/eeuu-arrastra-a-rusia-a-una-guerra-afirma-gorbachov\/\"]}]},{\"@type\":\"BreadcrumbList\",\"@id\":\"https:\/\/aeronoticias.com.pe\/noticiero\/internacionales\/eeuu-arrastra-a-rusia-a-una-guerra-afirma-gorbachov\/#breadcrumb\",\"itemListElement\":[{\"@type\":\"ListItem\",\"position\":1,\"name\":\"Portada\",\"item\":\"https:\/\/aeronoticias.com.pe\/noticiero\/\"},{\"@type\":\"ListItem\",\"position\":2,\"name\":\"EE.UU. arrastra a Rusia a una guerra, afirma Gorbachov\"}]},{\"@type\":\"WebSite\",\"@id\":\"https:\/\/aeronoticias.com.pe\/noticiero\/#website\",\"url\":\"https:\/\/aeronoticias.com.pe\/noticiero\/\",\"name\":\"Aeronoticias.com.pe\",\"description\":\"Noticias de tranporte aereo, turismo, hoteles, gastronomia, actualidad, internacional\",\"potentialAction\":[{\"@type\":\"SearchAction\",\"target\":{\"@type\":\"EntryPoint\",\"urlTemplate\":\"https:\/\/aeronoticias.com.pe\/noticiero\/?s={search_term_string}\"},\"query-input\":{\"@type\":\"PropertyValueSpecification\",\"valueRequired\":true,\"valueName\":\"search_term_string\"}}],\"inLanguage\":\"es\"},{\"@type\":\"Person\",\"@id\":\"https:\/\/aeronoticias.com.pe\/noticiero\/#\/schema\/person\/fc1e5d578f4b62ba1cf7ac2bba1170a0\",\"name\":\"Redacci\u00f3n Aeronoticias\",\"url\":\"https:\/\/aeronoticias.com.pe\/noticiero\/author\/piloto\/\"}]}<\/script>\n<!-- \/ Yoast SEO plugin. -->","yoast_head_json":{"title":"EE.UU. arrastra a Rusia a una guerra, afirma Gorbachov","description":"Portal de noticias del Per\u00fa sobre el transporte a\u00e9reo, aviaci\u00f3n, turismo, hoteleria, actualidad.","robots":{"index":"index","follow":"follow","max-snippet":"max-snippet:-1","max-image-preview":"max-image-preview:large","max-video-preview":"max-video-preview:-1"},"canonical":"https:\/\/aeronoticias.com.pe\/noticiero\/internacionales\/eeuu-arrastra-a-rusia-a-una-guerra-afirma-gorbachov\/","og_locale":"es_ES","og_type":"article","og_title":"EE.UU. arrastra a Rusia a una guerra, afirma Gorbachov","og_description":"Portal de noticias del Per\u00fa sobre el transporte a\u00e9reo, aviaci\u00f3n, turismo, hoteleria, actualidad.","og_url":"https:\/\/aeronoticias.com.pe\/noticiero\/internacionales\/eeuu-arrastra-a-rusia-a-una-guerra-afirma-gorbachov\/","og_site_name":"Aeronoticias.com.pe","article_publisher":"https:\/\/www.facebook.com\/Aeronoticias.com.pe\/","article_published_time":"2015-01-29T17:03:36+00:00","author":"Redacci\u00f3n Aeronoticias","twitter_card":"summary_large_image","twitter_creator":"@aeronoticias","twitter_site":"@aeronoticias","twitter_misc":{"Escrito por":"Redacci\u00f3n Aeronoticias","Tiempo de lectura":"2 minutos"},"schema":{"@context":"https:\/\/schema.org","@graph":[{"@type":"WebPage","@id":"https:\/\/aeronoticias.com.pe\/noticiero\/internacionales\/eeuu-arrastra-a-rusia-a-una-guerra-afirma-gorbachov\/","url":"https:\/\/aeronoticias.com.pe\/noticiero\/internacionales\/eeuu-arrastra-a-rusia-a-una-guerra-afirma-gorbachov\/","name":"EE.UU. arrastra a Rusia a una guerra, afirma Gorbachov","isPartOf":{"@id":"https:\/\/aeronoticias.com.pe\/noticiero\/#website"},"datePublished":"2015-01-29T17:03:36+00:00","author":{"@id":"https:\/\/aeronoticias.com.pe\/noticiero\/#\/schema\/person\/fc1e5d578f4b62ba1cf7ac2bba1170a0"},"description":"Portal de noticias del Per\u00fa sobre el transporte a\u00e9reo, aviaci\u00f3n, turismo, hoteleria, actualidad.","breadcrumb":{"@id":"https:\/\/aeronoticias.com.pe\/noticiero\/internacionales\/eeuu-arrastra-a-rusia-a-una-guerra-afirma-gorbachov\/#breadcrumb"},"inLanguage":"es","potentialAction":[{"@type":"ReadAction","target":["https:\/\/aeronoticias.com.pe\/noticiero\/internacionales\/eeuu-arrastra-a-rusia-a-una-guerra-afirma-gorbachov\/"]}]},{"@type":"BreadcrumbList","@id":"https:\/\/aeronoticias.com.pe\/noticiero\/internacionales\/eeuu-arrastra-a-rusia-a-una-guerra-afirma-gorbachov\/#breadcrumb","itemListElement":[{"@type":"ListItem","position":1,"name":"Portada","item":"https:\/\/aeronoticias.com.pe\/noticiero\/"},{"@type":"ListItem","position":2,"name":"EE.UU. arrastra a Rusia a una guerra, afirma Gorbachov"}]},{"@type":"WebSite","@id":"https:\/\/aeronoticias.com.pe\/noticiero\/#website","url":"https:\/\/aeronoticias.com.pe\/noticiero\/","name":"Aeronoticias.com.pe","description":"Noticias de tranporte aereo, turismo, hoteles, gastronomia, actualidad, internacional","potentialAction":[{"@type":"SearchAction","target":{"@type":"EntryPoint","urlTemplate":"https:\/\/aeronoticias.com.pe\/noticiero\/?s={search_term_string}"},"query-input":{"@type":"PropertyValueSpecification","valueRequired":true,"valueName":"search_term_string"}}],"inLanguage":"es"},{"@type":"Person","@id":"https:\/\/aeronoticias.com.pe\/noticiero\/#\/schema\/person\/fc1e5d578f4b62ba1cf7ac2bba1170a0","name":"Redacci\u00f3n Aeronoticias","url":"https:\/\/aeronoticias.com.pe\/noticiero\/author\/piloto\/"}]}},"_links":{"self":[{"href":"https:\/\/aeronoticias.com.pe\/noticiero\/wp-json\/wp\/v2\/posts\/51407","targetHints":{"allow":["GET"]}}],"collection":[{"href":"https:\/\/aeronoticias.com.pe\/noticiero\/wp-json\/wp\/v2\/posts"}],"about":[{"href":"https:\/\/aeronoticias.com.pe\/noticiero\/wp-json\/wp\/v2\/types\/post"}],"author":[{"embeddable":true,"href":"https:\/\/aeronoticias.com.pe\/noticiero\/wp-json\/wp\/v2\/users\/1"}],"replies":[{"embeddable":true,"href":"https:\/\/aeronoticias.com.pe\/noticiero\/wp-json\/wp\/v2\/comments?post=51407"}],"version-history":[{"count":0,"href":"https:\/\/aeronoticias.com.pe\/noticiero\/wp-json\/wp\/v2\/posts\/51407\/revisions"}],"wp:attachment":[{"href":"https:\/\/aeronoticias.com.pe\/noticiero\/wp-json\/wp\/v2\/media?parent=51407"}],"wp:term":[{"taxonomy":"category","embeddable":true,"href":"https:\/\/aeronoticias.com.pe\/noticiero\/wp-json\/wp\/v2\/categories?post=51407"},{"taxonomy":"post_tag","embeddable":true,"href":"https:\/\/aeronoticias.com.pe\/noticiero\/wp-json\/wp\/v2\/tags?post=51407"}],"curies":[{"name":"wp","href":"https:\/\/api.w.org\/{rel}","templated":true}]}}