{"id":51437,"date":"2015-02-01T11:01:01","date_gmt":"2015-02-01T11:01:01","guid":{"rendered":"http:\/\/desarrollo.mcvicious.com\/aero2020\/2015\/02\/01\/turismo-interno-en-peru-genero-mas-de-s-160-mllns-en-el-2014\/"},"modified":"2015-02-01T11:01:01","modified_gmt":"2015-02-01T11:01:01","slug":"turismo-interno-en-peru-genero-mas-de-s-160-mllns-en-el-2014","status":"publish","type":"post","link":"https:\/\/aeronoticias.com.pe\/noticiero\/economia\/turismo-interno-en-peru-genero-mas-de-s-160-mllns-en-el-2014\/","title":{"rendered":"Turismo interno en Per\u00fa gener\u00f3 m\u00e1s de S\/. 160 mllns. en el 2014"},"content":{"rendered":"<p style=\"text-align: justify;\"><img decoding=\"async\" src=\"images\/stories\/15\/02\/010215\/a1.jpg\" border=\"0\" \/><\/p>\n<p style=\"text-align: justify;\"><strong>(Aeronoticias).-<\/strong> El movimiento comercial que gener\u00f3 el turismo interno hacia los diferentes destinos del Per\u00fa gener\u00f3 m\u00e1s de 160 millones de nuevos soles durante el a\u00f1o 2014, revel\u00f3 hoy la viceministra de Turismo, Mar\u00eda del Carmen de Reparaz.<\/p>\n<p style=\"text-align: justify;\">Precis\u00f3 que, gracias a las campa\u00f1as de \u00bfY t\u00fa qu\u00e9 planes?, que impulsa el Ministerio de Comercio Exterior y Turismo y Promper\u00fa, se ha registrado un incremento importante de movimiento tur\u00edstico con relaci\u00f3n al 2013.<\/p>\n<p style=\"text-align: justify;\">\u00abEn en el 2013 se captaron alrededor de 140 millones de nuevos soles. Es un buen incremento y esperamos que en actividades como las ferias de turismo interno, podamos incrementando este movimiento econ\u00f3mico hacia las regiones\u00bb, manifest\u00f3.<\/p>\n<p style=\"text-align: justify;\">Reparaz indic\u00f3 que el Ministerio de Comercio Exterior y Turismo (Mincetur) tiene elaborada toda una estrategia comercial a fin de aprovechar el impacto que ha tenido la publicaci\u00f3n del diario The New York Times, recomendando como destinos a visitas las playas del norte del Per\u00fa.<\/p>\n<p style=\"text-align: justify;\">\u00abNuestra fortaleza es justamente la capacitaci\u00f3n que venimos haciendo desde hace a\u00f1os, a trav\u00e9s de la cadena comercial de los distintos pa\u00edses. Tenemos una estrategia de trabajo y estamos fortaleciendo a toda la red de ventas en Estados Unidos y Canad\u00e1 para que tengan informaci\u00f3n\u00bb, explic\u00f3 Reparaz en declaraciones a la Agencia Andina.<\/p>\n<p style=\"text-align: justify;\">Indic\u00f3 en tal sentido, que estas estrategias permiten que las agencias de viajes prioricen su capacitaci\u00f3n para conocer m\u00e1s el destino Per\u00fa y lo ofrezcan a los turistas y \u00abesos reconocimientos (del The New York Times) son muy importantes\u00bb.<\/p>\n<p style=\"text-align: justify;\">Manifest\u00f3, adem\u00e1s, que el Mincetur y Promper\u00fa trabajan para buscar incrementar el n\u00famero de turistas que deseen participar en el avistamiento de aves (Big Day).<\/p>\n<p style=\"text-align: justify;\">\u00abEso lo venimos trabajando muy bien, tanto hacia afuera como hacia adentro. A trav\u00e9s de las actividades que hemos realizado como los rally, con l\u00edderes de opini\u00f3n de Estados Unidos y de otros pa\u00edses que practican el tema de observaci\u00f3n de aves\u00bb, refiri\u00f3.<\/p>\n<p style=\"text-align: justify;\">De otro lado, dijo esperar que el movimiento tur\u00edstico interno durante el 2015 experimente un incremento del 6 por ciento y que ferias como Per\u00fa Regiones: Sierra Central y Norte, que hoy se inaugur\u00f3 en Lima, ayuden en ese prop\u00f3sito.<\/p>\n<p style=\"text-align: justify;\">\u00a0<\/p>\n<p style=\"text-align: justify;\">Fuente: <strong><em>Andina<\/em><\/strong><\/p>\n<p style=\"text-align: justify;\">Foto: <strong><em>Andina<\/em><\/strong><\/p>\n","protected":false},"excerpt":{"rendered":"<p>(Aeronoticias).- El movimiento comercial que gener\u00f3 el turismo interno hacia los diferentes destinos del Per\u00fa gener\u00f3 m\u00e1s de 160 millones de nuevos soles durante el a\u00f1o 2014, revel\u00f3 hoy la viceministra de Turismo, Mar\u00eda del Carmen de Reparaz. Precis\u00f3 que, gracias a las campa\u00f1as de \u00bfY t\u00fa qu\u00e9 planes?, que impulsa el Ministerio de Comercio [&hellip;]<\/p>\n","protected":false},"author":1,"featured_media":0,"comment_status":"open","ping_status":"open","sticky":false,"template":"","format":"standard","meta":{"tdm_status":"","tdm_grid_status":"","footnotes":""},"categories":[33],"tags":[],"class_list":{"0":"post-51437","1":"post","2":"type-post","3":"status-publish","4":"format-standard","6":"category-economia"},"yoast_head":"<!-- This site is optimized with the Yoast SEO plugin v25.1 - https:\/\/yoast.com\/wordpress\/plugins\/seo\/ -->\n<title>Turismo interno en Per\u00fa gener\u00f3 m\u00e1s de S\/. 160 mllns. en el 2014<\/title>\n<meta name=\"description\" content=\"Portal de noticias del Per\u00fa sobre el transporte a\u00e9reo, aviaci\u00f3n, turismo, hoteleria, actualidad.\" \/>\n<meta name=\"robots\" content=\"index, follow, max-snippet:-1, max-image-preview:large, max-video-preview:-1\" \/>\n<link rel=\"canonical\" href=\"https:\/\/aeronoticias.com.pe\/noticiero\/economia\/turismo-interno-en-peru-genero-mas-de-s-160-mllns-en-el-2014\/\" \/>\n<meta property=\"og:locale\" content=\"es_ES\" \/>\n<meta property=\"og:type\" content=\"article\" \/>\n<meta property=\"og:title\" content=\"Turismo interno en Per\u00fa gener\u00f3 m\u00e1s de S\/. 160 mllns. en el 2014\" \/>\n<meta property=\"og:description\" content=\"Portal de noticias del Per\u00fa sobre el transporte a\u00e9reo, aviaci\u00f3n, turismo, hoteleria, actualidad.\" \/>\n<meta property=\"og:url\" content=\"https:\/\/aeronoticias.com.pe\/noticiero\/economia\/turismo-interno-en-peru-genero-mas-de-s-160-mllns-en-el-2014\/\" \/>\n<meta property=\"og:site_name\" content=\"Aeronoticias.com.pe\" \/>\n<meta property=\"article:publisher\" content=\"https:\/\/www.facebook.com\/Aeronoticias.com.pe\/\" \/>\n<meta property=\"article:published_time\" content=\"2015-02-01T11:01:01+00:00\" \/>\n<meta name=\"author\" content=\"Redacci\u00f3n Aeronoticias\" \/>\n<meta name=\"twitter:card\" content=\"summary_large_image\" \/>\n<meta name=\"twitter:creator\" content=\"@aeronoticias\" \/>\n<meta name=\"twitter:site\" content=\"@aeronoticias\" \/>\n<meta name=\"twitter:label1\" content=\"Escrito por\" \/>\n\t<meta name=\"twitter:data1\" content=\"Redacci\u00f3n Aeronoticias\" \/>\n\t<meta name=\"twitter:label2\" content=\"Tiempo de lectura\" \/>\n\t<meta name=\"twitter:data2\" content=\"2 minutos\" \/>\n<script type=\"application\/ld+json\" class=\"yoast-schema-graph\">{\"@context\":\"https:\/\/schema.org\",\"@graph\":[{\"@type\":\"WebPage\",\"@id\":\"https:\/\/aeronoticias.com.pe\/noticiero\/economia\/turismo-interno-en-peru-genero-mas-de-s-160-mllns-en-el-2014\/\",\"url\":\"https:\/\/aeronoticias.com.pe\/noticiero\/economia\/turismo-interno-en-peru-genero-mas-de-s-160-mllns-en-el-2014\/\",\"name\":\"Turismo interno en Per\u00fa gener\u00f3 m\u00e1s de S\/. 160 mllns. en el 2014\",\"isPartOf\":{\"@id\":\"https:\/\/aeronoticias.com.pe\/noticiero\/#website\"},\"datePublished\":\"2015-02-01T11:01:01+00:00\",\"author\":{\"@id\":\"https:\/\/aeronoticias.com.pe\/noticiero\/#\/schema\/person\/fc1e5d578f4b62ba1cf7ac2bba1170a0\"},\"description\":\"Portal de noticias del Per\u00fa sobre el transporte a\u00e9reo, aviaci\u00f3n, turismo, hoteleria, actualidad.\",\"breadcrumb\":{\"@id\":\"https:\/\/aeronoticias.com.pe\/noticiero\/economia\/turismo-interno-en-peru-genero-mas-de-s-160-mllns-en-el-2014\/#breadcrumb\"},\"inLanguage\":\"es\",\"potentialAction\":[{\"@type\":\"ReadAction\",\"target\":[\"https:\/\/aeronoticias.com.pe\/noticiero\/economia\/turismo-interno-en-peru-genero-mas-de-s-160-mllns-en-el-2014\/\"]}]},{\"@type\":\"BreadcrumbList\",\"@id\":\"https:\/\/aeronoticias.com.pe\/noticiero\/economia\/turismo-interno-en-peru-genero-mas-de-s-160-mllns-en-el-2014\/#breadcrumb\",\"itemListElement\":[{\"@type\":\"ListItem\",\"position\":1,\"name\":\"Portada\",\"item\":\"https:\/\/aeronoticias.com.pe\/noticiero\/\"},{\"@type\":\"ListItem\",\"position\":2,\"name\":\"Turismo interno en Per\u00fa gener\u00f3 m\u00e1s de S\/. 160 mllns. en el 2014\"}]},{\"@type\":\"WebSite\",\"@id\":\"https:\/\/aeronoticias.com.pe\/noticiero\/#website\",\"url\":\"https:\/\/aeronoticias.com.pe\/noticiero\/\",\"name\":\"Aeronoticias.com.pe\",\"description\":\"Noticias de tranporte aereo, turismo, hoteles, gastronomia, actualidad, internacional\",\"potentialAction\":[{\"@type\":\"SearchAction\",\"target\":{\"@type\":\"EntryPoint\",\"urlTemplate\":\"https:\/\/aeronoticias.com.pe\/noticiero\/?s={search_term_string}\"},\"query-input\":{\"@type\":\"PropertyValueSpecification\",\"valueRequired\":true,\"valueName\":\"search_term_string\"}}],\"inLanguage\":\"es\"},{\"@type\":\"Person\",\"@id\":\"https:\/\/aeronoticias.com.pe\/noticiero\/#\/schema\/person\/fc1e5d578f4b62ba1cf7ac2bba1170a0\",\"name\":\"Redacci\u00f3n Aeronoticias\",\"url\":\"https:\/\/aeronoticias.com.pe\/noticiero\/author\/piloto\/\"}]}<\/script>\n<!-- \/ Yoast SEO plugin. -->","yoast_head_json":{"title":"Turismo interno en Per\u00fa gener\u00f3 m\u00e1s de S\/. 160 mllns. en el 2014","description":"Portal de noticias del Per\u00fa sobre el transporte a\u00e9reo, aviaci\u00f3n, turismo, hoteleria, actualidad.","robots":{"index":"index","follow":"follow","max-snippet":"max-snippet:-1","max-image-preview":"max-image-preview:large","max-video-preview":"max-video-preview:-1"},"canonical":"https:\/\/aeronoticias.com.pe\/noticiero\/economia\/turismo-interno-en-peru-genero-mas-de-s-160-mllns-en-el-2014\/","og_locale":"es_ES","og_type":"article","og_title":"Turismo interno en Per\u00fa gener\u00f3 m\u00e1s de S\/. 160 mllns. en el 2014","og_description":"Portal de noticias del Per\u00fa sobre el transporte a\u00e9reo, aviaci\u00f3n, turismo, hoteleria, actualidad.","og_url":"https:\/\/aeronoticias.com.pe\/noticiero\/economia\/turismo-interno-en-peru-genero-mas-de-s-160-mllns-en-el-2014\/","og_site_name":"Aeronoticias.com.pe","article_publisher":"https:\/\/www.facebook.com\/Aeronoticias.com.pe\/","article_published_time":"2015-02-01T11:01:01+00:00","author":"Redacci\u00f3n Aeronoticias","twitter_card":"summary_large_image","twitter_creator":"@aeronoticias","twitter_site":"@aeronoticias","twitter_misc":{"Escrito por":"Redacci\u00f3n Aeronoticias","Tiempo de lectura":"2 minutos"},"schema":{"@context":"https:\/\/schema.org","@graph":[{"@type":"WebPage","@id":"https:\/\/aeronoticias.com.pe\/noticiero\/economia\/turismo-interno-en-peru-genero-mas-de-s-160-mllns-en-el-2014\/","url":"https:\/\/aeronoticias.com.pe\/noticiero\/economia\/turismo-interno-en-peru-genero-mas-de-s-160-mllns-en-el-2014\/","name":"Turismo interno en Per\u00fa gener\u00f3 m\u00e1s de S\/. 160 mllns. en el 2014","isPartOf":{"@id":"https:\/\/aeronoticias.com.pe\/noticiero\/#website"},"datePublished":"2015-02-01T11:01:01+00:00","author":{"@id":"https:\/\/aeronoticias.com.pe\/noticiero\/#\/schema\/person\/fc1e5d578f4b62ba1cf7ac2bba1170a0"},"description":"Portal de noticias del Per\u00fa sobre el transporte a\u00e9reo, aviaci\u00f3n, turismo, hoteleria, actualidad.","breadcrumb":{"@id":"https:\/\/aeronoticias.com.pe\/noticiero\/economia\/turismo-interno-en-peru-genero-mas-de-s-160-mllns-en-el-2014\/#breadcrumb"},"inLanguage":"es","potentialAction":[{"@type":"ReadAction","target":["https:\/\/aeronoticias.com.pe\/noticiero\/economia\/turismo-interno-en-peru-genero-mas-de-s-160-mllns-en-el-2014\/"]}]},{"@type":"BreadcrumbList","@id":"https:\/\/aeronoticias.com.pe\/noticiero\/economia\/turismo-interno-en-peru-genero-mas-de-s-160-mllns-en-el-2014\/#breadcrumb","itemListElement":[{"@type":"ListItem","position":1,"name":"Portada","item":"https:\/\/aeronoticias.com.pe\/noticiero\/"},{"@type":"ListItem","position":2,"name":"Turismo interno en Per\u00fa gener\u00f3 m\u00e1s de S\/. 160 mllns. en el 2014"}]},{"@type":"WebSite","@id":"https:\/\/aeronoticias.com.pe\/noticiero\/#website","url":"https:\/\/aeronoticias.com.pe\/noticiero\/","name":"Aeronoticias.com.pe","description":"Noticias de tranporte aereo, turismo, hoteles, gastronomia, actualidad, internacional","potentialAction":[{"@type":"SearchAction","target":{"@type":"EntryPoint","urlTemplate":"https:\/\/aeronoticias.com.pe\/noticiero\/?s={search_term_string}"},"query-input":{"@type":"PropertyValueSpecification","valueRequired":true,"valueName":"search_term_string"}}],"inLanguage":"es"},{"@type":"Person","@id":"https:\/\/aeronoticias.com.pe\/noticiero\/#\/schema\/person\/fc1e5d578f4b62ba1cf7ac2bba1170a0","name":"Redacci\u00f3n Aeronoticias","url":"https:\/\/aeronoticias.com.pe\/noticiero\/author\/piloto\/"}]}},"_links":{"self":[{"href":"https:\/\/aeronoticias.com.pe\/noticiero\/wp-json\/wp\/v2\/posts\/51437","targetHints":{"allow":["GET"]}}],"collection":[{"href":"https:\/\/aeronoticias.com.pe\/noticiero\/wp-json\/wp\/v2\/posts"}],"about":[{"href":"https:\/\/aeronoticias.com.pe\/noticiero\/wp-json\/wp\/v2\/types\/post"}],"author":[{"embeddable":true,"href":"https:\/\/aeronoticias.com.pe\/noticiero\/wp-json\/wp\/v2\/users\/1"}],"replies":[{"embeddable":true,"href":"https:\/\/aeronoticias.com.pe\/noticiero\/wp-json\/wp\/v2\/comments?post=51437"}],"version-history":[{"count":0,"href":"https:\/\/aeronoticias.com.pe\/noticiero\/wp-json\/wp\/v2\/posts\/51437\/revisions"}],"wp:attachment":[{"href":"https:\/\/aeronoticias.com.pe\/noticiero\/wp-json\/wp\/v2\/media?parent=51437"}],"wp:term":[{"taxonomy":"category","embeddable":true,"href":"https:\/\/aeronoticias.com.pe\/noticiero\/wp-json\/wp\/v2\/categories?post=51437"},{"taxonomy":"post_tag","embeddable":true,"href":"https:\/\/aeronoticias.com.pe\/noticiero\/wp-json\/wp\/v2\/tags?post=51437"}],"curies":[{"name":"wp","href":"https:\/\/api.w.org\/{rel}","templated":true}]}}