{"id":51439,"date":"2015-02-01T11:01:01","date_gmt":"2015-02-01T11:01:01","guid":{"rendered":"http:\/\/desarrollo.mcvicious.com\/aero2020\/2015\/02\/01\/lo-que-mas-necesita-el-pais-es-dialogo-dice-sociedad-nacional-de-industrias\/"},"modified":"2015-02-01T11:01:01","modified_gmt":"2015-02-01T11:01:01","slug":"lo-que-mas-necesita-el-pais-es-dialogo-dice-sociedad-nacional-de-industrias","status":"publish","type":"post","link":"https:\/\/aeronoticias.com.pe\/noticiero\/politica\/lo-que-mas-necesita-el-pais-es-dialogo-dice-sociedad-nacional-de-industrias\/","title":{"rendered":"Lo que m\u00e1s necesita el pa\u00eds es di\u00e1logo, dice Sociedad Nacional de Industrias"},"content":{"rendered":"<p style=\"text-align: justify;\"><img decoding=\"async\" src=\"images\/stories\/15\/02\/010215\/a3.jpg\" border=\"0\" \/><\/p>\n<p style=\"text-align: justify;\"><strong>(Aeronoticias).- <\/strong>Un escenario sin mayor confrontaci\u00f3n \u201ctranquiliza\u201d a inversionistas, afirman.<\/p>\n<p style=\"text-align: justify;\">  <!--more-->  El presidente de la Sociedad Nacional de Industrias (SNI), Luis Salazar, se\u00f1al\u00f3 que su gremio empresarial espera que las diversas fuerzas pol\u00edticas participen en el di\u00e1logo convocado por la presidenta del Consejo de Ministros, Ana Jara Vel\u00e1squez.<\/p>\n<p style=\"text-align: justify;\">\u201cDefinitivamente el pa\u00eds hoy lo que necesita m\u00e1s es di\u00e1logo, ah\u00ed no hay absolutamente ninguna duda, esperemos que se logre generar un di\u00e1logo entre los diferentes partidos y en general entre las diferentes instituciones que tengan influencia sobre el futuro del pa\u00eds\u201d, subray\u00f3.<\/p>\n<p style=\"text-align: justify;\">Refiri\u00f3 que la falta de di\u00e1logo ha generado que el potencial econ\u00f3mico que tiene el pa\u00eds no se pueda aprovechar como deber\u00eda, en beneficio de la poblaci\u00f3n.<\/p>\n<p style=\"text-align: justify;\">\u201cSi logramos que se vea un clima de m\u00e1s calma, de di\u00e1logo, donde se comparte pol\u00edticas de Estado entre todos, el potencial del pa\u00eds aumenta mucho m\u00e1s\u201d dijo a la Agencia Andina.<\/p>\n<p style=\"text-align: justify;\">Al respecto, se\u00f1al\u00f3 que un escenario de menor confrontaci\u00f3n pol\u00edtica \u201ctranquiliza\u201d a los inversionistas y, a su vez, genera un flujo positivo y de mayor de inversi\u00f3n, que al final termina beneficiando a todos los peruanos.<\/p>\n<p style=\"text-align: justify;\">Por ello, destac\u00f3 que los puntos de la agenda del di\u00e1logo que las diversas fuerzas pol\u00edticas deben priorizar lo referido a c\u00f3mo lograr el desarrollo econ\u00f3mico y humano.<\/p>\n<p style=\"text-align: justify;\">En ese sentido, consider\u00f3 al Foro del Acuerdo Nacional como un \u201cmuy buen espacio\u201d para lograr el di\u00e1logo, pero no el \u00fanico pues podr\u00eda desarrollarse tambi\u00e9n en otros espacios, como el Consejo Nacional del Trabajo para abordar aspectos en materia laboral.<\/p>\n<p style=\"text-align: justify;\">\u201cDialogar no significa que no hayan diferencias de opiniones, m\u00e1s bien el di\u00e1logo permite tratar de ir cerrando las brechas de opini\u00f3n y empezar a buscar caminos conjuntos\u201d, subray\u00f3.<\/p>\n<p style=\"text-align: justify;\">Asimismo, refiri\u00f3 que tambi\u00e9n debe haber m\u00e1s di\u00e1logo en los diversos sectores econ\u00f3micos, \u201centre las autoridades que tienen que regular el sector y los regulados\u201d, as\u00ed como entre los gobiernos locales y regionales y el gobierno central.<\/p>\n<p style=\"text-align: justify;\">\u201cNecesitamos r\u00e1pidamente generar este di\u00e1logo para lograr pol\u00edticas que desarrollen econ\u00f3mica y socialmente al pa\u00eds, y para que las pol\u00edticas sean estables en el tiempo, eso tiene que ser hecho con mucho di\u00e1logo\u201d, agreg\u00f3.<\/p>\n<p style=\"text-align: justify;\">De otro lado, asegur\u00f3 que el Per\u00fa cuenta con el potencial para alcanzar un crecimiento econ\u00f3mico de 4.8 por ciento en el 2015, proyectado por el Banco Central de Reserva (BCR).<\/p>\n<p style=\"text-align: justify;\">\u201cInclusive, si se aceleran las inversiones privadas, el pa\u00eds puede crecer un poco m\u00e1s, pero para eso necesitamos generar confianza y para ello tiene que existir el di\u00e1logo\u201d, puntualiz\u00f3.<\/p>\n<p style=\"text-align: justify;\">\u00a0<\/p>\n<p style=\"text-align: justify;\">Fuente: <strong><em>Andina<\/em><\/strong><\/p>\n<p style=\"text-align: justify;\">Foto: <strong><em>Andina<\/em><\/strong><\/p>\n<p>\u00a0<\/p>\n","protected":false},"excerpt":{"rendered":"<p>(Aeronoticias).- Un escenario sin mayor confrontaci\u00f3n \u201ctranquiliza\u201d a inversionistas, afirman.<\/p>\n","protected":false},"author":1,"featured_media":0,"comment_status":"open","ping_status":"open","sticky":false,"template":"","format":"standard","meta":{"tdm_status":"","tdm_grid_status":"","footnotes":""},"categories":[36],"tags":[],"class_list":{"0":"post-51439","1":"post","2":"type-post","3":"status-publish","4":"format-standard","6":"category-politica"},"yoast_head":"<!-- This site is optimized with the Yoast SEO plugin v25.1 - https:\/\/yoast.com\/wordpress\/plugins\/seo\/ -->\n<title>Lo que m\u00e1s necesita el pa\u00eds es di\u00e1logo, dice Sociedad Nacional de Industrias<\/title>\n<meta name=\"description\" content=\"Portal de noticias del Per\u00fa sobre el transporte a\u00e9reo, aviaci\u00f3n, turismo, hoteleria, actualidad.\" \/>\n<meta name=\"robots\" content=\"index, follow, max-snippet:-1, max-image-preview:large, max-video-preview:-1\" \/>\n<link rel=\"canonical\" href=\"https:\/\/aeronoticias.com.pe\/noticiero\/politica\/lo-que-mas-necesita-el-pais-es-dialogo-dice-sociedad-nacional-de-industrias\/\" \/>\n<meta property=\"og:locale\" content=\"es_ES\" \/>\n<meta property=\"og:type\" content=\"article\" \/>\n<meta property=\"og:title\" content=\"Lo que m\u00e1s necesita el pa\u00eds es di\u00e1logo, dice Sociedad Nacional de Industrias\" \/>\n<meta property=\"og:description\" content=\"Portal de noticias del Per\u00fa sobre el transporte a\u00e9reo, aviaci\u00f3n, turismo, hoteleria, actualidad.\" \/>\n<meta property=\"og:url\" content=\"https:\/\/aeronoticias.com.pe\/noticiero\/politica\/lo-que-mas-necesita-el-pais-es-dialogo-dice-sociedad-nacional-de-industrias\/\" \/>\n<meta property=\"og:site_name\" content=\"Aeronoticias.com.pe\" \/>\n<meta property=\"article:publisher\" content=\"https:\/\/www.facebook.com\/Aeronoticias.com.pe\/\" \/>\n<meta property=\"article:published_time\" content=\"2015-02-01T11:01:01+00:00\" \/>\n<meta name=\"author\" content=\"Redacci\u00f3n Aeronoticias\" \/>\n<meta name=\"twitter:card\" content=\"summary_large_image\" \/>\n<meta name=\"twitter:creator\" content=\"@aeronoticias\" \/>\n<meta name=\"twitter:site\" content=\"@aeronoticias\" \/>\n<meta name=\"twitter:label1\" content=\"Escrito por\" \/>\n\t<meta name=\"twitter:data1\" content=\"Redacci\u00f3n Aeronoticias\" \/>\n\t<meta name=\"twitter:label2\" content=\"Tiempo de lectura\" \/>\n\t<meta name=\"twitter:data2\" content=\"2 minutos\" \/>\n<script type=\"application\/ld+json\" class=\"yoast-schema-graph\">{\"@context\":\"https:\/\/schema.org\",\"@graph\":[{\"@type\":\"WebPage\",\"@id\":\"https:\/\/aeronoticias.com.pe\/noticiero\/politica\/lo-que-mas-necesita-el-pais-es-dialogo-dice-sociedad-nacional-de-industrias\/\",\"url\":\"https:\/\/aeronoticias.com.pe\/noticiero\/politica\/lo-que-mas-necesita-el-pais-es-dialogo-dice-sociedad-nacional-de-industrias\/\",\"name\":\"Lo que m\u00e1s necesita el pa\u00eds es di\u00e1logo, dice Sociedad Nacional de Industrias\",\"isPartOf\":{\"@id\":\"https:\/\/aeronoticias.com.pe\/noticiero\/#website\"},\"datePublished\":\"2015-02-01T11:01:01+00:00\",\"author\":{\"@id\":\"https:\/\/aeronoticias.com.pe\/noticiero\/#\/schema\/person\/fc1e5d578f4b62ba1cf7ac2bba1170a0\"},\"description\":\"Portal de noticias del Per\u00fa sobre el transporte a\u00e9reo, aviaci\u00f3n, turismo, hoteleria, actualidad.\",\"breadcrumb\":{\"@id\":\"https:\/\/aeronoticias.com.pe\/noticiero\/politica\/lo-que-mas-necesita-el-pais-es-dialogo-dice-sociedad-nacional-de-industrias\/#breadcrumb\"},\"inLanguage\":\"es\",\"potentialAction\":[{\"@type\":\"ReadAction\",\"target\":[\"https:\/\/aeronoticias.com.pe\/noticiero\/politica\/lo-que-mas-necesita-el-pais-es-dialogo-dice-sociedad-nacional-de-industrias\/\"]}]},{\"@type\":\"BreadcrumbList\",\"@id\":\"https:\/\/aeronoticias.com.pe\/noticiero\/politica\/lo-que-mas-necesita-el-pais-es-dialogo-dice-sociedad-nacional-de-industrias\/#breadcrumb\",\"itemListElement\":[{\"@type\":\"ListItem\",\"position\":1,\"name\":\"Portada\",\"item\":\"https:\/\/aeronoticias.com.pe\/noticiero\/\"},{\"@type\":\"ListItem\",\"position\":2,\"name\":\"Lo que m\u00e1s necesita el pa\u00eds es di\u00e1logo, dice Sociedad Nacional de Industrias\"}]},{\"@type\":\"WebSite\",\"@id\":\"https:\/\/aeronoticias.com.pe\/noticiero\/#website\",\"url\":\"https:\/\/aeronoticias.com.pe\/noticiero\/\",\"name\":\"Aeronoticias.com.pe\",\"description\":\"Noticias de tranporte aereo, turismo, hoteles, gastronomia, actualidad, internacional\",\"potentialAction\":[{\"@type\":\"SearchAction\",\"target\":{\"@type\":\"EntryPoint\",\"urlTemplate\":\"https:\/\/aeronoticias.com.pe\/noticiero\/?s={search_term_string}\"},\"query-input\":{\"@type\":\"PropertyValueSpecification\",\"valueRequired\":true,\"valueName\":\"search_term_string\"}}],\"inLanguage\":\"es\"},{\"@type\":\"Person\",\"@id\":\"https:\/\/aeronoticias.com.pe\/noticiero\/#\/schema\/person\/fc1e5d578f4b62ba1cf7ac2bba1170a0\",\"name\":\"Redacci\u00f3n Aeronoticias\",\"url\":\"https:\/\/aeronoticias.com.pe\/noticiero\/author\/piloto\/\"}]}<\/script>\n<!-- \/ Yoast SEO plugin. -->","yoast_head_json":{"title":"Lo que m\u00e1s necesita el pa\u00eds es di\u00e1logo, dice Sociedad Nacional de Industrias","description":"Portal de noticias del Per\u00fa sobre el transporte a\u00e9reo, aviaci\u00f3n, turismo, hoteleria, actualidad.","robots":{"index":"index","follow":"follow","max-snippet":"max-snippet:-1","max-image-preview":"max-image-preview:large","max-video-preview":"max-video-preview:-1"},"canonical":"https:\/\/aeronoticias.com.pe\/noticiero\/politica\/lo-que-mas-necesita-el-pais-es-dialogo-dice-sociedad-nacional-de-industrias\/","og_locale":"es_ES","og_type":"article","og_title":"Lo que m\u00e1s necesita el pa\u00eds es di\u00e1logo, dice Sociedad Nacional de Industrias","og_description":"Portal de noticias del Per\u00fa sobre el transporte a\u00e9reo, aviaci\u00f3n, turismo, hoteleria, actualidad.","og_url":"https:\/\/aeronoticias.com.pe\/noticiero\/politica\/lo-que-mas-necesita-el-pais-es-dialogo-dice-sociedad-nacional-de-industrias\/","og_site_name":"Aeronoticias.com.pe","article_publisher":"https:\/\/www.facebook.com\/Aeronoticias.com.pe\/","article_published_time":"2015-02-01T11:01:01+00:00","author":"Redacci\u00f3n Aeronoticias","twitter_card":"summary_large_image","twitter_creator":"@aeronoticias","twitter_site":"@aeronoticias","twitter_misc":{"Escrito por":"Redacci\u00f3n Aeronoticias","Tiempo de lectura":"2 minutos"},"schema":{"@context":"https:\/\/schema.org","@graph":[{"@type":"WebPage","@id":"https:\/\/aeronoticias.com.pe\/noticiero\/politica\/lo-que-mas-necesita-el-pais-es-dialogo-dice-sociedad-nacional-de-industrias\/","url":"https:\/\/aeronoticias.com.pe\/noticiero\/politica\/lo-que-mas-necesita-el-pais-es-dialogo-dice-sociedad-nacional-de-industrias\/","name":"Lo que m\u00e1s necesita el pa\u00eds es di\u00e1logo, dice Sociedad Nacional de Industrias","isPartOf":{"@id":"https:\/\/aeronoticias.com.pe\/noticiero\/#website"},"datePublished":"2015-02-01T11:01:01+00:00","author":{"@id":"https:\/\/aeronoticias.com.pe\/noticiero\/#\/schema\/person\/fc1e5d578f4b62ba1cf7ac2bba1170a0"},"description":"Portal de noticias del Per\u00fa sobre el transporte a\u00e9reo, aviaci\u00f3n, turismo, hoteleria, actualidad.","breadcrumb":{"@id":"https:\/\/aeronoticias.com.pe\/noticiero\/politica\/lo-que-mas-necesita-el-pais-es-dialogo-dice-sociedad-nacional-de-industrias\/#breadcrumb"},"inLanguage":"es","potentialAction":[{"@type":"ReadAction","target":["https:\/\/aeronoticias.com.pe\/noticiero\/politica\/lo-que-mas-necesita-el-pais-es-dialogo-dice-sociedad-nacional-de-industrias\/"]}]},{"@type":"BreadcrumbList","@id":"https:\/\/aeronoticias.com.pe\/noticiero\/politica\/lo-que-mas-necesita-el-pais-es-dialogo-dice-sociedad-nacional-de-industrias\/#breadcrumb","itemListElement":[{"@type":"ListItem","position":1,"name":"Portada","item":"https:\/\/aeronoticias.com.pe\/noticiero\/"},{"@type":"ListItem","position":2,"name":"Lo que m\u00e1s necesita el pa\u00eds es di\u00e1logo, dice Sociedad Nacional de Industrias"}]},{"@type":"WebSite","@id":"https:\/\/aeronoticias.com.pe\/noticiero\/#website","url":"https:\/\/aeronoticias.com.pe\/noticiero\/","name":"Aeronoticias.com.pe","description":"Noticias de tranporte aereo, turismo, hoteles, gastronomia, actualidad, internacional","potentialAction":[{"@type":"SearchAction","target":{"@type":"EntryPoint","urlTemplate":"https:\/\/aeronoticias.com.pe\/noticiero\/?s={search_term_string}"},"query-input":{"@type":"PropertyValueSpecification","valueRequired":true,"valueName":"search_term_string"}}],"inLanguage":"es"},{"@type":"Person","@id":"https:\/\/aeronoticias.com.pe\/noticiero\/#\/schema\/person\/fc1e5d578f4b62ba1cf7ac2bba1170a0","name":"Redacci\u00f3n Aeronoticias","url":"https:\/\/aeronoticias.com.pe\/noticiero\/author\/piloto\/"}]}},"_links":{"self":[{"href":"https:\/\/aeronoticias.com.pe\/noticiero\/wp-json\/wp\/v2\/posts\/51439","targetHints":{"allow":["GET"]}}],"collection":[{"href":"https:\/\/aeronoticias.com.pe\/noticiero\/wp-json\/wp\/v2\/posts"}],"about":[{"href":"https:\/\/aeronoticias.com.pe\/noticiero\/wp-json\/wp\/v2\/types\/post"}],"author":[{"embeddable":true,"href":"https:\/\/aeronoticias.com.pe\/noticiero\/wp-json\/wp\/v2\/users\/1"}],"replies":[{"embeddable":true,"href":"https:\/\/aeronoticias.com.pe\/noticiero\/wp-json\/wp\/v2\/comments?post=51439"}],"version-history":[{"count":0,"href":"https:\/\/aeronoticias.com.pe\/noticiero\/wp-json\/wp\/v2\/posts\/51439\/revisions"}],"wp:attachment":[{"href":"https:\/\/aeronoticias.com.pe\/noticiero\/wp-json\/wp\/v2\/media?parent=51439"}],"wp:term":[{"taxonomy":"category","embeddable":true,"href":"https:\/\/aeronoticias.com.pe\/noticiero\/wp-json\/wp\/v2\/categories?post=51439"},{"taxonomy":"post_tag","embeddable":true,"href":"https:\/\/aeronoticias.com.pe\/noticiero\/wp-json\/wp\/v2\/tags?post=51439"}],"curies":[{"name":"wp","href":"https:\/\/api.w.org\/{rel}","templated":true}]}}