{"id":51501,"date":"2015-02-08T11:01:01","date_gmt":"2015-02-08T11:01:01","guid":{"rendered":"http:\/\/desarrollo.mcvicious.com\/aero2020\/2015\/02\/08\/colombia-avion-se-incendia-en-pleno-vuelo\/"},"modified":"2015-02-08T11:01:01","modified_gmt":"2015-02-08T11:01:01","slug":"colombia-avion-se-incendia-en-pleno-vuelo","status":"publish","type":"post","link":"https:\/\/aeronoticias.com.pe\/noticiero\/transporte-aereo\/internacional\/colombia-avion-se-incendia-en-pleno-vuelo\/","title":{"rendered":"Colombia: Avi\u00f3n se incendia en pleno vuelo"},"content":{"rendered":"<p style=\"text-align: justify;\"><img decoding=\"async\" src=\"images\/stories\/15\/02\/080215\/b3.jpg\" border=\"0\" \/><\/p>\n<p style=\"text-align: justify;\"><strong style=\"font-size: 12.1599998474121px; line-height: 1.3em;\">(Aeronoticias).- <\/strong><span style=\"font-size: 12.1599998474121px; line-height: 1.3em;\">La nave de Viva Colombia cubr\u00eda la ruta Bogot\u00e1-Medell\u00edn. \u201cHab\u00eda ni\u00f1os llorando, la gente no sab\u00eda qu\u00e9 hacer\u00bb, narr\u00f3 pasajero.<\/span><\/p>\n<p>  <!--more-->  <\/p>\n<p style=\"text-align: justify;\">\u201cSe ve\u00eda una luz como de fuego y pensamos que el avi\u00f3n se iba a estrellar. La gente estaba pasmada, asustada. Le pregunt\u00e1bamos a la azafata que qu\u00e9 pasaba, pero ella estaba m\u00e1s asustada\u201d, narr\u00f3 Sebasti\u00e1n Jim\u00e9nez Botero, uno de los pasajeros que vivi\u00f3 la emergencia de este mi\u00e9rcoles en un vuelo de Viva Colombia que cubr\u00eda la ruta Bogot\u00e1-Medell\u00edn.<\/p>\n<p style=\"text-align: justify;\">A \u00e9l siempre le hab\u00eda gustado viajar en avi\u00f3n. Lo disfrutaba desde peque\u00f1o. \u00abMe en-can-ta\u00bb, afirma. Esta vez ten\u00eda un nuevo vuelo con destino a Medell\u00edn, su ciudad natal, como parte de un viaje \u2018rel\u00e1mpago\u2019. El despegue hacia Rionegro, en el vuelo 8023, era a las 6:58 p.m. de este mi\u00e9rcoles. Sebasti\u00e1n pretend\u00eda volver el jueves en la noche a Bogot\u00e1, ciudad donde reside hace cuatro a\u00f1os.<\/p>\n<p style=\"text-align: justify;\">Este publicista de 31 a\u00f1os quer\u00eda atender unos asuntos familiares en la capital antioque\u00f1a y luego regresar a su trabajo en el Ministerio de Comercio. Sin embargo, este encuentro con las alturas no ser\u00eda tan grato como los otros tantos que ha vivido.<\/p>\n<p style=\"text-align: justify;\">El itinerario estaba a tiempo y las condiciones eran favorables para un despegue cumplido. Tras abordar el Airbus A320, Sebasti\u00e1n se ubic\u00f3 en la fila 30 del costado izquierdo a la espera de la salida. El avi\u00f3n iba repleto. Los controladores a\u00e9reos dieron pista para que el piloto comenzara el despegue, pero al momento de levantar vuelo se escuch\u00f3 una explosi\u00f3n en el lado derecho de la aeronave y un destello que asust\u00f3 y desconcert\u00f3 a los pasajeros.<\/p>\n<p style=\"text-align: center;\"> <object width=\"610\" height=\"409\" data=\"http:\/\/www.youtube.com\/v\/25vZvTcAjZg? fs=1&amp;hl=en_US&amp;autoplay=0&amp; showinfo=0&amp;rel=0\" type=\"application\/x-shockwave-flash\"><param name=\"movie\" value=\"http:\/\/www.youtube.com\/v\/25vZvTcAjZg? fs=1&amp;hl=en_US&amp;autoplay=0&amp; showinfo=0&amp;rel=0\" \/><param name=\"wmode\" value=\"transparent\" \/><\/object> <\/p>\n<p style=\"text-align: justify;\">Quienes estaban ubicados en el lado derecho aseguraban que lo que aparentemente hab\u00eda estallado era una turbina, de la cual sal\u00eda fuego. Fueron momentos \u00abmuy tensos\u00bb, seg\u00fan lo describe. La reacci\u00f3n era mirar hacia todos los lados, escuchar lo que dec\u00edan de un lado, estar alerta a cualquier movimiento del avi\u00f3n. \u00abPensaba en los aviones perdidos de Asia\u00bb, expresa.<\/p>\n<p style=\"text-align: justify;\">\u201cHab\u00eda ni\u00f1os llorando, la gente no sab\u00eda qu\u00e9 hacer. Al principio, el piloto habl\u00f3 y dijo que habr\u00eda podido ser una llanta que explot\u00f3, pero los de la derecha dec\u00edan que era una turbina\u201d, comenta Sebasti\u00e1n.<\/p>\n<p style=\"text-align: justify;\">Sin saber qu\u00e9 iba a pasar y en medio de la angustia, los pasajeros vieron que la aeronave giraba hacia la derecha, al tiempo que sent\u00edan que volaban despacio y bajo. \u201cYo sent\u00eda que el avi\u00f3n perd\u00eda fuerza. No ten\u00eda la misma potencia\u201d. El fuego del lado derecho ya hab\u00eda desaparecido, lo que, en medio de todo, ayud\u00f3 a algunos a calmarse, pero a\u00fan preocupaba el aterrizaje, ante la supuesta p\u00e9rdida de una rueda.<\/p>\n<p style=\"text-align: justify;\">Sin embargo, la ansiedad segu\u00eda, pero nunca hubo desespero colectivo. La gente se tomaba de las manos mientras rezaban plegarias pidiendo salir a salvo de la emergencia. Luego de girar sobre la ciudad, el avi\u00f3n se dispuso a aterrizar, donde lo esperaban veh\u00edculos de bomberos y de atenci\u00f3n de emergencias.<\/p>\n<p style=\"text-align: justify;\">El aterrizaje fue suave. No hubo impacto fuerte. Al llegar a posici\u00f3n de evacuaci\u00f3n, los bomberos revisaron las llantas para corroborar si era lo que hab\u00eda explotado, como inicialmente se hab\u00eda reportado, pero no vieron novedades. Minutos m\u00e1s tarde, de acuerdo con el comunicado de la aerol\u00ednea, se determin\u00f3 que se trat\u00f3 de una falla en el motor derecho de la aeronave. \u00abLos pilotos son entrenados cada 6 meses para este tipo de situaciones\u00bb, agreg\u00f3 la comunicaci\u00f3n.<\/p>\n<p style=\"text-align: justify;\">\u201cGracias al piloto de VivaColombia estoy escribiendo esto\u201d, tuite\u00f3 Sebasti\u00e1n al salir del avi\u00f3n y pasar el mayor susto de su vida.<\/p>\n<p style=\"text-align: justify;\">Seg\u00fan cuenta, los 15 minutos que vivi\u00f3 este mi\u00e9rcoles en el cielo bogotano no los quiere volver a experimentar. \u201cUno est\u00e1 en el aire y no sabe qu\u00e9 hacer. Ya le cog\u00ed miedo a montar en avi\u00f3n. Me en-can-ta-ba\u201d.<\/p>\n<p style=\"text-align: justify;\">\u00a0<\/p>\n<p style=\"text-align: justify;\">Fuente:<strong><em> El comercio<\/em><\/strong><\/p>\n<p style=\"text-align: justify;\">Foto: <strong><em>Captura YouTube<\/em><\/strong><\/p>\n","protected":false},"excerpt":{"rendered":"<p>(Aeronoticias).- La nave de Viva Colombia cubr\u00eda la ruta Bogot\u00e1-Medell\u00edn. \u201cHab\u00eda ni\u00f1os llorando, la gente no sab\u00eda qu\u00e9 hacer\u00bb, narr\u00f3 pasajero.<\/p>\n","protected":false},"author":1,"featured_media":0,"comment_status":"open","ping_status":"open","sticky":false,"template":"","format":"standard","meta":{"tdm_status":"","tdm_grid_status":"","footnotes":""},"categories":[32],"tags":[],"class_list":{"0":"post-51501","1":"post","2":"type-post","3":"status-publish","4":"format-standard","6":"category-internacional"},"yoast_head":"<!-- This site is optimized with the Yoast SEO plugin v25.1 - https:\/\/yoast.com\/wordpress\/plugins\/seo\/ -->\n<title>Colombia: Avi\u00f3n se incendia en pleno vuelo<\/title>\n<meta name=\"description\" content=\"Portal de noticias del Per\u00fa sobre el transporte a\u00e9reo, aviaci\u00f3n, turismo, hoteleria, actualidad.\" \/>\n<meta name=\"robots\" content=\"index, follow, max-snippet:-1, max-image-preview:large, max-video-preview:-1\" \/>\n<link rel=\"canonical\" href=\"https:\/\/aeronoticias.com.pe\/noticiero\/transporte-aereo\/internacional\/colombia-avion-se-incendia-en-pleno-vuelo\/\" \/>\n<meta property=\"og:locale\" content=\"es_ES\" \/>\n<meta property=\"og:type\" content=\"article\" \/>\n<meta property=\"og:title\" content=\"Colombia: Avi\u00f3n se incendia en pleno vuelo\" \/>\n<meta property=\"og:description\" content=\"Portal de noticias del Per\u00fa sobre el transporte a\u00e9reo, aviaci\u00f3n, turismo, hoteleria, actualidad.\" \/>\n<meta property=\"og:url\" content=\"https:\/\/aeronoticias.com.pe\/noticiero\/transporte-aereo\/internacional\/colombia-avion-se-incendia-en-pleno-vuelo\/\" \/>\n<meta property=\"og:site_name\" content=\"Aeronoticias.com.pe\" \/>\n<meta property=\"article:publisher\" content=\"https:\/\/www.facebook.com\/Aeronoticias.com.pe\/\" \/>\n<meta property=\"article:published_time\" content=\"2015-02-08T11:01:01+00:00\" \/>\n<meta name=\"author\" content=\"Redacci\u00f3n Aeronoticias\" \/>\n<meta name=\"twitter:card\" content=\"summary_large_image\" \/>\n<meta name=\"twitter:creator\" content=\"@aeronoticias\" \/>\n<meta name=\"twitter:site\" content=\"@aeronoticias\" \/>\n<meta name=\"twitter:label1\" content=\"Escrito por\" \/>\n\t<meta name=\"twitter:data1\" content=\"Redacci\u00f3n Aeronoticias\" \/>\n\t<meta name=\"twitter:label2\" content=\"Tiempo de lectura\" \/>\n\t<meta name=\"twitter:data2\" content=\"3 minutos\" \/>\n<script type=\"application\/ld+json\" class=\"yoast-schema-graph\">{\"@context\":\"https:\/\/schema.org\",\"@graph\":[{\"@type\":\"WebPage\",\"@id\":\"https:\/\/aeronoticias.com.pe\/noticiero\/transporte-aereo\/internacional\/colombia-avion-se-incendia-en-pleno-vuelo\/\",\"url\":\"https:\/\/aeronoticias.com.pe\/noticiero\/transporte-aereo\/internacional\/colombia-avion-se-incendia-en-pleno-vuelo\/\",\"name\":\"Colombia: Avi\u00f3n se incendia en pleno vuelo\",\"isPartOf\":{\"@id\":\"https:\/\/aeronoticias.com.pe\/noticiero\/#website\"},\"datePublished\":\"2015-02-08T11:01:01+00:00\",\"author\":{\"@id\":\"https:\/\/aeronoticias.com.pe\/noticiero\/#\/schema\/person\/fc1e5d578f4b62ba1cf7ac2bba1170a0\"},\"description\":\"Portal de noticias del Per\u00fa sobre el transporte a\u00e9reo, aviaci\u00f3n, turismo, hoteleria, actualidad.\",\"breadcrumb\":{\"@id\":\"https:\/\/aeronoticias.com.pe\/noticiero\/transporte-aereo\/internacional\/colombia-avion-se-incendia-en-pleno-vuelo\/#breadcrumb\"},\"inLanguage\":\"es\",\"potentialAction\":[{\"@type\":\"ReadAction\",\"target\":[\"https:\/\/aeronoticias.com.pe\/noticiero\/transporte-aereo\/internacional\/colombia-avion-se-incendia-en-pleno-vuelo\/\"]}]},{\"@type\":\"BreadcrumbList\",\"@id\":\"https:\/\/aeronoticias.com.pe\/noticiero\/transporte-aereo\/internacional\/colombia-avion-se-incendia-en-pleno-vuelo\/#breadcrumb\",\"itemListElement\":[{\"@type\":\"ListItem\",\"position\":1,\"name\":\"Portada\",\"item\":\"https:\/\/aeronoticias.com.pe\/noticiero\/\"},{\"@type\":\"ListItem\",\"position\":2,\"name\":\"Colombia: Avi\u00f3n se incendia en pleno vuelo\"}]},{\"@type\":\"WebSite\",\"@id\":\"https:\/\/aeronoticias.com.pe\/noticiero\/#website\",\"url\":\"https:\/\/aeronoticias.com.pe\/noticiero\/\",\"name\":\"Aeronoticias.com.pe\",\"description\":\"Noticias de tranporte aereo, turismo, hoteles, gastronomia, actualidad, internacional\",\"potentialAction\":[{\"@type\":\"SearchAction\",\"target\":{\"@type\":\"EntryPoint\",\"urlTemplate\":\"https:\/\/aeronoticias.com.pe\/noticiero\/?s={search_term_string}\"},\"query-input\":{\"@type\":\"PropertyValueSpecification\",\"valueRequired\":true,\"valueName\":\"search_term_string\"}}],\"inLanguage\":\"es\"},{\"@type\":\"Person\",\"@id\":\"https:\/\/aeronoticias.com.pe\/noticiero\/#\/schema\/person\/fc1e5d578f4b62ba1cf7ac2bba1170a0\",\"name\":\"Redacci\u00f3n Aeronoticias\",\"url\":\"https:\/\/aeronoticias.com.pe\/noticiero\/author\/piloto\/\"}]}<\/script>\n<!-- \/ Yoast SEO plugin. -->","yoast_head_json":{"title":"Colombia: Avi\u00f3n se incendia en pleno vuelo","description":"Portal de noticias del Per\u00fa sobre el transporte a\u00e9reo, aviaci\u00f3n, turismo, hoteleria, actualidad.","robots":{"index":"index","follow":"follow","max-snippet":"max-snippet:-1","max-image-preview":"max-image-preview:large","max-video-preview":"max-video-preview:-1"},"canonical":"https:\/\/aeronoticias.com.pe\/noticiero\/transporte-aereo\/internacional\/colombia-avion-se-incendia-en-pleno-vuelo\/","og_locale":"es_ES","og_type":"article","og_title":"Colombia: Avi\u00f3n se incendia en pleno vuelo","og_description":"Portal de noticias del Per\u00fa sobre el transporte a\u00e9reo, aviaci\u00f3n, turismo, hoteleria, actualidad.","og_url":"https:\/\/aeronoticias.com.pe\/noticiero\/transporte-aereo\/internacional\/colombia-avion-se-incendia-en-pleno-vuelo\/","og_site_name":"Aeronoticias.com.pe","article_publisher":"https:\/\/www.facebook.com\/Aeronoticias.com.pe\/","article_published_time":"2015-02-08T11:01:01+00:00","author":"Redacci\u00f3n Aeronoticias","twitter_card":"summary_large_image","twitter_creator":"@aeronoticias","twitter_site":"@aeronoticias","twitter_misc":{"Escrito por":"Redacci\u00f3n Aeronoticias","Tiempo de lectura":"3 minutos"},"schema":{"@context":"https:\/\/schema.org","@graph":[{"@type":"WebPage","@id":"https:\/\/aeronoticias.com.pe\/noticiero\/transporte-aereo\/internacional\/colombia-avion-se-incendia-en-pleno-vuelo\/","url":"https:\/\/aeronoticias.com.pe\/noticiero\/transporte-aereo\/internacional\/colombia-avion-se-incendia-en-pleno-vuelo\/","name":"Colombia: Avi\u00f3n se incendia en pleno vuelo","isPartOf":{"@id":"https:\/\/aeronoticias.com.pe\/noticiero\/#website"},"datePublished":"2015-02-08T11:01:01+00:00","author":{"@id":"https:\/\/aeronoticias.com.pe\/noticiero\/#\/schema\/person\/fc1e5d578f4b62ba1cf7ac2bba1170a0"},"description":"Portal de noticias del Per\u00fa sobre el transporte a\u00e9reo, aviaci\u00f3n, turismo, hoteleria, actualidad.","breadcrumb":{"@id":"https:\/\/aeronoticias.com.pe\/noticiero\/transporte-aereo\/internacional\/colombia-avion-se-incendia-en-pleno-vuelo\/#breadcrumb"},"inLanguage":"es","potentialAction":[{"@type":"ReadAction","target":["https:\/\/aeronoticias.com.pe\/noticiero\/transporte-aereo\/internacional\/colombia-avion-se-incendia-en-pleno-vuelo\/"]}]},{"@type":"BreadcrumbList","@id":"https:\/\/aeronoticias.com.pe\/noticiero\/transporte-aereo\/internacional\/colombia-avion-se-incendia-en-pleno-vuelo\/#breadcrumb","itemListElement":[{"@type":"ListItem","position":1,"name":"Portada","item":"https:\/\/aeronoticias.com.pe\/noticiero\/"},{"@type":"ListItem","position":2,"name":"Colombia: Avi\u00f3n se incendia en pleno vuelo"}]},{"@type":"WebSite","@id":"https:\/\/aeronoticias.com.pe\/noticiero\/#website","url":"https:\/\/aeronoticias.com.pe\/noticiero\/","name":"Aeronoticias.com.pe","description":"Noticias de tranporte aereo, turismo, hoteles, gastronomia, actualidad, internacional","potentialAction":[{"@type":"SearchAction","target":{"@type":"EntryPoint","urlTemplate":"https:\/\/aeronoticias.com.pe\/noticiero\/?s={search_term_string}"},"query-input":{"@type":"PropertyValueSpecification","valueRequired":true,"valueName":"search_term_string"}}],"inLanguage":"es"},{"@type":"Person","@id":"https:\/\/aeronoticias.com.pe\/noticiero\/#\/schema\/person\/fc1e5d578f4b62ba1cf7ac2bba1170a0","name":"Redacci\u00f3n Aeronoticias","url":"https:\/\/aeronoticias.com.pe\/noticiero\/author\/piloto\/"}]}},"_links":{"self":[{"href":"https:\/\/aeronoticias.com.pe\/noticiero\/wp-json\/wp\/v2\/posts\/51501","targetHints":{"allow":["GET"]}}],"collection":[{"href":"https:\/\/aeronoticias.com.pe\/noticiero\/wp-json\/wp\/v2\/posts"}],"about":[{"href":"https:\/\/aeronoticias.com.pe\/noticiero\/wp-json\/wp\/v2\/types\/post"}],"author":[{"embeddable":true,"href":"https:\/\/aeronoticias.com.pe\/noticiero\/wp-json\/wp\/v2\/users\/1"}],"replies":[{"embeddable":true,"href":"https:\/\/aeronoticias.com.pe\/noticiero\/wp-json\/wp\/v2\/comments?post=51501"}],"version-history":[{"count":0,"href":"https:\/\/aeronoticias.com.pe\/noticiero\/wp-json\/wp\/v2\/posts\/51501\/revisions"}],"wp:attachment":[{"href":"https:\/\/aeronoticias.com.pe\/noticiero\/wp-json\/wp\/v2\/media?parent=51501"}],"wp:term":[{"taxonomy":"category","embeddable":true,"href":"https:\/\/aeronoticias.com.pe\/noticiero\/wp-json\/wp\/v2\/categories?post=51501"},{"taxonomy":"post_tag","embeddable":true,"href":"https:\/\/aeronoticias.com.pe\/noticiero\/wp-json\/wp\/v2\/tags?post=51501"}],"curies":[{"name":"wp","href":"https:\/\/api.w.org\/{rel}","templated":true}]}}