{"id":51523,"date":"2015-02-10T14:56:16","date_gmt":"2015-02-10T14:56:16","guid":{"rendered":"http:\/\/desarrollo.mcvicious.com\/aero2020\/2015\/02\/10\/julian-palacin-expondra-en-la-comision-de-relaciones-exteriores-del-congreso-de-la-republica-la-relacion-aerea-peru-chile\/"},"modified":"2015-02-10T14:56:16","modified_gmt":"2015-02-10T14:56:16","slug":"julian-palacin-expondra-en-la-comision-de-relaciones-exteriores-del-congreso-de-la-republica-la-relacion-aerea-peru-chile","status":"publish","type":"post","link":"https:\/\/aeronoticias.com.pe\/noticiero\/ultimas\/1\/julian-palacin-expondra-en-la-comision-de-relaciones-exteriores-del-congreso-de-la-republica-la-relacion-aerea-peru-chile\/","title":{"rendered":"Juli\u00e1n Palacin expondr\u00e1 en la Comisi\u00f3n de Relaciones Exteriores del Congreso de la Rep\u00fablica \u201cLa Relaci\u00f3n a\u00e9rea Per\u00fa-Chile\u201d"},"content":{"rendered":"<p style=\"text-align: justify;\"><strong>(Aeronoticias) <\/strong>El pr\u00f3ximo viernes 13 de febrero de 2015 a las 10 am en el edificio V\u00edctor Ra\u00fal Haya de la Torre del Congreso de la Rep\u00fablica, Sala 04, sesionar\u00e1 el grupo de trabajo parlamentario de la Comisi\u00f3n de Relaciones Exteriores de seguimiento de los convenios a\u00e9reos suscritos por el Per\u00fa, que preside el congresista por Trujillo, Roberto Edmundo Angulo \u00c1lvarez.<\/p>\n<p style=\"text-align: justify;\">Los invitados a exponer son el Director General de Aeron\u00e1utica Civil del Ministerio de Transportes, Dr. Juan Carlos Pavic Moreno, el Presidente de CORPAC, Dr. Miguel S\u00e1nchez del Solar Qui\u00f1ones y el Presidente del Instituto Peruano de Derecho A\u00e9reo, Dr. Juli\u00e1n Palacin Fern\u00e1ndez, ex Presidente de CORPAC, ex asesor del Ministro de Transportes y del Ministro de Relaciones Exteriores en Pol\u00edtica A\u00e9rea.<\/p>\n<p style=\"text-align: justify;\">Singular expectativa ha generado la conferencia de Juli\u00e1n Palacin Fern\u00e1ndez sobre los \u201cIntereses Nacionales y el Espacio A\u00e9reo\u201d, en donde tratar\u00e1 la relaci\u00f3n a\u00e9rea bilateral hist\u00f3rica Per\u00fa-Chile dentro de los convenios a\u00e9reos bilaterales firmados por el Per\u00fa con Chile en el 2007 y 2011.<\/p>\n<p style=\"text-align: justify;\">Palacin en 1983 fue nombrado por Resoluci\u00f3n Suprema 0080-83 el Presidente Fernando Belaunde, como Presidente de la Comisi\u00f3n de Juristas expertos en Derecho A\u00e9reo que establecieron en un documento los principios jur\u00eddicos de pol\u00edtica a\u00e9rea que han regido la posici\u00f3n normativa del Estado en las Leyes de Aeron\u00e1utica Civil Ley 24882 de 1988 y en la Ley 27261 del 2000.<\/p>\n<p style=\"text-align: justify;\">En el a\u00f1o 2011, el jurista fue convocado por la Vicepresidenta de la Rep\u00fablica, Marisol Espinoza Cruz, para un informe en la Comisi\u00f3n de Transferencia sobre este tema y es autor reciente de un libro \u201cL\u00ednea A\u00e9rea de Bandera\u201d en donde trata jur\u00eddicamente el tema.<\/p>\n<p style=\"text-align: justify;\">Su posici\u00f3n es que el Ministerio de Transportes en los Convenios A\u00e9reos firmados con Chile en el 2007 y en junio de 2011, no tuvieron en cuenta la soberan\u00eda del Per\u00fa y se otorgaron segmentos de quinta libertad a Chile sin reciprocidad y sin exigir compensaciones econ\u00f3micas, lo que significa una merma para la econom\u00eda nacional de m\u00e1s de 500 millones de d\u00f3lares.<\/p>\n<p style=\"text-align: justify;\">Tratar\u00e1 adem\u00e1s, el hecho hist\u00f3rico de c\u00f3mo un ministro de la \u00e9poca cerr\u00f3 el Comit\u00e9 Consultivo de Aeron\u00e1utica Civil del Ministerio de Transportes, que es un organismo creado por Ley y que dio una opini\u00f3n inc\u00f3moda a los intereses econ\u00f3micos de la \u00e9poca de no otorgar quintas libertades a LAN AIRLINES, asimismo se referir\u00e1 a c\u00f3mo la ex Ministra de Transportes Ver\u00f3nica Zavala Lombardi, ces\u00f3 a un Director de Aeron\u00e1utica Civil que se neg\u00f3 a firmar el Convenio A\u00e9reo Per\u00fa-Chile del 2007, en donde se entregaron segmentos de quinta libertad sin reciprocidad, entre otros temas de inter\u00e9s \u00a0que viene trabajando este grupo de trabajo parlamentario.<\/p>\n<p style=\"text-align: justify;\">La tesis del jurista es que si el Per\u00fa no hubiera otorgado segmentos de quinta libertad a Los \u00c1ngeles y Nueva York a Chile, se hubiera beneficiado a las l\u00edneas peruanas, como LAN PER\u00da, que hubiera podido operar estas rutas internacionales en terceras y cuartas libertades, beneficiando a la creaci\u00f3n de puestos de trabajo a pilotos, a tripulantes auxiliares y personal administrativo peruano.<\/p>\n<p style=\"text-align: justify;\"><img decoding=\"async\" src=\"images\/stories\/15\/02\/100215\/angulo-palacin.jpg\" border=\"0\" \/><\/p>\n","protected":false},"excerpt":{"rendered":"<p>(Aeronoticias) El pr\u00f3ximo viernes 13 de febrero de 2015 a las 10 am en el edificio V\u00edctor Ra\u00fal Haya de la Torre del Congreso de la Rep\u00fablica, Sala 04, sesionar\u00e1 el grupo de trabajo parlamentario de la Comisi\u00f3n de Relaciones Exteriores de seguimiento de los convenios a\u00e9reos suscritos por el Per\u00fa, que preside el congresista [&hellip;]<\/p>\n","protected":false},"author":1,"featured_media":0,"comment_status":"open","ping_status":"open","sticky":false,"template":"","format":"standard","meta":{"tdm_status":"","tdm_grid_status":"","footnotes":""},"categories":[30],"tags":[],"class_list":{"0":"post-51523","1":"post","2":"type-post","3":"status-publish","4":"format-standard","6":"category-30"},"yoast_head":"<!-- This site is optimized with the Yoast SEO plugin v25.1 - https:\/\/yoast.com\/wordpress\/plugins\/seo\/ -->\n<title>Juli\u00e1n Palacin expondr\u00e1 en la Comisi\u00f3n de Relaciones Exteriores del Congreso de la Rep\u00fablica \u201cLa Relaci\u00f3n a\u00e9rea Per\u00fa-Chile\u201d<\/title>\n<meta name=\"description\" content=\"Portal de noticias del Per\u00fa sobre el transporte a\u00e9reo, aviaci\u00f3n, turismo, hoteleria, actualidad.\" \/>\n<meta name=\"robots\" content=\"index, follow, max-snippet:-1, max-image-preview:large, max-video-preview:-1\" \/>\n<link rel=\"canonical\" href=\"https:\/\/aeronoticias.com.pe\/noticiero\/ultimas\/1\/julian-palacin-expondra-en-la-comision-de-relaciones-exteriores-del-congreso-de-la-republica-la-relacion-aerea-peru-chile\/\" \/>\n<meta property=\"og:locale\" content=\"es_ES\" \/>\n<meta property=\"og:type\" content=\"article\" \/>\n<meta property=\"og:title\" content=\"Juli\u00e1n Palacin expondr\u00e1 en la Comisi\u00f3n de Relaciones Exteriores del Congreso de la Rep\u00fablica \u201cLa Relaci\u00f3n a\u00e9rea Per\u00fa-Chile\u201d\" \/>\n<meta property=\"og:description\" content=\"Portal de noticias del Per\u00fa sobre el transporte a\u00e9reo, aviaci\u00f3n, turismo, hoteleria, actualidad.\" \/>\n<meta property=\"og:url\" content=\"https:\/\/aeronoticias.com.pe\/noticiero\/ultimas\/1\/julian-palacin-expondra-en-la-comision-de-relaciones-exteriores-del-congreso-de-la-republica-la-relacion-aerea-peru-chile\/\" \/>\n<meta property=\"og:site_name\" content=\"Aeronoticias.com.pe\" \/>\n<meta property=\"article:publisher\" content=\"https:\/\/www.facebook.com\/Aeronoticias.com.pe\/\" \/>\n<meta property=\"article:published_time\" content=\"2015-02-10T14:56:16+00:00\" \/>\n<meta name=\"author\" content=\"Redacci\u00f3n Aeronoticias\" \/>\n<meta name=\"twitter:card\" content=\"summary_large_image\" \/>\n<meta name=\"twitter:creator\" content=\"@aeronoticias\" \/>\n<meta name=\"twitter:site\" content=\"@aeronoticias\" \/>\n<meta name=\"twitter:label1\" content=\"Escrito por\" \/>\n\t<meta name=\"twitter:data1\" content=\"Redacci\u00f3n Aeronoticias\" \/>\n\t<meta name=\"twitter:label2\" content=\"Tiempo de lectura\" \/>\n\t<meta name=\"twitter:data2\" content=\"3 minutos\" \/>\n<script type=\"application\/ld+json\" class=\"yoast-schema-graph\">{\"@context\":\"https:\/\/schema.org\",\"@graph\":[{\"@type\":\"WebPage\",\"@id\":\"https:\/\/aeronoticias.com.pe\/noticiero\/ultimas\/1\/julian-palacin-expondra-en-la-comision-de-relaciones-exteriores-del-congreso-de-la-republica-la-relacion-aerea-peru-chile\/\",\"url\":\"https:\/\/aeronoticias.com.pe\/noticiero\/ultimas\/1\/julian-palacin-expondra-en-la-comision-de-relaciones-exteriores-del-congreso-de-la-republica-la-relacion-aerea-peru-chile\/\",\"name\":\"Juli\u00e1n Palacin expondr\u00e1 en la Comisi\u00f3n de Relaciones Exteriores del Congreso de la Rep\u00fablica \u201cLa Relaci\u00f3n a\u00e9rea Per\u00fa-Chile\u201d\",\"isPartOf\":{\"@id\":\"https:\/\/aeronoticias.com.pe\/noticiero\/#website\"},\"datePublished\":\"2015-02-10T14:56:16+00:00\",\"author\":{\"@id\":\"https:\/\/aeronoticias.com.pe\/noticiero\/#\/schema\/person\/fc1e5d578f4b62ba1cf7ac2bba1170a0\"},\"description\":\"Portal de noticias del Per\u00fa sobre el transporte a\u00e9reo, aviaci\u00f3n, turismo, hoteleria, actualidad.\",\"breadcrumb\":{\"@id\":\"https:\/\/aeronoticias.com.pe\/noticiero\/ultimas\/1\/julian-palacin-expondra-en-la-comision-de-relaciones-exteriores-del-congreso-de-la-republica-la-relacion-aerea-peru-chile\/#breadcrumb\"},\"inLanguage\":\"es\",\"potentialAction\":[{\"@type\":\"ReadAction\",\"target\":[\"https:\/\/aeronoticias.com.pe\/noticiero\/ultimas\/1\/julian-palacin-expondra-en-la-comision-de-relaciones-exteriores-del-congreso-de-la-republica-la-relacion-aerea-peru-chile\/\"]}]},{\"@type\":\"BreadcrumbList\",\"@id\":\"https:\/\/aeronoticias.com.pe\/noticiero\/ultimas\/1\/julian-palacin-expondra-en-la-comision-de-relaciones-exteriores-del-congreso-de-la-republica-la-relacion-aerea-peru-chile\/#breadcrumb\",\"itemListElement\":[{\"@type\":\"ListItem\",\"position\":1,\"name\":\"Portada\",\"item\":\"https:\/\/aeronoticias.com.pe\/noticiero\/\"},{\"@type\":\"ListItem\",\"position\":2,\"name\":\"Juli\u00e1n Palacin expondr\u00e1 en la Comisi\u00f3n de Relaciones Exteriores del Congreso de la Rep\u00fablica \u201cLa Relaci\u00f3n a\u00e9rea Per\u00fa-Chile\u201d\"}]},{\"@type\":\"WebSite\",\"@id\":\"https:\/\/aeronoticias.com.pe\/noticiero\/#website\",\"url\":\"https:\/\/aeronoticias.com.pe\/noticiero\/\",\"name\":\"Aeronoticias.com.pe\",\"description\":\"Noticias de tranporte aereo, turismo, hoteles, gastronomia, actualidad, internacional\",\"potentialAction\":[{\"@type\":\"SearchAction\",\"target\":{\"@type\":\"EntryPoint\",\"urlTemplate\":\"https:\/\/aeronoticias.com.pe\/noticiero\/?s={search_term_string}\"},\"query-input\":{\"@type\":\"PropertyValueSpecification\",\"valueRequired\":true,\"valueName\":\"search_term_string\"}}],\"inLanguage\":\"es\"},{\"@type\":\"Person\",\"@id\":\"https:\/\/aeronoticias.com.pe\/noticiero\/#\/schema\/person\/fc1e5d578f4b62ba1cf7ac2bba1170a0\",\"name\":\"Redacci\u00f3n Aeronoticias\",\"url\":\"https:\/\/aeronoticias.com.pe\/noticiero\/author\/piloto\/\"}]}<\/script>\n<!-- \/ Yoast SEO plugin. -->","yoast_head_json":{"title":"Juli\u00e1n Palacin expondr\u00e1 en la Comisi\u00f3n de Relaciones Exteriores del Congreso de la Rep\u00fablica \u201cLa Relaci\u00f3n a\u00e9rea Per\u00fa-Chile\u201d","description":"Portal de noticias del Per\u00fa sobre el transporte a\u00e9reo, aviaci\u00f3n, turismo, hoteleria, actualidad.","robots":{"index":"index","follow":"follow","max-snippet":"max-snippet:-1","max-image-preview":"max-image-preview:large","max-video-preview":"max-video-preview:-1"},"canonical":"https:\/\/aeronoticias.com.pe\/noticiero\/ultimas\/1\/julian-palacin-expondra-en-la-comision-de-relaciones-exteriores-del-congreso-de-la-republica-la-relacion-aerea-peru-chile\/","og_locale":"es_ES","og_type":"article","og_title":"Juli\u00e1n Palacin expondr\u00e1 en la Comisi\u00f3n de Relaciones Exteriores del Congreso de la Rep\u00fablica \u201cLa Relaci\u00f3n a\u00e9rea Per\u00fa-Chile\u201d","og_description":"Portal de noticias del Per\u00fa sobre el transporte a\u00e9reo, aviaci\u00f3n, turismo, hoteleria, actualidad.","og_url":"https:\/\/aeronoticias.com.pe\/noticiero\/ultimas\/1\/julian-palacin-expondra-en-la-comision-de-relaciones-exteriores-del-congreso-de-la-republica-la-relacion-aerea-peru-chile\/","og_site_name":"Aeronoticias.com.pe","article_publisher":"https:\/\/www.facebook.com\/Aeronoticias.com.pe\/","article_published_time":"2015-02-10T14:56:16+00:00","author":"Redacci\u00f3n Aeronoticias","twitter_card":"summary_large_image","twitter_creator":"@aeronoticias","twitter_site":"@aeronoticias","twitter_misc":{"Escrito por":"Redacci\u00f3n Aeronoticias","Tiempo de lectura":"3 minutos"},"schema":{"@context":"https:\/\/schema.org","@graph":[{"@type":"WebPage","@id":"https:\/\/aeronoticias.com.pe\/noticiero\/ultimas\/1\/julian-palacin-expondra-en-la-comision-de-relaciones-exteriores-del-congreso-de-la-republica-la-relacion-aerea-peru-chile\/","url":"https:\/\/aeronoticias.com.pe\/noticiero\/ultimas\/1\/julian-palacin-expondra-en-la-comision-de-relaciones-exteriores-del-congreso-de-la-republica-la-relacion-aerea-peru-chile\/","name":"Juli\u00e1n Palacin expondr\u00e1 en la Comisi\u00f3n de Relaciones Exteriores del Congreso de la Rep\u00fablica \u201cLa Relaci\u00f3n a\u00e9rea Per\u00fa-Chile\u201d","isPartOf":{"@id":"https:\/\/aeronoticias.com.pe\/noticiero\/#website"},"datePublished":"2015-02-10T14:56:16+00:00","author":{"@id":"https:\/\/aeronoticias.com.pe\/noticiero\/#\/schema\/person\/fc1e5d578f4b62ba1cf7ac2bba1170a0"},"description":"Portal de noticias del Per\u00fa sobre el transporte a\u00e9reo, aviaci\u00f3n, turismo, hoteleria, actualidad.","breadcrumb":{"@id":"https:\/\/aeronoticias.com.pe\/noticiero\/ultimas\/1\/julian-palacin-expondra-en-la-comision-de-relaciones-exteriores-del-congreso-de-la-republica-la-relacion-aerea-peru-chile\/#breadcrumb"},"inLanguage":"es","potentialAction":[{"@type":"ReadAction","target":["https:\/\/aeronoticias.com.pe\/noticiero\/ultimas\/1\/julian-palacin-expondra-en-la-comision-de-relaciones-exteriores-del-congreso-de-la-republica-la-relacion-aerea-peru-chile\/"]}]},{"@type":"BreadcrumbList","@id":"https:\/\/aeronoticias.com.pe\/noticiero\/ultimas\/1\/julian-palacin-expondra-en-la-comision-de-relaciones-exteriores-del-congreso-de-la-republica-la-relacion-aerea-peru-chile\/#breadcrumb","itemListElement":[{"@type":"ListItem","position":1,"name":"Portada","item":"https:\/\/aeronoticias.com.pe\/noticiero\/"},{"@type":"ListItem","position":2,"name":"Juli\u00e1n Palacin expondr\u00e1 en la Comisi\u00f3n de Relaciones Exteriores del Congreso de la Rep\u00fablica \u201cLa Relaci\u00f3n a\u00e9rea Per\u00fa-Chile\u201d"}]},{"@type":"WebSite","@id":"https:\/\/aeronoticias.com.pe\/noticiero\/#website","url":"https:\/\/aeronoticias.com.pe\/noticiero\/","name":"Aeronoticias.com.pe","description":"Noticias de tranporte aereo, turismo, hoteles, gastronomia, actualidad, internacional","potentialAction":[{"@type":"SearchAction","target":{"@type":"EntryPoint","urlTemplate":"https:\/\/aeronoticias.com.pe\/noticiero\/?s={search_term_string}"},"query-input":{"@type":"PropertyValueSpecification","valueRequired":true,"valueName":"search_term_string"}}],"inLanguage":"es"},{"@type":"Person","@id":"https:\/\/aeronoticias.com.pe\/noticiero\/#\/schema\/person\/fc1e5d578f4b62ba1cf7ac2bba1170a0","name":"Redacci\u00f3n Aeronoticias","url":"https:\/\/aeronoticias.com.pe\/noticiero\/author\/piloto\/"}]}},"_links":{"self":[{"href":"https:\/\/aeronoticias.com.pe\/noticiero\/wp-json\/wp\/v2\/posts\/51523","targetHints":{"allow":["GET"]}}],"collection":[{"href":"https:\/\/aeronoticias.com.pe\/noticiero\/wp-json\/wp\/v2\/posts"}],"about":[{"href":"https:\/\/aeronoticias.com.pe\/noticiero\/wp-json\/wp\/v2\/types\/post"}],"author":[{"embeddable":true,"href":"https:\/\/aeronoticias.com.pe\/noticiero\/wp-json\/wp\/v2\/users\/1"}],"replies":[{"embeddable":true,"href":"https:\/\/aeronoticias.com.pe\/noticiero\/wp-json\/wp\/v2\/comments?post=51523"}],"version-history":[{"count":0,"href":"https:\/\/aeronoticias.com.pe\/noticiero\/wp-json\/wp\/v2\/posts\/51523\/revisions"}],"wp:attachment":[{"href":"https:\/\/aeronoticias.com.pe\/noticiero\/wp-json\/wp\/v2\/media?parent=51523"}],"wp:term":[{"taxonomy":"category","embeddable":true,"href":"https:\/\/aeronoticias.com.pe\/noticiero\/wp-json\/wp\/v2\/categories?post=51523"},{"taxonomy":"post_tag","embeddable":true,"href":"https:\/\/aeronoticias.com.pe\/noticiero\/wp-json\/wp\/v2\/tags?post=51523"}],"curies":[{"name":"wp","href":"https:\/\/api.w.org\/{rel}","templated":true}]}}