{"id":51527,"date":"2015-02-10T15:35:10","date_gmt":"2015-02-10T15:35:10","guid":{"rendered":"http:\/\/desarrollo.mcvicious.com\/aero2020\/2015\/02\/10\/comision-de-meritocracia-medira-nivel-academico-e-idoneidad-para-ascensos-de-trabajadores-de-la-corte-del-callao\/"},"modified":"2015-02-10T15:35:10","modified_gmt":"2015-02-10T15:35:10","slug":"comision-de-meritocracia-medira-nivel-academico-e-idoneidad-para-ascensos-de-trabajadores-de-la-corte-del-callao","status":"publish","type":"post","link":"https:\/\/aeronoticias.com.pe\/noticiero\/nacionales\/comision-de-meritocracia-medira-nivel-academico-e-idoneidad-para-ascensos-de-trabajadores-de-la-corte-del-callao\/","title":{"rendered":"Comisi\u00f3n de meritocracia medir\u00e1 nivel acad\u00e9mico e idoneidad para ascensos de trabajadores de la Corte del Callao"},"content":{"rendered":"<p style=\"text-align: justify;\"><img decoding=\"async\" src=\"images\/stories\/15\/02\/a3.jpg\" border=\"0\" \/><\/p>\n<p style=\"text-align: justify;\"><strong>(Aeronoticias).-<\/strong> Se ubicar\u00e1 a cada recurso humano en el cuadro de m\u00e9ritos que le corresponde y generar\u00e1 transparencia en el manejo de recursos humanos para los ascensos o promociones.<\/p>\n<p style=\"text-align: justify;\">\u00a0<\/p>\n<p>  <!--more-->  <\/p>\n<p style=\"text-align: justify;\">La Corte Superior de Justicia del Callao que preside el doctor C\u00e9sar Hinostroza Pariachi, design\u00f3 la Comisi\u00f3n de Meritocracia de los Trabajadores Jurisdiccionales y Administrativos que elaborar\u00e1 el cuadro de m\u00e9ritos y servir\u00e1 de herramienta de gesti\u00f3n para la promoci\u00f3n de recursos humanos en cargos de mayor jerarqu\u00eda basado en el nivel acad\u00e9mico, idoneidad y probidad de cada servidor judicial.<\/p>\n<p>\u00a0<\/p>\n<p style=\"text-align: justify;\">\u201cDentro de la pol\u00edtica de gesti\u00f3n de esta Presidencia, se prioriz\u00f3 el principio de m\u00e9ritos como indicador para la promoci\u00f3n de jueces provisionales, como ocurri\u00f3 con la conformaci\u00f3n de Salas Superiores, as\u00ed como en la designaci\u00f3n de magistrados supernumerarios. Sin embargo, para los ascensos de los trabajadores jurisdiccionales y administrativos a cargos de mayor jerarqu\u00eda no tenemos indicadores legales quedando a criterio de la Presidencia. Por ello, considero que debe aplicarse este principio en la designaci\u00f3n de encargaturas y suplencias, de manera que se genere transparencia y objetivad en el manejo de los recursos humanos.\u201d, dijo C\u00e9sar Hinostroza Pariachi, Presidente de la Corte Superior del Callao.<\/p>\n<p style=\"text-align: justify;\">\u201cEsta buena pr\u00e1ctica ya institucionalizada en esta Corte superior, permitir\u00e1 promover e incentivar al personal para que se capacite de manera constante en sus respectivas especialidades, con la esperanza de ser promovidos cuando exista una plaza vacante, tan solo por sus m\u00e9ritos, lo cual beneficiar\u00e1 al justiciable por cuanto un trabajador calificado prestar\u00e1 un servicio m\u00e1s eficiente y eficaz\u201d, a\u00f1adi\u00f3 el titular de la Corte.<\/p>\n<p style=\"text-align: justify;\">En el nuevo cuadro de m\u00e9ritos que se reactualizar\u00e1 luego de cuatro a\u00f1os, la comisi\u00f3n realizar\u00e1 una evaluaci\u00f3n exhaustiva de cada trabajador, analizando los cargos y especialidades (Relatores, secretarios de sala, especialistas, secretarios judiciales, t\u00e9cnicos y asistentes judiciales, auxiliares jurisdiccionales, etc) para ser promovidos al cargo inmediato superior cuando exista una plaza vacante.<\/p>\n<p style=\"text-align: justify;\">Dicha comisi\u00f3n estar\u00e1 integrada por la juez superior Yrma Estrella Cama, quien la preside; adem\u00e1s de los magistrados V\u00edctor Arbul\u00fa Mart\u00ednez (penal), Luis Pajares Narva (civil) Marianella Leonardo Infante (Paz Letrado), as\u00ed como la coordinadora de Personal Ana Morey Ruiz, un representante de los sindicatos y la secretaria de la comisi\u00f3n Brenda Ventura Saavedra.<\/p>\n","protected":false},"excerpt":{"rendered":"<p>(Aeronoticias).- Se ubicar\u00e1 a cada recurso humano en el cuadro de m\u00e9ritos que le corresponde y generar\u00e1 transparencia en el manejo de recursos humanos para los ascensos o promociones. \u00a0<\/p>\n","protected":false},"author":1,"featured_media":0,"comment_status":"open","ping_status":"open","sticky":false,"template":"","format":"standard","meta":{"tdm_status":"","tdm_grid_status":"","footnotes":""},"categories":[38],"tags":[],"class_list":{"0":"post-51527","1":"post","2":"type-post","3":"status-publish","4":"format-standard","6":"category-nacionales"},"yoast_head":"<!-- This site is optimized with the Yoast SEO plugin v25.1 - https:\/\/yoast.com\/wordpress\/plugins\/seo\/ -->\n<title>Comisi\u00f3n de meritocracia medir\u00e1 nivel acad\u00e9mico e idoneidad para ascensos de trabajadores de la Corte del Callao<\/title>\n<meta name=\"description\" content=\"Portal de noticias del Per\u00fa sobre el transporte a\u00e9reo, aviaci\u00f3n, turismo, hoteleria, actualidad.\" \/>\n<meta name=\"robots\" content=\"index, follow, max-snippet:-1, max-image-preview:large, max-video-preview:-1\" \/>\n<link rel=\"canonical\" href=\"https:\/\/aeronoticias.com.pe\/noticiero\/nacionales\/comision-de-meritocracia-medira-nivel-academico-e-idoneidad-para-ascensos-de-trabajadores-de-la-corte-del-callao\/\" \/>\n<meta property=\"og:locale\" content=\"es_ES\" \/>\n<meta property=\"og:type\" content=\"article\" \/>\n<meta property=\"og:title\" content=\"Comisi\u00f3n de meritocracia medir\u00e1 nivel acad\u00e9mico e idoneidad para ascensos de trabajadores de la Corte del Callao\" \/>\n<meta property=\"og:description\" content=\"Portal de noticias del Per\u00fa sobre el transporte a\u00e9reo, aviaci\u00f3n, turismo, hoteleria, actualidad.\" \/>\n<meta property=\"og:url\" content=\"https:\/\/aeronoticias.com.pe\/noticiero\/nacionales\/comision-de-meritocracia-medira-nivel-academico-e-idoneidad-para-ascensos-de-trabajadores-de-la-corte-del-callao\/\" \/>\n<meta property=\"og:site_name\" content=\"Aeronoticias.com.pe\" \/>\n<meta property=\"article:publisher\" content=\"https:\/\/www.facebook.com\/Aeronoticias.com.pe\/\" \/>\n<meta property=\"article:published_time\" content=\"2015-02-10T15:35:10+00:00\" \/>\n<meta name=\"author\" content=\"Redacci\u00f3n Aeronoticias\" \/>\n<meta name=\"twitter:card\" content=\"summary_large_image\" \/>\n<meta name=\"twitter:creator\" content=\"@aeronoticias\" \/>\n<meta name=\"twitter:site\" content=\"@aeronoticias\" \/>\n<meta name=\"twitter:label1\" content=\"Escrito por\" \/>\n\t<meta name=\"twitter:data1\" content=\"Redacci\u00f3n Aeronoticias\" \/>\n\t<meta name=\"twitter:label2\" content=\"Tiempo de lectura\" \/>\n\t<meta name=\"twitter:data2\" content=\"2 minutos\" \/>\n<script type=\"application\/ld+json\" class=\"yoast-schema-graph\">{\"@context\":\"https:\/\/schema.org\",\"@graph\":[{\"@type\":\"WebPage\",\"@id\":\"https:\/\/aeronoticias.com.pe\/noticiero\/nacionales\/comision-de-meritocracia-medira-nivel-academico-e-idoneidad-para-ascensos-de-trabajadores-de-la-corte-del-callao\/\",\"url\":\"https:\/\/aeronoticias.com.pe\/noticiero\/nacionales\/comision-de-meritocracia-medira-nivel-academico-e-idoneidad-para-ascensos-de-trabajadores-de-la-corte-del-callao\/\",\"name\":\"Comisi\u00f3n de meritocracia medir\u00e1 nivel acad\u00e9mico e idoneidad para ascensos de trabajadores de la Corte del Callao\",\"isPartOf\":{\"@id\":\"https:\/\/aeronoticias.com.pe\/noticiero\/#website\"},\"datePublished\":\"2015-02-10T15:35:10+00:00\",\"author\":{\"@id\":\"https:\/\/aeronoticias.com.pe\/noticiero\/#\/schema\/person\/fc1e5d578f4b62ba1cf7ac2bba1170a0\"},\"description\":\"Portal de noticias del Per\u00fa sobre el transporte a\u00e9reo, aviaci\u00f3n, turismo, hoteleria, actualidad.\",\"breadcrumb\":{\"@id\":\"https:\/\/aeronoticias.com.pe\/noticiero\/nacionales\/comision-de-meritocracia-medira-nivel-academico-e-idoneidad-para-ascensos-de-trabajadores-de-la-corte-del-callao\/#breadcrumb\"},\"inLanguage\":\"es\",\"potentialAction\":[{\"@type\":\"ReadAction\",\"target\":[\"https:\/\/aeronoticias.com.pe\/noticiero\/nacionales\/comision-de-meritocracia-medira-nivel-academico-e-idoneidad-para-ascensos-de-trabajadores-de-la-corte-del-callao\/\"]}]},{\"@type\":\"BreadcrumbList\",\"@id\":\"https:\/\/aeronoticias.com.pe\/noticiero\/nacionales\/comision-de-meritocracia-medira-nivel-academico-e-idoneidad-para-ascensos-de-trabajadores-de-la-corte-del-callao\/#breadcrumb\",\"itemListElement\":[{\"@type\":\"ListItem\",\"position\":1,\"name\":\"Portada\",\"item\":\"https:\/\/aeronoticias.com.pe\/noticiero\/\"},{\"@type\":\"ListItem\",\"position\":2,\"name\":\"Comisi\u00f3n de meritocracia medir\u00e1 nivel acad\u00e9mico e idoneidad para ascensos de trabajadores de la Corte del Callao\"}]},{\"@type\":\"WebSite\",\"@id\":\"https:\/\/aeronoticias.com.pe\/noticiero\/#website\",\"url\":\"https:\/\/aeronoticias.com.pe\/noticiero\/\",\"name\":\"Aeronoticias.com.pe\",\"description\":\"Noticias de tranporte aereo, turismo, hoteles, gastronomia, actualidad, internacional\",\"potentialAction\":[{\"@type\":\"SearchAction\",\"target\":{\"@type\":\"EntryPoint\",\"urlTemplate\":\"https:\/\/aeronoticias.com.pe\/noticiero\/?s={search_term_string}\"},\"query-input\":{\"@type\":\"PropertyValueSpecification\",\"valueRequired\":true,\"valueName\":\"search_term_string\"}}],\"inLanguage\":\"es\"},{\"@type\":\"Person\",\"@id\":\"https:\/\/aeronoticias.com.pe\/noticiero\/#\/schema\/person\/fc1e5d578f4b62ba1cf7ac2bba1170a0\",\"name\":\"Redacci\u00f3n Aeronoticias\",\"url\":\"https:\/\/aeronoticias.com.pe\/noticiero\/author\/piloto\/\"}]}<\/script>\n<!-- \/ Yoast SEO plugin. -->","yoast_head_json":{"title":"Comisi\u00f3n de meritocracia medir\u00e1 nivel acad\u00e9mico e idoneidad para ascensos de trabajadores de la Corte del Callao","description":"Portal de noticias del Per\u00fa sobre el transporte a\u00e9reo, aviaci\u00f3n, turismo, hoteleria, actualidad.","robots":{"index":"index","follow":"follow","max-snippet":"max-snippet:-1","max-image-preview":"max-image-preview:large","max-video-preview":"max-video-preview:-1"},"canonical":"https:\/\/aeronoticias.com.pe\/noticiero\/nacionales\/comision-de-meritocracia-medira-nivel-academico-e-idoneidad-para-ascensos-de-trabajadores-de-la-corte-del-callao\/","og_locale":"es_ES","og_type":"article","og_title":"Comisi\u00f3n de meritocracia medir\u00e1 nivel acad\u00e9mico e idoneidad para ascensos de trabajadores de la Corte del Callao","og_description":"Portal de noticias del Per\u00fa sobre el transporte a\u00e9reo, aviaci\u00f3n, turismo, hoteleria, actualidad.","og_url":"https:\/\/aeronoticias.com.pe\/noticiero\/nacionales\/comision-de-meritocracia-medira-nivel-academico-e-idoneidad-para-ascensos-de-trabajadores-de-la-corte-del-callao\/","og_site_name":"Aeronoticias.com.pe","article_publisher":"https:\/\/www.facebook.com\/Aeronoticias.com.pe\/","article_published_time":"2015-02-10T15:35:10+00:00","author":"Redacci\u00f3n Aeronoticias","twitter_card":"summary_large_image","twitter_creator":"@aeronoticias","twitter_site":"@aeronoticias","twitter_misc":{"Escrito por":"Redacci\u00f3n Aeronoticias","Tiempo de lectura":"2 minutos"},"schema":{"@context":"https:\/\/schema.org","@graph":[{"@type":"WebPage","@id":"https:\/\/aeronoticias.com.pe\/noticiero\/nacionales\/comision-de-meritocracia-medira-nivel-academico-e-idoneidad-para-ascensos-de-trabajadores-de-la-corte-del-callao\/","url":"https:\/\/aeronoticias.com.pe\/noticiero\/nacionales\/comision-de-meritocracia-medira-nivel-academico-e-idoneidad-para-ascensos-de-trabajadores-de-la-corte-del-callao\/","name":"Comisi\u00f3n de meritocracia medir\u00e1 nivel acad\u00e9mico e idoneidad para ascensos de trabajadores de la Corte del Callao","isPartOf":{"@id":"https:\/\/aeronoticias.com.pe\/noticiero\/#website"},"datePublished":"2015-02-10T15:35:10+00:00","author":{"@id":"https:\/\/aeronoticias.com.pe\/noticiero\/#\/schema\/person\/fc1e5d578f4b62ba1cf7ac2bba1170a0"},"description":"Portal de noticias del Per\u00fa sobre el transporte a\u00e9reo, aviaci\u00f3n, turismo, hoteleria, actualidad.","breadcrumb":{"@id":"https:\/\/aeronoticias.com.pe\/noticiero\/nacionales\/comision-de-meritocracia-medira-nivel-academico-e-idoneidad-para-ascensos-de-trabajadores-de-la-corte-del-callao\/#breadcrumb"},"inLanguage":"es","potentialAction":[{"@type":"ReadAction","target":["https:\/\/aeronoticias.com.pe\/noticiero\/nacionales\/comision-de-meritocracia-medira-nivel-academico-e-idoneidad-para-ascensos-de-trabajadores-de-la-corte-del-callao\/"]}]},{"@type":"BreadcrumbList","@id":"https:\/\/aeronoticias.com.pe\/noticiero\/nacionales\/comision-de-meritocracia-medira-nivel-academico-e-idoneidad-para-ascensos-de-trabajadores-de-la-corte-del-callao\/#breadcrumb","itemListElement":[{"@type":"ListItem","position":1,"name":"Portada","item":"https:\/\/aeronoticias.com.pe\/noticiero\/"},{"@type":"ListItem","position":2,"name":"Comisi\u00f3n de meritocracia medir\u00e1 nivel acad\u00e9mico e idoneidad para ascensos de trabajadores de la Corte del Callao"}]},{"@type":"WebSite","@id":"https:\/\/aeronoticias.com.pe\/noticiero\/#website","url":"https:\/\/aeronoticias.com.pe\/noticiero\/","name":"Aeronoticias.com.pe","description":"Noticias de tranporte aereo, turismo, hoteles, gastronomia, actualidad, internacional","potentialAction":[{"@type":"SearchAction","target":{"@type":"EntryPoint","urlTemplate":"https:\/\/aeronoticias.com.pe\/noticiero\/?s={search_term_string}"},"query-input":{"@type":"PropertyValueSpecification","valueRequired":true,"valueName":"search_term_string"}}],"inLanguage":"es"},{"@type":"Person","@id":"https:\/\/aeronoticias.com.pe\/noticiero\/#\/schema\/person\/fc1e5d578f4b62ba1cf7ac2bba1170a0","name":"Redacci\u00f3n Aeronoticias","url":"https:\/\/aeronoticias.com.pe\/noticiero\/author\/piloto\/"}]}},"_links":{"self":[{"href":"https:\/\/aeronoticias.com.pe\/noticiero\/wp-json\/wp\/v2\/posts\/51527","targetHints":{"allow":["GET"]}}],"collection":[{"href":"https:\/\/aeronoticias.com.pe\/noticiero\/wp-json\/wp\/v2\/posts"}],"about":[{"href":"https:\/\/aeronoticias.com.pe\/noticiero\/wp-json\/wp\/v2\/types\/post"}],"author":[{"embeddable":true,"href":"https:\/\/aeronoticias.com.pe\/noticiero\/wp-json\/wp\/v2\/users\/1"}],"replies":[{"embeddable":true,"href":"https:\/\/aeronoticias.com.pe\/noticiero\/wp-json\/wp\/v2\/comments?post=51527"}],"version-history":[{"count":0,"href":"https:\/\/aeronoticias.com.pe\/noticiero\/wp-json\/wp\/v2\/posts\/51527\/revisions"}],"wp:attachment":[{"href":"https:\/\/aeronoticias.com.pe\/noticiero\/wp-json\/wp\/v2\/media?parent=51527"}],"wp:term":[{"taxonomy":"category","embeddable":true,"href":"https:\/\/aeronoticias.com.pe\/noticiero\/wp-json\/wp\/v2\/categories?post=51527"},{"taxonomy":"post_tag","embeddable":true,"href":"https:\/\/aeronoticias.com.pe\/noticiero\/wp-json\/wp\/v2\/tags?post=51527"}],"curies":[{"name":"wp","href":"https:\/\/api.w.org\/{rel}","templated":true}]}}