{"id":51532,"date":"2015-02-10T16:19:59","date_gmt":"2015-02-10T16:19:59","guid":{"rendered":"http:\/\/desarrollo.mcvicious.com\/aero2020\/2015\/02\/10\/samsung-electronics-presenta-su-vision-para-una-vida-mas-inteligente-con-la-ultima-tecnologia-en-samsung-forum-2015\/"},"modified":"2015-02-10T16:19:59","modified_gmt":"2015-02-10T16:19:59","slug":"samsung-electronics-presenta-su-vision-para-una-vida-mas-inteligente-con-la-ultima-tecnologia-en-samsung-forum-2015","status":"publish","type":"post","link":"https:\/\/aeronoticias.com.pe\/noticiero\/27\/samsung-electronics-presenta-su-vision-para-una-vida-mas-inteligente-con-la-ultima-tecnologia-en-samsung-forum-2015\/","title":{"rendered":"Samsung Forum 2015: Presenta su visi\u00f3n para una vida m\u00e1s inteligente con la \u00faltima tecnolog\u00eda"},"content":{"rendered":"<p style=\"text-align: justify;\"><img decoding=\"async\" src=\"images\/stories\/15\/02\/100215\/a6.jpg\" border=\"0\" \/><\/p>\n<p style=\"text-align: justify;\"><strong>(Aeronoticias).-<\/strong> <strong>Samsung<\/strong> anuncia la primera impresora del mundo que incorpora <strong>Android\u2122<\/strong><\/p>\n<p>  <!--more-->  <\/p>\n<p style=\"text-align: justify;\">Samsung Electronics Co. Ltd. present\u00f3 su visi\u00f3n y demostr\u00f3 su liderazgo en el mercado Latinoamericano (LATAM) en Samsung Forum 2015, llevado a cabo en M\u00f3naco. Samsung est\u00e1 llevando la calidad de imagen al pr\u00f3ximo nivel con lanzamientos para el mercado latinoamericano. La empresa tambi\u00e9n est\u00e1 lanzando nuevos electrodom\u00e9sticos inteligentes y soluciones B2B en toda regi\u00f3n que ofrecen una experiencia inigualable.<\/p>\n<p style=\"text-align: justify;\">Samsung tambi\u00e9n sigue dejando huella en el mercado de c\u00e1maras con la nueva c\u00e1mara NX500, inspirada en el desempe\u00f1o y caracter\u00edsticas de la premiada serie NX1 de Samsung. Adem\u00e1s de eso, SUHD TV equipada con Tizen de Samsung inicia una nueva \u00e9poca en UHD con su tecnolog\u00eda de exhibici\u00f3n exclusiva, motor de remasterizaci\u00f3n inteligente y funciones perfectas de Smart TV.<\/p>\n<p style=\"text-align: justify;\">Alrededor de 439 millones de habitantes &#8211; m\u00e1s del 72% de la poblaci\u00f3n de Latinoam\u00e9rica &#8211; tendr\u00e1n por lo menos un tel\u00e9fono m\u00f3vil en 2014, seg\u00fan la estimaci\u00f3n de eMarketer. Argentina lidera la regi\u00f3n en ese aspecto, con una estimaci\u00f3n del 82,0% de todos los residentes que se espera que tengan un tel\u00e9fono celular este a\u00f1o. Por otro lado, la tasa de penetraci\u00f3n del usuario de tel\u00e9fono celular de 63,0% en M\u00e9xico arrastrar\u00e1 el promedio regional. La empresa ha demostrado esto, durante el Samsung Forum, para reforzar su nueva gama de smartphones elegantes Galaxy A, que ofrecen maneras de capturar y compartir experiencias digitales.<\/p>\n<p style=\"text-align: justify;\">\u00abLatinoam\u00e9rica es un mercado importante para nosotros y Samsung alcanz\u00f3 un \u00e9xito pionero en la regi\u00f3n. Samsung significa oferta de experiencias incre\u00edbles, y nosotros podemos hacer eso debido a nuestro intenso enfoque en las necesidades de los consumidores \u00ab, dijo Pedro Kim, presidente y CEO de Samsung Latinoam\u00e9rica.<\/p>\n<p style=\"text-align: justify;\"><span style=\"text-decoration: underline;\">SUHD TV lleva la Calidad de Imagen a nuevos niveles<\/span><\/p>\n<p style=\"text-align: justify;\">Samsung est\u00e1 presentando JS9500 TV de 88 pulgadas, equipada con una tecnolog\u00eda de exhibici\u00f3n nanocristal, eco-friendly y capacidades SUHD inteligentes. SUHD TV es innovadora en todos los sentidos, ofreciendo una calidad de imagen superior con contraste deslumbrante, brillo impresionante, color espectacular y excelente detalle UHD. El motor de remasterizaci\u00f3n SUHD analiza autom\u00e1ticamente el brillo de las im\u00e1genes para mitigar el consumo de energ\u00eda adicional al expresar niveles de contraste deslumbrantes &#8211; produciendo im\u00e1genes con mejor contraste, dos veces y media m\u00e1s brillo que los televisores convencionales y dos veces los puntos de ajuste de color.<\/p>\n<p style=\"text-align: justify;\">Los semiconductores nanocristal de SUHD TV transmiten distintos colores de luz, dependiendo de su tama\u00f1o para producir la m\u00e1s alta pureza de color y eficiencia de luz disponible hoy. Esta tecnolog\u00eda proporciona a los telespectadores 64 veces m\u00e1s expresi\u00f3n de color que los TVs convencionales.<\/p>\n<p style=\"text-align: justify;\">Colaborando con 20th Century Fox, Samsung est\u00e1 optimizando su contenido para ofrecer calidad de primera SUHD y dar a los consumidores una experiencia de visualizaci\u00f3n incomparable. Recientemente, una colaboraci\u00f3n entre Samsung y Fox Innovation Lab proporcion\u00f3 la remasterizaci\u00f3n de la pel\u00edcula aclamada por la cr\u00edtica La Vida de Pi, espec\u00edficamente para SUHD TV, proporcionando im\u00e1genes con colores m\u00e1s vivos y m\u00e1s realistas que nunca.<\/p>\n<p style=\"text-align: justify;\">A partir de 2015, todas las nuevas Smart TVs de Samsung ser\u00e1n equipadas con el sistema operativo Tizen, que no s\u00f3lo proporcionan una mejor conectividad, sino tambi\u00e9n ofrecen a los desarrolladores una plataforma m\u00e1s robusta y m\u00e1s f\u00e1cil para crear aplicaciones. Lo m\u00e1s importante, garantiza que los consumidores tendr\u00e1n acceso a una gama mucho m\u00e1s amplia de contenido y servicios de Smart TV.<\/p>\n<p style=\"text-align: justify;\">Samsung ofrecer\u00e1 tres nuevas series de SUHD TVs\u00be JS9500, JS9000 y JS8500 \u00be a partir de 48 a 88 pulgadas, para que los consumidores tengan flexibilidad para comprar la televisi\u00f3n perfecta que se adapte a su estilo y gusto.<\/p>\n<p style=\"text-align: justify;\"><span style=\"text-decoration: underline;\">Nueva l\u00ednea de Audio Premium<\/span><\/p>\n<p style=\"text-align: justify;\">Samsung est\u00e1 trayendo productos de audio innovadores para Europa que dan a los consumidores una experiencia de audio surround m\u00e1s din\u00e1mica. Desarrollado por el nuevo laboratorio de audio de punta de Samsung en California, el WAM7500\/6500 ofrece una experiencia de sonido de 360 \u200b\u200bgrados debido a la tecnolog\u00eda ring radiator exclusiva de Samsung. Eso permite un verdadero sonido omni-direccional horizontal y vertical. El WAM7500 \/ 6500 llena la sala con un sonido verdaderamente equilibrado.<\/p>\n<p style=\"text-align: justify;\">Samsung tambi\u00e9n presenta su nueva Barra de Sonido Curva 8500, que complementa a los Televisores Curvos de Samsung de 48 a 78 pulgadas. Esta soluci\u00f3n de audio premium ofrece audio de canal 9.1 para una experiencia verdaderamente inmersiva. La Barra de Sonido Curva se conecta inal\u00e1mbricamente a la televisi\u00f3n y se puede usar para transmitir m\u00fasica a trav\u00e9s de la funcionalidad multi-salas de Samsung.<\/p>\n<p style=\"text-align: justify;\"><span style=\"text-decoration: underline;\">Electrodom\u00e9sticos dise\u00f1ados para una vida mejor<\/span><\/p>\n<p style=\"text-align: justify;\"><span style=\"text-decoration: underline;\"><img decoding=\"async\" src=\"images\/stories\/15\/02\/100215\/a6_1.jpg\" border=\"0\" \/><br \/><\/span><\/p>\n<p style=\"text-align: justify;\">Samsung est\u00e1 en camino de ser l\u00edder en el mercado de electrodom\u00e9sticos, gracias a la incorporaci\u00f3n de tecnolog\u00edas innovadoras y un excelente dise\u00f1o. La L\u00ednea Blanca de Samsung enriquece la vida de los consumidores, transformando momentos diarios en experiencias agradables.<\/p>\n<p style=\"text-align: justify;\">Food Show Case de Samsung &#8211; El refrigerador Food ShowCase de Samsung proporciona f\u00e1cil acceso a los alimentos. El showcase exterior ofrece acceso instant\u00e1neo a las bebidas y salsas; mientras el InnerCase permite almacenar comidas grandes y frescas.<\/p>\n<p style=\"text-align: justify;\">Active Wash \u2013 La innovaci\u00f3n m\u00e1s impresionante en la conferencia del Samsung Forum quiz\u00e1 est\u00e9 ocurriendo en la l\u00ednea de lavado. Active Wash, lavadora de carga superior incluye una tina incorporada para lavar ropas delicadas o hacer un prelavado. Samsung entiende las necesidades de los consumidores, desarrolla tecnolog\u00eda y servicios innovadores para ofrecer la experiencia m\u00e1s pr\u00e1ctica y eficientemente posible.<\/p>\n<p style=\"text-align: justify;\">\u00abHoy, Samsung est\u00e1 reinventando continuamente la tecnolog\u00eda de consumo que no s\u00f3lo mejora el estilo de vida, sino tambi\u00e9n tiene la capacidad de tener un impacto real en el hogar. Nuestra colaboraci\u00f3n con electrodom\u00e9sticos trae productos innovadores que ofrecen a los dise\u00f1adores de interiores un nivel excepcional de innovaci\u00f3n y calidad para sus clientes\u00bb, Dijo Pedro Kim, presidente y CEO de Samsung Latinoam\u00e9rica.<\/p>\n<p style=\"text-align: justify;\"><span style=\"text-decoration: underline;\">Comparta bellas im\u00e1genes en tiempo real la C\u00e1mara NX500 y NX1 de Samsung<\/span><\/p>\n<p style=\"text-align: justify;\"><span style=\"text-decoration: underline;\"><img decoding=\"async\" src=\"images\/stories\/15\/02\/100215\/a6_3.jpg\" border=\"0\" \/><br \/><\/span><\/p>\n<p style=\"text-align: justify;\">La nueva c\u00e1mara NX500 es la c\u00e1mara perfecta para el uso diario, con su procesador de imagen DRIMe5, el mejor en su categor\u00eda, un nuevo sistema AF h\u00edbrido y sensores APS-C BSI de alta resoluci\u00f3n de 28 MP de Samsung.<\/p>\n<p style=\"text-align: justify;\">En comparaci\u00f3n con los sensores CMOS convencionales, BSI reduce el ruido de forma m\u00e1s eficaz, manteniendo el camino entre el lente y sensores claros, as\u00ed m\u00e1s luz puede alcanzar cada pixel, reduciendo la relaci\u00f3n se\u00f1al-ruido. Como resultado, los usuarios de NX500 nunca tienen que comprometer la calidad de imagen, aunque haya poca luz.<\/p>\n<p style=\"text-align: justify;\">La NX1 se posiciona como la c\u00e1mara principal de Samsung, un producto l\u00edder de mercado y el apogeo de la innovaci\u00f3n en el mercado CSC y DSLR convencional. Una c\u00e1mara de lentes intercambiables extremadamente r\u00e1pida y precisa, NX1 tiene una variedad de recursos de elite que proporcionan la mejor experiencia de la categor\u00eda y hacen NX1 una opci\u00f3n atractiva para fot\u00f3grafos con experiencia, tanto de nivel semi profesional como profesional. NX1 es una prueba del compromiso de Samsung con la excelencia, representado a trav\u00e9s de tecnolog\u00eda innovadora que excede las expectativas de los usuarios expertos en t\u00e9rminos de desempe\u00f1o.<\/p>\n<p style=\"text-align: justify;\">\u00abLa estrategia de Samsung est\u00e1 enfocada en c\u00e1maras CSC (Compact System Camera), nueva generaci\u00f3n de c\u00e1maras compactas que ofrecen excelente calidad de imagen y muchas de las caracter\u00edsticas de un DSLR, s\u00f3lo que mucho m\u00e1s ligera, \u00e1gil y con conectividad sin precedentes que solo los productos de Samsung tiene\u00bb, dijo Pedro Kim, presidente y CEO de Samsung Latinoam\u00e9rica.<\/p>\n<p style=\"text-align: justify;\"><span style=\"text-decoration: underline;\">Samsung expande la l\u00ednea de la Serie Galaxy A de Smartphones<\/span><\/p>\n<p style=\"text-align: justify;\"><span style=\"text-decoration: underline;\"><img decoding=\"async\" src=\"images\/stories\/15\/02\/100215\/a6_2.jpg\" border=\"0\" \/><br \/><\/span><\/p>\n<p style=\"text-align: justify;\">Samsung expandi\u00f3 su l\u00ednea de smartphones Galaxy A en el mercado de Latinoam\u00e9rica. El Galaxy A7, A5 y A3 viene con una c\u00e1mara frontal de 5MP para garantizar el selfie perfecto, y adem\u00e1s ofrecen recursos originales como un escenario GIF animado. Con un dise\u00f1o de monocasco de metal, los tel\u00e9fonos Galaxy A ultra-slim son los compa\u00f1eros perfectos<\/p>\n<p style=\"text-align: justify;\">Para el mercado local, Samsung lleva la experiencia m\u00f3vil al pr\u00f3ximo nivel con su Galaxy Edge Note \u00fanico que maximiza la experiencia incomparable del Note de mayor pantalla, ofreciendo a los usuarios una manera revolucionaria de usar su dispositivo m\u00f3vil.<\/p>\n<p style=\"text-align: justify;\"><span style=\"text-decoration: underline;\">Soluciones de Monitores e Impresoras traen velocidad y convergencia para los negocios<\/span><\/p>\n<p style=\"text-align: justify;\">La nueva Impresora MX7 Quad Core CPU \u00a0(+ DSDF) de Samsung aumenta la eficiencia y reduce los tiempos de espera. MX7 lleva solo 18 segundos para iniciar y tan solo 12 segundos para encender. Ella tambi\u00e9n ofrece excelente calidad de imagen con 1200 dpi de impresi\u00f3n, adem\u00e1s de operar en velocidad total y en solo tres segundos imprimir la primera p\u00e1gina en un documento monocrom\u00e1tico, y en caso de impresores a color hacerlo en 4,5 segundos.<\/p>\n<p style=\"text-align: justify;\">MX7 tambi\u00e9n es capaz de una reducci\u00f3n significativa en el tiempo de digitalizaci\u00f3n con una velocidad de digitalizaci\u00f3n l\u00edder de mercado de hasta 120 im\u00e1genes por minuto, y hasta 240 im\u00e1genes de doble faz. Tambi\u00e9n soporta conexiones m\u00e1s r\u00e1pidas in-office con un chip de red 802.11ac-capable. MX7 posee Bluetooth Low Energy, ofreciendo siempre conectividad a los usuarios, para que puedan conectarse e imprimir con facilidad.<\/p>\n<p style=\"text-align: justify;\">Primer monitor de ultra alta definici\u00f3n profesional de Samsung (UHD), UD970 de 31,5 pulgadas, eleva la barra de colores para profesionales de dise\u00f1o y fotograf\u00eda con precisi\u00f3n de color incomparable &#8211; ofreciendo una experiencia incre\u00edble a los m\u00e1s exigentes creadores de contenido.<\/p>\n<p>\u00a0<\/p>\n<p>{jathumbnail off images=\u00bbimages\/stories\/15\/02\/100215\/a6.jpg,images\/stories\/15\/02\/100215\/a6_1.jpg,images\/stories\/15\/02\/100215\/a6_3.jpg,images\/stories\/15\/02\/100215\/a6_2.jpg\u00bb}<\/p>\n","protected":false},"excerpt":{"rendered":"<p>(Aeronoticias).- Samsung anuncia la primera impresora del mundo que incorpora Android\u2122<\/p>\n","protected":false},"author":1,"featured_media":0,"comment_status":"open","ping_status":"open","sticky":false,"template":"","format":"standard","meta":{"tdm_status":"","tdm_grid_status":"","footnotes":""},"categories":[35],"tags":[],"class_list":{"0":"post-51532","1":"post","2":"type-post","3":"status-publish","4":"format-standard","6":"category-35"},"yoast_head":"<!-- This site is optimized with the Yoast SEO plugin v25.1 - https:\/\/yoast.com\/wordpress\/plugins\/seo\/ -->\n<title>Samsung Forum 2015: Presenta su visi\u00f3n para una vida m\u00e1s inteligente con la \u00faltima tecnolog\u00eda<\/title>\n<meta name=\"description\" content=\"Portal de noticias del Per\u00fa sobre el transporte a\u00e9reo, aviaci\u00f3n, turismo, hoteleria, actualidad.\" \/>\n<meta name=\"robots\" content=\"index, follow, max-snippet:-1, max-image-preview:large, max-video-preview:-1\" \/>\n<link rel=\"canonical\" href=\"https:\/\/aeronoticias.com.pe\/noticiero\/27\/samsung-electronics-presenta-su-vision-para-una-vida-mas-inteligente-con-la-ultima-tecnologia-en-samsung-forum-2015\/\" \/>\n<meta property=\"og:locale\" content=\"es_ES\" \/>\n<meta property=\"og:type\" content=\"article\" \/>\n<meta property=\"og:title\" content=\"Samsung Forum 2015: Presenta su visi\u00f3n para una vida m\u00e1s inteligente con la \u00faltima tecnolog\u00eda\" \/>\n<meta property=\"og:description\" content=\"Portal de noticias del Per\u00fa sobre el transporte a\u00e9reo, aviaci\u00f3n, turismo, hoteleria, actualidad.\" \/>\n<meta property=\"og:url\" content=\"https:\/\/aeronoticias.com.pe\/noticiero\/27\/samsung-electronics-presenta-su-vision-para-una-vida-mas-inteligente-con-la-ultima-tecnologia-en-samsung-forum-2015\/\" \/>\n<meta property=\"og:site_name\" content=\"Aeronoticias.com.pe\" \/>\n<meta property=\"article:publisher\" content=\"https:\/\/www.facebook.com\/Aeronoticias.com.pe\/\" \/>\n<meta property=\"article:published_time\" content=\"2015-02-10T16:19:59+00:00\" \/>\n<meta name=\"author\" content=\"Redacci\u00f3n Aeronoticias\" \/>\n<meta name=\"twitter:card\" content=\"summary_large_image\" \/>\n<meta name=\"twitter:creator\" content=\"@aeronoticias\" \/>\n<meta name=\"twitter:site\" content=\"@aeronoticias\" \/>\n<meta name=\"twitter:label1\" content=\"Escrito por\" \/>\n\t<meta name=\"twitter:data1\" content=\"Redacci\u00f3n Aeronoticias\" \/>\n\t<meta name=\"twitter:label2\" content=\"Tiempo de lectura\" \/>\n\t<meta name=\"twitter:data2\" content=\"8 minutos\" \/>\n<script type=\"application\/ld+json\" class=\"yoast-schema-graph\">{\"@context\":\"https:\/\/schema.org\",\"@graph\":[{\"@type\":\"WebPage\",\"@id\":\"https:\/\/aeronoticias.com.pe\/noticiero\/27\/samsung-electronics-presenta-su-vision-para-una-vida-mas-inteligente-con-la-ultima-tecnologia-en-samsung-forum-2015\/\",\"url\":\"https:\/\/aeronoticias.com.pe\/noticiero\/27\/samsung-electronics-presenta-su-vision-para-una-vida-mas-inteligente-con-la-ultima-tecnologia-en-samsung-forum-2015\/\",\"name\":\"Samsung Forum 2015: Presenta su visi\u00f3n para una vida m\u00e1s inteligente con la \u00faltima tecnolog\u00eda\",\"isPartOf\":{\"@id\":\"https:\/\/aeronoticias.com.pe\/noticiero\/#website\"},\"datePublished\":\"2015-02-10T16:19:59+00:00\",\"author\":{\"@id\":\"https:\/\/aeronoticias.com.pe\/noticiero\/#\/schema\/person\/fc1e5d578f4b62ba1cf7ac2bba1170a0\"},\"description\":\"Portal de noticias del Per\u00fa sobre el transporte a\u00e9reo, aviaci\u00f3n, turismo, hoteleria, actualidad.\",\"breadcrumb\":{\"@id\":\"https:\/\/aeronoticias.com.pe\/noticiero\/27\/samsung-electronics-presenta-su-vision-para-una-vida-mas-inteligente-con-la-ultima-tecnologia-en-samsung-forum-2015\/#breadcrumb\"},\"inLanguage\":\"es\",\"potentialAction\":[{\"@type\":\"ReadAction\",\"target\":[\"https:\/\/aeronoticias.com.pe\/noticiero\/27\/samsung-electronics-presenta-su-vision-para-una-vida-mas-inteligente-con-la-ultima-tecnologia-en-samsung-forum-2015\/\"]}]},{\"@type\":\"BreadcrumbList\",\"@id\":\"https:\/\/aeronoticias.com.pe\/noticiero\/27\/samsung-electronics-presenta-su-vision-para-una-vida-mas-inteligente-con-la-ultima-tecnologia-en-samsung-forum-2015\/#breadcrumb\",\"itemListElement\":[{\"@type\":\"ListItem\",\"position\":1,\"name\":\"Portada\",\"item\":\"https:\/\/aeronoticias.com.pe\/noticiero\/\"},{\"@type\":\"ListItem\",\"position\":2,\"name\":\"Samsung Forum 2015: Presenta su visi\u00f3n para una vida m\u00e1s inteligente con la \u00faltima tecnolog\u00eda\"}]},{\"@type\":\"WebSite\",\"@id\":\"https:\/\/aeronoticias.com.pe\/noticiero\/#website\",\"url\":\"https:\/\/aeronoticias.com.pe\/noticiero\/\",\"name\":\"Aeronoticias.com.pe\",\"description\":\"Noticias de tranporte aereo, turismo, hoteles, gastronomia, actualidad, internacional\",\"potentialAction\":[{\"@type\":\"SearchAction\",\"target\":{\"@type\":\"EntryPoint\",\"urlTemplate\":\"https:\/\/aeronoticias.com.pe\/noticiero\/?s={search_term_string}\"},\"query-input\":{\"@type\":\"PropertyValueSpecification\",\"valueRequired\":true,\"valueName\":\"search_term_string\"}}],\"inLanguage\":\"es\"},{\"@type\":\"Person\",\"@id\":\"https:\/\/aeronoticias.com.pe\/noticiero\/#\/schema\/person\/fc1e5d578f4b62ba1cf7ac2bba1170a0\",\"name\":\"Redacci\u00f3n Aeronoticias\",\"url\":\"https:\/\/aeronoticias.com.pe\/noticiero\/author\/piloto\/\"}]}<\/script>\n<!-- \/ Yoast SEO plugin. -->","yoast_head_json":{"title":"Samsung Forum 2015: Presenta su visi\u00f3n para una vida m\u00e1s inteligente con la \u00faltima tecnolog\u00eda","description":"Portal de noticias del Per\u00fa sobre el transporte a\u00e9reo, aviaci\u00f3n, turismo, hoteleria, actualidad.","robots":{"index":"index","follow":"follow","max-snippet":"max-snippet:-1","max-image-preview":"max-image-preview:large","max-video-preview":"max-video-preview:-1"},"canonical":"https:\/\/aeronoticias.com.pe\/noticiero\/27\/samsung-electronics-presenta-su-vision-para-una-vida-mas-inteligente-con-la-ultima-tecnologia-en-samsung-forum-2015\/","og_locale":"es_ES","og_type":"article","og_title":"Samsung Forum 2015: Presenta su visi\u00f3n para una vida m\u00e1s inteligente con la \u00faltima tecnolog\u00eda","og_description":"Portal de noticias del Per\u00fa sobre el transporte a\u00e9reo, aviaci\u00f3n, turismo, hoteleria, actualidad.","og_url":"https:\/\/aeronoticias.com.pe\/noticiero\/27\/samsung-electronics-presenta-su-vision-para-una-vida-mas-inteligente-con-la-ultima-tecnologia-en-samsung-forum-2015\/","og_site_name":"Aeronoticias.com.pe","article_publisher":"https:\/\/www.facebook.com\/Aeronoticias.com.pe\/","article_published_time":"2015-02-10T16:19:59+00:00","author":"Redacci\u00f3n Aeronoticias","twitter_card":"summary_large_image","twitter_creator":"@aeronoticias","twitter_site":"@aeronoticias","twitter_misc":{"Escrito por":"Redacci\u00f3n Aeronoticias","Tiempo de lectura":"8 minutos"},"schema":{"@context":"https:\/\/schema.org","@graph":[{"@type":"WebPage","@id":"https:\/\/aeronoticias.com.pe\/noticiero\/27\/samsung-electronics-presenta-su-vision-para-una-vida-mas-inteligente-con-la-ultima-tecnologia-en-samsung-forum-2015\/","url":"https:\/\/aeronoticias.com.pe\/noticiero\/27\/samsung-electronics-presenta-su-vision-para-una-vida-mas-inteligente-con-la-ultima-tecnologia-en-samsung-forum-2015\/","name":"Samsung Forum 2015: Presenta su visi\u00f3n para una vida m\u00e1s inteligente con la \u00faltima tecnolog\u00eda","isPartOf":{"@id":"https:\/\/aeronoticias.com.pe\/noticiero\/#website"},"datePublished":"2015-02-10T16:19:59+00:00","author":{"@id":"https:\/\/aeronoticias.com.pe\/noticiero\/#\/schema\/person\/fc1e5d578f4b62ba1cf7ac2bba1170a0"},"description":"Portal de noticias del Per\u00fa sobre el transporte a\u00e9reo, aviaci\u00f3n, turismo, hoteleria, actualidad.","breadcrumb":{"@id":"https:\/\/aeronoticias.com.pe\/noticiero\/27\/samsung-electronics-presenta-su-vision-para-una-vida-mas-inteligente-con-la-ultima-tecnologia-en-samsung-forum-2015\/#breadcrumb"},"inLanguage":"es","potentialAction":[{"@type":"ReadAction","target":["https:\/\/aeronoticias.com.pe\/noticiero\/27\/samsung-electronics-presenta-su-vision-para-una-vida-mas-inteligente-con-la-ultima-tecnologia-en-samsung-forum-2015\/"]}]},{"@type":"BreadcrumbList","@id":"https:\/\/aeronoticias.com.pe\/noticiero\/27\/samsung-electronics-presenta-su-vision-para-una-vida-mas-inteligente-con-la-ultima-tecnologia-en-samsung-forum-2015\/#breadcrumb","itemListElement":[{"@type":"ListItem","position":1,"name":"Portada","item":"https:\/\/aeronoticias.com.pe\/noticiero\/"},{"@type":"ListItem","position":2,"name":"Samsung Forum 2015: Presenta su visi\u00f3n para una vida m\u00e1s inteligente con la \u00faltima tecnolog\u00eda"}]},{"@type":"WebSite","@id":"https:\/\/aeronoticias.com.pe\/noticiero\/#website","url":"https:\/\/aeronoticias.com.pe\/noticiero\/","name":"Aeronoticias.com.pe","description":"Noticias de tranporte aereo, turismo, hoteles, gastronomia, actualidad, internacional","potentialAction":[{"@type":"SearchAction","target":{"@type":"EntryPoint","urlTemplate":"https:\/\/aeronoticias.com.pe\/noticiero\/?s={search_term_string}"},"query-input":{"@type":"PropertyValueSpecification","valueRequired":true,"valueName":"search_term_string"}}],"inLanguage":"es"},{"@type":"Person","@id":"https:\/\/aeronoticias.com.pe\/noticiero\/#\/schema\/person\/fc1e5d578f4b62ba1cf7ac2bba1170a0","name":"Redacci\u00f3n Aeronoticias","url":"https:\/\/aeronoticias.com.pe\/noticiero\/author\/piloto\/"}]}},"_links":{"self":[{"href":"https:\/\/aeronoticias.com.pe\/noticiero\/wp-json\/wp\/v2\/posts\/51532","targetHints":{"allow":["GET"]}}],"collection":[{"href":"https:\/\/aeronoticias.com.pe\/noticiero\/wp-json\/wp\/v2\/posts"}],"about":[{"href":"https:\/\/aeronoticias.com.pe\/noticiero\/wp-json\/wp\/v2\/types\/post"}],"author":[{"embeddable":true,"href":"https:\/\/aeronoticias.com.pe\/noticiero\/wp-json\/wp\/v2\/users\/1"}],"replies":[{"embeddable":true,"href":"https:\/\/aeronoticias.com.pe\/noticiero\/wp-json\/wp\/v2\/comments?post=51532"}],"version-history":[{"count":0,"href":"https:\/\/aeronoticias.com.pe\/noticiero\/wp-json\/wp\/v2\/posts\/51532\/revisions"}],"wp:attachment":[{"href":"https:\/\/aeronoticias.com.pe\/noticiero\/wp-json\/wp\/v2\/media?parent=51532"}],"wp:term":[{"taxonomy":"category","embeddable":true,"href":"https:\/\/aeronoticias.com.pe\/noticiero\/wp-json\/wp\/v2\/categories?post=51532"},{"taxonomy":"post_tag","embeddable":true,"href":"https:\/\/aeronoticias.com.pe\/noticiero\/wp-json\/wp\/v2\/tags?post=51532"}],"curies":[{"name":"wp","href":"https:\/\/api.w.org\/{rel}","templated":true}]}}