{"id":51533,"date":"2015-02-10T16:33:12","date_gmt":"2015-02-10T16:33:12","guid":{"rendered":"http:\/\/desarrollo.mcvicious.com\/aero2020\/2015\/02\/10\/alondra-garcia-miro-afirma-que-quisiera-pasar-el-resto-de-su-vida-con-paolo-guerreo\/"},"modified":"2015-02-10T16:33:12","modified_gmt":"2015-02-10T16:33:12","slug":"alondra-garcia-miro-afirma-que-quisiera-pasar-el-resto-de-su-vida-con-paolo-guerreo","status":"publish","type":"post","link":"https:\/\/aeronoticias.com.pe\/noticiero\/espectaculos\/alondra-garcia-miro-afirma-que-quisiera-pasar-el-resto-de-su-vida-con-paolo-guerreo\/","title":{"rendered":"Alondra Garc\u00eda Mir\u00f3 afirma que quisiera pasar el resto de su vida con Paolo Guerreo"},"content":{"rendered":"<p style=\"text-align: justify;\"><strong>(Aeronoticias) <\/strong><span style=\"font-size: 12.1599998474121px; line-height: 1.3em;\">Alondra Garc\u00eda Mir\u00f3 vive uno de los mejores momentos sentimentales junto a Paolo Guerrero. La modelo asegur\u00f3 que quisiera pasar el resto de su vida junto al futbolista.<\/span><\/p>\n<p style=\"text-align: justify;\"><span style=\"font-size: 12.1599998474121px; line-height: 1.3em;\">\u00abYo sent\u00ed, desde el primer d\u00eda, que era el chico que estaba esperando. Me dio la seguridad de que no solo mis sentimientos hacia \u00e9l eran fuertes, sino que eran mutuos. Me demostraba que no era un amor de verano\u201d, coment\u00f3 Alondra en entrevista con la revista \u00abCosas\u00bb.<\/span><\/p>\n<p style=\"text-align: justify;\"><span style=\"font-size: 12.1599998474121px; line-height: 1.3em;\">Luego, agreg\u00f3: \u201cNo tengo una bola de cristal para saber el futuro, pero, si hoy en d\u00eda me preguntan con qui\u00e9n quiero estar el resto de mi vida, dir\u00eda sin duda: con \u00e9l\u201d.<\/span><\/p>\n<p style=\"text-align: justify;\"><span style=\"font-size: 12.1599998474121px; line-height: 1.3em;\">Alondra y Paolo iniciaron su romance a fines del 2014, \u00a0pero la relaci\u00f3n es tan intensa que ya hablaron de matrimonio.<\/span><\/p>\n<p style=\"text-align: justify;\"><span style=\"font-size: 12.1599998474121px; line-height: 1.3em;\">\u201cLas parejas enamoradas suelen hablar del futuro, pero creo que lo que est\u00e1 m\u00e1s claro es que tenemos una proyecci\u00f3n como pareja a futuro\u201d, refiri\u00f3 Alondra Garc\u00eda Mir\u00f3.<\/span><\/p>\n<p style=\"text-align: justify;\"><span style=\"font-size: 12.1599998474121px; line-height: 1.3em;\">Por otro lado, la modelo revel\u00f3 que eval\u00faa dejar \u201cCombate\u201dporque cree que lleg\u00f3 el momento de explorar nuevos campos.<\/span><\/p>\n<p style=\"text-align: justify;\"><span style=\"font-size: 12.1599998474121px; line-height: 1.3em;\">\u201cSiento que se est\u00e1 cumpliendo mi ciclo en los realities y toca explorar otras cosas\u201d.<\/span><\/p>\n<p style=\"text-align: justify;\"><span style=\"font-size: 12.1599998474121px; line-height: 1.3em;\">Asimismo aclar\u00f3 que su relaci\u00f3n con Paolo no es la t\u00edpica relaci\u00f3n de enamorados, pues manejar una casa implica muchas responsabilidades. \u00abLa distancia me ha forzado a dar este paso, tal vez antes de lo que hubiese ocurrido si \u00e9l viviera en Lima\u00bb, acot\u00f3.<\/span><\/p>\n<p style=\"text-align: justify;\"><span style=\"font-size: 12.1599998474121px; line-height: 1.3em;\">Dijo, adem\u00e1s, que por trabajo no podr\u00e1 quedarse todo el tiempo en Brasil junto a Paolo Guerrero, pues en Lima tiene proyectos laborales pendientes.<\/span><\/p>\n<p style=\"text-align: justify;\"><span style=\"font-size: 12.1599998474121px; line-height: 1.3em;\">Asimismo, destac\u00f3 la vida ordenada y disciplinada del delantero del \u00a0Corinthians. \u00abMe da tranquilidad saber que es tan responsable y que toda su vida se la dedica al f\u00fatbol y a su familia. No lleva una vida desordenada. Es recontra casero y su trabajo le demanda un mont\u00f3n de disciplina\u00bb.<\/span><\/p>\n<p style=\"text-align: justify;\"><span style=\"font-size: 12.1599998474121px; line-height: 1.3em;\">Finalmente, Alondra Garc\u00eda Mir\u00f3 cont\u00f3 que conoci\u00f3 a la familia de Paolo \u00a0y asegur\u00f3 que le tiene mucho respeto a do\u00f1a Peta, madre del futbolista.<\/span><\/p>\n<p style=\"text-align: justify;\"><span style=\"font-size: 12.1599998474121px; line-height: 1.3em;\">\u00abMe los present\u00f3 muy r\u00e1pido ( Paolo a su familila), y poco a poco fui construyendo una bonita relaci\u00f3n con su familia, en especial con la se\u00f1ora Peta (su mam\u00e1), a la que le tengo un respeto enorme\u00bb, subray\u00f3.<\/span><\/p>\n<p style=\"text-align: justify;\"><span style=\"font-size: 12.1599998474121px; line-height: 1.3em;\"><strong><em>Fuente: elcomercio.pe<\/em><\/strong><\/span><\/p>\n<p><img decoding=\"async\" src=\"images\/stories\/15\/02\/100215\/alondra-paolo.jpg\" border=\"0\" \/><\/p>\n","protected":false},"excerpt":{"rendered":"<p>(Aeronoticias) Alondra Garc\u00eda Mir\u00f3 vive uno de los mejores momentos sentimentales junto a Paolo Guerrero. La modelo asegur\u00f3 que quisiera pasar el resto de su vida junto al futbolista. \u00abYo sent\u00ed, desde el primer d\u00eda, que era el chico que estaba esperando. Me dio la seguridad de que no solo mis sentimientos hacia \u00e9l eran [&hellip;]<\/p>\n","protected":false},"author":1,"featured_media":0,"comment_status":"open","ping_status":"open","sticky":false,"template":"","format":"standard","meta":{"tdm_status":"","tdm_grid_status":"","footnotes":""},"categories":[41],"tags":[],"class_list":{"0":"post-51533","1":"post","2":"type-post","3":"status-publish","4":"format-standard","6":"category-espectaculos"},"yoast_head":"<!-- This site is optimized with the Yoast SEO plugin v25.1 - https:\/\/yoast.com\/wordpress\/plugins\/seo\/ -->\n<title>Alondra Garc\u00eda Mir\u00f3 afirma que quisiera pasar el resto de su vida con Paolo Guerreo<\/title>\n<meta name=\"description\" content=\"Portal de noticias del Per\u00fa sobre el transporte a\u00e9reo, aviaci\u00f3n, turismo, hoteleria, actualidad.\" \/>\n<meta name=\"robots\" content=\"index, follow, max-snippet:-1, max-image-preview:large, max-video-preview:-1\" \/>\n<link rel=\"canonical\" href=\"https:\/\/aeronoticias.com.pe\/noticiero\/espectaculos\/alondra-garcia-miro-afirma-que-quisiera-pasar-el-resto-de-su-vida-con-paolo-guerreo\/\" \/>\n<meta property=\"og:locale\" content=\"es_ES\" \/>\n<meta property=\"og:type\" content=\"article\" \/>\n<meta property=\"og:title\" content=\"Alondra Garc\u00eda Mir\u00f3 afirma que quisiera pasar el resto de su vida con Paolo Guerreo\" \/>\n<meta property=\"og:description\" content=\"Portal de noticias del Per\u00fa sobre el transporte a\u00e9reo, aviaci\u00f3n, turismo, hoteleria, actualidad.\" \/>\n<meta property=\"og:url\" content=\"https:\/\/aeronoticias.com.pe\/noticiero\/espectaculos\/alondra-garcia-miro-afirma-que-quisiera-pasar-el-resto-de-su-vida-con-paolo-guerreo\/\" \/>\n<meta property=\"og:site_name\" content=\"Aeronoticias.com.pe\" \/>\n<meta property=\"article:publisher\" content=\"https:\/\/www.facebook.com\/Aeronoticias.com.pe\/\" \/>\n<meta property=\"article:published_time\" content=\"2015-02-10T16:33:12+00:00\" \/>\n<meta name=\"author\" content=\"Redacci\u00f3n Aeronoticias\" \/>\n<meta name=\"twitter:card\" content=\"summary_large_image\" \/>\n<meta name=\"twitter:creator\" content=\"@aeronoticias\" \/>\n<meta name=\"twitter:site\" content=\"@aeronoticias\" \/>\n<meta name=\"twitter:label1\" content=\"Escrito por\" \/>\n\t<meta name=\"twitter:data1\" content=\"Redacci\u00f3n Aeronoticias\" \/>\n\t<meta name=\"twitter:label2\" content=\"Tiempo de lectura\" \/>\n\t<meta name=\"twitter:data2\" content=\"2 minutos\" \/>\n<script type=\"application\/ld+json\" class=\"yoast-schema-graph\">{\"@context\":\"https:\/\/schema.org\",\"@graph\":[{\"@type\":\"WebPage\",\"@id\":\"https:\/\/aeronoticias.com.pe\/noticiero\/espectaculos\/alondra-garcia-miro-afirma-que-quisiera-pasar-el-resto-de-su-vida-con-paolo-guerreo\/\",\"url\":\"https:\/\/aeronoticias.com.pe\/noticiero\/espectaculos\/alondra-garcia-miro-afirma-que-quisiera-pasar-el-resto-de-su-vida-con-paolo-guerreo\/\",\"name\":\"Alondra Garc\u00eda Mir\u00f3 afirma que quisiera pasar el resto de su vida con Paolo Guerreo\",\"isPartOf\":{\"@id\":\"https:\/\/aeronoticias.com.pe\/noticiero\/#website\"},\"datePublished\":\"2015-02-10T16:33:12+00:00\",\"author\":{\"@id\":\"https:\/\/aeronoticias.com.pe\/noticiero\/#\/schema\/person\/fc1e5d578f4b62ba1cf7ac2bba1170a0\"},\"description\":\"Portal de noticias del Per\u00fa sobre el transporte a\u00e9reo, aviaci\u00f3n, turismo, hoteleria, actualidad.\",\"breadcrumb\":{\"@id\":\"https:\/\/aeronoticias.com.pe\/noticiero\/espectaculos\/alondra-garcia-miro-afirma-que-quisiera-pasar-el-resto-de-su-vida-con-paolo-guerreo\/#breadcrumb\"},\"inLanguage\":\"es\",\"potentialAction\":[{\"@type\":\"ReadAction\",\"target\":[\"https:\/\/aeronoticias.com.pe\/noticiero\/espectaculos\/alondra-garcia-miro-afirma-que-quisiera-pasar-el-resto-de-su-vida-con-paolo-guerreo\/\"]}]},{\"@type\":\"BreadcrumbList\",\"@id\":\"https:\/\/aeronoticias.com.pe\/noticiero\/espectaculos\/alondra-garcia-miro-afirma-que-quisiera-pasar-el-resto-de-su-vida-con-paolo-guerreo\/#breadcrumb\",\"itemListElement\":[{\"@type\":\"ListItem\",\"position\":1,\"name\":\"Portada\",\"item\":\"https:\/\/aeronoticias.com.pe\/noticiero\/\"},{\"@type\":\"ListItem\",\"position\":2,\"name\":\"Alondra Garc\u00eda Mir\u00f3 afirma que quisiera pasar el resto de su vida con Paolo Guerreo\"}]},{\"@type\":\"WebSite\",\"@id\":\"https:\/\/aeronoticias.com.pe\/noticiero\/#website\",\"url\":\"https:\/\/aeronoticias.com.pe\/noticiero\/\",\"name\":\"Aeronoticias.com.pe\",\"description\":\"Noticias de tranporte aereo, turismo, hoteles, gastronomia, actualidad, internacional\",\"potentialAction\":[{\"@type\":\"SearchAction\",\"target\":{\"@type\":\"EntryPoint\",\"urlTemplate\":\"https:\/\/aeronoticias.com.pe\/noticiero\/?s={search_term_string}\"},\"query-input\":{\"@type\":\"PropertyValueSpecification\",\"valueRequired\":true,\"valueName\":\"search_term_string\"}}],\"inLanguage\":\"es\"},{\"@type\":\"Person\",\"@id\":\"https:\/\/aeronoticias.com.pe\/noticiero\/#\/schema\/person\/fc1e5d578f4b62ba1cf7ac2bba1170a0\",\"name\":\"Redacci\u00f3n Aeronoticias\",\"url\":\"https:\/\/aeronoticias.com.pe\/noticiero\/author\/piloto\/\"}]}<\/script>\n<!-- \/ Yoast SEO plugin. -->","yoast_head_json":{"title":"Alondra Garc\u00eda Mir\u00f3 afirma que quisiera pasar el resto de su vida con Paolo Guerreo","description":"Portal de noticias del Per\u00fa sobre el transporte a\u00e9reo, aviaci\u00f3n, turismo, hoteleria, actualidad.","robots":{"index":"index","follow":"follow","max-snippet":"max-snippet:-1","max-image-preview":"max-image-preview:large","max-video-preview":"max-video-preview:-1"},"canonical":"https:\/\/aeronoticias.com.pe\/noticiero\/espectaculos\/alondra-garcia-miro-afirma-que-quisiera-pasar-el-resto-de-su-vida-con-paolo-guerreo\/","og_locale":"es_ES","og_type":"article","og_title":"Alondra Garc\u00eda Mir\u00f3 afirma que quisiera pasar el resto de su vida con Paolo Guerreo","og_description":"Portal de noticias del Per\u00fa sobre el transporte a\u00e9reo, aviaci\u00f3n, turismo, hoteleria, actualidad.","og_url":"https:\/\/aeronoticias.com.pe\/noticiero\/espectaculos\/alondra-garcia-miro-afirma-que-quisiera-pasar-el-resto-de-su-vida-con-paolo-guerreo\/","og_site_name":"Aeronoticias.com.pe","article_publisher":"https:\/\/www.facebook.com\/Aeronoticias.com.pe\/","article_published_time":"2015-02-10T16:33:12+00:00","author":"Redacci\u00f3n Aeronoticias","twitter_card":"summary_large_image","twitter_creator":"@aeronoticias","twitter_site":"@aeronoticias","twitter_misc":{"Escrito por":"Redacci\u00f3n Aeronoticias","Tiempo de lectura":"2 minutos"},"schema":{"@context":"https:\/\/schema.org","@graph":[{"@type":"WebPage","@id":"https:\/\/aeronoticias.com.pe\/noticiero\/espectaculos\/alondra-garcia-miro-afirma-que-quisiera-pasar-el-resto-de-su-vida-con-paolo-guerreo\/","url":"https:\/\/aeronoticias.com.pe\/noticiero\/espectaculos\/alondra-garcia-miro-afirma-que-quisiera-pasar-el-resto-de-su-vida-con-paolo-guerreo\/","name":"Alondra Garc\u00eda Mir\u00f3 afirma que quisiera pasar el resto de su vida con Paolo Guerreo","isPartOf":{"@id":"https:\/\/aeronoticias.com.pe\/noticiero\/#website"},"datePublished":"2015-02-10T16:33:12+00:00","author":{"@id":"https:\/\/aeronoticias.com.pe\/noticiero\/#\/schema\/person\/fc1e5d578f4b62ba1cf7ac2bba1170a0"},"description":"Portal de noticias del Per\u00fa sobre el transporte a\u00e9reo, aviaci\u00f3n, turismo, hoteleria, actualidad.","breadcrumb":{"@id":"https:\/\/aeronoticias.com.pe\/noticiero\/espectaculos\/alondra-garcia-miro-afirma-que-quisiera-pasar-el-resto-de-su-vida-con-paolo-guerreo\/#breadcrumb"},"inLanguage":"es","potentialAction":[{"@type":"ReadAction","target":["https:\/\/aeronoticias.com.pe\/noticiero\/espectaculos\/alondra-garcia-miro-afirma-que-quisiera-pasar-el-resto-de-su-vida-con-paolo-guerreo\/"]}]},{"@type":"BreadcrumbList","@id":"https:\/\/aeronoticias.com.pe\/noticiero\/espectaculos\/alondra-garcia-miro-afirma-que-quisiera-pasar-el-resto-de-su-vida-con-paolo-guerreo\/#breadcrumb","itemListElement":[{"@type":"ListItem","position":1,"name":"Portada","item":"https:\/\/aeronoticias.com.pe\/noticiero\/"},{"@type":"ListItem","position":2,"name":"Alondra Garc\u00eda Mir\u00f3 afirma que quisiera pasar el resto de su vida con Paolo Guerreo"}]},{"@type":"WebSite","@id":"https:\/\/aeronoticias.com.pe\/noticiero\/#website","url":"https:\/\/aeronoticias.com.pe\/noticiero\/","name":"Aeronoticias.com.pe","description":"Noticias de tranporte aereo, turismo, hoteles, gastronomia, actualidad, internacional","potentialAction":[{"@type":"SearchAction","target":{"@type":"EntryPoint","urlTemplate":"https:\/\/aeronoticias.com.pe\/noticiero\/?s={search_term_string}"},"query-input":{"@type":"PropertyValueSpecification","valueRequired":true,"valueName":"search_term_string"}}],"inLanguage":"es"},{"@type":"Person","@id":"https:\/\/aeronoticias.com.pe\/noticiero\/#\/schema\/person\/fc1e5d578f4b62ba1cf7ac2bba1170a0","name":"Redacci\u00f3n Aeronoticias","url":"https:\/\/aeronoticias.com.pe\/noticiero\/author\/piloto\/"}]}},"_links":{"self":[{"href":"https:\/\/aeronoticias.com.pe\/noticiero\/wp-json\/wp\/v2\/posts\/51533","targetHints":{"allow":["GET"]}}],"collection":[{"href":"https:\/\/aeronoticias.com.pe\/noticiero\/wp-json\/wp\/v2\/posts"}],"about":[{"href":"https:\/\/aeronoticias.com.pe\/noticiero\/wp-json\/wp\/v2\/types\/post"}],"author":[{"embeddable":true,"href":"https:\/\/aeronoticias.com.pe\/noticiero\/wp-json\/wp\/v2\/users\/1"}],"replies":[{"embeddable":true,"href":"https:\/\/aeronoticias.com.pe\/noticiero\/wp-json\/wp\/v2\/comments?post=51533"}],"version-history":[{"count":0,"href":"https:\/\/aeronoticias.com.pe\/noticiero\/wp-json\/wp\/v2\/posts\/51533\/revisions"}],"wp:attachment":[{"href":"https:\/\/aeronoticias.com.pe\/noticiero\/wp-json\/wp\/v2\/media?parent=51533"}],"wp:term":[{"taxonomy":"category","embeddable":true,"href":"https:\/\/aeronoticias.com.pe\/noticiero\/wp-json\/wp\/v2\/categories?post=51533"},{"taxonomy":"post_tag","embeddable":true,"href":"https:\/\/aeronoticias.com.pe\/noticiero\/wp-json\/wp\/v2\/tags?post=51533"}],"curies":[{"name":"wp","href":"https:\/\/api.w.org\/{rel}","templated":true}]}}