{"id":51535,"date":"2015-02-10T17:00:04","date_gmt":"2015-02-10T17:00:04","guid":{"rendered":"http:\/\/desarrollo.mcvicious.com\/aero2020\/2015\/02\/10\/otra-vez-vuelos-afectados-por-neblina\/"},"modified":"2015-02-10T17:00:04","modified_gmt":"2015-02-10T17:00:04","slug":"otra-vez-vuelos-afectados-por-neblina","status":"publish","type":"post","link":"https:\/\/aeronoticias.com.pe\/noticiero\/transporte-aereo\/nacional\/otra-vez-vuelos-afectados-por-neblina\/","title":{"rendered":"Neblina afecta los vuelos en aeropuerto arequipe\u00f1o"},"content":{"rendered":"<p style=\"text-align: justify;\"><img decoding=\"async\" src=\"images\/stories\/15\/02\/100215\/a8.jpg\" border=\"0\" \/><\/p>\n<p style=\"text-align: justify;\"><strong>(Aeronoticias).-<\/strong> Por tercer d\u00eda consecutivo una densa niebla, acompa\u00f1ada de una copiosa llovizna, cubri\u00f3 puntos altos de la ciudad y provincias de Arequipa afectando sobre todo a los vuelos del <strong>aeropuerto Alfredo Rodr\u00edguez Ball\u00f3n.<\/strong><\/p>\n<p>  <!--more-->  <\/p>\n<p><span style=\"text-align: justify; font-size: 12.1599998474121px; line-height: 1.3em;\">Jose Luis Ticona, especialista del Servicio Nacional de Meteorolog\u00eda e Hidrolog\u00eda (Senamhi), precis\u00f3 que este fen\u00f3meno meteorol\u00f3gico ocurre entre los 2 mil 200 y los 3 mil metros sobre el nivel del mar, afectando tambi\u00e9n a localidades de las provincias de Caylloma, Castilla y Condesuyos.<\/span><\/p>\n<p style=\"text-align: justify;\">La niebla tambi\u00e9n se suscit\u00f3 el \u00faltimo domingo en las regiones de Moquegua y Tacna en estas mismas altitudes. La nubosidad no se repiti\u00f3 hoy en estos puntos.<\/p>\n<p style=\"text-align: justify;\">Ticona explic\u00f3 que la nubes provenientes de la parte oriental de la Amazon\u00eda, se encontraron con la temperatura fr\u00eda de estas zonas, condens\u00e1ndose y formando la nubosidad.<\/p>\n<p style=\"text-align: justify;\">El evento clim\u00e1tico de ayer disminuir\u00eda progresivamente desde hoy seg\u00fan el Senamhi. \u00abEs muy probable que las condiciones mejoren entre ma\u00f1ana (hoy) y los siguientes d\u00edas\u00bb, asever\u00f3 el especialista.<\/p>\n<p style=\"text-align: justify;\"><img decoding=\"async\" src=\"images\/stories\/15\/02\/100215\/a8_1.jpg\" border=\"0\" style=\"font-size: 12.1599998474121px; line-height: 15.8079996109009px;\" \/><\/p>\n<p style=\"text-align: justify;\"><span style=\"text-decoration: underline;\">VUELOS AFECTADOS<\/span><\/p>\n<p style=\"text-align: justify;\">En tanto, el Servicio Meteorol\u00f3gico Aeron\u00e1utico de la Corporaci\u00f3n Peruana de Aeropuertos y Aviaci\u00f3n Comercial (Corpac), inform\u00f3 que los bancos de niebla solo permitieron ayer una visibilidad de entre los 800 y mil metros; dificultando la salida y llegada de los vuelos del aeropuerto.<\/p>\n<p style=\"text-align: justify;\">Incluso por momentos \u00a0de la tarde de ayer se redujo a 600 metros la visibilidad. El fen\u00f3meno meteorol\u00f3gico se extendi\u00f3 hasta las 20.00 horas.<\/p>\n<p style=\"text-align: justify;\">El jefe de operaciones de Corpac en Arequipa, Percy Ccama, precis\u00f3 que cada aerol\u00ednea del aeropuerto decide si cancela o atrasa un vuelo. \u00abLas condiciones (ayer) no son las adecuadas para los vuelos. Pero cada aerol\u00ednea tiene la potestad de decidir si realiza alguna operaci\u00f3n\u00bb, dijo.<\/p>\n<p style=\"text-align: justify;\">El pasado domingo la tripulaci\u00f3n de Peruvian Airlines cancel\u00f3 cuatro de sus vuelos. El supervisor de la firma, Snayder Paz Sold\u00e1n, inform\u00f3 que fueron dos hacia la ciudad de Lima y dos hacia Tacna. Esto afect\u00f3 a cerca de cien pasajeros.<\/p>\n<p style=\"text-align: justify;\">\u00abEstamos habilitando progresivamente los vuelos dependiendo del clima\u00bb, asegur\u00f3 Paz Sold\u00e1n.<\/p>\n<p style=\"text-align: justify;\">En tanto el \u00faltimo s\u00e1bado un avi\u00f3n de esta empresa, proveniente de Lima con destino a Arequipa, tuvo que regresar a la capital \u00a0por las malas condiciones del tiempo.<\/p>\n<p style=\"text-align: justify;\">Extraoficialmente, fuentes de la empresa LAN, comunicaron que tambi\u00e9n cancelaron \u00a0vuelos el domingo.<\/p>\n<p style=\"text-align: justify;\">En el terminal a\u00e9reo funcionan 4 aerol\u00edneas: LAN, Peruvian Airlines, Amazonas y Avianca. Diariamente las operaciones entre todas ellas suman 40, entre aterrizajes y despegues.<\/p>\n<p style=\"text-align: justify;\"><span style=\"text-decoration: underline;\">LLOVIZNA COPIOSA<\/span><\/p>\n<p style=\"text-align: justify;\">La ciudad de Arequipa soport\u00f3 desde las 15.00 horas una copiosa llovizna que afect\u00f3 a la poblaci\u00f3n y al tr\u00e1nsito. Arterias en el Cercado y v\u00edas \u00a0como la Av. Juan de la Torre y el puente Grau; \u00a0fueron cuellos de botella durante varias horas para los conductores.<\/p>\n<p style=\"text-align: justify;\">\u00a0<\/p>\n<p style=\"text-align: justify;\">Fuente: <strong><em>La Repl\u00fablica<\/em><\/strong><\/p>\n<p style=\"text-align: justify;\">Foto: <strong><em>La Repl\u00fablica | infoarequipa.com<\/em><\/strong><\/p>\n<p style=\"text-align: justify;\"><strong><em><br \/><\/em><\/strong><\/p>\n<p>{jathumbnail off images=\u00bbimages\/stories\/15\/02\/100215\/a8.jpg,images\/stories\/15\/02\/100215\/a8_1.jpg\u00bb}<\/p>\n","protected":false},"excerpt":{"rendered":"<p>(Aeronoticias).- Por tercer d\u00eda consecutivo una densa niebla, acompa\u00f1ada de una copiosa llovizna, cubri\u00f3 puntos altos de la ciudad y provincias de Arequipa afectando sobre todo a los vuelos del aeropuerto Alfredo Rodr\u00edguez Ball\u00f3n.<\/p>\n","protected":false},"author":1,"featured_media":0,"comment_status":"open","ping_status":"open","sticky":false,"template":"","format":"standard","meta":{"tdm_status":"","tdm_grid_status":"","footnotes":""},"categories":[51],"tags":[],"class_list":{"0":"post-51535","1":"post","2":"type-post","3":"status-publish","4":"format-standard","6":"category-nacional"},"yoast_head":"<!-- This site is optimized with the Yoast SEO plugin v25.1 - https:\/\/yoast.com\/wordpress\/plugins\/seo\/ -->\n<title>Neblina afecta los vuelos en aeropuerto arequipe\u00f1o<\/title>\n<meta name=\"description\" content=\"Portal de noticias del Per\u00fa sobre el transporte a\u00e9reo, aviaci\u00f3n, turismo, hoteleria, actualidad.\" \/>\n<meta name=\"robots\" content=\"index, follow, max-snippet:-1, max-image-preview:large, max-video-preview:-1\" \/>\n<link rel=\"canonical\" href=\"https:\/\/aeronoticias.com.pe\/noticiero\/transporte-aereo\/nacional\/otra-vez-vuelos-afectados-por-neblina\/\" \/>\n<meta property=\"og:locale\" content=\"es_ES\" \/>\n<meta property=\"og:type\" content=\"article\" \/>\n<meta property=\"og:title\" content=\"Neblina afecta los vuelos en aeropuerto arequipe\u00f1o\" \/>\n<meta property=\"og:description\" content=\"Portal de noticias del Per\u00fa sobre el transporte a\u00e9reo, aviaci\u00f3n, turismo, hoteleria, actualidad.\" \/>\n<meta property=\"og:url\" content=\"https:\/\/aeronoticias.com.pe\/noticiero\/transporte-aereo\/nacional\/otra-vez-vuelos-afectados-por-neblina\/\" \/>\n<meta property=\"og:site_name\" content=\"Aeronoticias.com.pe\" \/>\n<meta property=\"article:publisher\" content=\"https:\/\/www.facebook.com\/Aeronoticias.com.pe\/\" \/>\n<meta property=\"article:published_time\" content=\"2015-02-10T17:00:04+00:00\" \/>\n<meta name=\"author\" content=\"Redacci\u00f3n Aeronoticias\" \/>\n<meta name=\"twitter:card\" content=\"summary_large_image\" \/>\n<meta name=\"twitter:creator\" content=\"@aeronoticias\" \/>\n<meta name=\"twitter:site\" content=\"@aeronoticias\" \/>\n<meta name=\"twitter:label1\" content=\"Escrito por\" \/>\n\t<meta name=\"twitter:data1\" content=\"Redacci\u00f3n Aeronoticias\" \/>\n\t<meta name=\"twitter:label2\" content=\"Tiempo de lectura\" \/>\n\t<meta name=\"twitter:data2\" content=\"2 minutos\" \/>\n<script type=\"application\/ld+json\" class=\"yoast-schema-graph\">{\"@context\":\"https:\/\/schema.org\",\"@graph\":[{\"@type\":\"WebPage\",\"@id\":\"https:\/\/aeronoticias.com.pe\/noticiero\/transporte-aereo\/nacional\/otra-vez-vuelos-afectados-por-neblina\/\",\"url\":\"https:\/\/aeronoticias.com.pe\/noticiero\/transporte-aereo\/nacional\/otra-vez-vuelos-afectados-por-neblina\/\",\"name\":\"Neblina afecta los vuelos en aeropuerto arequipe\u00f1o\",\"isPartOf\":{\"@id\":\"https:\/\/aeronoticias.com.pe\/noticiero\/#website\"},\"datePublished\":\"2015-02-10T17:00:04+00:00\",\"author\":{\"@id\":\"https:\/\/aeronoticias.com.pe\/noticiero\/#\/schema\/person\/fc1e5d578f4b62ba1cf7ac2bba1170a0\"},\"description\":\"Portal de noticias del Per\u00fa sobre el transporte a\u00e9reo, aviaci\u00f3n, turismo, hoteleria, actualidad.\",\"breadcrumb\":{\"@id\":\"https:\/\/aeronoticias.com.pe\/noticiero\/transporte-aereo\/nacional\/otra-vez-vuelos-afectados-por-neblina\/#breadcrumb\"},\"inLanguage\":\"es\",\"potentialAction\":[{\"@type\":\"ReadAction\",\"target\":[\"https:\/\/aeronoticias.com.pe\/noticiero\/transporte-aereo\/nacional\/otra-vez-vuelos-afectados-por-neblina\/\"]}]},{\"@type\":\"BreadcrumbList\",\"@id\":\"https:\/\/aeronoticias.com.pe\/noticiero\/transporte-aereo\/nacional\/otra-vez-vuelos-afectados-por-neblina\/#breadcrumb\",\"itemListElement\":[{\"@type\":\"ListItem\",\"position\":1,\"name\":\"Portada\",\"item\":\"https:\/\/aeronoticias.com.pe\/noticiero\/\"},{\"@type\":\"ListItem\",\"position\":2,\"name\":\"Neblina afecta los vuelos en aeropuerto arequipe\u00f1o\"}]},{\"@type\":\"WebSite\",\"@id\":\"https:\/\/aeronoticias.com.pe\/noticiero\/#website\",\"url\":\"https:\/\/aeronoticias.com.pe\/noticiero\/\",\"name\":\"Aeronoticias.com.pe\",\"description\":\"Noticias de tranporte aereo, turismo, hoteles, gastronomia, actualidad, internacional\",\"potentialAction\":[{\"@type\":\"SearchAction\",\"target\":{\"@type\":\"EntryPoint\",\"urlTemplate\":\"https:\/\/aeronoticias.com.pe\/noticiero\/?s={search_term_string}\"},\"query-input\":{\"@type\":\"PropertyValueSpecification\",\"valueRequired\":true,\"valueName\":\"search_term_string\"}}],\"inLanguage\":\"es\"},{\"@type\":\"Person\",\"@id\":\"https:\/\/aeronoticias.com.pe\/noticiero\/#\/schema\/person\/fc1e5d578f4b62ba1cf7ac2bba1170a0\",\"name\":\"Redacci\u00f3n Aeronoticias\",\"url\":\"https:\/\/aeronoticias.com.pe\/noticiero\/author\/piloto\/\"}]}<\/script>\n<!-- \/ Yoast SEO plugin. -->","yoast_head_json":{"title":"Neblina afecta los vuelos en aeropuerto arequipe\u00f1o","description":"Portal de noticias del Per\u00fa sobre el transporte a\u00e9reo, aviaci\u00f3n, turismo, hoteleria, actualidad.","robots":{"index":"index","follow":"follow","max-snippet":"max-snippet:-1","max-image-preview":"max-image-preview:large","max-video-preview":"max-video-preview:-1"},"canonical":"https:\/\/aeronoticias.com.pe\/noticiero\/transporte-aereo\/nacional\/otra-vez-vuelos-afectados-por-neblina\/","og_locale":"es_ES","og_type":"article","og_title":"Neblina afecta los vuelos en aeropuerto arequipe\u00f1o","og_description":"Portal de noticias del Per\u00fa sobre el transporte a\u00e9reo, aviaci\u00f3n, turismo, hoteleria, actualidad.","og_url":"https:\/\/aeronoticias.com.pe\/noticiero\/transporte-aereo\/nacional\/otra-vez-vuelos-afectados-por-neblina\/","og_site_name":"Aeronoticias.com.pe","article_publisher":"https:\/\/www.facebook.com\/Aeronoticias.com.pe\/","article_published_time":"2015-02-10T17:00:04+00:00","author":"Redacci\u00f3n Aeronoticias","twitter_card":"summary_large_image","twitter_creator":"@aeronoticias","twitter_site":"@aeronoticias","twitter_misc":{"Escrito por":"Redacci\u00f3n Aeronoticias","Tiempo de lectura":"2 minutos"},"schema":{"@context":"https:\/\/schema.org","@graph":[{"@type":"WebPage","@id":"https:\/\/aeronoticias.com.pe\/noticiero\/transporte-aereo\/nacional\/otra-vez-vuelos-afectados-por-neblina\/","url":"https:\/\/aeronoticias.com.pe\/noticiero\/transporte-aereo\/nacional\/otra-vez-vuelos-afectados-por-neblina\/","name":"Neblina afecta los vuelos en aeropuerto arequipe\u00f1o","isPartOf":{"@id":"https:\/\/aeronoticias.com.pe\/noticiero\/#website"},"datePublished":"2015-02-10T17:00:04+00:00","author":{"@id":"https:\/\/aeronoticias.com.pe\/noticiero\/#\/schema\/person\/fc1e5d578f4b62ba1cf7ac2bba1170a0"},"description":"Portal de noticias del Per\u00fa sobre el transporte a\u00e9reo, aviaci\u00f3n, turismo, hoteleria, actualidad.","breadcrumb":{"@id":"https:\/\/aeronoticias.com.pe\/noticiero\/transporte-aereo\/nacional\/otra-vez-vuelos-afectados-por-neblina\/#breadcrumb"},"inLanguage":"es","potentialAction":[{"@type":"ReadAction","target":["https:\/\/aeronoticias.com.pe\/noticiero\/transporte-aereo\/nacional\/otra-vez-vuelos-afectados-por-neblina\/"]}]},{"@type":"BreadcrumbList","@id":"https:\/\/aeronoticias.com.pe\/noticiero\/transporte-aereo\/nacional\/otra-vez-vuelos-afectados-por-neblina\/#breadcrumb","itemListElement":[{"@type":"ListItem","position":1,"name":"Portada","item":"https:\/\/aeronoticias.com.pe\/noticiero\/"},{"@type":"ListItem","position":2,"name":"Neblina afecta los vuelos en aeropuerto arequipe\u00f1o"}]},{"@type":"WebSite","@id":"https:\/\/aeronoticias.com.pe\/noticiero\/#website","url":"https:\/\/aeronoticias.com.pe\/noticiero\/","name":"Aeronoticias.com.pe","description":"Noticias de tranporte aereo, turismo, hoteles, gastronomia, actualidad, internacional","potentialAction":[{"@type":"SearchAction","target":{"@type":"EntryPoint","urlTemplate":"https:\/\/aeronoticias.com.pe\/noticiero\/?s={search_term_string}"},"query-input":{"@type":"PropertyValueSpecification","valueRequired":true,"valueName":"search_term_string"}}],"inLanguage":"es"},{"@type":"Person","@id":"https:\/\/aeronoticias.com.pe\/noticiero\/#\/schema\/person\/fc1e5d578f4b62ba1cf7ac2bba1170a0","name":"Redacci\u00f3n Aeronoticias","url":"https:\/\/aeronoticias.com.pe\/noticiero\/author\/piloto\/"}]}},"_links":{"self":[{"href":"https:\/\/aeronoticias.com.pe\/noticiero\/wp-json\/wp\/v2\/posts\/51535","targetHints":{"allow":["GET"]}}],"collection":[{"href":"https:\/\/aeronoticias.com.pe\/noticiero\/wp-json\/wp\/v2\/posts"}],"about":[{"href":"https:\/\/aeronoticias.com.pe\/noticiero\/wp-json\/wp\/v2\/types\/post"}],"author":[{"embeddable":true,"href":"https:\/\/aeronoticias.com.pe\/noticiero\/wp-json\/wp\/v2\/users\/1"}],"replies":[{"embeddable":true,"href":"https:\/\/aeronoticias.com.pe\/noticiero\/wp-json\/wp\/v2\/comments?post=51535"}],"version-history":[{"count":0,"href":"https:\/\/aeronoticias.com.pe\/noticiero\/wp-json\/wp\/v2\/posts\/51535\/revisions"}],"wp:attachment":[{"href":"https:\/\/aeronoticias.com.pe\/noticiero\/wp-json\/wp\/v2\/media?parent=51535"}],"wp:term":[{"taxonomy":"category","embeddable":true,"href":"https:\/\/aeronoticias.com.pe\/noticiero\/wp-json\/wp\/v2\/categories?post=51535"},{"taxonomy":"post_tag","embeddable":true,"href":"https:\/\/aeronoticias.com.pe\/noticiero\/wp-json\/wp\/v2\/tags?post=51535"}],"curies":[{"name":"wp","href":"https:\/\/api.w.org\/{rel}","templated":true}]}}