{"id":51536,"date":"2015-02-10T17:16:14","date_gmt":"2015-02-10T17:16:14","guid":{"rendered":"http:\/\/desarrollo.mcvicious.com\/aero2020\/2015\/02\/10\/martin-perez-logra-consenso-y-hoy-sera-elegido-presidente-de-confiep\/"},"modified":"2015-02-10T17:16:14","modified_gmt":"2015-02-10T17:16:14","slug":"martin-perez-logra-consenso-y-hoy-sera-elegido-presidente-de-confiep","status":"publish","type":"post","link":"https:\/\/aeronoticias.com.pe\/noticiero\/economia\/martin-perez-logra-consenso-y-hoy-sera-elegido-presidente-de-confiep\/","title":{"rendered":"Un apasionado por la aviaci\u00f3n deportiva ser\u00e1 elegido presidente de Confiep"},"content":{"rendered":"<p style=\"text-align: justify;\"><img decoding=\"async\" src=\"images\/stories\/15\/02\/100215\/a9.jpg\" border=\"0\" \/><\/p>\n<p style=\"text-align: justify;\"><strong>(Aeronoticias).-<\/strong> Mart\u00edn P\u00e9rez ser\u00e1 el presidente n\u00famero 19 de la Confiep, que fue fundada en 1984.<\/p>\n<p style=\"text-align: justify;\">\u00a0<\/p>\n<p>  <!--more-->  <\/p>\n<p style=\"text-align: justify;\">Mart\u00edn P\u00e9rez Monteverde cumpli\u00f3 el 4 de febrero 50 a\u00f1os, pero parece que el mayor de los festejos llegar\u00e1 hoy. Y es que el empresario logr\u00f3 el consenso entre los gremios que integran la Confiep y hoy ser\u00e1 elegido como su presidente por los pr\u00f3ximos dos a\u00f1os. \u201cHan sido varias semanas de conversaciones\u201d, apunta uno de los actuales directivos de la organizaci\u00f3n.<\/p>\n<p>\u00a0<\/p>\n<p style=\"text-align: justify;\">Y, en efecto, las conversaciones han sido largas. Hace solo algunas semanas, P\u00e9rez fue elegido presidente de la Asociaci\u00f3n de Empresas Prestadoras de Salud. Con este cargo, reci\u00e9n podr\u00eda ser candidato a la cabeza de la Confiep. Con ese paso dado, lo segundo fue lograr que se opte por una candidatura \u00fanica, pues un sector del empresariado busc\u00f3 promover una segunda alternativa (Gesti\u00f3n 28.01.2015). Ese escenario tambi\u00e9n qued\u00f3 asegurado.<\/p>\n<p style=\"text-align: justify;\">Este diario supo adem\u00e1s que de los 25 votos posibles, hasta el cierre de esta edici\u00f3n, P\u00e9rez ten\u00eda cerca de 20. \u201cAunque hoy se espera que la elecci\u00f3n sea por un margen m\u00e1s amplio\u201d, apunta la misma fuente.<\/p>\n<p style=\"text-align: justify;\">Ayer, varios de los miembros de la Confiep, entre los actuales directivos y los que se alistan a asumir la direcci\u00f3n del gremio, estuvieron en un almuerzo.<\/p>\n<p style=\"text-align: justify;\"><span style=\"text-decoration: underline;\">Elecciones al d\u00eda<\/span><\/p>\n<p style=\"text-align: justify;\">La semana pasada, ya hubo elecciones del Consejo Directivo del gremio. Cada sector, son once en total, eligi\u00f3 a sus representantes. \u201cEl Consejo est\u00e1 encargado de la direcci\u00f3n y ejecuci\u00f3n de los asuntos institucionales\u201d, se\u00f1ala la web de la Confiep. Entre titulares y suplentes, la semana pasada se nombraron a 69 directores.<\/p>\n<p style=\"text-align: justify;\">Tres voceros de distintos sectores indicaron a este diario que se ha dado prioridad a nuevas generaciones j\u00f3venes, a fin de darle una nueva cara al Consejo Directivo. Es m\u00e1s, la elecci\u00f3n de Mart\u00edn P\u00e9rez va por esa misma l\u00ednea.<\/p>\n<p style=\"text-align: justify;\">Hoy se realizar\u00e1 la elecci\u00f3n del Comit\u00e9 Ejecutivo, que estar\u00e1 liderado por P\u00e9rez. \u00bfY qui\u00e9nes lo acompa\u00f1ar\u00e1n? La lista de lo que ser\u00e1 el dicho espacio estar\u00e1 integrada en la primera vicepresidencia por \u00d3scar Rivera (presidente de Asbanc) y Lelio Balarezo (presidente de Capeco), quien ocupar\u00e1 la segunda vicepresidencia.<\/p>\n<p style=\"text-align: justify;\">Adem\u00e1s, est\u00e1n Elena Conterno (titular de la Sociedad Nacional de Pesquer\u00eda), quien ser\u00e1 la nueva tesorera, mientras que el pro-tesorero ser\u00e1 Carlos G\u00e1lvez, quien la semana pasada fue elegido presidente de la Sociedad Nacional de Miner\u00eda Petr\u00f3leo y Energ\u00eda.<\/p>\n<p style=\"text-align: justify;\"><span style=\"text-decoration: underline;\">La agenda<\/span><\/p>\n<p style=\"text-align: justify;\">P\u00e9rez asumir\u00e1 el cargo el 24 de febrero, y una de sus primeras tareas es el proyecto del cambio de estatuto que provoc\u00f3 pol\u00e9mica en la gesti\u00f3n del saliente Alfonso Garc\u00eda Mir\u00f3.<\/p>\n<p style=\"text-align: justify;\">La iniciativa pretende que se integre a directores independientes en la direcci\u00f3n de la Confiep. Incluso, el a\u00f1o pasado se desliz\u00f3 el nombre de un exministro de Econom\u00eda del segundo gobierno de Alan Garc\u00eda.<\/p>\n<p style=\"text-align: justify;\"><span style=\"text-decoration: underline;\">Biograf\u00eda<\/span><\/p>\n<p style=\"text-align: justify;\">Mart\u00edn P\u00e9rez es un joven y exitoso empresario peruano naci\u00f3 en 1965, casado, con cuatro hijos, y con m\u00e1s de 15 a\u00f1os de experiencia en la direcci\u00f3n y gesti\u00f3n de empresas, especialmente en las \u00e1reas de planeamiento, administraci\u00f3n y comercial. Ha ocupado el cargo de gerente general en diversas empresas peruanas dedicadas a los sectores de consumo masivo, tecnolog\u00eda, log\u00edstica, entre otras.<\/p>\n<p style=\"text-align: justify;\">Nacido en el seno de un hogar cat\u00f3lico, Mart\u00edn P\u00e9rez recibi\u00f3 durante su infancia y juventud, una educaci\u00f3n basada en valores cristianos y un amplio esp\u00edritu de solidaridad. Fueron sus padres y maestros jesuitas del Colegio de La Inmaculada quienes le inculcaron el amor por el pr\u00f3jimo y su gran vocaci\u00f3n de servicio, que d\u00eda a d\u00eda sigue mostrando pese a su agitada vida empresarial.<\/p>\n<p style=\"text-align: justify;\">L\u00edder innovador en procesos de cambio y orientado al trabajo en equipo, estudi\u00f3 Administraci\u00f3n de Empresas en la Universidad del Pac\u00edfico, especializ\u00e1ndose en Marketing y Finanzas. Posteriormente, asisti\u00f3 a diversos cursos internacionales de perfeccionamiento gerencial, estrat\u00e9gico y de negociaciones. Asimismo, es egresado del Programa de Alta Direcci\u00f3n de la Universidad de Piura. Adem\u00e1s, particip\u00f3 en el USA Wharton Management Congreso, organizado por la prestigiosa Wharton School University of Pensylvania.<\/p>\n<p style=\"text-align: justify;\">Ha participado activamente en diversas organizaciones que buscan tener una sociedad mejor. En el 2002 fue elegido como director de la Alianza para un Per\u00fa sin Drogas, instituci\u00f3n que promueve y patrocina, en estrecha cooperaci\u00f3n con los medios de comunicaci\u00f3n, campa\u00f1as contra el uso y consumo de drogas ilegales o prohibidas.<\/p>\n<p style=\"text-align: justify;\">Tambi\u00e9n dirigi\u00f3 desde el a\u00f1o 1997, de la Asociaci\u00f3n Civil Sinacoop o Amigos de la Polic\u00eda Nacional del Per\u00fa, desde donde apoya a la instituci\u00f3n policial, tanto en aspectos que incidan en la optimizaci\u00f3n de sus servicios; como en el bienestar de los miembros de la PNP. Esta actividad lo ha hecho conocer de cerca la realidad de todas las comisar\u00edas de Lima y Callao, adem\u00e1s de sus necesidades, carencias y potencialidades de desarrollo.<\/p>\n<p style=\"text-align: justify;\">Apasionado la aviaci\u00f3n deportiva, Mart\u00edn P\u00e9rez es presidente, desde el a\u00f1o 2000, de la Asociaci\u00f3n de Aviones Ultralivianos del Per\u00fa.<\/p>\n<p style=\"text-align: justify;\">En el a\u00f1o 2000, Mart\u00edn P\u00e9rez ocup\u00f3 la gerencia general de Minka, asumiendo el gran reto de relanzarla. Mart\u00edn P\u00e9rez transform\u00f3 a Minka en el orgullo de los chalacos.Lo acompa\u00f1an \u00d3scar Rivera y Lelio Balarezo en las vicepresidencias. Asumir\u00e1 el cargo el 24 de febrero.<\/p>\n<p style=\"text-align: justify;\">\u00a0<\/p>\n<p style=\"text-align: justify;\">Fuente:<strong><em> Gesti\u00f3n<\/em><\/strong><\/p>\n<p style=\"text-align: justify;\">Foto: <strong><em>Gesti\u00f3n<\/em><\/strong><\/p>\n","protected":false},"excerpt":{"rendered":"<p>(Aeronoticias).- Mart\u00edn P\u00e9rez ser\u00e1 el presidente n\u00famero 19 de la Confiep, que fue fundada en 1984. \u00a0<\/p>\n","protected":false},"author":1,"featured_media":0,"comment_status":"open","ping_status":"open","sticky":false,"template":"","format":"standard","meta":{"tdm_status":"","tdm_grid_status":"","footnotes":""},"categories":[33],"tags":[],"class_list":{"0":"post-51536","1":"post","2":"type-post","3":"status-publish","4":"format-standard","6":"category-economia"},"yoast_head":"<!-- This site is optimized with the Yoast SEO plugin v25.1 - https:\/\/yoast.com\/wordpress\/plugins\/seo\/ -->\n<title>Un apasionado por la aviaci\u00f3n deportiva ser\u00e1 elegido presidente de Confiep<\/title>\n<meta name=\"description\" content=\"Portal de noticias del Per\u00fa sobre el transporte a\u00e9reo, aviaci\u00f3n, turismo, hoteleria, actualidad.\" \/>\n<meta name=\"robots\" content=\"index, follow, max-snippet:-1, max-image-preview:large, max-video-preview:-1\" \/>\n<link rel=\"canonical\" href=\"https:\/\/aeronoticias.com.pe\/noticiero\/economia\/martin-perez-logra-consenso-y-hoy-sera-elegido-presidente-de-confiep\/\" \/>\n<meta property=\"og:locale\" content=\"es_ES\" \/>\n<meta property=\"og:type\" content=\"article\" \/>\n<meta property=\"og:title\" content=\"Un apasionado por la aviaci\u00f3n deportiva ser\u00e1 elegido presidente de Confiep\" \/>\n<meta property=\"og:description\" content=\"Portal de noticias del Per\u00fa sobre el transporte a\u00e9reo, aviaci\u00f3n, turismo, hoteleria, actualidad.\" \/>\n<meta property=\"og:url\" content=\"https:\/\/aeronoticias.com.pe\/noticiero\/economia\/martin-perez-logra-consenso-y-hoy-sera-elegido-presidente-de-confiep\/\" \/>\n<meta property=\"og:site_name\" content=\"Aeronoticias.com.pe\" \/>\n<meta property=\"article:publisher\" content=\"https:\/\/www.facebook.com\/Aeronoticias.com.pe\/\" \/>\n<meta property=\"article:published_time\" content=\"2015-02-10T17:16:14+00:00\" \/>\n<meta name=\"author\" content=\"Redacci\u00f3n Aeronoticias\" \/>\n<meta name=\"twitter:card\" content=\"summary_large_image\" \/>\n<meta name=\"twitter:creator\" content=\"@aeronoticias\" \/>\n<meta name=\"twitter:site\" content=\"@aeronoticias\" \/>\n<meta name=\"twitter:label1\" content=\"Escrito por\" \/>\n\t<meta name=\"twitter:data1\" content=\"Redacci\u00f3n Aeronoticias\" \/>\n\t<meta name=\"twitter:label2\" content=\"Tiempo de lectura\" \/>\n\t<meta name=\"twitter:data2\" content=\"5 minutos\" \/>\n<script type=\"application\/ld+json\" class=\"yoast-schema-graph\">{\"@context\":\"https:\/\/schema.org\",\"@graph\":[{\"@type\":\"WebPage\",\"@id\":\"https:\/\/aeronoticias.com.pe\/noticiero\/economia\/martin-perez-logra-consenso-y-hoy-sera-elegido-presidente-de-confiep\/\",\"url\":\"https:\/\/aeronoticias.com.pe\/noticiero\/economia\/martin-perez-logra-consenso-y-hoy-sera-elegido-presidente-de-confiep\/\",\"name\":\"Un apasionado por la aviaci\u00f3n deportiva ser\u00e1 elegido presidente de Confiep\",\"isPartOf\":{\"@id\":\"https:\/\/aeronoticias.com.pe\/noticiero\/#website\"},\"datePublished\":\"2015-02-10T17:16:14+00:00\",\"author\":{\"@id\":\"https:\/\/aeronoticias.com.pe\/noticiero\/#\/schema\/person\/fc1e5d578f4b62ba1cf7ac2bba1170a0\"},\"description\":\"Portal de noticias del Per\u00fa sobre el transporte a\u00e9reo, aviaci\u00f3n, turismo, hoteleria, actualidad.\",\"breadcrumb\":{\"@id\":\"https:\/\/aeronoticias.com.pe\/noticiero\/economia\/martin-perez-logra-consenso-y-hoy-sera-elegido-presidente-de-confiep\/#breadcrumb\"},\"inLanguage\":\"es\",\"potentialAction\":[{\"@type\":\"ReadAction\",\"target\":[\"https:\/\/aeronoticias.com.pe\/noticiero\/economia\/martin-perez-logra-consenso-y-hoy-sera-elegido-presidente-de-confiep\/\"]}]},{\"@type\":\"BreadcrumbList\",\"@id\":\"https:\/\/aeronoticias.com.pe\/noticiero\/economia\/martin-perez-logra-consenso-y-hoy-sera-elegido-presidente-de-confiep\/#breadcrumb\",\"itemListElement\":[{\"@type\":\"ListItem\",\"position\":1,\"name\":\"Portada\",\"item\":\"https:\/\/aeronoticias.com.pe\/noticiero\/\"},{\"@type\":\"ListItem\",\"position\":2,\"name\":\"Un apasionado por la aviaci\u00f3n deportiva ser\u00e1 elegido presidente de Confiep\"}]},{\"@type\":\"WebSite\",\"@id\":\"https:\/\/aeronoticias.com.pe\/noticiero\/#website\",\"url\":\"https:\/\/aeronoticias.com.pe\/noticiero\/\",\"name\":\"Aeronoticias.com.pe\",\"description\":\"Noticias de tranporte aereo, turismo, hoteles, gastronomia, actualidad, internacional\",\"potentialAction\":[{\"@type\":\"SearchAction\",\"target\":{\"@type\":\"EntryPoint\",\"urlTemplate\":\"https:\/\/aeronoticias.com.pe\/noticiero\/?s={search_term_string}\"},\"query-input\":{\"@type\":\"PropertyValueSpecification\",\"valueRequired\":true,\"valueName\":\"search_term_string\"}}],\"inLanguage\":\"es\"},{\"@type\":\"Person\",\"@id\":\"https:\/\/aeronoticias.com.pe\/noticiero\/#\/schema\/person\/fc1e5d578f4b62ba1cf7ac2bba1170a0\",\"name\":\"Redacci\u00f3n Aeronoticias\",\"url\":\"https:\/\/aeronoticias.com.pe\/noticiero\/author\/piloto\/\"}]}<\/script>\n<!-- \/ Yoast SEO plugin. -->","yoast_head_json":{"title":"Un apasionado por la aviaci\u00f3n deportiva ser\u00e1 elegido presidente de Confiep","description":"Portal de noticias del Per\u00fa sobre el transporte a\u00e9reo, aviaci\u00f3n, turismo, hoteleria, actualidad.","robots":{"index":"index","follow":"follow","max-snippet":"max-snippet:-1","max-image-preview":"max-image-preview:large","max-video-preview":"max-video-preview:-1"},"canonical":"https:\/\/aeronoticias.com.pe\/noticiero\/economia\/martin-perez-logra-consenso-y-hoy-sera-elegido-presidente-de-confiep\/","og_locale":"es_ES","og_type":"article","og_title":"Un apasionado por la aviaci\u00f3n deportiva ser\u00e1 elegido presidente de Confiep","og_description":"Portal de noticias del Per\u00fa sobre el transporte a\u00e9reo, aviaci\u00f3n, turismo, hoteleria, actualidad.","og_url":"https:\/\/aeronoticias.com.pe\/noticiero\/economia\/martin-perez-logra-consenso-y-hoy-sera-elegido-presidente-de-confiep\/","og_site_name":"Aeronoticias.com.pe","article_publisher":"https:\/\/www.facebook.com\/Aeronoticias.com.pe\/","article_published_time":"2015-02-10T17:16:14+00:00","author":"Redacci\u00f3n Aeronoticias","twitter_card":"summary_large_image","twitter_creator":"@aeronoticias","twitter_site":"@aeronoticias","twitter_misc":{"Escrito por":"Redacci\u00f3n Aeronoticias","Tiempo de lectura":"5 minutos"},"schema":{"@context":"https:\/\/schema.org","@graph":[{"@type":"WebPage","@id":"https:\/\/aeronoticias.com.pe\/noticiero\/economia\/martin-perez-logra-consenso-y-hoy-sera-elegido-presidente-de-confiep\/","url":"https:\/\/aeronoticias.com.pe\/noticiero\/economia\/martin-perez-logra-consenso-y-hoy-sera-elegido-presidente-de-confiep\/","name":"Un apasionado por la aviaci\u00f3n deportiva ser\u00e1 elegido presidente de Confiep","isPartOf":{"@id":"https:\/\/aeronoticias.com.pe\/noticiero\/#website"},"datePublished":"2015-02-10T17:16:14+00:00","author":{"@id":"https:\/\/aeronoticias.com.pe\/noticiero\/#\/schema\/person\/fc1e5d578f4b62ba1cf7ac2bba1170a0"},"description":"Portal de noticias del Per\u00fa sobre el transporte a\u00e9reo, aviaci\u00f3n, turismo, hoteleria, actualidad.","breadcrumb":{"@id":"https:\/\/aeronoticias.com.pe\/noticiero\/economia\/martin-perez-logra-consenso-y-hoy-sera-elegido-presidente-de-confiep\/#breadcrumb"},"inLanguage":"es","potentialAction":[{"@type":"ReadAction","target":["https:\/\/aeronoticias.com.pe\/noticiero\/economia\/martin-perez-logra-consenso-y-hoy-sera-elegido-presidente-de-confiep\/"]}]},{"@type":"BreadcrumbList","@id":"https:\/\/aeronoticias.com.pe\/noticiero\/economia\/martin-perez-logra-consenso-y-hoy-sera-elegido-presidente-de-confiep\/#breadcrumb","itemListElement":[{"@type":"ListItem","position":1,"name":"Portada","item":"https:\/\/aeronoticias.com.pe\/noticiero\/"},{"@type":"ListItem","position":2,"name":"Un apasionado por la aviaci\u00f3n deportiva ser\u00e1 elegido presidente de Confiep"}]},{"@type":"WebSite","@id":"https:\/\/aeronoticias.com.pe\/noticiero\/#website","url":"https:\/\/aeronoticias.com.pe\/noticiero\/","name":"Aeronoticias.com.pe","description":"Noticias de tranporte aereo, turismo, hoteles, gastronomia, actualidad, internacional","potentialAction":[{"@type":"SearchAction","target":{"@type":"EntryPoint","urlTemplate":"https:\/\/aeronoticias.com.pe\/noticiero\/?s={search_term_string}"},"query-input":{"@type":"PropertyValueSpecification","valueRequired":true,"valueName":"search_term_string"}}],"inLanguage":"es"},{"@type":"Person","@id":"https:\/\/aeronoticias.com.pe\/noticiero\/#\/schema\/person\/fc1e5d578f4b62ba1cf7ac2bba1170a0","name":"Redacci\u00f3n Aeronoticias","url":"https:\/\/aeronoticias.com.pe\/noticiero\/author\/piloto\/"}]}},"_links":{"self":[{"href":"https:\/\/aeronoticias.com.pe\/noticiero\/wp-json\/wp\/v2\/posts\/51536","targetHints":{"allow":["GET"]}}],"collection":[{"href":"https:\/\/aeronoticias.com.pe\/noticiero\/wp-json\/wp\/v2\/posts"}],"about":[{"href":"https:\/\/aeronoticias.com.pe\/noticiero\/wp-json\/wp\/v2\/types\/post"}],"author":[{"embeddable":true,"href":"https:\/\/aeronoticias.com.pe\/noticiero\/wp-json\/wp\/v2\/users\/1"}],"replies":[{"embeddable":true,"href":"https:\/\/aeronoticias.com.pe\/noticiero\/wp-json\/wp\/v2\/comments?post=51536"}],"version-history":[{"count":0,"href":"https:\/\/aeronoticias.com.pe\/noticiero\/wp-json\/wp\/v2\/posts\/51536\/revisions"}],"wp:attachment":[{"href":"https:\/\/aeronoticias.com.pe\/noticiero\/wp-json\/wp\/v2\/media?parent=51536"}],"wp:term":[{"taxonomy":"category","embeddable":true,"href":"https:\/\/aeronoticias.com.pe\/noticiero\/wp-json\/wp\/v2\/categories?post=51536"},{"taxonomy":"post_tag","embeddable":true,"href":"https:\/\/aeronoticias.com.pe\/noticiero\/wp-json\/wp\/v2\/tags?post=51536"}],"curies":[{"name":"wp","href":"https:\/\/api.w.org\/{rel}","templated":true}]}}