{"id":51539,"date":"2015-02-10T18:34:51","date_gmt":"2015-02-10T18:34:51","guid":{"rendered":"http:\/\/desarrollo.mcvicious.com\/aero2020\/2015\/02\/10\/iberia-estrena-un-servicio-pionero-de-facturacion-y-entrega-de-equipaje-sin-asistencia\/"},"modified":"2015-02-10T18:34:51","modified_gmt":"2015-02-10T18:34:51","slug":"iberia-estrena-un-servicio-pionero-de-facturacion-y-entrega-de-equipaje-sin-asistencia","status":"publish","type":"post","link":"https:\/\/aeronoticias.com.pe\/noticiero\/internacionales\/iberia-estrena-un-servicio-pionero-de-facturacion-y-entrega-de-equipaje-sin-asistencia\/","title":{"rendered":"Iberia estrena un servicio pionero de facturaci\u00f3n y entrega de equipaje sin asistencia"},"content":{"rendered":"<p style=\"text-align: justify;\"><img decoding=\"async\" src=\"images\/stories\/15\/02\/100215\/a12.jpg\" border=\"0\" \/><\/p>\n<p style=\"text-align: justify;\"><strong>(Aeronoticias).-<\/strong> Iberia ha estrenado un nuevo servicio en el que el cliente puede emitir su tarjeta de embarque, sacar la etiqueta de la maleta y entregarla en la cinta de equipaje \u00e9l mismo, sin asistencia, todo ello en la misma m\u00e1quina situada en los mostradores 818-819 de la T4 del Aeropuerto Adolfo Su\u00e1rez Madrid-Barajas.<\/p>\n<p style=\"text-align: justify;\">\u00a0<\/p>\n<p>  <!--more-->  <\/p>\n<p>Seg\u00fan explic\u00f3 la compa\u00f1\u00eda a\u00e9rea en un comunicado se trata del autoservicio de facturaci\u00f3n y entrega de equipajes, un proyecto piloto liderado por Aena y en colaboraci\u00f3n con Siemens Soluciones para Aeropuertos y Log\u00edstica.<\/p>\n<p>\u00a0<\/p>\n<p style=\"text-align: justify;\">\u00abEste proyecto es consecuencia de la magn\u00edfica colaboraci\u00f3n en los \u00faltimos a\u00f1os entre Iberia, Aena y Siemens Postal Parcel and Airport Logistics, dando como resultado un sistema de altas prestaciones para mejorar consistentemente la experiencia del pasajero en el Aeropuerto Adolfo Su\u00e1rez Madrid-Barajas\u00bb, ha destacado la presidenta y consejera delegada de Siemens Soluciones para Aeropuertos y Log\u00edstica en Espa\u00f1a (SPPAL), Nerea Torres.<\/p>\n<p style=\"text-align: justify;\">Con este innovador sistema, \u00abse avanza en el concepto del &#8216;traveller empowerment&#8217; en la medida en que el pasajero gana autonom\u00eda y acorta los tiempos de espera en el aeropuerto\u00bb.<\/p>\n<p style=\"text-align: justify;\">Por su parte, el director del aeropuerto Adolfo Su\u00e1rez Madrid-Barajas de Iberia, Enrique Robledo, ha se\u00f1alado que con este equipamiento se da el pistoletazo de salida a un proyecto global, liderado por Aena, cuya duraci\u00f3n se extender\u00e1 a lo largo del a\u00f1o 2015, en el que se probar\u00e1n diferentes sistemas para la mejora de la experiencia del cliente durante el proceso de facturaci\u00f3n y entrega de equipaje, dotando al pasajero de una mayor autonom\u00eda al poder finalizar incluso la entrega de equipaje sin necesidad de asistencia.<\/p>\n<p style=\"text-align: justify;\">Esta iniciativa de mejora se enmarca dentro del Proyecto \u00c1gora de Iberia y contin\u00faa con la tendencia de innovaci\u00f3n y mejora tecnol\u00f3gica impulsada por Iberia \u00abcon el objetivo de situar el aeropuerto de Madrid como uno de los hub de referencia a nivel internacional\u00bb.<\/p>\n<p style=\"text-align: justify;\">\u00a0<\/p>\n<p style=\"text-align: justify;\">Fuente: <strong><em>europapress<\/em><\/strong><\/p>\n","protected":false},"excerpt":{"rendered":"<p>(Aeronoticias).- Iberia ha estrenado un nuevo servicio en el que el cliente puede emitir su tarjeta de embarque, sacar la etiqueta de la maleta y entregarla en la cinta de equipaje \u00e9l mismo, sin asistencia, todo ello en la misma m\u00e1quina situada en los mostradores 818-819 de la T4 del Aeropuerto Adolfo Su\u00e1rez Madrid-Barajas. \u00a0<\/p>\n","protected":false},"author":1,"featured_media":0,"comment_status":"open","ping_status":"open","sticky":false,"template":"","format":"standard","meta":{"tdm_status":"","tdm_grid_status":"","footnotes":""},"categories":[34],"tags":[],"class_list":{"0":"post-51539","1":"post","2":"type-post","3":"status-publish","4":"format-standard","6":"category-internacionales"},"yoast_head":"<!-- This site is optimized with the Yoast SEO plugin v25.1 - https:\/\/yoast.com\/wordpress\/plugins\/seo\/ -->\n<title>Iberia estrena un servicio pionero de facturaci\u00f3n y entrega de equipaje sin asistencia<\/title>\n<meta name=\"description\" content=\"Portal de noticias del Per\u00fa sobre el transporte a\u00e9reo, aviaci\u00f3n, turismo, hoteleria, actualidad.\" \/>\n<meta name=\"robots\" content=\"index, follow, max-snippet:-1, max-image-preview:large, max-video-preview:-1\" \/>\n<link rel=\"canonical\" href=\"https:\/\/aeronoticias.com.pe\/noticiero\/internacionales\/iberia-estrena-un-servicio-pionero-de-facturacion-y-entrega-de-equipaje-sin-asistencia\/\" \/>\n<meta property=\"og:locale\" content=\"es_ES\" \/>\n<meta property=\"og:type\" content=\"article\" \/>\n<meta property=\"og:title\" content=\"Iberia estrena un servicio pionero de facturaci\u00f3n y entrega de equipaje sin asistencia\" \/>\n<meta property=\"og:description\" content=\"Portal de noticias del Per\u00fa sobre el transporte a\u00e9reo, aviaci\u00f3n, turismo, hoteleria, actualidad.\" \/>\n<meta property=\"og:url\" content=\"https:\/\/aeronoticias.com.pe\/noticiero\/internacionales\/iberia-estrena-un-servicio-pionero-de-facturacion-y-entrega-de-equipaje-sin-asistencia\/\" \/>\n<meta property=\"og:site_name\" content=\"Aeronoticias.com.pe\" \/>\n<meta property=\"article:publisher\" content=\"https:\/\/www.facebook.com\/Aeronoticias.com.pe\/\" \/>\n<meta property=\"article:published_time\" content=\"2015-02-10T18:34:51+00:00\" \/>\n<meta name=\"author\" content=\"Redacci\u00f3n Aeronoticias\" \/>\n<meta name=\"twitter:card\" content=\"summary_large_image\" \/>\n<meta name=\"twitter:creator\" content=\"@aeronoticias\" \/>\n<meta name=\"twitter:site\" content=\"@aeronoticias\" \/>\n<meta name=\"twitter:label1\" content=\"Escrito por\" \/>\n\t<meta name=\"twitter:data1\" content=\"Redacci\u00f3n Aeronoticias\" \/>\n\t<meta name=\"twitter:label2\" content=\"Tiempo de lectura\" \/>\n\t<meta name=\"twitter:data2\" content=\"2 minutos\" \/>\n<script type=\"application\/ld+json\" class=\"yoast-schema-graph\">{\"@context\":\"https:\/\/schema.org\",\"@graph\":[{\"@type\":\"WebPage\",\"@id\":\"https:\/\/aeronoticias.com.pe\/noticiero\/internacionales\/iberia-estrena-un-servicio-pionero-de-facturacion-y-entrega-de-equipaje-sin-asistencia\/\",\"url\":\"https:\/\/aeronoticias.com.pe\/noticiero\/internacionales\/iberia-estrena-un-servicio-pionero-de-facturacion-y-entrega-de-equipaje-sin-asistencia\/\",\"name\":\"Iberia estrena un servicio pionero de facturaci\u00f3n y entrega de equipaje sin asistencia\",\"isPartOf\":{\"@id\":\"https:\/\/aeronoticias.com.pe\/noticiero\/#website\"},\"datePublished\":\"2015-02-10T18:34:51+00:00\",\"author\":{\"@id\":\"https:\/\/aeronoticias.com.pe\/noticiero\/#\/schema\/person\/fc1e5d578f4b62ba1cf7ac2bba1170a0\"},\"description\":\"Portal de noticias del Per\u00fa sobre el transporte a\u00e9reo, aviaci\u00f3n, turismo, hoteleria, actualidad.\",\"breadcrumb\":{\"@id\":\"https:\/\/aeronoticias.com.pe\/noticiero\/internacionales\/iberia-estrena-un-servicio-pionero-de-facturacion-y-entrega-de-equipaje-sin-asistencia\/#breadcrumb\"},\"inLanguage\":\"es\",\"potentialAction\":[{\"@type\":\"ReadAction\",\"target\":[\"https:\/\/aeronoticias.com.pe\/noticiero\/internacionales\/iberia-estrena-un-servicio-pionero-de-facturacion-y-entrega-de-equipaje-sin-asistencia\/\"]}]},{\"@type\":\"BreadcrumbList\",\"@id\":\"https:\/\/aeronoticias.com.pe\/noticiero\/internacionales\/iberia-estrena-un-servicio-pionero-de-facturacion-y-entrega-de-equipaje-sin-asistencia\/#breadcrumb\",\"itemListElement\":[{\"@type\":\"ListItem\",\"position\":1,\"name\":\"Portada\",\"item\":\"https:\/\/aeronoticias.com.pe\/noticiero\/\"},{\"@type\":\"ListItem\",\"position\":2,\"name\":\"Iberia estrena un servicio pionero de facturaci\u00f3n y entrega de equipaje sin asistencia\"}]},{\"@type\":\"WebSite\",\"@id\":\"https:\/\/aeronoticias.com.pe\/noticiero\/#website\",\"url\":\"https:\/\/aeronoticias.com.pe\/noticiero\/\",\"name\":\"Aeronoticias.com.pe\",\"description\":\"Noticias de tranporte aereo, turismo, hoteles, gastronomia, actualidad, internacional\",\"potentialAction\":[{\"@type\":\"SearchAction\",\"target\":{\"@type\":\"EntryPoint\",\"urlTemplate\":\"https:\/\/aeronoticias.com.pe\/noticiero\/?s={search_term_string}\"},\"query-input\":{\"@type\":\"PropertyValueSpecification\",\"valueRequired\":true,\"valueName\":\"search_term_string\"}}],\"inLanguage\":\"es\"},{\"@type\":\"Person\",\"@id\":\"https:\/\/aeronoticias.com.pe\/noticiero\/#\/schema\/person\/fc1e5d578f4b62ba1cf7ac2bba1170a0\",\"name\":\"Redacci\u00f3n Aeronoticias\",\"url\":\"https:\/\/aeronoticias.com.pe\/noticiero\/author\/piloto\/\"}]}<\/script>\n<!-- \/ Yoast SEO plugin. -->","yoast_head_json":{"title":"Iberia estrena un servicio pionero de facturaci\u00f3n y entrega de equipaje sin asistencia","description":"Portal de noticias del Per\u00fa sobre el transporte a\u00e9reo, aviaci\u00f3n, turismo, hoteleria, actualidad.","robots":{"index":"index","follow":"follow","max-snippet":"max-snippet:-1","max-image-preview":"max-image-preview:large","max-video-preview":"max-video-preview:-1"},"canonical":"https:\/\/aeronoticias.com.pe\/noticiero\/internacionales\/iberia-estrena-un-servicio-pionero-de-facturacion-y-entrega-de-equipaje-sin-asistencia\/","og_locale":"es_ES","og_type":"article","og_title":"Iberia estrena un servicio pionero de facturaci\u00f3n y entrega de equipaje sin asistencia","og_description":"Portal de noticias del Per\u00fa sobre el transporte a\u00e9reo, aviaci\u00f3n, turismo, hoteleria, actualidad.","og_url":"https:\/\/aeronoticias.com.pe\/noticiero\/internacionales\/iberia-estrena-un-servicio-pionero-de-facturacion-y-entrega-de-equipaje-sin-asistencia\/","og_site_name":"Aeronoticias.com.pe","article_publisher":"https:\/\/www.facebook.com\/Aeronoticias.com.pe\/","article_published_time":"2015-02-10T18:34:51+00:00","author":"Redacci\u00f3n Aeronoticias","twitter_card":"summary_large_image","twitter_creator":"@aeronoticias","twitter_site":"@aeronoticias","twitter_misc":{"Escrito por":"Redacci\u00f3n Aeronoticias","Tiempo de lectura":"2 minutos"},"schema":{"@context":"https:\/\/schema.org","@graph":[{"@type":"WebPage","@id":"https:\/\/aeronoticias.com.pe\/noticiero\/internacionales\/iberia-estrena-un-servicio-pionero-de-facturacion-y-entrega-de-equipaje-sin-asistencia\/","url":"https:\/\/aeronoticias.com.pe\/noticiero\/internacionales\/iberia-estrena-un-servicio-pionero-de-facturacion-y-entrega-de-equipaje-sin-asistencia\/","name":"Iberia estrena un servicio pionero de facturaci\u00f3n y entrega de equipaje sin asistencia","isPartOf":{"@id":"https:\/\/aeronoticias.com.pe\/noticiero\/#website"},"datePublished":"2015-02-10T18:34:51+00:00","author":{"@id":"https:\/\/aeronoticias.com.pe\/noticiero\/#\/schema\/person\/fc1e5d578f4b62ba1cf7ac2bba1170a0"},"description":"Portal de noticias del Per\u00fa sobre el transporte a\u00e9reo, aviaci\u00f3n, turismo, hoteleria, actualidad.","breadcrumb":{"@id":"https:\/\/aeronoticias.com.pe\/noticiero\/internacionales\/iberia-estrena-un-servicio-pionero-de-facturacion-y-entrega-de-equipaje-sin-asistencia\/#breadcrumb"},"inLanguage":"es","potentialAction":[{"@type":"ReadAction","target":["https:\/\/aeronoticias.com.pe\/noticiero\/internacionales\/iberia-estrena-un-servicio-pionero-de-facturacion-y-entrega-de-equipaje-sin-asistencia\/"]}]},{"@type":"BreadcrumbList","@id":"https:\/\/aeronoticias.com.pe\/noticiero\/internacionales\/iberia-estrena-un-servicio-pionero-de-facturacion-y-entrega-de-equipaje-sin-asistencia\/#breadcrumb","itemListElement":[{"@type":"ListItem","position":1,"name":"Portada","item":"https:\/\/aeronoticias.com.pe\/noticiero\/"},{"@type":"ListItem","position":2,"name":"Iberia estrena un servicio pionero de facturaci\u00f3n y entrega de equipaje sin asistencia"}]},{"@type":"WebSite","@id":"https:\/\/aeronoticias.com.pe\/noticiero\/#website","url":"https:\/\/aeronoticias.com.pe\/noticiero\/","name":"Aeronoticias.com.pe","description":"Noticias de tranporte aereo, turismo, hoteles, gastronomia, actualidad, internacional","potentialAction":[{"@type":"SearchAction","target":{"@type":"EntryPoint","urlTemplate":"https:\/\/aeronoticias.com.pe\/noticiero\/?s={search_term_string}"},"query-input":{"@type":"PropertyValueSpecification","valueRequired":true,"valueName":"search_term_string"}}],"inLanguage":"es"},{"@type":"Person","@id":"https:\/\/aeronoticias.com.pe\/noticiero\/#\/schema\/person\/fc1e5d578f4b62ba1cf7ac2bba1170a0","name":"Redacci\u00f3n Aeronoticias","url":"https:\/\/aeronoticias.com.pe\/noticiero\/author\/piloto\/"}]}},"_links":{"self":[{"href":"https:\/\/aeronoticias.com.pe\/noticiero\/wp-json\/wp\/v2\/posts\/51539","targetHints":{"allow":["GET"]}}],"collection":[{"href":"https:\/\/aeronoticias.com.pe\/noticiero\/wp-json\/wp\/v2\/posts"}],"about":[{"href":"https:\/\/aeronoticias.com.pe\/noticiero\/wp-json\/wp\/v2\/types\/post"}],"author":[{"embeddable":true,"href":"https:\/\/aeronoticias.com.pe\/noticiero\/wp-json\/wp\/v2\/users\/1"}],"replies":[{"embeddable":true,"href":"https:\/\/aeronoticias.com.pe\/noticiero\/wp-json\/wp\/v2\/comments?post=51539"}],"version-history":[{"count":0,"href":"https:\/\/aeronoticias.com.pe\/noticiero\/wp-json\/wp\/v2\/posts\/51539\/revisions"}],"wp:attachment":[{"href":"https:\/\/aeronoticias.com.pe\/noticiero\/wp-json\/wp\/v2\/media?parent=51539"}],"wp:term":[{"taxonomy":"category","embeddable":true,"href":"https:\/\/aeronoticias.com.pe\/noticiero\/wp-json\/wp\/v2\/categories?post=51539"},{"taxonomy":"post_tag","embeddable":true,"href":"https:\/\/aeronoticias.com.pe\/noticiero\/wp-json\/wp\/v2\/tags?post=51539"}],"curies":[{"name":"wp","href":"https:\/\/api.w.org\/{rel}","templated":true}]}}