{"id":51542,"date":"2015-02-10T20:11:08","date_gmt":"2015-02-10T20:11:08","guid":{"rendered":"http:\/\/desarrollo.mcvicious.com\/aero2020\/2015\/02\/10\/interjet-se-incorporo-a-la-asociacion-internacional-de-transporte-aereo\/"},"modified":"2015-02-10T20:11:08","modified_gmt":"2015-02-10T20:11:08","slug":"interjet-se-incorporo-a-la-asociacion-internacional-de-transporte-aereo","status":"publish","type":"post","link":"https:\/\/aeronoticias.com.pe\/noticiero\/transporte-aereo\/internacional\/interjet-se-incorporo-a-la-asociacion-internacional-de-transporte-aereo\/","title":{"rendered":"Interjet se incorpor\u00f3 a la Asociaci\u00f3n Internacional de Transporte A\u00e9reo"},"content":{"rendered":"<p style=\"text-align: justify;\"><strong>(Aeronoticias) <\/strong>La aerol\u00ednea mexicana Interjet, se incorpor\u00f3 este lunes a la Asociaci\u00f3n Internacional de Transporte A\u00e9reo (IATA) una organizaci\u00f3n global que promueve la seguridad, fiabilidad, confianza, eficiencia y ahorro de costos en el transporte a\u00e9reo y agrupa a 250 empresas de 115 pa\u00edses, las cuales representan el 84 por ciento del tr\u00e1fico a\u00e9reo mundial.<\/p>\n<p style=\"text-align: justify;\"><span style=\"font-size: 12.1599998474121px; line-height: 1.3em;\">El presidente ejecutivo de Interjet, Miguel Alem\u00e1n Magnani, dijo que la incorporaci\u00f3n de la empresa a la IATA es un hecho relevante, porque se trata de la compa\u00f1\u00eda que m\u00e1s pasajeros moviliza en el pa\u00eds.<\/span><\/p>\n<p style=\"text-align: justify;\"><span style=\"font-size: 12.1599998474121px; line-height: 1.3em;\">De acuerdo con cifras de la Direcci\u00f3n General de Aeron\u00e1utica Civil, en 2014 transport\u00f3 a m\u00e1s de 7.8 millones de personas.<\/span><\/p>\n<p style=\"text-align: justify;\"><span style=\"font-size: 12.1599998474121px; line-height: 1.3em;\">Alem\u00e1n Magnani que la empresa se incorpor\u00f3 al organismo internacional luego de 10 a\u00f1os de operaci\u00f3n, debido a que quer\u00eda acumular la experiencia necesaria y hacerlo de manera destacada, aunque dijo lo pudo haber hecho antes.<\/span><\/p>\n<p style=\"text-align: justify;\"><span style=\"font-size: 12.1599998474121px; line-height: 1.3em;\">Se\u00f1al\u00f3 que al formar parte de la IATA, la empresa demuestra que cuenta con los m\u00e1s altos est\u00e1ndares de calidad y se compromete a seguir aplicando las mejores pr\u00e1cticas internacionales en el sector a\u00e9reo.<\/span><\/p>\n<p style=\"text-align: justify;\"><span style=\"font-size: 12.1599998474121px; line-height: 1.3em;\">\u201cEsta asociaci\u00f3n traer\u00e1 beneficios para los clientes pues se garantiza la m\u00e1xima eficiencia en todos los procesos y permite estar a la vanguardia con la implementaci\u00f3n de t\u00e9cnicas a los mas elevados est\u00e1ndares de seguridad a nivel internacional\u201d.<\/span><\/p>\n<p style=\"text-align: justify;\"><span style=\"font-size: 12.1599998474121px; line-height: 1.3em;\">\u201cNuestra asociaci\u00f3n da la bienvenida a Interjet. IATA, con setenta a\u00f1os de experiencia, es una voz unida que representa, apoya y promueve los intereses de la industria a\u00e9rea\u201d, dijo, Antony Tyler, director general de IATA en el acto, celebrado en el Club de Industriales.<\/span><\/p>\n<p style=\"text-align: justify;\"><span style=\"font-size: 12.1599998474121px; line-height: 1.3em;\">El director general de Interjet, Jos\u00e9 Luis Garza, destac\u00f3 que las naves de la aerol\u00ednea tienen un promedio de vida \u00fatil de 5.9 a\u00f1os lo que la convierte en la flota m\u00e1s modernas del pa\u00eds.<\/span><\/p>\n<p style=\"text-align: justify;\"><span style=\"font-size: 12.1599998474121px; line-height: 1.3em;\">Alem\u00e1n Magnani, detall\u00f3 que con las regulaciones emitidas por IATA, se coadyuva a que las aerol\u00edneas operen de manera segura, eficiente y econ\u00f3mica, bajo est\u00e1ndares bien definidos.<\/span><\/p>\n<p style=\"text-align: justify;\"><span style=\"font-size: 12.1599998474121px; line-height: 1.3em;\">En materia de seguridad, la instituci\u00f3n cuenta con el programa de Auditor\u00eda de Seguridad Operacional (IOSA por sus siglas en ingl\u00e9s) que es un sistema de evaluaci\u00f3n internacionalmente reconocido, aceptado y dise\u00f1ado para evaluar los sistemas de gesti\u00f3n y control de operaciones de una compa\u00f1\u00eda a\u00e9rea, as\u00ed como con una Estrategia de Seguridad de Seis Puntos para reducir el riesgo operacional.<\/span><\/p>\n<p style=\"text-align: justify;\"><span style=\"font-size: 12.1599998474121px; line-height: 1.3em;\">\u201cEn Interjet trabajamos d\u00eda a d\u00eda para ofrecer la mejor experiencia de viaje a nuestros clientes y sin duda esta asociaci\u00f3n traer\u00e1 beneficios para ellos, pues se garantiza la m\u00e1xima eficiencia en todos nuestros procesos, adem\u00e1s de estar a la vanguardia con la implementaci\u00f3n de las mejores pr\u00e1cticas internacionales y los m\u00e1s elevados est\u00e1ndares de seguridad\u201d asegur\u00f3, Magnani.<\/span><\/p>\n<p style=\"text-align: justify;\"><span style=\"font-size: 12.1599998474121px; line-height: 1.3em;\">Entre otros beneficios, el personal de Interjet podr\u00e1 tener acceso a la capacitaci\u00f3n que ofrece IATA en los principales campos como: servicio a pasajeros, carga y seguridad, fortaleciendo as\u00ed la formaci\u00f3n de sus colaboradores.<\/span><\/p>\n<p><strong><em>Fuente: http:\/\/www.jornada.unam.mx\/ultimas\/2015\/02\/09\/interjet-se-incorporo-a-la-asociacion-internacional-de-trasporte-aereo-2652.html<\/em><\/strong><\/p>\n<p><strong><em><img decoding=\"async\" src=\"images\/stories\/15\/02\/100215\/interjet.jpg\" border=\"0\" \/><br \/><\/em><\/strong><\/p>\n","protected":false},"excerpt":{"rendered":"<p>(Aeronoticias) La aerol\u00ednea mexicana Interjet, se incorpor\u00f3 este lunes a la Asociaci\u00f3n Internacional de Transporte A\u00e9reo (IATA) una organizaci\u00f3n global que promueve la seguridad, fiabilidad, confianza, eficiencia y ahorro de costos en el transporte a\u00e9reo y agrupa a 250 empresas de 115 pa\u00edses, las cuales representan el 84 por ciento del tr\u00e1fico a\u00e9reo mundial. El [&hellip;]<\/p>\n","protected":false},"author":1,"featured_media":0,"comment_status":"open","ping_status":"open","sticky":false,"template":"","format":"standard","meta":{"tdm_status":"","tdm_grid_status":"","footnotes":""},"categories":[32],"tags":[],"class_list":{"0":"post-51542","1":"post","2":"type-post","3":"status-publish","4":"format-standard","6":"category-internacional"},"yoast_head":"<!-- This site is optimized with the Yoast SEO plugin v25.1 - https:\/\/yoast.com\/wordpress\/plugins\/seo\/ -->\n<title>Interjet se incorpor\u00f3 a la Asociaci\u00f3n Internacional de Transporte A\u00e9reo<\/title>\n<meta name=\"description\" content=\"Portal de noticias del Per\u00fa sobre el transporte a\u00e9reo, aviaci\u00f3n, turismo, hoteleria, actualidad.\" \/>\n<meta name=\"robots\" content=\"index, follow, max-snippet:-1, max-image-preview:large, max-video-preview:-1\" \/>\n<link rel=\"canonical\" href=\"https:\/\/aeronoticias.com.pe\/noticiero\/transporte-aereo\/internacional\/interjet-se-incorporo-a-la-asociacion-internacional-de-transporte-aereo\/\" \/>\n<meta property=\"og:locale\" content=\"es_ES\" \/>\n<meta property=\"og:type\" content=\"article\" \/>\n<meta property=\"og:title\" content=\"Interjet se incorpor\u00f3 a la Asociaci\u00f3n Internacional de Transporte A\u00e9reo\" \/>\n<meta property=\"og:description\" content=\"Portal de noticias del Per\u00fa sobre el transporte a\u00e9reo, aviaci\u00f3n, turismo, hoteleria, actualidad.\" \/>\n<meta property=\"og:url\" content=\"https:\/\/aeronoticias.com.pe\/noticiero\/transporte-aereo\/internacional\/interjet-se-incorporo-a-la-asociacion-internacional-de-transporte-aereo\/\" \/>\n<meta property=\"og:site_name\" content=\"Aeronoticias.com.pe\" \/>\n<meta property=\"article:publisher\" content=\"https:\/\/www.facebook.com\/Aeronoticias.com.pe\/\" \/>\n<meta property=\"article:published_time\" content=\"2015-02-10T20:11:08+00:00\" \/>\n<meta name=\"author\" content=\"Redacci\u00f3n Aeronoticias\" \/>\n<meta name=\"twitter:card\" content=\"summary_large_image\" \/>\n<meta name=\"twitter:creator\" content=\"@aeronoticias\" \/>\n<meta name=\"twitter:site\" content=\"@aeronoticias\" \/>\n<meta name=\"twitter:label1\" content=\"Escrito por\" \/>\n\t<meta name=\"twitter:data1\" content=\"Redacci\u00f3n Aeronoticias\" \/>\n\t<meta name=\"twitter:label2\" content=\"Tiempo de lectura\" \/>\n\t<meta name=\"twitter:data2\" content=\"3 minutos\" \/>\n<script type=\"application\/ld+json\" class=\"yoast-schema-graph\">{\"@context\":\"https:\/\/schema.org\",\"@graph\":[{\"@type\":\"WebPage\",\"@id\":\"https:\/\/aeronoticias.com.pe\/noticiero\/transporte-aereo\/internacional\/interjet-se-incorporo-a-la-asociacion-internacional-de-transporte-aereo\/\",\"url\":\"https:\/\/aeronoticias.com.pe\/noticiero\/transporte-aereo\/internacional\/interjet-se-incorporo-a-la-asociacion-internacional-de-transporte-aereo\/\",\"name\":\"Interjet se incorpor\u00f3 a la Asociaci\u00f3n Internacional de Transporte A\u00e9reo\",\"isPartOf\":{\"@id\":\"https:\/\/aeronoticias.com.pe\/noticiero\/#website\"},\"datePublished\":\"2015-02-10T20:11:08+00:00\",\"author\":{\"@id\":\"https:\/\/aeronoticias.com.pe\/noticiero\/#\/schema\/person\/fc1e5d578f4b62ba1cf7ac2bba1170a0\"},\"description\":\"Portal de noticias del Per\u00fa sobre el transporte a\u00e9reo, aviaci\u00f3n, turismo, hoteleria, actualidad.\",\"breadcrumb\":{\"@id\":\"https:\/\/aeronoticias.com.pe\/noticiero\/transporte-aereo\/internacional\/interjet-se-incorporo-a-la-asociacion-internacional-de-transporte-aereo\/#breadcrumb\"},\"inLanguage\":\"es\",\"potentialAction\":[{\"@type\":\"ReadAction\",\"target\":[\"https:\/\/aeronoticias.com.pe\/noticiero\/transporte-aereo\/internacional\/interjet-se-incorporo-a-la-asociacion-internacional-de-transporte-aereo\/\"]}]},{\"@type\":\"BreadcrumbList\",\"@id\":\"https:\/\/aeronoticias.com.pe\/noticiero\/transporte-aereo\/internacional\/interjet-se-incorporo-a-la-asociacion-internacional-de-transporte-aereo\/#breadcrumb\",\"itemListElement\":[{\"@type\":\"ListItem\",\"position\":1,\"name\":\"Portada\",\"item\":\"https:\/\/aeronoticias.com.pe\/noticiero\/\"},{\"@type\":\"ListItem\",\"position\":2,\"name\":\"Interjet se incorpor\u00f3 a la Asociaci\u00f3n Internacional de Transporte A\u00e9reo\"}]},{\"@type\":\"WebSite\",\"@id\":\"https:\/\/aeronoticias.com.pe\/noticiero\/#website\",\"url\":\"https:\/\/aeronoticias.com.pe\/noticiero\/\",\"name\":\"Aeronoticias.com.pe\",\"description\":\"Noticias de tranporte aereo, turismo, hoteles, gastronomia, actualidad, internacional\",\"potentialAction\":[{\"@type\":\"SearchAction\",\"target\":{\"@type\":\"EntryPoint\",\"urlTemplate\":\"https:\/\/aeronoticias.com.pe\/noticiero\/?s={search_term_string}\"},\"query-input\":{\"@type\":\"PropertyValueSpecification\",\"valueRequired\":true,\"valueName\":\"search_term_string\"}}],\"inLanguage\":\"es\"},{\"@type\":\"Person\",\"@id\":\"https:\/\/aeronoticias.com.pe\/noticiero\/#\/schema\/person\/fc1e5d578f4b62ba1cf7ac2bba1170a0\",\"name\":\"Redacci\u00f3n Aeronoticias\",\"url\":\"https:\/\/aeronoticias.com.pe\/noticiero\/author\/piloto\/\"}]}<\/script>\n<!-- \/ Yoast SEO plugin. -->","yoast_head_json":{"title":"Interjet se incorpor\u00f3 a la Asociaci\u00f3n Internacional de Transporte A\u00e9reo","description":"Portal de noticias del Per\u00fa sobre el transporte a\u00e9reo, aviaci\u00f3n, turismo, hoteleria, actualidad.","robots":{"index":"index","follow":"follow","max-snippet":"max-snippet:-1","max-image-preview":"max-image-preview:large","max-video-preview":"max-video-preview:-1"},"canonical":"https:\/\/aeronoticias.com.pe\/noticiero\/transporte-aereo\/internacional\/interjet-se-incorporo-a-la-asociacion-internacional-de-transporte-aereo\/","og_locale":"es_ES","og_type":"article","og_title":"Interjet se incorpor\u00f3 a la Asociaci\u00f3n Internacional de Transporte A\u00e9reo","og_description":"Portal de noticias del Per\u00fa sobre el transporte a\u00e9reo, aviaci\u00f3n, turismo, hoteleria, actualidad.","og_url":"https:\/\/aeronoticias.com.pe\/noticiero\/transporte-aereo\/internacional\/interjet-se-incorporo-a-la-asociacion-internacional-de-transporte-aereo\/","og_site_name":"Aeronoticias.com.pe","article_publisher":"https:\/\/www.facebook.com\/Aeronoticias.com.pe\/","article_published_time":"2015-02-10T20:11:08+00:00","author":"Redacci\u00f3n Aeronoticias","twitter_card":"summary_large_image","twitter_creator":"@aeronoticias","twitter_site":"@aeronoticias","twitter_misc":{"Escrito por":"Redacci\u00f3n Aeronoticias","Tiempo de lectura":"3 minutos"},"schema":{"@context":"https:\/\/schema.org","@graph":[{"@type":"WebPage","@id":"https:\/\/aeronoticias.com.pe\/noticiero\/transporte-aereo\/internacional\/interjet-se-incorporo-a-la-asociacion-internacional-de-transporte-aereo\/","url":"https:\/\/aeronoticias.com.pe\/noticiero\/transporte-aereo\/internacional\/interjet-se-incorporo-a-la-asociacion-internacional-de-transporte-aereo\/","name":"Interjet se incorpor\u00f3 a la Asociaci\u00f3n Internacional de Transporte A\u00e9reo","isPartOf":{"@id":"https:\/\/aeronoticias.com.pe\/noticiero\/#website"},"datePublished":"2015-02-10T20:11:08+00:00","author":{"@id":"https:\/\/aeronoticias.com.pe\/noticiero\/#\/schema\/person\/fc1e5d578f4b62ba1cf7ac2bba1170a0"},"description":"Portal de noticias del Per\u00fa sobre el transporte a\u00e9reo, aviaci\u00f3n, turismo, hoteleria, actualidad.","breadcrumb":{"@id":"https:\/\/aeronoticias.com.pe\/noticiero\/transporte-aereo\/internacional\/interjet-se-incorporo-a-la-asociacion-internacional-de-transporte-aereo\/#breadcrumb"},"inLanguage":"es","potentialAction":[{"@type":"ReadAction","target":["https:\/\/aeronoticias.com.pe\/noticiero\/transporte-aereo\/internacional\/interjet-se-incorporo-a-la-asociacion-internacional-de-transporte-aereo\/"]}]},{"@type":"BreadcrumbList","@id":"https:\/\/aeronoticias.com.pe\/noticiero\/transporte-aereo\/internacional\/interjet-se-incorporo-a-la-asociacion-internacional-de-transporte-aereo\/#breadcrumb","itemListElement":[{"@type":"ListItem","position":1,"name":"Portada","item":"https:\/\/aeronoticias.com.pe\/noticiero\/"},{"@type":"ListItem","position":2,"name":"Interjet se incorpor\u00f3 a la Asociaci\u00f3n Internacional de Transporte A\u00e9reo"}]},{"@type":"WebSite","@id":"https:\/\/aeronoticias.com.pe\/noticiero\/#website","url":"https:\/\/aeronoticias.com.pe\/noticiero\/","name":"Aeronoticias.com.pe","description":"Noticias de tranporte aereo, turismo, hoteles, gastronomia, actualidad, internacional","potentialAction":[{"@type":"SearchAction","target":{"@type":"EntryPoint","urlTemplate":"https:\/\/aeronoticias.com.pe\/noticiero\/?s={search_term_string}"},"query-input":{"@type":"PropertyValueSpecification","valueRequired":true,"valueName":"search_term_string"}}],"inLanguage":"es"},{"@type":"Person","@id":"https:\/\/aeronoticias.com.pe\/noticiero\/#\/schema\/person\/fc1e5d578f4b62ba1cf7ac2bba1170a0","name":"Redacci\u00f3n Aeronoticias","url":"https:\/\/aeronoticias.com.pe\/noticiero\/author\/piloto\/"}]}},"_links":{"self":[{"href":"https:\/\/aeronoticias.com.pe\/noticiero\/wp-json\/wp\/v2\/posts\/51542","targetHints":{"allow":["GET"]}}],"collection":[{"href":"https:\/\/aeronoticias.com.pe\/noticiero\/wp-json\/wp\/v2\/posts"}],"about":[{"href":"https:\/\/aeronoticias.com.pe\/noticiero\/wp-json\/wp\/v2\/types\/post"}],"author":[{"embeddable":true,"href":"https:\/\/aeronoticias.com.pe\/noticiero\/wp-json\/wp\/v2\/users\/1"}],"replies":[{"embeddable":true,"href":"https:\/\/aeronoticias.com.pe\/noticiero\/wp-json\/wp\/v2\/comments?post=51542"}],"version-history":[{"count":0,"href":"https:\/\/aeronoticias.com.pe\/noticiero\/wp-json\/wp\/v2\/posts\/51542\/revisions"}],"wp:attachment":[{"href":"https:\/\/aeronoticias.com.pe\/noticiero\/wp-json\/wp\/v2\/media?parent=51542"}],"wp:term":[{"taxonomy":"category","embeddable":true,"href":"https:\/\/aeronoticias.com.pe\/noticiero\/wp-json\/wp\/v2\/categories?post=51542"},{"taxonomy":"post_tag","embeddable":true,"href":"https:\/\/aeronoticias.com.pe\/noticiero\/wp-json\/wp\/v2\/tags?post=51542"}],"curies":[{"name":"wp","href":"https:\/\/api.w.org\/{rel}","templated":true}]}}