{"id":51759,"date":"2015-03-07T11:00:00","date_gmt":"2015-03-07T11:00:00","guid":{"rendered":"http:\/\/desarrollo.mcvicious.com\/aero2020\/2015\/03\/07\/lufthansa-establece-nuevos-estandares-de-diseno-y-servicio-a-bordo\/"},"modified":"2015-03-07T11:00:00","modified_gmt":"2015-03-07T11:00:00","slug":"lufthansa-establece-nuevos-estandares-de-diseno-y-servicio-a-bordo","status":"publish","type":"post","link":"https:\/\/aeronoticias.com.pe\/noticiero\/transporte-aereo\/internacional\/lufthansa-establece-nuevos-estandares-de-diseno-y-servicio-a-bordo\/","title":{"rendered":"Lufthansa establece nuevos est\u00e1ndares de dise\u00f1o y servicio a bordo"},"content":{"rendered":"<p style=\"text-align: justify;\"><strong>(Aeronoticias) <\/strong><span style=\"font-size: 12.1599998474121px; line-height: 1.3em;\">Lufthansa mejorar\u00e1 este a\u00f1o la experiencia de viaje de sus pasajeros, gracias al lanzamiento de una serie de iniciativas, creadas a partir de la opini\u00f3n de sus clientes.<\/span><\/p>\n<p style=\"text-align: justify;\"><span style=\"font-size: 12.1599998474121px; line-height: 1.3em;\">Durante la rueda de prensa de Lufthansa, que tuvo lugar en el contexto de la Feria Internacional de Turismo de Berl\u00edn (ITB), Jens Bischof, miembro del Consejo de Lufthansa German Airlines y responsable de Ventas, Producto y Marketing, afirm\u00f3:<\/span><\/p>\n<p style=\"text-align: justify;\"><span style=\"font-size: 12.1599998474121px; line-height: 1.3em;\">\u00abEn 2015 nuestros pasajeros podr\u00e1n disfrutar de una nueva Lufthansa. Durante los \u00faltimos a\u00f1os hemos invertido miles de millones en calidad y servicios en beneficio de nuestros clientes, quienes ahora podr\u00e1n disfrutar del resultado. Como aerol\u00ednea, nos posicionamos una vez m\u00e1s donde nos corresponde, a la cabeza de las aerol\u00edneas internacionales premium. Nuestros clientes pueden estar seguros de que el sello de calida _\u00bbMade in Germany\u00bb_ est\u00e1 presente en todos nuestros vuelos. Estamos en el buen camino para convertirnos en la primer aerol\u00ednea occidental que consigue el reconocimiento de las 5 estrellas \u00ab.<\/span><\/p>\n<p style=\"text-align: justify;\"><span style=\"font-size: 12.1599998474121px; line-height: 1.3em;\">ASIENTOS DE VANGUARDIA EN TODA LA FLOTA<\/span><\/p>\n<p style=\"text-align: justify;\"><span style=\"font-size: 12.1599998474121px; line-height: 1.3em;\">A partir del tercer trimestre de este a\u00f1o, todos los aviones de largo recorrido de la aerol\u00ednea habr\u00e1n renovado sus cabinas y contar\u00e1n con asientos de vanguardia en todas sus clases.<\/span><\/p>\n<p style=\"text-align: justify;\"><span style=\"font-size: 12.1599998474121px; line-height: 1.3em;\">Adem\u00e1s, el servicio de internet de banda ancha, FlyNet, estar\u00e1 disponible a bordo. Desde 2011, Lufthansa ha invertido de media 1 mill\u00f3n de euros al d\u00eda en la remodelaci\u00f3n de sus cabinas, lo que ha supuesto una inversi\u00f3n de 1.500 millones de euros.<\/span><\/p>\n<p style=\"text-align: justify;\"><span style=\"font-size: 12.1599998474121px; line-height: 1.3em;\">Un total de 39.000 asientos han sido reemplazados, modificados o, en el caso de los nuevos aviones, instalados en la flota de largo recorrido de Lufthansa: 600 en First Class, 7.000 en Business Class y m\u00e1s de 27.600 en Economy Class.<\/span><\/p>\n<p style=\"text-align: justify;\"><span style=\"font-size: 12.1599998474121px; line-height: 1.3em;\">Alrededor de 3.600 asientos se est\u00e1n implantando en los 106 aviones de largo recorrido que incorporan la nueva Premium Economy Class, que ya se ha convertido en un \u00e9xito de ventas.<\/span><\/p>\n<p style=\"text-align: justify;\"><span style=\"font-size: 12.1599998474121px; line-height: 1.3em;\">Premium Economy Class ya est\u00e1 disponible en 30 aviones de largo recorrido y, como tarde, a finales de este a\u00f1o los pasajeros podr\u00e1n viajar en Premium Economy Class en todos los vuelos intercontinentales.<\/span><\/p>\n<p style=\"text-align: justify;\"><span style=\"font-size: 12.1599998474121px; line-height: 1.3em;\">El servicio FlyNet tambi\u00e9n est\u00e1 incluido como parte de la conversi\u00f3n de la cabina y estar\u00e1 disponible en todos los vuelos de largo recorrido pr\u00f3ximamente. FlyNet ofrece acceso a internet de banda ancha a trav\u00e9s de una red Wi-Fi a bordo.<\/span><\/p>\n<p style=\"text-align: justify;\"><span style=\"font-size: 12.1599998474121px; line-height: 1.3em;\">Adem\u00e1s, permite tener acceso a la web FlyNet, que cuenta con las \u00faltimas noticias y el canal de televisi\u00f3n Sport24. Los pasajeros que quieran trabajar o conectarse a miles de kil\u00f3metros de altura podr\u00e1n hacerlo sin problema.<\/span><\/p>\n<p style=\"text-align: justify;\"><span style=\"font-size: 12.1599998474121px; line-height: 1.3em;\">SERVICIO EN BUSINESS CLASS<\/span><\/p>\n<p style=\"text-align: justify;\"><span style=\"font-size: 12.1599998474121px; line-height: 1.3em;\">En Business Class, los pasajeros recibir\u00e1n una atenci\u00f3n a\u00fan m\u00e1s personalizada y los distintos servicios se adaptar\u00e1n a sus necesidades y expectativas. Entre otras novedades, este verano se introducir\u00e1 el concepto \u201cBUSINESS CLASS RESTAURANT SERVICE\u201d en vuelos de largo recorrido, por el que las comidas y bebidas se servir\u00e1n individualmente a los pasajeros, en vez de desde los carros.<\/span><\/p>\n<p style=\"text-align: justify;\"><span style=\"font-size: 12.1599998474121px; line-height: 1.3em;\">Cada tripulante de cabina servir\u00e1 a un n\u00famero determinado de pasajeros y actuar\u00e1 como anfitri\u00f3n y contacto. Adem\u00e1s, se incorporar\u00e1 m\u00e1s personal de cabina para hacerlo posible. \u00abNo s\u00f3lo estamos por delante del resto de compa\u00f1\u00edas en cuanto a interiores de cabina, sino que estamos estableciendo nuevos est\u00e1ndares en el servicio de a bordo\u00bb, coment\u00f3 Bischof.<\/span><\/p>\n<p style=\"text-align: justify;\"><span style=\"font-size: 12.1599998474121px; line-height: 1.3em;\">NUEVAS TARIFAS DE ECONOMY CLASS: LIGHT, CLASSIC Y FLEX<\/span><\/p>\n<p style=\"text-align: justify;\"><span style=\"font-size: 12.1599998474121px; line-height: 1.3em;\">El nuevo procedimiento de fijaci\u00f3n de precios en rutas europeas y dentro de Alemania se adapta a las necesidades individuales de los pasajeros, brind\u00e1ndoles la oportunidad de elegir los servicios que les gustar\u00eda disfrutar y pagar. Aunque las tres nuevas tarifas &#8211; Light, Classic y Flex &#8211; se incorporar\u00e1n a partir del pr\u00f3ximo oto\u00f1o, la venta de billetes se iniciar\u00e1 este verano.<\/span><\/p>\n<p style=\"text-align: justify;\"><span style=\"font-size: 12.1599998474121px; line-height: 1.3em;\">La tarifa LIGHT es la mejor opci\u00f3n para los pasajeros que s\u00f3lo viajan con equipaje de mano y que no desean hacer uso de opciones de cambio de reserva o de reembolso. Por su parte, la tarifa CLASSIC permite facturar una pieza de equipaje de forma gratuita, as\u00ed como reservar el asiento tan pronto est\u00e9 hecha la reserva.<\/span><\/p>\n<p style=\"text-align: justify;\"><span style=\"font-size: 12.1599998474121px; line-height: 1.3em;\">En caso necesario, la tarifa Classic tambi\u00e9n permite hacer un cambio de reserva pagando un suplemento. Por \u00faltimo, la tarifa FLEX ofrece un paquete muy atractivo con m\u00faltiples servicios incluidos, as\u00ed como la posibilidad de volver a reservar sin coste y, en caso de que fuese necesario, obtener el reembolso del billete con un cargo adicional.<\/span><\/p>\n<p style=\"text-align: justify;\"><span style=\"font-size: 12.1599998474121px; line-height: 1.3em;\">Adem\u00e1s, los pasajeros que elijan la tarifa Flex podr\u00e1n tomar un vuelo m\u00e1s temprano el mismo de la reserva, sin tener que pagar un suplemento extra.<\/span><\/p>\n<p style=\"text-align: justify;\"><span style=\"font-size: 12.1599998474121px; line-height: 1.3em;\">Lufthansa Business Class seguir\u00e1 disponible para los pasajeros de ocio y de negocio en todos los vuelos e incluir\u00e1 el acceso a salas de espera, una mayor franquicia de equipaje, m\u00e1s privacidad -el asiento de al lado est\u00e1 desocupado- y la posibilidad de acumular millas.<\/span><\/p>\n<p style=\"text-align: justify;\"><span style=\"font-size: 12.1599998474121px; line-height: 1.3em;\">Ser\u00e1 posible combinar las diferentes tarifas al reservar vuelos de ida y vuelta y todos los pasajeros recibir\u00e1n una bebida gratis y servicio de snack a bordo, independientemente de la tarifa escogida. Asimismo, todos podr\u00e1n llevar consigo equipaje de mano, seleccionar su asiento cuando al hacer el check-in 23 horas antes de la salida y acumular millas en Miles &amp; More, sin cargo extra. Los precios de los billetes depender\u00e1n de la ruta y la disponibilidad.<\/span><\/p>\n<p style=\"text-align: justify;\"><span style=\"font-size: 12.1599998474121px; line-height: 1.3em;\">CINCO NUEVOS DESTINOS TUR\u00edSTICOS<\/span><\/p>\n<p style=\"text-align: justify;\"><span style=\"font-size: 12.1599998474121px; line-height: 1.3em;\">Cinco nuevos destinos de larga distancia se a\u00f1adir\u00e1n al plan de vuelos de Lufthansa el pr\u00f3ximo oto\u00f1o. Los 15 vuelos semanales adicionales, con destino Tampa, Canc\u00fan, Panam\u00e1, Mal\u00e9 y Mauricio, har\u00e1n la red de rutas de Lufthansa a\u00fan m\u00e1s atractiva, sobre todo para los pasajeros de ocio, quienes podr\u00e1n disfrutar de su vuelo en Business Class, Premium Economy Class o Economy Class.<\/span><\/p>\n<p style=\"text-align: justify;\"><span style=\"font-size: 12.1599998474121px; line-height: 1.3em;\">Lufthansa ha ampliado la colaboraci\u00f3n con Copa Airlines, la aerol\u00ednea paname\u00f1a y miembro de Star Alliance. Gracias a esta alianza, los clientes de Lufthansa podr\u00e1n llegar c\u00f3modamente a otros 50 destinos de Am\u00e9rica Central y del Sur, as\u00ed como del Caribe.<\/span><\/p>\n<p style=\"text-align: justify;\"><span style=\"font-size: 12.1599998474121px; line-height: 1.3em;\">Jens Bischof subray\u00f3: \u00abLa incorporaci\u00f3n de nuevos destinos a nuestra red de rutas, combinado con la calidad y el servicio que nos caracteriza, impresionar\u00e1 a nuestros pasajeros. 2015 marcar\u00e1 el comienzo de un nuevo calendario, el mejor Lufthansa de todos los tiempos\u00bb.<\/span><\/p>\n<p style=\"text-align: justify;\"><strong><em>Fuente: http:\/\/www.caribbeannewsdigital.com\/noticia\/lufthansa-establece-nuevos-estandares-de-diseno-y-servicio-bordo<\/em><\/strong><\/p>\n<p style=\"text-align: justify;\"><strong><em><img decoding=\"async\" src=\"images\/stories\/15\/03\/070315\/lufthansa.jpg\" border=\"0\" \/><br \/><\/em><\/strong><\/p>\n","protected":false},"excerpt":{"rendered":"<p>(Aeronoticias) Lufthansa mejorar\u00e1 este a\u00f1o la experiencia de viaje de sus pasajeros, gracias al lanzamiento de una serie de iniciativas, creadas a partir de la opini\u00f3n de sus clientes. Durante la rueda de prensa de Lufthansa, que tuvo lugar en el contexto de la Feria Internacional de Turismo de Berl\u00edn (ITB), Jens Bischof, miembro del [&hellip;]<\/p>\n","protected":false},"author":1,"featured_media":0,"comment_status":"open","ping_status":"open","sticky":false,"template":"","format":"standard","meta":{"tdm_status":"","tdm_grid_status":"","footnotes":""},"categories":[32],"tags":[],"class_list":{"0":"post-51759","1":"post","2":"type-post","3":"status-publish","4":"format-standard","6":"category-internacional"},"yoast_head":"<!-- This site is optimized with the Yoast SEO plugin v25.1 - https:\/\/yoast.com\/wordpress\/plugins\/seo\/ -->\n<title>Lufthansa establece nuevos est\u00e1ndares de dise\u00f1o y servicio a bordo<\/title>\n<meta name=\"description\" content=\"Portal de noticias del Per\u00fa sobre el transporte a\u00e9reo, aviaci\u00f3n, turismo, hoteleria, actualidad.\" \/>\n<meta name=\"robots\" content=\"index, follow, max-snippet:-1, max-image-preview:large, max-video-preview:-1\" \/>\n<link rel=\"canonical\" href=\"https:\/\/aeronoticias.com.pe\/noticiero\/transporte-aereo\/internacional\/lufthansa-establece-nuevos-estandares-de-diseno-y-servicio-a-bordo\/\" \/>\n<meta property=\"og:locale\" content=\"es_ES\" \/>\n<meta property=\"og:type\" content=\"article\" \/>\n<meta property=\"og:title\" content=\"Lufthansa establece nuevos est\u00e1ndares de dise\u00f1o y servicio a bordo\" \/>\n<meta property=\"og:description\" content=\"Portal de noticias del Per\u00fa sobre el transporte a\u00e9reo, aviaci\u00f3n, turismo, hoteleria, actualidad.\" \/>\n<meta property=\"og:url\" content=\"https:\/\/aeronoticias.com.pe\/noticiero\/transporte-aereo\/internacional\/lufthansa-establece-nuevos-estandares-de-diseno-y-servicio-a-bordo\/\" \/>\n<meta property=\"og:site_name\" content=\"Aeronoticias.com.pe\" \/>\n<meta property=\"article:publisher\" content=\"https:\/\/www.facebook.com\/Aeronoticias.com.pe\/\" \/>\n<meta property=\"article:published_time\" content=\"2015-03-07T11:00:00+00:00\" \/>\n<meta name=\"author\" content=\"Redacci\u00f3n Aeronoticias\" \/>\n<meta name=\"twitter:card\" content=\"summary_large_image\" \/>\n<meta name=\"twitter:creator\" content=\"@aeronoticias\" \/>\n<meta name=\"twitter:site\" content=\"@aeronoticias\" \/>\n<meta name=\"twitter:label1\" content=\"Escrito por\" \/>\n\t<meta name=\"twitter:data1\" content=\"Redacci\u00f3n Aeronoticias\" \/>\n\t<meta name=\"twitter:label2\" content=\"Tiempo de lectura\" \/>\n\t<meta name=\"twitter:data2\" content=\"5 minutos\" \/>\n<script type=\"application\/ld+json\" class=\"yoast-schema-graph\">{\"@context\":\"https:\/\/schema.org\",\"@graph\":[{\"@type\":\"WebPage\",\"@id\":\"https:\/\/aeronoticias.com.pe\/noticiero\/transporte-aereo\/internacional\/lufthansa-establece-nuevos-estandares-de-diseno-y-servicio-a-bordo\/\",\"url\":\"https:\/\/aeronoticias.com.pe\/noticiero\/transporte-aereo\/internacional\/lufthansa-establece-nuevos-estandares-de-diseno-y-servicio-a-bordo\/\",\"name\":\"Lufthansa establece nuevos est\u00e1ndares de dise\u00f1o y servicio a bordo\",\"isPartOf\":{\"@id\":\"https:\/\/aeronoticias.com.pe\/noticiero\/#website\"},\"datePublished\":\"2015-03-07T11:00:00+00:00\",\"author\":{\"@id\":\"https:\/\/aeronoticias.com.pe\/noticiero\/#\/schema\/person\/fc1e5d578f4b62ba1cf7ac2bba1170a0\"},\"description\":\"Portal de noticias del Per\u00fa sobre el transporte a\u00e9reo, aviaci\u00f3n, turismo, hoteleria, actualidad.\",\"breadcrumb\":{\"@id\":\"https:\/\/aeronoticias.com.pe\/noticiero\/transporte-aereo\/internacional\/lufthansa-establece-nuevos-estandares-de-diseno-y-servicio-a-bordo\/#breadcrumb\"},\"inLanguage\":\"es\",\"potentialAction\":[{\"@type\":\"ReadAction\",\"target\":[\"https:\/\/aeronoticias.com.pe\/noticiero\/transporte-aereo\/internacional\/lufthansa-establece-nuevos-estandares-de-diseno-y-servicio-a-bordo\/\"]}]},{\"@type\":\"BreadcrumbList\",\"@id\":\"https:\/\/aeronoticias.com.pe\/noticiero\/transporte-aereo\/internacional\/lufthansa-establece-nuevos-estandares-de-diseno-y-servicio-a-bordo\/#breadcrumb\",\"itemListElement\":[{\"@type\":\"ListItem\",\"position\":1,\"name\":\"Portada\",\"item\":\"https:\/\/aeronoticias.com.pe\/noticiero\/\"},{\"@type\":\"ListItem\",\"position\":2,\"name\":\"Lufthansa establece nuevos est\u00e1ndares de dise\u00f1o y servicio a bordo\"}]},{\"@type\":\"WebSite\",\"@id\":\"https:\/\/aeronoticias.com.pe\/noticiero\/#website\",\"url\":\"https:\/\/aeronoticias.com.pe\/noticiero\/\",\"name\":\"Aeronoticias.com.pe\",\"description\":\"Noticias de tranporte aereo, turismo, hoteles, gastronomia, actualidad, internacional\",\"potentialAction\":[{\"@type\":\"SearchAction\",\"target\":{\"@type\":\"EntryPoint\",\"urlTemplate\":\"https:\/\/aeronoticias.com.pe\/noticiero\/?s={search_term_string}\"},\"query-input\":{\"@type\":\"PropertyValueSpecification\",\"valueRequired\":true,\"valueName\":\"search_term_string\"}}],\"inLanguage\":\"es\"},{\"@type\":\"Person\",\"@id\":\"https:\/\/aeronoticias.com.pe\/noticiero\/#\/schema\/person\/fc1e5d578f4b62ba1cf7ac2bba1170a0\",\"name\":\"Redacci\u00f3n Aeronoticias\",\"url\":\"https:\/\/aeronoticias.com.pe\/noticiero\/author\/piloto\/\"}]}<\/script>\n<!-- \/ Yoast SEO plugin. -->","yoast_head_json":{"title":"Lufthansa establece nuevos est\u00e1ndares de dise\u00f1o y servicio a bordo","description":"Portal de noticias del Per\u00fa sobre el transporte a\u00e9reo, aviaci\u00f3n, turismo, hoteleria, actualidad.","robots":{"index":"index","follow":"follow","max-snippet":"max-snippet:-1","max-image-preview":"max-image-preview:large","max-video-preview":"max-video-preview:-1"},"canonical":"https:\/\/aeronoticias.com.pe\/noticiero\/transporte-aereo\/internacional\/lufthansa-establece-nuevos-estandares-de-diseno-y-servicio-a-bordo\/","og_locale":"es_ES","og_type":"article","og_title":"Lufthansa establece nuevos est\u00e1ndares de dise\u00f1o y servicio a bordo","og_description":"Portal de noticias del Per\u00fa sobre el transporte a\u00e9reo, aviaci\u00f3n, turismo, hoteleria, actualidad.","og_url":"https:\/\/aeronoticias.com.pe\/noticiero\/transporte-aereo\/internacional\/lufthansa-establece-nuevos-estandares-de-diseno-y-servicio-a-bordo\/","og_site_name":"Aeronoticias.com.pe","article_publisher":"https:\/\/www.facebook.com\/Aeronoticias.com.pe\/","article_published_time":"2015-03-07T11:00:00+00:00","author":"Redacci\u00f3n Aeronoticias","twitter_card":"summary_large_image","twitter_creator":"@aeronoticias","twitter_site":"@aeronoticias","twitter_misc":{"Escrito por":"Redacci\u00f3n Aeronoticias","Tiempo de lectura":"5 minutos"},"schema":{"@context":"https:\/\/schema.org","@graph":[{"@type":"WebPage","@id":"https:\/\/aeronoticias.com.pe\/noticiero\/transporte-aereo\/internacional\/lufthansa-establece-nuevos-estandares-de-diseno-y-servicio-a-bordo\/","url":"https:\/\/aeronoticias.com.pe\/noticiero\/transporte-aereo\/internacional\/lufthansa-establece-nuevos-estandares-de-diseno-y-servicio-a-bordo\/","name":"Lufthansa establece nuevos est\u00e1ndares de dise\u00f1o y servicio a bordo","isPartOf":{"@id":"https:\/\/aeronoticias.com.pe\/noticiero\/#website"},"datePublished":"2015-03-07T11:00:00+00:00","author":{"@id":"https:\/\/aeronoticias.com.pe\/noticiero\/#\/schema\/person\/fc1e5d578f4b62ba1cf7ac2bba1170a0"},"description":"Portal de noticias del Per\u00fa sobre el transporte a\u00e9reo, aviaci\u00f3n, turismo, hoteleria, actualidad.","breadcrumb":{"@id":"https:\/\/aeronoticias.com.pe\/noticiero\/transporte-aereo\/internacional\/lufthansa-establece-nuevos-estandares-de-diseno-y-servicio-a-bordo\/#breadcrumb"},"inLanguage":"es","potentialAction":[{"@type":"ReadAction","target":["https:\/\/aeronoticias.com.pe\/noticiero\/transporte-aereo\/internacional\/lufthansa-establece-nuevos-estandares-de-diseno-y-servicio-a-bordo\/"]}]},{"@type":"BreadcrumbList","@id":"https:\/\/aeronoticias.com.pe\/noticiero\/transporte-aereo\/internacional\/lufthansa-establece-nuevos-estandares-de-diseno-y-servicio-a-bordo\/#breadcrumb","itemListElement":[{"@type":"ListItem","position":1,"name":"Portada","item":"https:\/\/aeronoticias.com.pe\/noticiero\/"},{"@type":"ListItem","position":2,"name":"Lufthansa establece nuevos est\u00e1ndares de dise\u00f1o y servicio a bordo"}]},{"@type":"WebSite","@id":"https:\/\/aeronoticias.com.pe\/noticiero\/#website","url":"https:\/\/aeronoticias.com.pe\/noticiero\/","name":"Aeronoticias.com.pe","description":"Noticias de tranporte aereo, turismo, hoteles, gastronomia, actualidad, internacional","potentialAction":[{"@type":"SearchAction","target":{"@type":"EntryPoint","urlTemplate":"https:\/\/aeronoticias.com.pe\/noticiero\/?s={search_term_string}"},"query-input":{"@type":"PropertyValueSpecification","valueRequired":true,"valueName":"search_term_string"}}],"inLanguage":"es"},{"@type":"Person","@id":"https:\/\/aeronoticias.com.pe\/noticiero\/#\/schema\/person\/fc1e5d578f4b62ba1cf7ac2bba1170a0","name":"Redacci\u00f3n Aeronoticias","url":"https:\/\/aeronoticias.com.pe\/noticiero\/author\/piloto\/"}]}},"_links":{"self":[{"href":"https:\/\/aeronoticias.com.pe\/noticiero\/wp-json\/wp\/v2\/posts\/51759","targetHints":{"allow":["GET"]}}],"collection":[{"href":"https:\/\/aeronoticias.com.pe\/noticiero\/wp-json\/wp\/v2\/posts"}],"about":[{"href":"https:\/\/aeronoticias.com.pe\/noticiero\/wp-json\/wp\/v2\/types\/post"}],"author":[{"embeddable":true,"href":"https:\/\/aeronoticias.com.pe\/noticiero\/wp-json\/wp\/v2\/users\/1"}],"replies":[{"embeddable":true,"href":"https:\/\/aeronoticias.com.pe\/noticiero\/wp-json\/wp\/v2\/comments?post=51759"}],"version-history":[{"count":0,"href":"https:\/\/aeronoticias.com.pe\/noticiero\/wp-json\/wp\/v2\/posts\/51759\/revisions"}],"wp:attachment":[{"href":"https:\/\/aeronoticias.com.pe\/noticiero\/wp-json\/wp\/v2\/media?parent=51759"}],"wp:term":[{"taxonomy":"category","embeddable":true,"href":"https:\/\/aeronoticias.com.pe\/noticiero\/wp-json\/wp\/v2\/categories?post=51759"},{"taxonomy":"post_tag","embeddable":true,"href":"https:\/\/aeronoticias.com.pe\/noticiero\/wp-json\/wp\/v2\/tags?post=51759"}],"curies":[{"name":"wp","href":"https:\/\/api.w.org\/{rel}","templated":true}]}}