{"id":51791,"date":"2015-03-10T14:55:06","date_gmt":"2015-03-10T14:55:06","guid":{"rendered":"http:\/\/desarrollo.mcvicious.com\/aero2020\/2015\/03\/10\/jetblue-lanza-nuevo-diseno-con-mucho-corazon-aerolinea\/"},"modified":"2015-03-10T14:55:06","modified_gmt":"2015-03-10T14:55:06","slug":"jetblue-lanza-nuevo-diseno-con-mucho-corazon-aerolinea","status":"publish","type":"post","link":"https:\/\/aeronoticias.com.pe\/noticiero\/transporte-aereo\/internacional\/jetblue-lanza-nuevo-diseno-con-mucho-corazon-aerolinea\/","title":{"rendered":"JetBlue lanza nuevo dise\u00f1o con mucho coraz\u00f3n Aerol\u00ednea"},"content":{"rendered":"<p style=\"text-align: justify;\"><strong>(Aeronoticias) <\/strong><span style=\"font-size: 12.1599998474121px; line-height: 1.3em;\">La aerol\u00ednea JetBlue, \u00fanica en nuestro pa\u00eds con destino a Fort Lauderdale, a bajo costo, dio a conocer su nuevo e inigualable dise\u00f1o con el cual rinde tributo a los integrantes de su tripulaci\u00f3n y el que adem\u00e1s est\u00e1 inspirado en la joven Jaelyn, nieta de un familiar cercano a uno de sus integrantes, la cual padec\u00eda una condici\u00f3n del coraz\u00f3n conocida como miocarditis.<\/span><\/p>\n<p style=\"text-align: justify;\">Los integrantes de la tripulaci\u00f3n de JetBlue decidieron realizar una recaudaci\u00f3n de fondos para ayudar a la joven, en la que lograron recaudar $3,000 d\u00f3lares, los cuales fueron robados del veh\u00edculo de uno de los miembros del equipo. Esto se difundi\u00f3 por toda la comunidad logrando que las personas uniesen sus esfuerzos para ayudar a que la ni\u00f1a consiguiese un nuevo coraz\u00f3n.<\/p>\n<p style=\"text-align: justify;\">Actualmente cada pasajero que aborde la aeronave encontrar\u00e1 en la parte delantera un letrero que dir\u00e1 \u201cDise\u00f1o inspirado en Jaelyn\u201d. El emblema ha servido como dedicaci\u00f3n a la peque\u00f1a Jaelyn, su nuevo coraz\u00f3n, los miembros de la tripulaci\u00f3n y sus familiares quienes hicieron esta obra posible.<\/p>\n<p style=\"text-align: justify;\">Este dise\u00f1o fue creado en base a los valores de la marca que son compartidos diariamente con el prop\u00f3sito de inspirar a la humanidad. El dise\u00f1o ha sido realizado como parte de la celebraci\u00f3n de los 15 a\u00f1os de JetBlue de forjar una trayectoria \u00fanica en la experiencia de viaje promoviendo los mismos valores definidos por la aerol\u00ednea en la actualidad.<\/p>\n<p style=\"text-align: justify;\">Cabe destacar que el nuevo dise\u00f1o, ha sido aplicado al aerob\u00fas A320 de JetBlue que cuenta con una nube de palabras de la misi\u00f3n de JetBlue \u201cInspirando a la Humanidad\u201d y los valores fundamentales que lo distinguen: seguridad, cari\u00f1o, integridad, pasi\u00f3n y diversi\u00f3n. Este avi\u00f3n rinde tributo a toda la tripulaci\u00f3n de JetBlue, quienes hacen que cada d\u00eda sea posible la misi\u00f3n de inspirar a la humanidad\u201d, afirma Mike Elliott, Vice Presidente Ejecutivo de Personal.<\/p>\n<p style=\"text-align: justify;\"><img decoding=\"async\" src=\"images\/stories\/15\/03\/100315\/disenojetblue.jpg\" border=\"0\" \/><\/p>\n","protected":false},"excerpt":{"rendered":"<p>(Aeronoticias) La aerol\u00ednea JetBlue, \u00fanica en nuestro pa\u00eds con destino a Fort Lauderdale, a bajo costo, dio a conocer su nuevo e inigualable dise\u00f1o con el cual rinde tributo a los integrantes de su tripulaci\u00f3n y el que adem\u00e1s est\u00e1 inspirado en la joven Jaelyn, nieta de un familiar cercano a uno de sus integrantes, [&hellip;]<\/p>\n","protected":false},"author":1,"featured_media":0,"comment_status":"open","ping_status":"open","sticky":false,"template":"","format":"standard","meta":{"tdm_status":"","tdm_grid_status":"","footnotes":""},"categories":[32],"tags":[],"class_list":{"0":"post-51791","1":"post","2":"type-post","3":"status-publish","4":"format-standard","6":"category-internacional"},"yoast_head":"<!-- This site is optimized with the Yoast SEO plugin v25.1 - https:\/\/yoast.com\/wordpress\/plugins\/seo\/ -->\n<title>JetBlue lanza nuevo dise\u00f1o con mucho coraz\u00f3n Aerol\u00ednea<\/title>\n<meta name=\"description\" content=\"Portal de noticias del Per\u00fa sobre el transporte a\u00e9reo, aviaci\u00f3n, turismo, hoteleria, actualidad.\" \/>\n<meta name=\"robots\" content=\"index, follow, max-snippet:-1, max-image-preview:large, max-video-preview:-1\" \/>\n<link rel=\"canonical\" href=\"https:\/\/aeronoticias.com.pe\/noticiero\/transporte-aereo\/internacional\/jetblue-lanza-nuevo-diseno-con-mucho-corazon-aerolinea\/\" \/>\n<meta property=\"og:locale\" content=\"es_ES\" \/>\n<meta property=\"og:type\" content=\"article\" \/>\n<meta property=\"og:title\" content=\"JetBlue lanza nuevo dise\u00f1o con mucho coraz\u00f3n Aerol\u00ednea\" \/>\n<meta property=\"og:description\" content=\"Portal de noticias del Per\u00fa sobre el transporte a\u00e9reo, aviaci\u00f3n, turismo, hoteleria, actualidad.\" \/>\n<meta property=\"og:url\" content=\"https:\/\/aeronoticias.com.pe\/noticiero\/transporte-aereo\/internacional\/jetblue-lanza-nuevo-diseno-con-mucho-corazon-aerolinea\/\" \/>\n<meta property=\"og:site_name\" content=\"Aeronoticias.com.pe\" \/>\n<meta property=\"article:publisher\" content=\"https:\/\/www.facebook.com\/Aeronoticias.com.pe\/\" \/>\n<meta property=\"article:published_time\" content=\"2015-03-10T14:55:06+00:00\" \/>\n<meta name=\"author\" content=\"Redacci\u00f3n Aeronoticias\" \/>\n<meta name=\"twitter:card\" content=\"summary_large_image\" \/>\n<meta name=\"twitter:creator\" content=\"@aeronoticias\" \/>\n<meta name=\"twitter:site\" content=\"@aeronoticias\" \/>\n<meta name=\"twitter:label1\" content=\"Escrito por\" \/>\n\t<meta name=\"twitter:data1\" content=\"Redacci\u00f3n Aeronoticias\" \/>\n\t<meta name=\"twitter:label2\" content=\"Tiempo de lectura\" \/>\n\t<meta name=\"twitter:data2\" content=\"2 minutos\" \/>\n<script type=\"application\/ld+json\" class=\"yoast-schema-graph\">{\"@context\":\"https:\/\/schema.org\",\"@graph\":[{\"@type\":\"WebPage\",\"@id\":\"https:\/\/aeronoticias.com.pe\/noticiero\/transporte-aereo\/internacional\/jetblue-lanza-nuevo-diseno-con-mucho-corazon-aerolinea\/\",\"url\":\"https:\/\/aeronoticias.com.pe\/noticiero\/transporte-aereo\/internacional\/jetblue-lanza-nuevo-diseno-con-mucho-corazon-aerolinea\/\",\"name\":\"JetBlue lanza nuevo dise\u00f1o con mucho coraz\u00f3n Aerol\u00ednea\",\"isPartOf\":{\"@id\":\"https:\/\/aeronoticias.com.pe\/noticiero\/#website\"},\"datePublished\":\"2015-03-10T14:55:06+00:00\",\"author\":{\"@id\":\"https:\/\/aeronoticias.com.pe\/noticiero\/#\/schema\/person\/fc1e5d578f4b62ba1cf7ac2bba1170a0\"},\"description\":\"Portal de noticias del Per\u00fa sobre el transporte a\u00e9reo, aviaci\u00f3n, turismo, hoteleria, actualidad.\",\"breadcrumb\":{\"@id\":\"https:\/\/aeronoticias.com.pe\/noticiero\/transporte-aereo\/internacional\/jetblue-lanza-nuevo-diseno-con-mucho-corazon-aerolinea\/#breadcrumb\"},\"inLanguage\":\"es\",\"potentialAction\":[{\"@type\":\"ReadAction\",\"target\":[\"https:\/\/aeronoticias.com.pe\/noticiero\/transporte-aereo\/internacional\/jetblue-lanza-nuevo-diseno-con-mucho-corazon-aerolinea\/\"]}]},{\"@type\":\"BreadcrumbList\",\"@id\":\"https:\/\/aeronoticias.com.pe\/noticiero\/transporte-aereo\/internacional\/jetblue-lanza-nuevo-diseno-con-mucho-corazon-aerolinea\/#breadcrumb\",\"itemListElement\":[{\"@type\":\"ListItem\",\"position\":1,\"name\":\"Portada\",\"item\":\"https:\/\/aeronoticias.com.pe\/noticiero\/\"},{\"@type\":\"ListItem\",\"position\":2,\"name\":\"JetBlue lanza nuevo dise\u00f1o con mucho coraz\u00f3n Aerol\u00ednea\"}]},{\"@type\":\"WebSite\",\"@id\":\"https:\/\/aeronoticias.com.pe\/noticiero\/#website\",\"url\":\"https:\/\/aeronoticias.com.pe\/noticiero\/\",\"name\":\"Aeronoticias.com.pe\",\"description\":\"Noticias de tranporte aereo, turismo, hoteles, gastronomia, actualidad, internacional\",\"potentialAction\":[{\"@type\":\"SearchAction\",\"target\":{\"@type\":\"EntryPoint\",\"urlTemplate\":\"https:\/\/aeronoticias.com.pe\/noticiero\/?s={search_term_string}\"},\"query-input\":{\"@type\":\"PropertyValueSpecification\",\"valueRequired\":true,\"valueName\":\"search_term_string\"}}],\"inLanguage\":\"es\"},{\"@type\":\"Person\",\"@id\":\"https:\/\/aeronoticias.com.pe\/noticiero\/#\/schema\/person\/fc1e5d578f4b62ba1cf7ac2bba1170a0\",\"name\":\"Redacci\u00f3n Aeronoticias\",\"url\":\"https:\/\/aeronoticias.com.pe\/noticiero\/author\/piloto\/\"}]}<\/script>\n<!-- \/ Yoast SEO plugin. -->","yoast_head_json":{"title":"JetBlue lanza nuevo dise\u00f1o con mucho coraz\u00f3n Aerol\u00ednea","description":"Portal de noticias del Per\u00fa sobre el transporte a\u00e9reo, aviaci\u00f3n, turismo, hoteleria, actualidad.","robots":{"index":"index","follow":"follow","max-snippet":"max-snippet:-1","max-image-preview":"max-image-preview:large","max-video-preview":"max-video-preview:-1"},"canonical":"https:\/\/aeronoticias.com.pe\/noticiero\/transporte-aereo\/internacional\/jetblue-lanza-nuevo-diseno-con-mucho-corazon-aerolinea\/","og_locale":"es_ES","og_type":"article","og_title":"JetBlue lanza nuevo dise\u00f1o con mucho coraz\u00f3n Aerol\u00ednea","og_description":"Portal de noticias del Per\u00fa sobre el transporte a\u00e9reo, aviaci\u00f3n, turismo, hoteleria, actualidad.","og_url":"https:\/\/aeronoticias.com.pe\/noticiero\/transporte-aereo\/internacional\/jetblue-lanza-nuevo-diseno-con-mucho-corazon-aerolinea\/","og_site_name":"Aeronoticias.com.pe","article_publisher":"https:\/\/www.facebook.com\/Aeronoticias.com.pe\/","article_published_time":"2015-03-10T14:55:06+00:00","author":"Redacci\u00f3n Aeronoticias","twitter_card":"summary_large_image","twitter_creator":"@aeronoticias","twitter_site":"@aeronoticias","twitter_misc":{"Escrito por":"Redacci\u00f3n Aeronoticias","Tiempo de lectura":"2 minutos"},"schema":{"@context":"https:\/\/schema.org","@graph":[{"@type":"WebPage","@id":"https:\/\/aeronoticias.com.pe\/noticiero\/transporte-aereo\/internacional\/jetblue-lanza-nuevo-diseno-con-mucho-corazon-aerolinea\/","url":"https:\/\/aeronoticias.com.pe\/noticiero\/transporte-aereo\/internacional\/jetblue-lanza-nuevo-diseno-con-mucho-corazon-aerolinea\/","name":"JetBlue lanza nuevo dise\u00f1o con mucho coraz\u00f3n Aerol\u00ednea","isPartOf":{"@id":"https:\/\/aeronoticias.com.pe\/noticiero\/#website"},"datePublished":"2015-03-10T14:55:06+00:00","author":{"@id":"https:\/\/aeronoticias.com.pe\/noticiero\/#\/schema\/person\/fc1e5d578f4b62ba1cf7ac2bba1170a0"},"description":"Portal de noticias del Per\u00fa sobre el transporte a\u00e9reo, aviaci\u00f3n, turismo, hoteleria, actualidad.","breadcrumb":{"@id":"https:\/\/aeronoticias.com.pe\/noticiero\/transporte-aereo\/internacional\/jetblue-lanza-nuevo-diseno-con-mucho-corazon-aerolinea\/#breadcrumb"},"inLanguage":"es","potentialAction":[{"@type":"ReadAction","target":["https:\/\/aeronoticias.com.pe\/noticiero\/transporte-aereo\/internacional\/jetblue-lanza-nuevo-diseno-con-mucho-corazon-aerolinea\/"]}]},{"@type":"BreadcrumbList","@id":"https:\/\/aeronoticias.com.pe\/noticiero\/transporte-aereo\/internacional\/jetblue-lanza-nuevo-diseno-con-mucho-corazon-aerolinea\/#breadcrumb","itemListElement":[{"@type":"ListItem","position":1,"name":"Portada","item":"https:\/\/aeronoticias.com.pe\/noticiero\/"},{"@type":"ListItem","position":2,"name":"JetBlue lanza nuevo dise\u00f1o con mucho coraz\u00f3n Aerol\u00ednea"}]},{"@type":"WebSite","@id":"https:\/\/aeronoticias.com.pe\/noticiero\/#website","url":"https:\/\/aeronoticias.com.pe\/noticiero\/","name":"Aeronoticias.com.pe","description":"Noticias de tranporte aereo, turismo, hoteles, gastronomia, actualidad, internacional","potentialAction":[{"@type":"SearchAction","target":{"@type":"EntryPoint","urlTemplate":"https:\/\/aeronoticias.com.pe\/noticiero\/?s={search_term_string}"},"query-input":{"@type":"PropertyValueSpecification","valueRequired":true,"valueName":"search_term_string"}}],"inLanguage":"es"},{"@type":"Person","@id":"https:\/\/aeronoticias.com.pe\/noticiero\/#\/schema\/person\/fc1e5d578f4b62ba1cf7ac2bba1170a0","name":"Redacci\u00f3n Aeronoticias","url":"https:\/\/aeronoticias.com.pe\/noticiero\/author\/piloto\/"}]}},"_links":{"self":[{"href":"https:\/\/aeronoticias.com.pe\/noticiero\/wp-json\/wp\/v2\/posts\/51791","targetHints":{"allow":["GET"]}}],"collection":[{"href":"https:\/\/aeronoticias.com.pe\/noticiero\/wp-json\/wp\/v2\/posts"}],"about":[{"href":"https:\/\/aeronoticias.com.pe\/noticiero\/wp-json\/wp\/v2\/types\/post"}],"author":[{"embeddable":true,"href":"https:\/\/aeronoticias.com.pe\/noticiero\/wp-json\/wp\/v2\/users\/1"}],"replies":[{"embeddable":true,"href":"https:\/\/aeronoticias.com.pe\/noticiero\/wp-json\/wp\/v2\/comments?post=51791"}],"version-history":[{"count":0,"href":"https:\/\/aeronoticias.com.pe\/noticiero\/wp-json\/wp\/v2\/posts\/51791\/revisions"}],"wp:attachment":[{"href":"https:\/\/aeronoticias.com.pe\/noticiero\/wp-json\/wp\/v2\/media?parent=51791"}],"wp:term":[{"taxonomy":"category","embeddable":true,"href":"https:\/\/aeronoticias.com.pe\/noticiero\/wp-json\/wp\/v2\/categories?post=51791"},{"taxonomy":"post_tag","embeddable":true,"href":"https:\/\/aeronoticias.com.pe\/noticiero\/wp-json\/wp\/v2\/tags?post=51791"}],"curies":[{"name":"wp","href":"https:\/\/api.w.org\/{rel}","templated":true}]}}