{"id":51845,"date":"2015-03-13T13:38:17","date_gmt":"2015-03-13T13:38:17","guid":{"rendered":"http:\/\/desarrollo.mcvicious.com\/aero2020\/2015\/03\/13\/avianca-iniciara-nueva-ruta-hacia-los-angeles\/"},"modified":"2015-03-13T13:38:17","modified_gmt":"2015-03-13T13:38:17","slug":"avianca-iniciara-nueva-ruta-hacia-los-angeles","status":"publish","type":"post","link":"https:\/\/aeronoticias.com.pe\/noticiero\/transporte-aereo\/internacional\/avianca-iniciara-nueva-ruta-hacia-los-angeles\/","title":{"rendered":"Avianca iniciar\u00e1 nueva ruta hacia Los \u00c1ngeles"},"content":{"rendered":"<p style=\"text-align: justify;\"><strong>(Aeronoticias) <\/strong><span style=\"font-size: 12.1599998474121px; line-height: 1.3em;\">A partir del primero de julio pr\u00f3ximo, Avianca dar\u00e1 inicio a su vuelo directo entre Bogot\u00e1 y Los \u00c1ngeles poniendo a disposici\u00f3n de los viajeros m\u00e1s de 2.000 sillas semanales en la ruta, a las que se suman adem\u00e1s, las sillas disponibles a trav\u00e9s de tres vuelos diarios que Avianca opera v\u00eda San Salvador a la meca del cine.<\/span><\/p>\n<p style=\"text-align: justify;\"><span style=\"font-size: 12.1599998474121px; line-height: 1.3em;\">El vuelo operar\u00e1 cuatro veces por semana en una flota combinada de aeronaves Airbus A330 y Boeing 787-8, con capacidad para 222 pasajeros en Clase Econ\u00f3mica y 30 en Clase Ejecutiva.<\/span><\/p>\n<p style=\"text-align: justify;\"><span style=\"font-size: 12.1599998474121px; line-height: 1.3em;\">Esta nueva ruta permitir\u00e1 a los viajeros de pa\u00edses en Am\u00e9rica del Sur como Chile, Per\u00fa, Brasil, Ecuador y Argentina conectar en forma m\u00e1s \u00e1gil y eficiente a trav\u00e9s del Centro de Conexiones de Bogot\u00e1 hacia y desde el destino norteamericano.<\/span><\/p>\n<p style=\"text-align: justify;\"><span style=\"font-size: 12.1599998474121px; line-height: 1.3em;\">\u201cLos vuelos directos entre Los \u00c1ngeles y Bogot\u00e1 con los que Avianca ampl\u00eda su oferta de llegadas desde y hacia la segunda metr\u00f3poli m\u00e1s poblada de Estados Unidos, corresponden al inter\u00e9s de la Aerol\u00ednea por ofrecer los servicios a los viajeros provenientes de California que desean acceder a los principales destinos en ciudades de Suram\u00e9rica, Bogot\u00e1 y el interior de Colombia; y a los viajeros provenientes de Suram\u00e9rica que desean llegar a puntos claves en la Costa Oeste de los Estados Unidos. Con este nuevo vuelo Avianca se convierte en la primer y \u00fanica aerol\u00ednea en conectar de manera directa las ciudades de Los \u00c1ngeles y el centro de conexiones de la aerol\u00ednea en Bogot\u00e1\u201d, coment\u00f3 Fabio Villegas Ram\u00edrez, Presidente de Avianca.<\/span><\/p>\n<p style=\"text-align: justify;\">Adem\u00e1s de la oferta de vuelos a Los \u00c1ngeles, los viajeros Avianca pueden volar a trav\u00e9s del centro de conexiones en Bogot\u00e1 hacia y desde Fort Lauderdale, Miami, Nueva York, Orlando y Washington D.C. Y\/o conectar v\u00eda San Salvador hacia y desde Chicago, Dallas, Houston, Los \u00c1ngeles, Miami, San Francisco y Washington D.C.<\/p>\n<p style=\"text-align: justify;\"><span style=\"font-size: 12.1599998474121px; line-height: 1.3em;\">La nueva ruta ofrece m\u00faltiples ventajas para los pasajeros viajando entre Santiago de Chile y Los \u00c1ngeles: un solo punto de registro de maleta; aduanas, migraci\u00f3n y recibo de maleta en el destino final; y franquicia de equipaje \u2013 2 maletas de 23 kilos de peso cada una.<\/span><\/p>\n<p style=\"text-align: justify;\"><span style=\"font-size: 12.1599998474121px; line-height: 1.3em;\"><img decoding=\"async\" src=\"images\/stories\/15\/03\/130315\/avianca.jpg\" border=\"0\" \/><br \/><\/span><\/p>\n","protected":false},"excerpt":{"rendered":"<p>(Aeronoticias) A partir del primero de julio pr\u00f3ximo, Avianca dar\u00e1 inicio a su vuelo directo entre Bogot\u00e1 y Los \u00c1ngeles poniendo a disposici\u00f3n de los viajeros m\u00e1s de 2.000 sillas semanales en la ruta, a las que se suman adem\u00e1s, las sillas disponibles a trav\u00e9s de tres vuelos diarios que Avianca opera v\u00eda San Salvador [&hellip;]<\/p>\n","protected":false},"author":1,"featured_media":0,"comment_status":"open","ping_status":"open","sticky":false,"template":"","format":"standard","meta":{"tdm_status":"","tdm_grid_status":"","footnotes":""},"categories":[32],"tags":[],"class_list":{"0":"post-51845","1":"post","2":"type-post","3":"status-publish","4":"format-standard","6":"category-internacional"},"yoast_head":"<!-- This site is optimized with the Yoast SEO plugin v25.1 - https:\/\/yoast.com\/wordpress\/plugins\/seo\/ -->\n<title>Avianca iniciar\u00e1 nueva ruta hacia Los \u00c1ngeles<\/title>\n<meta name=\"description\" content=\"Portal de noticias del Per\u00fa sobre el transporte a\u00e9reo, aviaci\u00f3n, turismo, hoteleria, actualidad.\" \/>\n<meta name=\"robots\" content=\"index, follow, max-snippet:-1, max-image-preview:large, max-video-preview:-1\" \/>\n<link rel=\"canonical\" href=\"https:\/\/aeronoticias.com.pe\/noticiero\/transporte-aereo\/internacional\/avianca-iniciara-nueva-ruta-hacia-los-angeles\/\" \/>\n<meta property=\"og:locale\" content=\"es_ES\" \/>\n<meta property=\"og:type\" content=\"article\" \/>\n<meta property=\"og:title\" content=\"Avianca iniciar\u00e1 nueva ruta hacia Los \u00c1ngeles\" \/>\n<meta property=\"og:description\" content=\"Portal de noticias del Per\u00fa sobre el transporte a\u00e9reo, aviaci\u00f3n, turismo, hoteleria, actualidad.\" \/>\n<meta property=\"og:url\" content=\"https:\/\/aeronoticias.com.pe\/noticiero\/transporte-aereo\/internacional\/avianca-iniciara-nueva-ruta-hacia-los-angeles\/\" \/>\n<meta property=\"og:site_name\" content=\"Aeronoticias.com.pe\" \/>\n<meta property=\"article:publisher\" content=\"https:\/\/www.facebook.com\/Aeronoticias.com.pe\/\" \/>\n<meta property=\"article:published_time\" content=\"2015-03-13T13:38:17+00:00\" \/>\n<meta name=\"author\" content=\"Redacci\u00f3n Aeronoticias\" \/>\n<meta name=\"twitter:card\" content=\"summary_large_image\" \/>\n<meta name=\"twitter:creator\" content=\"@aeronoticias\" \/>\n<meta name=\"twitter:site\" content=\"@aeronoticias\" \/>\n<meta name=\"twitter:label1\" content=\"Escrito por\" \/>\n\t<meta name=\"twitter:data1\" content=\"Redacci\u00f3n Aeronoticias\" \/>\n\t<meta name=\"twitter:label2\" content=\"Tiempo de lectura\" \/>\n\t<meta name=\"twitter:data2\" content=\"2 minutos\" \/>\n<script type=\"application\/ld+json\" class=\"yoast-schema-graph\">{\"@context\":\"https:\/\/schema.org\",\"@graph\":[{\"@type\":\"WebPage\",\"@id\":\"https:\/\/aeronoticias.com.pe\/noticiero\/transporte-aereo\/internacional\/avianca-iniciara-nueva-ruta-hacia-los-angeles\/\",\"url\":\"https:\/\/aeronoticias.com.pe\/noticiero\/transporte-aereo\/internacional\/avianca-iniciara-nueva-ruta-hacia-los-angeles\/\",\"name\":\"Avianca iniciar\u00e1 nueva ruta hacia Los \u00c1ngeles\",\"isPartOf\":{\"@id\":\"https:\/\/aeronoticias.com.pe\/noticiero\/#website\"},\"datePublished\":\"2015-03-13T13:38:17+00:00\",\"author\":{\"@id\":\"https:\/\/aeronoticias.com.pe\/noticiero\/#\/schema\/person\/fc1e5d578f4b62ba1cf7ac2bba1170a0\"},\"description\":\"Portal de noticias del Per\u00fa sobre el transporte a\u00e9reo, aviaci\u00f3n, turismo, hoteleria, actualidad.\",\"breadcrumb\":{\"@id\":\"https:\/\/aeronoticias.com.pe\/noticiero\/transporte-aereo\/internacional\/avianca-iniciara-nueva-ruta-hacia-los-angeles\/#breadcrumb\"},\"inLanguage\":\"es\",\"potentialAction\":[{\"@type\":\"ReadAction\",\"target\":[\"https:\/\/aeronoticias.com.pe\/noticiero\/transporte-aereo\/internacional\/avianca-iniciara-nueva-ruta-hacia-los-angeles\/\"]}]},{\"@type\":\"BreadcrumbList\",\"@id\":\"https:\/\/aeronoticias.com.pe\/noticiero\/transporte-aereo\/internacional\/avianca-iniciara-nueva-ruta-hacia-los-angeles\/#breadcrumb\",\"itemListElement\":[{\"@type\":\"ListItem\",\"position\":1,\"name\":\"Portada\",\"item\":\"https:\/\/aeronoticias.com.pe\/noticiero\/\"},{\"@type\":\"ListItem\",\"position\":2,\"name\":\"Avianca iniciar\u00e1 nueva ruta hacia Los \u00c1ngeles\"}]},{\"@type\":\"WebSite\",\"@id\":\"https:\/\/aeronoticias.com.pe\/noticiero\/#website\",\"url\":\"https:\/\/aeronoticias.com.pe\/noticiero\/\",\"name\":\"Aeronoticias.com.pe\",\"description\":\"Noticias de tranporte aereo, turismo, hoteles, gastronomia, actualidad, internacional\",\"potentialAction\":[{\"@type\":\"SearchAction\",\"target\":{\"@type\":\"EntryPoint\",\"urlTemplate\":\"https:\/\/aeronoticias.com.pe\/noticiero\/?s={search_term_string}\"},\"query-input\":{\"@type\":\"PropertyValueSpecification\",\"valueRequired\":true,\"valueName\":\"search_term_string\"}}],\"inLanguage\":\"es\"},{\"@type\":\"Person\",\"@id\":\"https:\/\/aeronoticias.com.pe\/noticiero\/#\/schema\/person\/fc1e5d578f4b62ba1cf7ac2bba1170a0\",\"name\":\"Redacci\u00f3n Aeronoticias\",\"url\":\"https:\/\/aeronoticias.com.pe\/noticiero\/author\/piloto\/\"}]}<\/script>\n<!-- \/ Yoast SEO plugin. -->","yoast_head_json":{"title":"Avianca iniciar\u00e1 nueva ruta hacia Los \u00c1ngeles","description":"Portal de noticias del Per\u00fa sobre el transporte a\u00e9reo, aviaci\u00f3n, turismo, hoteleria, actualidad.","robots":{"index":"index","follow":"follow","max-snippet":"max-snippet:-1","max-image-preview":"max-image-preview:large","max-video-preview":"max-video-preview:-1"},"canonical":"https:\/\/aeronoticias.com.pe\/noticiero\/transporte-aereo\/internacional\/avianca-iniciara-nueva-ruta-hacia-los-angeles\/","og_locale":"es_ES","og_type":"article","og_title":"Avianca iniciar\u00e1 nueva ruta hacia Los \u00c1ngeles","og_description":"Portal de noticias del Per\u00fa sobre el transporte a\u00e9reo, aviaci\u00f3n, turismo, hoteleria, actualidad.","og_url":"https:\/\/aeronoticias.com.pe\/noticiero\/transporte-aereo\/internacional\/avianca-iniciara-nueva-ruta-hacia-los-angeles\/","og_site_name":"Aeronoticias.com.pe","article_publisher":"https:\/\/www.facebook.com\/Aeronoticias.com.pe\/","article_published_time":"2015-03-13T13:38:17+00:00","author":"Redacci\u00f3n Aeronoticias","twitter_card":"summary_large_image","twitter_creator":"@aeronoticias","twitter_site":"@aeronoticias","twitter_misc":{"Escrito por":"Redacci\u00f3n Aeronoticias","Tiempo de lectura":"2 minutos"},"schema":{"@context":"https:\/\/schema.org","@graph":[{"@type":"WebPage","@id":"https:\/\/aeronoticias.com.pe\/noticiero\/transporte-aereo\/internacional\/avianca-iniciara-nueva-ruta-hacia-los-angeles\/","url":"https:\/\/aeronoticias.com.pe\/noticiero\/transporte-aereo\/internacional\/avianca-iniciara-nueva-ruta-hacia-los-angeles\/","name":"Avianca iniciar\u00e1 nueva ruta hacia Los \u00c1ngeles","isPartOf":{"@id":"https:\/\/aeronoticias.com.pe\/noticiero\/#website"},"datePublished":"2015-03-13T13:38:17+00:00","author":{"@id":"https:\/\/aeronoticias.com.pe\/noticiero\/#\/schema\/person\/fc1e5d578f4b62ba1cf7ac2bba1170a0"},"description":"Portal de noticias del Per\u00fa sobre el transporte a\u00e9reo, aviaci\u00f3n, turismo, hoteleria, actualidad.","breadcrumb":{"@id":"https:\/\/aeronoticias.com.pe\/noticiero\/transporte-aereo\/internacional\/avianca-iniciara-nueva-ruta-hacia-los-angeles\/#breadcrumb"},"inLanguage":"es","potentialAction":[{"@type":"ReadAction","target":["https:\/\/aeronoticias.com.pe\/noticiero\/transporte-aereo\/internacional\/avianca-iniciara-nueva-ruta-hacia-los-angeles\/"]}]},{"@type":"BreadcrumbList","@id":"https:\/\/aeronoticias.com.pe\/noticiero\/transporte-aereo\/internacional\/avianca-iniciara-nueva-ruta-hacia-los-angeles\/#breadcrumb","itemListElement":[{"@type":"ListItem","position":1,"name":"Portada","item":"https:\/\/aeronoticias.com.pe\/noticiero\/"},{"@type":"ListItem","position":2,"name":"Avianca iniciar\u00e1 nueva ruta hacia Los \u00c1ngeles"}]},{"@type":"WebSite","@id":"https:\/\/aeronoticias.com.pe\/noticiero\/#website","url":"https:\/\/aeronoticias.com.pe\/noticiero\/","name":"Aeronoticias.com.pe","description":"Noticias de tranporte aereo, turismo, hoteles, gastronomia, actualidad, internacional","potentialAction":[{"@type":"SearchAction","target":{"@type":"EntryPoint","urlTemplate":"https:\/\/aeronoticias.com.pe\/noticiero\/?s={search_term_string}"},"query-input":{"@type":"PropertyValueSpecification","valueRequired":true,"valueName":"search_term_string"}}],"inLanguage":"es"},{"@type":"Person","@id":"https:\/\/aeronoticias.com.pe\/noticiero\/#\/schema\/person\/fc1e5d578f4b62ba1cf7ac2bba1170a0","name":"Redacci\u00f3n Aeronoticias","url":"https:\/\/aeronoticias.com.pe\/noticiero\/author\/piloto\/"}]}},"_links":{"self":[{"href":"https:\/\/aeronoticias.com.pe\/noticiero\/wp-json\/wp\/v2\/posts\/51845","targetHints":{"allow":["GET"]}}],"collection":[{"href":"https:\/\/aeronoticias.com.pe\/noticiero\/wp-json\/wp\/v2\/posts"}],"about":[{"href":"https:\/\/aeronoticias.com.pe\/noticiero\/wp-json\/wp\/v2\/types\/post"}],"author":[{"embeddable":true,"href":"https:\/\/aeronoticias.com.pe\/noticiero\/wp-json\/wp\/v2\/users\/1"}],"replies":[{"embeddable":true,"href":"https:\/\/aeronoticias.com.pe\/noticiero\/wp-json\/wp\/v2\/comments?post=51845"}],"version-history":[{"count":0,"href":"https:\/\/aeronoticias.com.pe\/noticiero\/wp-json\/wp\/v2\/posts\/51845\/revisions"}],"wp:attachment":[{"href":"https:\/\/aeronoticias.com.pe\/noticiero\/wp-json\/wp\/v2\/media?parent=51845"}],"wp:term":[{"taxonomy":"category","embeddable":true,"href":"https:\/\/aeronoticias.com.pe\/noticiero\/wp-json\/wp\/v2\/categories?post=51845"},{"taxonomy":"post_tag","embeddable":true,"href":"https:\/\/aeronoticias.com.pe\/noticiero\/wp-json\/wp\/v2\/tags?post=51845"}],"curies":[{"name":"wp","href":"https:\/\/api.w.org\/{rel}","templated":true}]}}