{"id":51847,"date":"2015-03-14T23:58:00","date_gmt":"2015-03-14T23:58:00","guid":{"rendered":"http:\/\/desarrollo.mcvicious.com\/aero2020\/2015\/03\/14\/dolce-a-gabbana-los-hijos-deben-tener-un-padre-y-una-madre\/"},"modified":"2015-03-14T23:58:00","modified_gmt":"2015-03-14T23:58:00","slug":"dolce-a-gabbana-los-hijos-deben-tener-un-padre-y-una-madre","status":"publish","type":"post","link":"https:\/\/aeronoticias.com.pe\/noticiero\/internacionales\/dolce-a-gabbana-los-hijos-deben-tener-un-padre-y-una-madre\/","title":{"rendered":"Dolce &#038; Gabbana: &#8216;Los hijos deben tener un padre y una madre&#8217;"},"content":{"rendered":"<p style=\"text-align: justify;\"><strong>(Aeronoticias).<\/strong>&#8211;\u00a0En una larga entrevista en el semanario italiano Panorama, la pareja de estilistas \u00a0Dolce &amp; Gabbana rompe moldes, y cuenta que gran parte de su \u00e9xito lo deben a quien los ha crecido, a la familia: \u00ab\u00bfLa familia tradicional? Una moda que no pasa\u00bb. Palabra de la pareja gay m\u00e1s famosa de la moda italiana, Dolce &amp; Gabbana. Ambos hacen una defensa apasionada de la familia natural: \u00abNosotros, pareja gay, decimos no a las adopciones gay. Basta hijos de la qu\u00edmica y \u00fateros en alquiler. Los hijos deben tener un padre y una madre\u00bb.<\/p>\n<p style=\"text-align: justify;\">\u00abLa familia no es una moda pasajera. En ella hay un sentido de pertenencia sobrenatural\u00bb, afirma Stefano Gabbana (Mil\u00e1n, 1962). \u00abNo hemos inventado nosotros la familia. La ha convertido en un icono la Sagrada Familia. Y no es cuesti\u00f3n de religi\u00f3n o estado social, no hay vuelta de hoja: t\u00fa naces y hay un padre y una madre. O al menos deber\u00eda ser as\u00ed. Por eso no me convencen los que yo llamo &#8216;hijos de la qu\u00edmica&#8217;, ni\u00f1os sint\u00e9ticos, \u00fateros de alquiler, semen elegido por cat\u00e1logo. Y luego vete a explicar a estos ni\u00f1os qui\u00e9n es la madre. Procrear debe ser un acto de amor. Hoy ni siquiera los psiquiatras est\u00e1n listos para afrontar los efectos de estas experimentaciones\u00bb, \u00abT\u00fa naciste de un padre y de una madre. O al menos deber\u00eda ser as\u00ed, no me convencen los hijos de la qu\u00edmica, los ni\u00f1os sint\u00e9ticos, los \u00fateros de alquiler, las semillas elegidas en un cat\u00e1logo\u00bb, afirma Domenico Dolce (Palermo, 1958).<\/p>\n<p style=\"text-align: justify;\">Frente a quienes defienden \u00abdiversos modelos de familia\u00bb, Stefano Gabbana, hace una observaci\u00f3n basada en la cotidianidad que vive como estilista: \u00abEs como en El Gattopardo (la novela de Giuseppe Tomasi di Lampedusa), todo debe cambiar para que todo siga igual. Todo ha quedado y sigue igual: las familias de entonces y las de hoy, las j\u00f3venes modelos son con sus hijos exactamente como lo fueron sus madres, con los mismos miedos y las mismas angustias\u00bb.<\/p>\n<p style=\"text-align: justify;\">A la pregunta de si hubieran deseado ser padres, Gabbana responde que \u00abs\u00ed, lo har\u00eda de inmediato\u00bb, mientras Dolce explica sus l\u00edmites: \u00abSoy gay, no puedo tener un hijo. Creo que no se puede tener todo en la vida. Es tambi\u00e9n bello privarse de algo. La vida tiene un recorrido natural, hay cosas que no se deben modificar. Una de ellas es la familia\u00bb.<\/p>\n<p style=\"text-align: justify;\">Testimonio de dos figuras de \u00e9xito hechas as\u00ed mismas: A los siete a\u00f1os, Dolce cos\u00eda pantalones en la sastrer\u00eda de su padre en un pueblo perdido de la provincia de Palermo, Polizzi Generosa. Gabbana limpiaba suelos y ba\u00f1os en Mil\u00e1n, ayudando a la madre, que era portera.<\/p>\n<p style=\"text-align: justify;\"><strong>Ataques del lobby gay \u00a0en internet<\/strong><\/p>\n<p style=\"text-align: justify;\">Pero las declaraciones inesperadas y pol\u00edticamente incorrectas \u00a0de la pareja ha levantado una polvareda, con la reacci\u00f3n airada del lobby gay, especialmente en redes sociales. \u00a0Los inquisidores de la ideolog\u00eda de g\u00e9nero los atacan con violencia en la red, defini\u00e9ndolos as\u00ed sobre Twitter: \u00a0\u00abidiotas\u00bb, seg\u00fan Sel, \u00aben\u00e9sima ca\u00edda de estilo, ignorantes, repugnantes hip\u00f3critas, pat\u00e9ticos&#8230; hasta llegar a hablar de su \u00abmalestar mental.\u00bb \u00ab\u00bfUna pareja homosexual dice que no apoya el\u00bbmatrimonio homosexual\u00bb o los hijos probeta, y se convierten en un esc\u00e1ndalo? Cuando se toca el mundo gay se levantan nervios destapados, reacciones desmesuradas\u00bb, plantea el propio semanario, lamentando que hasta \u00abhan lanzado una fatwa contra los dos dise\u00f1adores: \u00ab\u00a1Boicote\u00e9moslos!\u00bb.\u00bb\u00a1Nada m\u00e1s bolsos D&amp;G!\u00bb. Pero, como se sabe, a Salman Rushdie la fatwa s\u00f3lo le ha generado mucha fama y celebridad\u00bb.<\/p>\n<p style=\"text-align: justify;\">Con ello, la entrevita tambi\u00e9n est\u00e1 logrando que se rompa el silencio y que sean tambi\u00e9n muchos quienes salen en apoyo de los famosos dise\u00f1adores, por ejemplo estos otros tambi\u00e9n en Twitter: \u00abLos aut\u00e9nticos intolerantes son los presuntos activistas gay, que ejercen ataques personales contra quienes expresan una opini\u00f3n diferente\u00bb; \u00abFelicitaciones: los hijos un regalo, no un derecho\u00bb. Giorgia Meloni los defiende: \u00ab\u00bfAhora tambi\u00e9n les llamar\u00e1n hom\u00f3fobos a ellos?\u00bb. O el de Federica Chiavaroli, vicedirectora del grupo al Senado de \u00c1rea Popular (Ncd-Udc), a\u00f1ade: \u00abEstoy con Dolce y Gabbana. Viva la familia con una mam\u00e1 y un pap\u00e1\u00bb.<\/p>\n<p style=\"text-align: justify;\">Fuente: <em><span style=\"text-decoration: underline;\"><strong>HO.<\/strong><\/span><\/em><\/p>\n<p style=\"text-align: justify;\"><img decoding=\"async\" src=\"http:\/\/www.hazteoir.org\/sites\/default\/files\/styles\/large\/public\/images\/dolce-gabbana-.jpg?itok=ogVEOQ11\" border=\"0\" \/><\/p>\n","protected":false},"excerpt":{"rendered":"<p>(Aeronoticias).&#8211;\u00a0En una larga entrevista en el semanario italiano Panorama, la pareja de estilistas \u00a0Dolce &amp; Gabbana rompe moldes, y cuenta que gran parte de su \u00e9xito lo deben a quien los ha crecido, a la familia: \u00ab\u00bfLa familia tradicional? Una moda que no pasa\u00bb. Palabra de la pareja gay m\u00e1s famosa de la moda italiana, [&hellip;]<\/p>\n","protected":false},"author":1,"featured_media":0,"comment_status":"open","ping_status":"open","sticky":false,"template":"","format":"standard","meta":{"tdm_status":"","tdm_grid_status":"","footnotes":""},"categories":[34],"tags":[],"class_list":{"0":"post-51847","1":"post","2":"type-post","3":"status-publish","4":"format-standard","6":"category-internacionales"},"yoast_head":"<!-- This site is optimized with the Yoast SEO plugin v25.1 - https:\/\/yoast.com\/wordpress\/plugins\/seo\/ -->\n<title>Dolce &amp; Gabbana: &#039;Los hijos deben tener un padre y una madre&#039;<\/title>\n<meta name=\"description\" content=\"Portal de noticias del Per\u00fa sobre el transporte a\u00e9reo, aviaci\u00f3n, turismo, hoteleria, actualidad.\" \/>\n<meta name=\"robots\" content=\"index, follow, max-snippet:-1, max-image-preview:large, max-video-preview:-1\" \/>\n<link rel=\"canonical\" href=\"https:\/\/aeronoticias.com.pe\/noticiero\/internacionales\/dolce-a-gabbana-los-hijos-deben-tener-un-padre-y-una-madre\/\" \/>\n<meta property=\"og:locale\" content=\"es_ES\" \/>\n<meta property=\"og:type\" content=\"article\" \/>\n<meta property=\"og:title\" content=\"Dolce &amp; Gabbana: &#039;Los hijos deben tener un padre y una madre&#039;\" \/>\n<meta property=\"og:description\" content=\"Portal de noticias del Per\u00fa sobre el transporte a\u00e9reo, aviaci\u00f3n, turismo, hoteleria, actualidad.\" \/>\n<meta property=\"og:url\" content=\"https:\/\/aeronoticias.com.pe\/noticiero\/internacionales\/dolce-a-gabbana-los-hijos-deben-tener-un-padre-y-una-madre\/\" \/>\n<meta property=\"og:site_name\" content=\"Aeronoticias.com.pe\" \/>\n<meta property=\"article:publisher\" content=\"https:\/\/www.facebook.com\/Aeronoticias.com.pe\/\" \/>\n<meta property=\"article:published_time\" content=\"2015-03-14T23:58:00+00:00\" \/>\n<meta property=\"og:image\" content=\"http:\/\/www.hazteoir.org\/sites\/default\/files\/styles\/large\/public\/images\/dolce-gabbana-.jpg?itok=ogVEOQ11\" \/>\n<meta name=\"author\" content=\"Redacci\u00f3n Aeronoticias\" \/>\n<meta name=\"twitter:card\" content=\"summary_large_image\" \/>\n<meta name=\"twitter:creator\" content=\"@aeronoticias\" \/>\n<meta name=\"twitter:site\" content=\"@aeronoticias\" \/>\n<meta name=\"twitter:label1\" content=\"Escrito por\" \/>\n\t<meta name=\"twitter:data1\" content=\"Redacci\u00f3n Aeronoticias\" \/>\n\t<meta name=\"twitter:label2\" content=\"Tiempo de lectura\" \/>\n\t<meta name=\"twitter:data2\" content=\"4 minutos\" \/>\n<script type=\"application\/ld+json\" class=\"yoast-schema-graph\">{\"@context\":\"https:\/\/schema.org\",\"@graph\":[{\"@type\":\"WebPage\",\"@id\":\"https:\/\/aeronoticias.com.pe\/noticiero\/internacionales\/dolce-a-gabbana-los-hijos-deben-tener-un-padre-y-una-madre\/\",\"url\":\"https:\/\/aeronoticias.com.pe\/noticiero\/internacionales\/dolce-a-gabbana-los-hijos-deben-tener-un-padre-y-una-madre\/\",\"name\":\"Dolce & Gabbana: 'Los hijos deben tener un padre y una madre'\",\"isPartOf\":{\"@id\":\"https:\/\/aeronoticias.com.pe\/noticiero\/#website\"},\"primaryImageOfPage\":{\"@id\":\"https:\/\/aeronoticias.com.pe\/noticiero\/internacionales\/dolce-a-gabbana-los-hijos-deben-tener-un-padre-y-una-madre\/#primaryimage\"},\"image\":{\"@id\":\"https:\/\/aeronoticias.com.pe\/noticiero\/internacionales\/dolce-a-gabbana-los-hijos-deben-tener-un-padre-y-una-madre\/#primaryimage\"},\"thumbnailUrl\":\"http:\/\/www.hazteoir.org\/sites\/default\/files\/styles\/large\/public\/images\/dolce-gabbana-.jpg?itok=ogVEOQ11\",\"datePublished\":\"2015-03-14T23:58:00+00:00\",\"author\":{\"@id\":\"https:\/\/aeronoticias.com.pe\/noticiero\/#\/schema\/person\/fc1e5d578f4b62ba1cf7ac2bba1170a0\"},\"description\":\"Portal de noticias del Per\u00fa sobre el transporte a\u00e9reo, aviaci\u00f3n, turismo, hoteleria, actualidad.\",\"breadcrumb\":{\"@id\":\"https:\/\/aeronoticias.com.pe\/noticiero\/internacionales\/dolce-a-gabbana-los-hijos-deben-tener-un-padre-y-una-madre\/#breadcrumb\"},\"inLanguage\":\"es\",\"potentialAction\":[{\"@type\":\"ReadAction\",\"target\":[\"https:\/\/aeronoticias.com.pe\/noticiero\/internacionales\/dolce-a-gabbana-los-hijos-deben-tener-un-padre-y-una-madre\/\"]}]},{\"@type\":\"ImageObject\",\"inLanguage\":\"es\",\"@id\":\"https:\/\/aeronoticias.com.pe\/noticiero\/internacionales\/dolce-a-gabbana-los-hijos-deben-tener-un-padre-y-una-madre\/#primaryimage\",\"url\":\"http:\/\/www.hazteoir.org\/sites\/default\/files\/styles\/large\/public\/images\/dolce-gabbana-.jpg?itok=ogVEOQ11\",\"contentUrl\":\"http:\/\/www.hazteoir.org\/sites\/default\/files\/styles\/large\/public\/images\/dolce-gabbana-.jpg?itok=ogVEOQ11\"},{\"@type\":\"BreadcrumbList\",\"@id\":\"https:\/\/aeronoticias.com.pe\/noticiero\/internacionales\/dolce-a-gabbana-los-hijos-deben-tener-un-padre-y-una-madre\/#breadcrumb\",\"itemListElement\":[{\"@type\":\"ListItem\",\"position\":1,\"name\":\"Portada\",\"item\":\"https:\/\/aeronoticias.com.pe\/noticiero\/\"},{\"@type\":\"ListItem\",\"position\":2,\"name\":\"Dolce &#038; Gabbana: &#8216;Los hijos deben tener un padre y una madre&#8217;\"}]},{\"@type\":\"WebSite\",\"@id\":\"https:\/\/aeronoticias.com.pe\/noticiero\/#website\",\"url\":\"https:\/\/aeronoticias.com.pe\/noticiero\/\",\"name\":\"Aeronoticias.com.pe\",\"description\":\"Noticias de tranporte aereo, turismo, hoteles, gastronomia, actualidad, internacional\",\"potentialAction\":[{\"@type\":\"SearchAction\",\"target\":{\"@type\":\"EntryPoint\",\"urlTemplate\":\"https:\/\/aeronoticias.com.pe\/noticiero\/?s={search_term_string}\"},\"query-input\":{\"@type\":\"PropertyValueSpecification\",\"valueRequired\":true,\"valueName\":\"search_term_string\"}}],\"inLanguage\":\"es\"},{\"@type\":\"Person\",\"@id\":\"https:\/\/aeronoticias.com.pe\/noticiero\/#\/schema\/person\/fc1e5d578f4b62ba1cf7ac2bba1170a0\",\"name\":\"Redacci\u00f3n Aeronoticias\",\"url\":\"https:\/\/aeronoticias.com.pe\/noticiero\/author\/piloto\/\"}]}<\/script>\n<!-- \/ Yoast SEO plugin. -->","yoast_head_json":{"title":"Dolce & Gabbana: 'Los hijos deben tener un padre y una madre'","description":"Portal de noticias del Per\u00fa sobre el transporte a\u00e9reo, aviaci\u00f3n, turismo, hoteleria, actualidad.","robots":{"index":"index","follow":"follow","max-snippet":"max-snippet:-1","max-image-preview":"max-image-preview:large","max-video-preview":"max-video-preview:-1"},"canonical":"https:\/\/aeronoticias.com.pe\/noticiero\/internacionales\/dolce-a-gabbana-los-hijos-deben-tener-un-padre-y-una-madre\/","og_locale":"es_ES","og_type":"article","og_title":"Dolce & Gabbana: 'Los hijos deben tener un padre y una madre'","og_description":"Portal de noticias del Per\u00fa sobre el transporte a\u00e9reo, aviaci\u00f3n, turismo, hoteleria, actualidad.","og_url":"https:\/\/aeronoticias.com.pe\/noticiero\/internacionales\/dolce-a-gabbana-los-hijos-deben-tener-un-padre-y-una-madre\/","og_site_name":"Aeronoticias.com.pe","article_publisher":"https:\/\/www.facebook.com\/Aeronoticias.com.pe\/","article_published_time":"2015-03-14T23:58:00+00:00","og_image":[{"url":"http:\/\/www.hazteoir.org\/sites\/default\/files\/styles\/large\/public\/images\/dolce-gabbana-.jpg?itok=ogVEOQ11","type":"","width":"","height":""}],"author":"Redacci\u00f3n Aeronoticias","twitter_card":"summary_large_image","twitter_creator":"@aeronoticias","twitter_site":"@aeronoticias","twitter_misc":{"Escrito por":"Redacci\u00f3n Aeronoticias","Tiempo de lectura":"4 minutos"},"schema":{"@context":"https:\/\/schema.org","@graph":[{"@type":"WebPage","@id":"https:\/\/aeronoticias.com.pe\/noticiero\/internacionales\/dolce-a-gabbana-los-hijos-deben-tener-un-padre-y-una-madre\/","url":"https:\/\/aeronoticias.com.pe\/noticiero\/internacionales\/dolce-a-gabbana-los-hijos-deben-tener-un-padre-y-una-madre\/","name":"Dolce & Gabbana: 'Los hijos deben tener un padre y una madre'","isPartOf":{"@id":"https:\/\/aeronoticias.com.pe\/noticiero\/#website"},"primaryImageOfPage":{"@id":"https:\/\/aeronoticias.com.pe\/noticiero\/internacionales\/dolce-a-gabbana-los-hijos-deben-tener-un-padre-y-una-madre\/#primaryimage"},"image":{"@id":"https:\/\/aeronoticias.com.pe\/noticiero\/internacionales\/dolce-a-gabbana-los-hijos-deben-tener-un-padre-y-una-madre\/#primaryimage"},"thumbnailUrl":"http:\/\/www.hazteoir.org\/sites\/default\/files\/styles\/large\/public\/images\/dolce-gabbana-.jpg?itok=ogVEOQ11","datePublished":"2015-03-14T23:58:00+00:00","author":{"@id":"https:\/\/aeronoticias.com.pe\/noticiero\/#\/schema\/person\/fc1e5d578f4b62ba1cf7ac2bba1170a0"},"description":"Portal de noticias del Per\u00fa sobre el transporte a\u00e9reo, aviaci\u00f3n, turismo, hoteleria, actualidad.","breadcrumb":{"@id":"https:\/\/aeronoticias.com.pe\/noticiero\/internacionales\/dolce-a-gabbana-los-hijos-deben-tener-un-padre-y-una-madre\/#breadcrumb"},"inLanguage":"es","potentialAction":[{"@type":"ReadAction","target":["https:\/\/aeronoticias.com.pe\/noticiero\/internacionales\/dolce-a-gabbana-los-hijos-deben-tener-un-padre-y-una-madre\/"]}]},{"@type":"ImageObject","inLanguage":"es","@id":"https:\/\/aeronoticias.com.pe\/noticiero\/internacionales\/dolce-a-gabbana-los-hijos-deben-tener-un-padre-y-una-madre\/#primaryimage","url":"http:\/\/www.hazteoir.org\/sites\/default\/files\/styles\/large\/public\/images\/dolce-gabbana-.jpg?itok=ogVEOQ11","contentUrl":"http:\/\/www.hazteoir.org\/sites\/default\/files\/styles\/large\/public\/images\/dolce-gabbana-.jpg?itok=ogVEOQ11"},{"@type":"BreadcrumbList","@id":"https:\/\/aeronoticias.com.pe\/noticiero\/internacionales\/dolce-a-gabbana-los-hijos-deben-tener-un-padre-y-una-madre\/#breadcrumb","itemListElement":[{"@type":"ListItem","position":1,"name":"Portada","item":"https:\/\/aeronoticias.com.pe\/noticiero\/"},{"@type":"ListItem","position":2,"name":"Dolce &#038; Gabbana: &#8216;Los hijos deben tener un padre y una madre&#8217;"}]},{"@type":"WebSite","@id":"https:\/\/aeronoticias.com.pe\/noticiero\/#website","url":"https:\/\/aeronoticias.com.pe\/noticiero\/","name":"Aeronoticias.com.pe","description":"Noticias de tranporte aereo, turismo, hoteles, gastronomia, actualidad, internacional","potentialAction":[{"@type":"SearchAction","target":{"@type":"EntryPoint","urlTemplate":"https:\/\/aeronoticias.com.pe\/noticiero\/?s={search_term_string}"},"query-input":{"@type":"PropertyValueSpecification","valueRequired":true,"valueName":"search_term_string"}}],"inLanguage":"es"},{"@type":"Person","@id":"https:\/\/aeronoticias.com.pe\/noticiero\/#\/schema\/person\/fc1e5d578f4b62ba1cf7ac2bba1170a0","name":"Redacci\u00f3n Aeronoticias","url":"https:\/\/aeronoticias.com.pe\/noticiero\/author\/piloto\/"}]}},"_links":{"self":[{"href":"https:\/\/aeronoticias.com.pe\/noticiero\/wp-json\/wp\/v2\/posts\/51847","targetHints":{"allow":["GET"]}}],"collection":[{"href":"https:\/\/aeronoticias.com.pe\/noticiero\/wp-json\/wp\/v2\/posts"}],"about":[{"href":"https:\/\/aeronoticias.com.pe\/noticiero\/wp-json\/wp\/v2\/types\/post"}],"author":[{"embeddable":true,"href":"https:\/\/aeronoticias.com.pe\/noticiero\/wp-json\/wp\/v2\/users\/1"}],"replies":[{"embeddable":true,"href":"https:\/\/aeronoticias.com.pe\/noticiero\/wp-json\/wp\/v2\/comments?post=51847"}],"version-history":[{"count":0,"href":"https:\/\/aeronoticias.com.pe\/noticiero\/wp-json\/wp\/v2\/posts\/51847\/revisions"}],"wp:attachment":[{"href":"https:\/\/aeronoticias.com.pe\/noticiero\/wp-json\/wp\/v2\/media?parent=51847"}],"wp:term":[{"taxonomy":"category","embeddable":true,"href":"https:\/\/aeronoticias.com.pe\/noticiero\/wp-json\/wp\/v2\/categories?post=51847"},{"taxonomy":"post_tag","embeddable":true,"href":"https:\/\/aeronoticias.com.pe\/noticiero\/wp-json\/wp\/v2\/tags?post=51847"}],"curies":[{"name":"wp","href":"https:\/\/api.w.org\/{rel}","templated":true}]}}