{"id":51848,"date":"2015-03-15T00:01:26","date_gmt":"2015-03-15T00:01:26","guid":{"rendered":"http:\/\/desarrollo.mcvicious.com\/aero2020\/2015\/03\/15\/francia-y-alemania-piden-a-bruselas-que-actue-contra-la-competencia-desleal\/"},"modified":"2015-03-15T00:01:26","modified_gmt":"2015-03-15T00:01:26","slug":"francia-y-alemania-piden-a-bruselas-que-actue-contra-la-competencia-desleal","status":"publish","type":"post","link":"https:\/\/aeronoticias.com.pe\/noticiero\/transporte-aereo\/internacional\/francia-y-alemania-piden-a-bruselas-que-actue-contra-la-competencia-desleal\/","title":{"rendered":"Francia y Alemania piden a Bruselas que act\u00fae contra la &#8216;competencia desleal&#8217;"},"content":{"rendered":"<p style=\"text-align: justify;\"><strong>(Aeronoticias)<\/strong>.-\u00a0Francia y Alemania han reclamado este viernes a la Comisi\u00f3n que act\u00fae contra lo que consideran \u00abcompetencia desleal\u00bb de las aerol\u00edneas del Golfo P\u00e9rsico &#8211;Etihad, Emirates o Qatar Airways&#8211;, que seg\u00fan han denunciado se benefician de importantes subvenciones y avales p\u00fablicos que aprovechan para restar cuota de mercado a las compa\u00f1\u00edas europeas.<\/p>\n<p style=\"text-align: justify;\">El secretario de Estado de Transportes galo, Alain Vidalies, y su hom\u00f3logo alem\u00e1n, Alexander Dobrindt, han planteado este problema durante la reuni\u00f3n del Consejo de Transportes de la UE. Holanda, B\u00e9lgica, Suecia y Holanda se han sumado a esta iniciativa, que ha sido acogida favorablemente por la comisaria de Transportes, Violeta Bulc, seg\u00fan ha informado la delegaci\u00f3n francesa en un comunicado.<\/p>\n<p style=\"text-align: justify;\">En una intervenci\u00f3n conjunta, los ministros franc\u00e9s y alem\u00e1n han constatado que las aerol\u00edneas europeas \u00abest\u00e1n perdiendo cuota de mercado frente a las compa\u00f1\u00edas del Golfo debido a sus pr\u00e1cticas competitivas desleales, en particular las subvenciones y garant\u00edas p\u00fablicas importantes de las que se benefician\u00bb.<\/p>\n<p style=\"text-align: justify;\">Par\u00eds y Berl\u00edn han propuesto a sus hom\u00f3logos y a la Comisi\u00f3n adoptar una estrategia com\u00fan para poner fin a estas pr\u00e1cticas. En particular ha sugerido que la extensi\u00f3n de los derechos de tr\u00e1fico concedidos a las aerol\u00edneas extranjeras en Europa est\u00e9 supeditada a un control del modo de funcionamiento de estas compa\u00f1\u00edas.<\/p>\n<p style=\"text-align: justify;\">Para ello, han propuesto que se apruebe un mandato de negociaci\u00f3n con el fin de llegar a un acuerdo con los pa\u00edses afectados. Tambi\u00e9n han pedido que se revise la normativa vigente para garantizar que la UE \u00abdisponga de un instrumento jur\u00eddico s\u00f3lido y eficaz con el fin de garantizar el respeto de una competencia equitativa en el transporte a\u00e9reo\u00bb.<\/p>\n<p style=\"text-align: justify;\">Fuente: <strong><em><span style=\"text-decoration: underline;\">Aviaci\u00f3n al d\u00eda.<\/span><\/em><\/strong><\/p>\n<p style=\"text-align: justify;\"><img decoding=\"async\" src=\"http:\/\/1.bp.blogspot.com\/-wwUnegkeClY\/VQMUmNJjK1I\/AAAAAAAAlVo\/DvAMZM8nuEQ\/s1600\/Qatar%2Bairways%2C%2Bemirates..png\" border=\"0\" \/><\/p>\n","protected":false},"excerpt":{"rendered":"<p>(Aeronoticias).-\u00a0Francia y Alemania han reclamado este viernes a la Comisi\u00f3n que act\u00fae contra lo que consideran \u00abcompetencia desleal\u00bb de las aerol\u00edneas del Golfo P\u00e9rsico &#8211;Etihad, Emirates o Qatar Airways&#8211;, que seg\u00fan han denunciado se benefician de importantes subvenciones y avales p\u00fablicos que aprovechan para restar cuota de mercado a las compa\u00f1\u00edas europeas. El secretario de [&hellip;]<\/p>\n","protected":false},"author":1,"featured_media":0,"comment_status":"open","ping_status":"open","sticky":false,"template":"","format":"standard","meta":{"tdm_status":"","tdm_grid_status":"","footnotes":""},"categories":[32],"tags":[],"class_list":{"0":"post-51848","1":"post","2":"type-post","3":"status-publish","4":"format-standard","6":"category-internacional"},"yoast_head":"<!-- This site is optimized with the Yoast SEO plugin v25.1 - https:\/\/yoast.com\/wordpress\/plugins\/seo\/ -->\n<title>Francia y Alemania piden a Bruselas que act\u00fae contra la &#039;competencia desleal&#039;<\/title>\n<meta name=\"description\" content=\"Portal de noticias del Per\u00fa sobre el transporte a\u00e9reo, aviaci\u00f3n, turismo, hoteleria, actualidad.\" \/>\n<meta name=\"robots\" content=\"index, follow, max-snippet:-1, max-image-preview:large, max-video-preview:-1\" \/>\n<link rel=\"canonical\" href=\"https:\/\/aeronoticias.com.pe\/noticiero\/transporte-aereo\/internacional\/francia-y-alemania-piden-a-bruselas-que-actue-contra-la-competencia-desleal\/\" \/>\n<meta property=\"og:locale\" content=\"es_ES\" \/>\n<meta property=\"og:type\" content=\"article\" \/>\n<meta property=\"og:title\" content=\"Francia y Alemania piden a Bruselas que act\u00fae contra la &#039;competencia desleal&#039;\" \/>\n<meta property=\"og:description\" content=\"Portal de noticias del Per\u00fa sobre el transporte a\u00e9reo, aviaci\u00f3n, turismo, hoteleria, actualidad.\" \/>\n<meta property=\"og:url\" content=\"https:\/\/aeronoticias.com.pe\/noticiero\/transporte-aereo\/internacional\/francia-y-alemania-piden-a-bruselas-que-actue-contra-la-competencia-desleal\/\" \/>\n<meta property=\"og:site_name\" content=\"Aeronoticias.com.pe\" \/>\n<meta property=\"article:publisher\" content=\"https:\/\/www.facebook.com\/Aeronoticias.com.pe\/\" \/>\n<meta property=\"article:published_time\" content=\"2015-03-15T00:01:26+00:00\" \/>\n<meta property=\"og:image\" content=\"http:\/\/1.bp.blogspot.com\/-wwUnegkeClY\/VQMUmNJjK1I\/AAAAAAAAlVo\/DvAMZM8nuEQ\/s1600\/Qatar%2Bairways%2C%2Bemirates..png\" \/>\n<meta name=\"author\" content=\"Redacci\u00f3n Aeronoticias\" \/>\n<meta name=\"twitter:card\" content=\"summary_large_image\" \/>\n<meta name=\"twitter:creator\" content=\"@aeronoticias\" \/>\n<meta name=\"twitter:site\" content=\"@aeronoticias\" \/>\n<meta name=\"twitter:label1\" content=\"Escrito por\" \/>\n\t<meta name=\"twitter:data1\" content=\"Redacci\u00f3n Aeronoticias\" \/>\n\t<meta name=\"twitter:label2\" content=\"Tiempo de lectura\" \/>\n\t<meta name=\"twitter:data2\" content=\"2 minutos\" \/>\n<script type=\"application\/ld+json\" class=\"yoast-schema-graph\">{\"@context\":\"https:\/\/schema.org\",\"@graph\":[{\"@type\":\"WebPage\",\"@id\":\"https:\/\/aeronoticias.com.pe\/noticiero\/transporte-aereo\/internacional\/francia-y-alemania-piden-a-bruselas-que-actue-contra-la-competencia-desleal\/\",\"url\":\"https:\/\/aeronoticias.com.pe\/noticiero\/transporte-aereo\/internacional\/francia-y-alemania-piden-a-bruselas-que-actue-contra-la-competencia-desleal\/\",\"name\":\"Francia y Alemania piden a Bruselas que act\u00fae contra la 'competencia desleal'\",\"isPartOf\":{\"@id\":\"https:\/\/aeronoticias.com.pe\/noticiero\/#website\"},\"primaryImageOfPage\":{\"@id\":\"https:\/\/aeronoticias.com.pe\/noticiero\/transporte-aereo\/internacional\/francia-y-alemania-piden-a-bruselas-que-actue-contra-la-competencia-desleal\/#primaryimage\"},\"image\":{\"@id\":\"https:\/\/aeronoticias.com.pe\/noticiero\/transporte-aereo\/internacional\/francia-y-alemania-piden-a-bruselas-que-actue-contra-la-competencia-desleal\/#primaryimage\"},\"thumbnailUrl\":\"http:\/\/1.bp.blogspot.com\/-wwUnegkeClY\/VQMUmNJjK1I\/AAAAAAAAlVo\/DvAMZM8nuEQ\/s1600\/Qatar%2Bairways%2C%2Bemirates..png\",\"datePublished\":\"2015-03-15T00:01:26+00:00\",\"author\":{\"@id\":\"https:\/\/aeronoticias.com.pe\/noticiero\/#\/schema\/person\/fc1e5d578f4b62ba1cf7ac2bba1170a0\"},\"description\":\"Portal de noticias del Per\u00fa sobre el transporte a\u00e9reo, aviaci\u00f3n, turismo, hoteleria, actualidad.\",\"breadcrumb\":{\"@id\":\"https:\/\/aeronoticias.com.pe\/noticiero\/transporte-aereo\/internacional\/francia-y-alemania-piden-a-bruselas-que-actue-contra-la-competencia-desleal\/#breadcrumb\"},\"inLanguage\":\"es\",\"potentialAction\":[{\"@type\":\"ReadAction\",\"target\":[\"https:\/\/aeronoticias.com.pe\/noticiero\/transporte-aereo\/internacional\/francia-y-alemania-piden-a-bruselas-que-actue-contra-la-competencia-desleal\/\"]}]},{\"@type\":\"ImageObject\",\"inLanguage\":\"es\",\"@id\":\"https:\/\/aeronoticias.com.pe\/noticiero\/transporte-aereo\/internacional\/francia-y-alemania-piden-a-bruselas-que-actue-contra-la-competencia-desleal\/#primaryimage\",\"url\":\"http:\/\/1.bp.blogspot.com\/-wwUnegkeClY\/VQMUmNJjK1I\/AAAAAAAAlVo\/DvAMZM8nuEQ\/s1600\/Qatar%2Bairways%2C%2Bemirates..png\",\"contentUrl\":\"http:\/\/1.bp.blogspot.com\/-wwUnegkeClY\/VQMUmNJjK1I\/AAAAAAAAlVo\/DvAMZM8nuEQ\/s1600\/Qatar%2Bairways%2C%2Bemirates..png\"},{\"@type\":\"BreadcrumbList\",\"@id\":\"https:\/\/aeronoticias.com.pe\/noticiero\/transporte-aereo\/internacional\/francia-y-alemania-piden-a-bruselas-que-actue-contra-la-competencia-desleal\/#breadcrumb\",\"itemListElement\":[{\"@type\":\"ListItem\",\"position\":1,\"name\":\"Portada\",\"item\":\"https:\/\/aeronoticias.com.pe\/noticiero\/\"},{\"@type\":\"ListItem\",\"position\":2,\"name\":\"Francia y Alemania piden a Bruselas que act\u00fae contra la &#8216;competencia desleal&#8217;\"}]},{\"@type\":\"WebSite\",\"@id\":\"https:\/\/aeronoticias.com.pe\/noticiero\/#website\",\"url\":\"https:\/\/aeronoticias.com.pe\/noticiero\/\",\"name\":\"Aeronoticias.com.pe\",\"description\":\"Noticias de tranporte aereo, turismo, hoteles, gastronomia, actualidad, internacional\",\"potentialAction\":[{\"@type\":\"SearchAction\",\"target\":{\"@type\":\"EntryPoint\",\"urlTemplate\":\"https:\/\/aeronoticias.com.pe\/noticiero\/?s={search_term_string}\"},\"query-input\":{\"@type\":\"PropertyValueSpecification\",\"valueRequired\":true,\"valueName\":\"search_term_string\"}}],\"inLanguage\":\"es\"},{\"@type\":\"Person\",\"@id\":\"https:\/\/aeronoticias.com.pe\/noticiero\/#\/schema\/person\/fc1e5d578f4b62ba1cf7ac2bba1170a0\",\"name\":\"Redacci\u00f3n Aeronoticias\",\"url\":\"https:\/\/aeronoticias.com.pe\/noticiero\/author\/piloto\/\"}]}<\/script>\n<!-- \/ Yoast SEO plugin. -->","yoast_head_json":{"title":"Francia y Alemania piden a Bruselas que act\u00fae contra la 'competencia desleal'","description":"Portal de noticias del Per\u00fa sobre el transporte a\u00e9reo, aviaci\u00f3n, turismo, hoteleria, actualidad.","robots":{"index":"index","follow":"follow","max-snippet":"max-snippet:-1","max-image-preview":"max-image-preview:large","max-video-preview":"max-video-preview:-1"},"canonical":"https:\/\/aeronoticias.com.pe\/noticiero\/transporte-aereo\/internacional\/francia-y-alemania-piden-a-bruselas-que-actue-contra-la-competencia-desleal\/","og_locale":"es_ES","og_type":"article","og_title":"Francia y Alemania piden a Bruselas que act\u00fae contra la 'competencia desleal'","og_description":"Portal de noticias del Per\u00fa sobre el transporte a\u00e9reo, aviaci\u00f3n, turismo, hoteleria, actualidad.","og_url":"https:\/\/aeronoticias.com.pe\/noticiero\/transporte-aereo\/internacional\/francia-y-alemania-piden-a-bruselas-que-actue-contra-la-competencia-desleal\/","og_site_name":"Aeronoticias.com.pe","article_publisher":"https:\/\/www.facebook.com\/Aeronoticias.com.pe\/","article_published_time":"2015-03-15T00:01:26+00:00","og_image":[{"url":"http:\/\/1.bp.blogspot.com\/-wwUnegkeClY\/VQMUmNJjK1I\/AAAAAAAAlVo\/DvAMZM8nuEQ\/s1600\/Qatar%2Bairways%2C%2Bemirates..png","type":"","width":"","height":""}],"author":"Redacci\u00f3n Aeronoticias","twitter_card":"summary_large_image","twitter_creator":"@aeronoticias","twitter_site":"@aeronoticias","twitter_misc":{"Escrito por":"Redacci\u00f3n Aeronoticias","Tiempo de lectura":"2 minutos"},"schema":{"@context":"https:\/\/schema.org","@graph":[{"@type":"WebPage","@id":"https:\/\/aeronoticias.com.pe\/noticiero\/transporte-aereo\/internacional\/francia-y-alemania-piden-a-bruselas-que-actue-contra-la-competencia-desleal\/","url":"https:\/\/aeronoticias.com.pe\/noticiero\/transporte-aereo\/internacional\/francia-y-alemania-piden-a-bruselas-que-actue-contra-la-competencia-desleal\/","name":"Francia y Alemania piden a Bruselas que act\u00fae contra la 'competencia desleal'","isPartOf":{"@id":"https:\/\/aeronoticias.com.pe\/noticiero\/#website"},"primaryImageOfPage":{"@id":"https:\/\/aeronoticias.com.pe\/noticiero\/transporte-aereo\/internacional\/francia-y-alemania-piden-a-bruselas-que-actue-contra-la-competencia-desleal\/#primaryimage"},"image":{"@id":"https:\/\/aeronoticias.com.pe\/noticiero\/transporte-aereo\/internacional\/francia-y-alemania-piden-a-bruselas-que-actue-contra-la-competencia-desleal\/#primaryimage"},"thumbnailUrl":"http:\/\/1.bp.blogspot.com\/-wwUnegkeClY\/VQMUmNJjK1I\/AAAAAAAAlVo\/DvAMZM8nuEQ\/s1600\/Qatar%2Bairways%2C%2Bemirates..png","datePublished":"2015-03-15T00:01:26+00:00","author":{"@id":"https:\/\/aeronoticias.com.pe\/noticiero\/#\/schema\/person\/fc1e5d578f4b62ba1cf7ac2bba1170a0"},"description":"Portal de noticias del Per\u00fa sobre el transporte a\u00e9reo, aviaci\u00f3n, turismo, hoteleria, actualidad.","breadcrumb":{"@id":"https:\/\/aeronoticias.com.pe\/noticiero\/transporte-aereo\/internacional\/francia-y-alemania-piden-a-bruselas-que-actue-contra-la-competencia-desleal\/#breadcrumb"},"inLanguage":"es","potentialAction":[{"@type":"ReadAction","target":["https:\/\/aeronoticias.com.pe\/noticiero\/transporte-aereo\/internacional\/francia-y-alemania-piden-a-bruselas-que-actue-contra-la-competencia-desleal\/"]}]},{"@type":"ImageObject","inLanguage":"es","@id":"https:\/\/aeronoticias.com.pe\/noticiero\/transporte-aereo\/internacional\/francia-y-alemania-piden-a-bruselas-que-actue-contra-la-competencia-desleal\/#primaryimage","url":"http:\/\/1.bp.blogspot.com\/-wwUnegkeClY\/VQMUmNJjK1I\/AAAAAAAAlVo\/DvAMZM8nuEQ\/s1600\/Qatar%2Bairways%2C%2Bemirates..png","contentUrl":"http:\/\/1.bp.blogspot.com\/-wwUnegkeClY\/VQMUmNJjK1I\/AAAAAAAAlVo\/DvAMZM8nuEQ\/s1600\/Qatar%2Bairways%2C%2Bemirates..png"},{"@type":"BreadcrumbList","@id":"https:\/\/aeronoticias.com.pe\/noticiero\/transporte-aereo\/internacional\/francia-y-alemania-piden-a-bruselas-que-actue-contra-la-competencia-desleal\/#breadcrumb","itemListElement":[{"@type":"ListItem","position":1,"name":"Portada","item":"https:\/\/aeronoticias.com.pe\/noticiero\/"},{"@type":"ListItem","position":2,"name":"Francia y Alemania piden a Bruselas que act\u00fae contra la &#8216;competencia desleal&#8217;"}]},{"@type":"WebSite","@id":"https:\/\/aeronoticias.com.pe\/noticiero\/#website","url":"https:\/\/aeronoticias.com.pe\/noticiero\/","name":"Aeronoticias.com.pe","description":"Noticias de tranporte aereo, turismo, hoteles, gastronomia, actualidad, internacional","potentialAction":[{"@type":"SearchAction","target":{"@type":"EntryPoint","urlTemplate":"https:\/\/aeronoticias.com.pe\/noticiero\/?s={search_term_string}"},"query-input":{"@type":"PropertyValueSpecification","valueRequired":true,"valueName":"search_term_string"}}],"inLanguage":"es"},{"@type":"Person","@id":"https:\/\/aeronoticias.com.pe\/noticiero\/#\/schema\/person\/fc1e5d578f4b62ba1cf7ac2bba1170a0","name":"Redacci\u00f3n Aeronoticias","url":"https:\/\/aeronoticias.com.pe\/noticiero\/author\/piloto\/"}]}},"_links":{"self":[{"href":"https:\/\/aeronoticias.com.pe\/noticiero\/wp-json\/wp\/v2\/posts\/51848","targetHints":{"allow":["GET"]}}],"collection":[{"href":"https:\/\/aeronoticias.com.pe\/noticiero\/wp-json\/wp\/v2\/posts"}],"about":[{"href":"https:\/\/aeronoticias.com.pe\/noticiero\/wp-json\/wp\/v2\/types\/post"}],"author":[{"embeddable":true,"href":"https:\/\/aeronoticias.com.pe\/noticiero\/wp-json\/wp\/v2\/users\/1"}],"replies":[{"embeddable":true,"href":"https:\/\/aeronoticias.com.pe\/noticiero\/wp-json\/wp\/v2\/comments?post=51848"}],"version-history":[{"count":0,"href":"https:\/\/aeronoticias.com.pe\/noticiero\/wp-json\/wp\/v2\/posts\/51848\/revisions"}],"wp:attachment":[{"href":"https:\/\/aeronoticias.com.pe\/noticiero\/wp-json\/wp\/v2\/media?parent=51848"}],"wp:term":[{"taxonomy":"category","embeddable":true,"href":"https:\/\/aeronoticias.com.pe\/noticiero\/wp-json\/wp\/v2\/categories?post=51848"},{"taxonomy":"post_tag","embeddable":true,"href":"https:\/\/aeronoticias.com.pe\/noticiero\/wp-json\/wp\/v2\/tags?post=51848"}],"curies":[{"name":"wp","href":"https:\/\/api.w.org\/{rel}","templated":true}]}}