{"id":51850,"date":"2015-03-15T00:26:53","date_gmt":"2015-03-15T00:26:53","guid":{"rendered":"http:\/\/desarrollo.mcvicious.com\/aero2020\/2015\/03\/15\/colombia-en-el-radar-de-emirates\/"},"modified":"2015-03-15T00:26:53","modified_gmt":"2015-03-15T00:26:53","slug":"colombia-en-el-radar-de-emirates","status":"publish","type":"post","link":"https:\/\/aeronoticias.com.pe\/noticiero\/transporte-aereo\/internacional\/colombia-en-el-radar-de-emirates\/","title":{"rendered":"\u2018Colombia, en el radar de Emirates\u2019."},"content":{"rendered":"<p style=\"text-align: justify;\"><strong>(Aeronoticias)<\/strong>.-\u00a0\u201cEl mercado colombiano est\u00e1 en el radar de la Emirates\u201d, la aerol\u00ednea bandera de Dub\u00e1i, el emirato m\u00e1s famoso de los Emiratos \u00c1rabes Unidos, asegur\u00f3 Meghna Lakhani, gerente de an\u00e1lisis de negocios de la empresa, quien viaj\u00f3 especialmente a Bogot\u00e1 para promover el pa\u00eds \u00e1rabe como destino.<\/p>\n<p style=\"text-align: justify;\">\u201cQueremos decirle a Colombia que Dub\u00e1i est\u00e1 al alcance y viajar con Emirates tambi\u00e9n\u201d, insisti\u00f3 Lakhani, al comentar que el plan, por ahora, es facilitar al viajero colombiano sus conexiones para llegar al pa\u00eds \u00e1rabe. Aunque todav\u00eda no hay vuelos directos entre Bogot\u00e1 y Dub\u00e1i, Lakhani adelant\u00f3 que se est\u00e1 trabajando en alianza con Avianca desde Sao Paulo, Washington DC. y Nueva York.<\/p>\n<p style=\"text-align: justify;\">\u201cSi hasta ahora, sin tener oficina propia en Colombia, hemos logrando un promedio de 10 mil pasajeros colombianos anualmente, esperamos superar ese n\u00famero, con la oficina que hemos abierto en Bogot\u00e1\u201d, refiri\u00f3 la representante de la aerol\u00ednea emirat\u00ed \u2013junto al gerente de comercializaci\u00f3n en Colombia, Carlos Barrios y la directora de Turismo de Dub\u00e1i para la regi\u00f3n, Cible Moulin\u2013 hizo una presentaci\u00f3n a las agencias de viajes del pa\u00eds sobre los servicios y caracter\u00edsticas de ese destino.<\/p>\n<p style=\"text-align: justify;\">Al evento tambi\u00e9n asisti\u00f3 el encargado de negocios de la Embajada de los Emiratos \u00c1rabes Unidos, Mohamed Nasib Alzahiry y la secretaria ejecutiva de la misi\u00f3n diplom\u00e1tica, Amal Maksoud.<\/p>\n<p style=\"text-align: justify;\">La aerol\u00ednea emirat\u00ed, que ya vuela directo desde Brasil, Chile y Argentina, espera ampliar su ruta hacia Colombia y Ecuador. Aunque no hay fecha para ello, el objetivo de la compa\u00f1\u00eda, por ahora, es afianzar las conexiones con Bogot\u00e1, a trav\u00e9s de su aliado comercial, Avianca. Lakhani dijo que esperaba que en menos de dos a\u00f1os se logre un vuelo directo, aunque eso depende del departamento de planificaci\u00f3n de rutas de Emitates.<\/p>\n<div style=\"text-align: justify;\">Fuente: <span style=\"text-decoration: underline;\"><em><strong>Aviaci\u00f3n al d\u00eda.<\/strong><\/em><\/span><\/div>\n<div style=\"text-align: justify;\"><img decoding=\"async\" src=\"http:\/\/1.bp.blogspot.com\/-y4Fva1YTh2U\/VQMZ6Dg_vfI\/AAAAAAAAlWA\/7XQqkChH6qM\/s1600\/Meghna%2BLakhani.png\" border=\"0\" \/><\/div>\n","protected":false},"excerpt":{"rendered":"<p>(Aeronoticias).-\u00a0\u201cEl mercado colombiano est\u00e1 en el radar de la Emirates\u201d, la aerol\u00ednea bandera de Dub\u00e1i, el emirato m\u00e1s famoso de los Emiratos \u00c1rabes Unidos, asegur\u00f3 Meghna Lakhani, gerente de an\u00e1lisis de negocios de la empresa, quien viaj\u00f3 especialmente a Bogot\u00e1 para promover el pa\u00eds \u00e1rabe como destino. \u201cQueremos decirle a Colombia que Dub\u00e1i est\u00e1 al [&hellip;]<\/p>\n","protected":false},"author":1,"featured_media":0,"comment_status":"open","ping_status":"open","sticky":false,"template":"","format":"standard","meta":{"tdm_status":"","tdm_grid_status":"","footnotes":""},"categories":[32],"tags":[],"class_list":{"0":"post-51850","1":"post","2":"type-post","3":"status-publish","4":"format-standard","6":"category-internacional"},"yoast_head":"<!-- This site is optimized with the Yoast SEO plugin v25.1 - https:\/\/yoast.com\/wordpress\/plugins\/seo\/ -->\n<title>\u2018Colombia, en el radar de Emirates\u2019.<\/title>\n<meta name=\"description\" content=\"Portal de noticias del Per\u00fa sobre el transporte a\u00e9reo, aviaci\u00f3n, turismo, hoteleria, actualidad.\" \/>\n<meta name=\"robots\" content=\"index, follow, max-snippet:-1, max-image-preview:large, max-video-preview:-1\" \/>\n<link rel=\"canonical\" href=\"https:\/\/aeronoticias.com.pe\/noticiero\/transporte-aereo\/internacional\/colombia-en-el-radar-de-emirates\/\" \/>\n<meta property=\"og:locale\" content=\"es_ES\" \/>\n<meta property=\"og:type\" content=\"article\" \/>\n<meta property=\"og:title\" content=\"\u2018Colombia, en el radar de Emirates\u2019.\" \/>\n<meta property=\"og:description\" content=\"Portal de noticias del Per\u00fa sobre el transporte a\u00e9reo, aviaci\u00f3n, turismo, hoteleria, actualidad.\" \/>\n<meta property=\"og:url\" content=\"https:\/\/aeronoticias.com.pe\/noticiero\/transporte-aereo\/internacional\/colombia-en-el-radar-de-emirates\/\" \/>\n<meta property=\"og:site_name\" content=\"Aeronoticias.com.pe\" \/>\n<meta property=\"article:publisher\" content=\"https:\/\/www.facebook.com\/Aeronoticias.com.pe\/\" \/>\n<meta property=\"article:published_time\" content=\"2015-03-15T00:26:53+00:00\" \/>\n<meta property=\"og:image\" content=\"http:\/\/1.bp.blogspot.com\/-y4Fva1YTh2U\/VQMZ6Dg_vfI\/AAAAAAAAlWA\/7XQqkChH6qM\/s1600\/Meghna%2BLakhani.png\" \/>\n<meta name=\"author\" content=\"Redacci\u00f3n Aeronoticias\" \/>\n<meta name=\"twitter:card\" content=\"summary_large_image\" \/>\n<meta name=\"twitter:creator\" content=\"@aeronoticias\" \/>\n<meta name=\"twitter:site\" content=\"@aeronoticias\" \/>\n<meta name=\"twitter:label1\" content=\"Escrito por\" \/>\n\t<meta name=\"twitter:data1\" content=\"Redacci\u00f3n Aeronoticias\" \/>\n\t<meta name=\"twitter:label2\" content=\"Tiempo de lectura\" \/>\n\t<meta name=\"twitter:data2\" content=\"2 minutos\" \/>\n<script type=\"application\/ld+json\" class=\"yoast-schema-graph\">{\"@context\":\"https:\/\/schema.org\",\"@graph\":[{\"@type\":\"WebPage\",\"@id\":\"https:\/\/aeronoticias.com.pe\/noticiero\/transporte-aereo\/internacional\/colombia-en-el-radar-de-emirates\/\",\"url\":\"https:\/\/aeronoticias.com.pe\/noticiero\/transporte-aereo\/internacional\/colombia-en-el-radar-de-emirates\/\",\"name\":\"\u2018Colombia, en el radar de Emirates\u2019.\",\"isPartOf\":{\"@id\":\"https:\/\/aeronoticias.com.pe\/noticiero\/#website\"},\"primaryImageOfPage\":{\"@id\":\"https:\/\/aeronoticias.com.pe\/noticiero\/transporte-aereo\/internacional\/colombia-en-el-radar-de-emirates\/#primaryimage\"},\"image\":{\"@id\":\"https:\/\/aeronoticias.com.pe\/noticiero\/transporte-aereo\/internacional\/colombia-en-el-radar-de-emirates\/#primaryimage\"},\"thumbnailUrl\":\"http:\/\/1.bp.blogspot.com\/-y4Fva1YTh2U\/VQMZ6Dg_vfI\/AAAAAAAAlWA\/7XQqkChH6qM\/s1600\/Meghna%2BLakhani.png\",\"datePublished\":\"2015-03-15T00:26:53+00:00\",\"author\":{\"@id\":\"https:\/\/aeronoticias.com.pe\/noticiero\/#\/schema\/person\/fc1e5d578f4b62ba1cf7ac2bba1170a0\"},\"description\":\"Portal de noticias del Per\u00fa sobre el transporte a\u00e9reo, aviaci\u00f3n, turismo, hoteleria, actualidad.\",\"breadcrumb\":{\"@id\":\"https:\/\/aeronoticias.com.pe\/noticiero\/transporte-aereo\/internacional\/colombia-en-el-radar-de-emirates\/#breadcrumb\"},\"inLanguage\":\"es\",\"potentialAction\":[{\"@type\":\"ReadAction\",\"target\":[\"https:\/\/aeronoticias.com.pe\/noticiero\/transporte-aereo\/internacional\/colombia-en-el-radar-de-emirates\/\"]}]},{\"@type\":\"ImageObject\",\"inLanguage\":\"es\",\"@id\":\"https:\/\/aeronoticias.com.pe\/noticiero\/transporte-aereo\/internacional\/colombia-en-el-radar-de-emirates\/#primaryimage\",\"url\":\"http:\/\/1.bp.blogspot.com\/-y4Fva1YTh2U\/VQMZ6Dg_vfI\/AAAAAAAAlWA\/7XQqkChH6qM\/s1600\/Meghna%2BLakhani.png\",\"contentUrl\":\"http:\/\/1.bp.blogspot.com\/-y4Fva1YTh2U\/VQMZ6Dg_vfI\/AAAAAAAAlWA\/7XQqkChH6qM\/s1600\/Meghna%2BLakhani.png\"},{\"@type\":\"BreadcrumbList\",\"@id\":\"https:\/\/aeronoticias.com.pe\/noticiero\/transporte-aereo\/internacional\/colombia-en-el-radar-de-emirates\/#breadcrumb\",\"itemListElement\":[{\"@type\":\"ListItem\",\"position\":1,\"name\":\"Portada\",\"item\":\"https:\/\/aeronoticias.com.pe\/noticiero\/\"},{\"@type\":\"ListItem\",\"position\":2,\"name\":\"\u2018Colombia, en el radar de Emirates\u2019.\"}]},{\"@type\":\"WebSite\",\"@id\":\"https:\/\/aeronoticias.com.pe\/noticiero\/#website\",\"url\":\"https:\/\/aeronoticias.com.pe\/noticiero\/\",\"name\":\"Aeronoticias.com.pe\",\"description\":\"Noticias de tranporte aereo, turismo, hoteles, gastronomia, actualidad, internacional\",\"potentialAction\":[{\"@type\":\"SearchAction\",\"target\":{\"@type\":\"EntryPoint\",\"urlTemplate\":\"https:\/\/aeronoticias.com.pe\/noticiero\/?s={search_term_string}\"},\"query-input\":{\"@type\":\"PropertyValueSpecification\",\"valueRequired\":true,\"valueName\":\"search_term_string\"}}],\"inLanguage\":\"es\"},{\"@type\":\"Person\",\"@id\":\"https:\/\/aeronoticias.com.pe\/noticiero\/#\/schema\/person\/fc1e5d578f4b62ba1cf7ac2bba1170a0\",\"name\":\"Redacci\u00f3n Aeronoticias\",\"url\":\"https:\/\/aeronoticias.com.pe\/noticiero\/author\/piloto\/\"}]}<\/script>\n<!-- \/ Yoast SEO plugin. -->","yoast_head_json":{"title":"\u2018Colombia, en el radar de Emirates\u2019.","description":"Portal de noticias del Per\u00fa sobre el transporte a\u00e9reo, aviaci\u00f3n, turismo, hoteleria, actualidad.","robots":{"index":"index","follow":"follow","max-snippet":"max-snippet:-1","max-image-preview":"max-image-preview:large","max-video-preview":"max-video-preview:-1"},"canonical":"https:\/\/aeronoticias.com.pe\/noticiero\/transporte-aereo\/internacional\/colombia-en-el-radar-de-emirates\/","og_locale":"es_ES","og_type":"article","og_title":"\u2018Colombia, en el radar de Emirates\u2019.","og_description":"Portal de noticias del Per\u00fa sobre el transporte a\u00e9reo, aviaci\u00f3n, turismo, hoteleria, actualidad.","og_url":"https:\/\/aeronoticias.com.pe\/noticiero\/transporte-aereo\/internacional\/colombia-en-el-radar-de-emirates\/","og_site_name":"Aeronoticias.com.pe","article_publisher":"https:\/\/www.facebook.com\/Aeronoticias.com.pe\/","article_published_time":"2015-03-15T00:26:53+00:00","og_image":[{"url":"http:\/\/1.bp.blogspot.com\/-y4Fva1YTh2U\/VQMZ6Dg_vfI\/AAAAAAAAlWA\/7XQqkChH6qM\/s1600\/Meghna%2BLakhani.png","type":"","width":"","height":""}],"author":"Redacci\u00f3n Aeronoticias","twitter_card":"summary_large_image","twitter_creator":"@aeronoticias","twitter_site":"@aeronoticias","twitter_misc":{"Escrito por":"Redacci\u00f3n Aeronoticias","Tiempo de lectura":"2 minutos"},"schema":{"@context":"https:\/\/schema.org","@graph":[{"@type":"WebPage","@id":"https:\/\/aeronoticias.com.pe\/noticiero\/transporte-aereo\/internacional\/colombia-en-el-radar-de-emirates\/","url":"https:\/\/aeronoticias.com.pe\/noticiero\/transporte-aereo\/internacional\/colombia-en-el-radar-de-emirates\/","name":"\u2018Colombia, en el radar de Emirates\u2019.","isPartOf":{"@id":"https:\/\/aeronoticias.com.pe\/noticiero\/#website"},"primaryImageOfPage":{"@id":"https:\/\/aeronoticias.com.pe\/noticiero\/transporte-aereo\/internacional\/colombia-en-el-radar-de-emirates\/#primaryimage"},"image":{"@id":"https:\/\/aeronoticias.com.pe\/noticiero\/transporte-aereo\/internacional\/colombia-en-el-radar-de-emirates\/#primaryimage"},"thumbnailUrl":"http:\/\/1.bp.blogspot.com\/-y4Fva1YTh2U\/VQMZ6Dg_vfI\/AAAAAAAAlWA\/7XQqkChH6qM\/s1600\/Meghna%2BLakhani.png","datePublished":"2015-03-15T00:26:53+00:00","author":{"@id":"https:\/\/aeronoticias.com.pe\/noticiero\/#\/schema\/person\/fc1e5d578f4b62ba1cf7ac2bba1170a0"},"description":"Portal de noticias del Per\u00fa sobre el transporte a\u00e9reo, aviaci\u00f3n, turismo, hoteleria, actualidad.","breadcrumb":{"@id":"https:\/\/aeronoticias.com.pe\/noticiero\/transporte-aereo\/internacional\/colombia-en-el-radar-de-emirates\/#breadcrumb"},"inLanguage":"es","potentialAction":[{"@type":"ReadAction","target":["https:\/\/aeronoticias.com.pe\/noticiero\/transporte-aereo\/internacional\/colombia-en-el-radar-de-emirates\/"]}]},{"@type":"ImageObject","inLanguage":"es","@id":"https:\/\/aeronoticias.com.pe\/noticiero\/transporte-aereo\/internacional\/colombia-en-el-radar-de-emirates\/#primaryimage","url":"http:\/\/1.bp.blogspot.com\/-y4Fva1YTh2U\/VQMZ6Dg_vfI\/AAAAAAAAlWA\/7XQqkChH6qM\/s1600\/Meghna%2BLakhani.png","contentUrl":"http:\/\/1.bp.blogspot.com\/-y4Fva1YTh2U\/VQMZ6Dg_vfI\/AAAAAAAAlWA\/7XQqkChH6qM\/s1600\/Meghna%2BLakhani.png"},{"@type":"BreadcrumbList","@id":"https:\/\/aeronoticias.com.pe\/noticiero\/transporte-aereo\/internacional\/colombia-en-el-radar-de-emirates\/#breadcrumb","itemListElement":[{"@type":"ListItem","position":1,"name":"Portada","item":"https:\/\/aeronoticias.com.pe\/noticiero\/"},{"@type":"ListItem","position":2,"name":"\u2018Colombia, en el radar de Emirates\u2019."}]},{"@type":"WebSite","@id":"https:\/\/aeronoticias.com.pe\/noticiero\/#website","url":"https:\/\/aeronoticias.com.pe\/noticiero\/","name":"Aeronoticias.com.pe","description":"Noticias de tranporte aereo, turismo, hoteles, gastronomia, actualidad, internacional","potentialAction":[{"@type":"SearchAction","target":{"@type":"EntryPoint","urlTemplate":"https:\/\/aeronoticias.com.pe\/noticiero\/?s={search_term_string}"},"query-input":{"@type":"PropertyValueSpecification","valueRequired":true,"valueName":"search_term_string"}}],"inLanguage":"es"},{"@type":"Person","@id":"https:\/\/aeronoticias.com.pe\/noticiero\/#\/schema\/person\/fc1e5d578f4b62ba1cf7ac2bba1170a0","name":"Redacci\u00f3n Aeronoticias","url":"https:\/\/aeronoticias.com.pe\/noticiero\/author\/piloto\/"}]}},"_links":{"self":[{"href":"https:\/\/aeronoticias.com.pe\/noticiero\/wp-json\/wp\/v2\/posts\/51850","targetHints":{"allow":["GET"]}}],"collection":[{"href":"https:\/\/aeronoticias.com.pe\/noticiero\/wp-json\/wp\/v2\/posts"}],"about":[{"href":"https:\/\/aeronoticias.com.pe\/noticiero\/wp-json\/wp\/v2\/types\/post"}],"author":[{"embeddable":true,"href":"https:\/\/aeronoticias.com.pe\/noticiero\/wp-json\/wp\/v2\/users\/1"}],"replies":[{"embeddable":true,"href":"https:\/\/aeronoticias.com.pe\/noticiero\/wp-json\/wp\/v2\/comments?post=51850"}],"version-history":[{"count":0,"href":"https:\/\/aeronoticias.com.pe\/noticiero\/wp-json\/wp\/v2\/posts\/51850\/revisions"}],"wp:attachment":[{"href":"https:\/\/aeronoticias.com.pe\/noticiero\/wp-json\/wp\/v2\/media?parent=51850"}],"wp:term":[{"taxonomy":"category","embeddable":true,"href":"https:\/\/aeronoticias.com.pe\/noticiero\/wp-json\/wp\/v2\/categories?post=51850"},{"taxonomy":"post_tag","embeddable":true,"href":"https:\/\/aeronoticias.com.pe\/noticiero\/wp-json\/wp\/v2\/tags?post=51850"}],"curies":[{"name":"wp","href":"https:\/\/api.w.org\/{rel}","templated":true}]}}