{"id":51851,"date":"2015-03-15T01:15:51","date_gmt":"2015-03-15T01:15:51","guid":{"rendered":"http:\/\/desarrollo.mcvicious.com\/aero2020\/2015\/03\/15\/papa-francisco-los-sacerdotes-pederastas-son-antropofagos\/"},"modified":"2015-03-15T01:15:51","modified_gmt":"2015-03-15T01:15:51","slug":"papa-francisco-los-sacerdotes-pederastas-son-antropofagos","status":"publish","type":"post","link":"https:\/\/aeronoticias.com.pe\/noticiero\/mundo\/mundo-mundo-2\/papa-francisco-los-sacerdotes-pederastas-son-antropofagos\/","title":{"rendered":"Papa Francisco: &#8216;Los sacerdotes pederastas son antrop\u00f3fagos&#8217;"},"content":{"rendered":"<p style=\"text-align: justify;\"><strong>(Aeronoticias).<\/strong>&#8211;\u00a0Los sacerdotes que abusan de ni\u00f1os \u00abson antrop\u00f3fagos\u00bb, dijo el papa Francisco en una entrevista con la cadena mexicana Televisa en la que tambi\u00e9n dijo tener la sensaci\u00f3n de que su pontificado, iniciado hace dos a\u00f1os, \u00abva a ser breve\u00bb.<\/p>\n<p style=\"text-align: justify;\">\u00abRealmente me doli\u00f3 mucho, me escandalic\u00e9\u00bb, dijo el pont\u00edfice a la corresponsal de Televisa en el Vaticano sobre el momento en que se enter\u00f3 de los abusos cometidos por el sacerdote Marcial Maciel (1920-2008), fundador de la congregaci\u00f3n de los Legionarios de Cristo.<\/p>\n<p style=\"text-align: justify;\">Francisco se pregunt\u00f3 \u00abc\u00f3mo esta persona pudo llegar hasta esto\u00bb, y consider\u00f3 que Maciel \u00abevidentemente era una persona muy enferma, porque adem\u00e1s de todos los abusos, creo que tambi\u00e9n hab\u00eda dos o tres mujeres de por medio, hijos con una o con otra\u00bb.<\/p>\n<p style=\"text-align: justify;\">\u00abO sea que hab\u00eda algo all\u00ed, y mucha plata. La corrupci\u00f3n empieza por los bolsillos, pero creo que se trataba de un enfermo, un gran enfermo\u00bb, insisti\u00f3.<\/p>\n<p style=\"text-align: justify;\">Refiri\u00f3 que cuando se tom\u00f3 conciencia en el Vaticano de las acciones de Maciel el entonces cardenal Joseph Ratzinger \u00abllev\u00f3 la cosa (la investigaci\u00f3n) adelante y el papa san Juan Pablo II le dio luz verde de llevarla, y cuando lo hicieron papa ya actu\u00f3\u00bb.<\/p>\n<p style=\"text-align: justify;\">\u00abQuiero dejar muy en claro que el entonces cardenal Ratzinger y san Juan Pablo II eran conscientes y dijeron adelante, uno en la investigaci\u00f3n y el otro dando luz verde\u00bb, dijo el papa argentino.<\/p>\n<p style=\"text-align: justify;\">La congregaci\u00f3n de los Legionarios de Cristo fue fundada en M\u00e9xico en 1941 por Maciel, condenado posteriormente por el papa Benedicto XVI (Ratzinger) por sus \u00abgrav\u00edsimos e inmorales\u00bb comportamientos y por la vida que llev\u00f3 \u00absin escr\u00fapulos y sin verdadero sentimiento religioso\u00bb.<\/p>\n<p style=\"text-align: justify;\">Fuente: <span style=\"text-decoration: underline;\"><em><strong>RPP.<\/strong><\/em><\/span><\/p>\n<p style=\"text-align: justify;\"><img decoding=\"async\" src=\"http:\/\/www.rpp.com.pe\/papa-francisco--los-sacerdotes-pederastas-son-antropofagos-imagen-noticia-8-n-\/images\/picnewsa\/1474627.jpg\" border=\"0\" alt=\"Papa Francisco: &quot;Los sacerdotes pederastas son antrop\u00f3fagos&quot;\" \/><\/p>\n","protected":false},"excerpt":{"rendered":"<p>(Aeronoticias).&#8211;\u00a0Los sacerdotes que abusan de ni\u00f1os \u00abson antrop\u00f3fagos\u00bb, dijo el papa Francisco en una entrevista con la cadena mexicana Televisa en la que tambi\u00e9n dijo tener la sensaci\u00f3n de que su pontificado, iniciado hace dos a\u00f1os, \u00abva a ser breve\u00bb. \u00abRealmente me doli\u00f3 mucho, me escandalic\u00e9\u00bb, dijo el pont\u00edfice a la corresponsal de Televisa en [&hellip;]<\/p>\n","protected":false},"author":1,"featured_media":0,"comment_status":"open","ping_status":"open","sticky":false,"template":"","format":"standard","meta":{"tdm_status":"","tdm_grid_status":"","footnotes":""},"categories":[65],"tags":[],"class_list":{"0":"post-51851","1":"post","2":"type-post","3":"status-publish","4":"format-standard","6":"category-mundo-mundo-2"},"yoast_head":"<!-- This site is optimized with the Yoast SEO plugin v25.1 - https:\/\/yoast.com\/wordpress\/plugins\/seo\/ -->\n<title>Papa Francisco: &#039;Los sacerdotes pederastas son antrop\u00f3fagos&#039;<\/title>\n<meta name=\"description\" content=\"Portal de noticias del Per\u00fa sobre el transporte a\u00e9reo, aviaci\u00f3n, turismo, hoteleria, actualidad.\" \/>\n<meta name=\"robots\" content=\"index, follow, max-snippet:-1, max-image-preview:large, max-video-preview:-1\" \/>\n<link rel=\"canonical\" href=\"https:\/\/aeronoticias.com.pe\/noticiero\/mundo\/mundo-mundo-2\/papa-francisco-los-sacerdotes-pederastas-son-antropofagos\/\" \/>\n<meta property=\"og:locale\" content=\"es_ES\" \/>\n<meta property=\"og:type\" content=\"article\" \/>\n<meta property=\"og:title\" content=\"Papa Francisco: &#039;Los sacerdotes pederastas son antrop\u00f3fagos&#039;\" \/>\n<meta property=\"og:description\" content=\"Portal de noticias del Per\u00fa sobre el transporte a\u00e9reo, aviaci\u00f3n, turismo, hoteleria, actualidad.\" \/>\n<meta property=\"og:url\" content=\"https:\/\/aeronoticias.com.pe\/noticiero\/mundo\/mundo-mundo-2\/papa-francisco-los-sacerdotes-pederastas-son-antropofagos\/\" \/>\n<meta property=\"og:site_name\" content=\"Aeronoticias.com.pe\" \/>\n<meta property=\"article:publisher\" content=\"https:\/\/www.facebook.com\/Aeronoticias.com.pe\/\" \/>\n<meta property=\"article:published_time\" content=\"2015-03-15T01:15:51+00:00\" \/>\n<meta property=\"og:image\" content=\"http:\/\/www.rpp.com.pe\/papa-francisco--los-sacerdotes-pederastas-son-antropofagos-imagen-noticia-8-n-\/images\/picnewsa\/1474627.jpg\" \/>\n<meta name=\"author\" content=\"Redacci\u00f3n Aeronoticias\" \/>\n<meta name=\"twitter:card\" content=\"summary_large_image\" \/>\n<meta name=\"twitter:creator\" content=\"@aeronoticias\" \/>\n<meta name=\"twitter:site\" content=\"@aeronoticias\" \/>\n<meta name=\"twitter:label1\" content=\"Escrito por\" \/>\n\t<meta name=\"twitter:data1\" content=\"Redacci\u00f3n Aeronoticias\" \/>\n\t<meta name=\"twitter:label2\" content=\"Tiempo de lectura\" \/>\n\t<meta name=\"twitter:data2\" content=\"1 minuto\" \/>\n<script type=\"application\/ld+json\" class=\"yoast-schema-graph\">{\"@context\":\"https:\/\/schema.org\",\"@graph\":[{\"@type\":\"WebPage\",\"@id\":\"https:\/\/aeronoticias.com.pe\/noticiero\/mundo\/mundo-mundo-2\/papa-francisco-los-sacerdotes-pederastas-son-antropofagos\/\",\"url\":\"https:\/\/aeronoticias.com.pe\/noticiero\/mundo\/mundo-mundo-2\/papa-francisco-los-sacerdotes-pederastas-son-antropofagos\/\",\"name\":\"Papa Francisco: 'Los sacerdotes pederastas son antrop\u00f3fagos'\",\"isPartOf\":{\"@id\":\"https:\/\/aeronoticias.com.pe\/noticiero\/#website\"},\"primaryImageOfPage\":{\"@id\":\"https:\/\/aeronoticias.com.pe\/noticiero\/mundo\/mundo-mundo-2\/papa-francisco-los-sacerdotes-pederastas-son-antropofagos\/#primaryimage\"},\"image\":{\"@id\":\"https:\/\/aeronoticias.com.pe\/noticiero\/mundo\/mundo-mundo-2\/papa-francisco-los-sacerdotes-pederastas-son-antropofagos\/#primaryimage\"},\"thumbnailUrl\":\"http:\/\/www.rpp.com.pe\/papa-francisco--los-sacerdotes-pederastas-son-antropofagos-imagen-noticia-8-n-\/images\/picnewsa\/1474627.jpg\",\"datePublished\":\"2015-03-15T01:15:51+00:00\",\"author\":{\"@id\":\"https:\/\/aeronoticias.com.pe\/noticiero\/#\/schema\/person\/fc1e5d578f4b62ba1cf7ac2bba1170a0\"},\"description\":\"Portal de noticias del Per\u00fa sobre el transporte a\u00e9reo, aviaci\u00f3n, turismo, hoteleria, actualidad.\",\"breadcrumb\":{\"@id\":\"https:\/\/aeronoticias.com.pe\/noticiero\/mundo\/mundo-mundo-2\/papa-francisco-los-sacerdotes-pederastas-son-antropofagos\/#breadcrumb\"},\"inLanguage\":\"es\",\"potentialAction\":[{\"@type\":\"ReadAction\",\"target\":[\"https:\/\/aeronoticias.com.pe\/noticiero\/mundo\/mundo-mundo-2\/papa-francisco-los-sacerdotes-pederastas-son-antropofagos\/\"]}]},{\"@type\":\"ImageObject\",\"inLanguage\":\"es\",\"@id\":\"https:\/\/aeronoticias.com.pe\/noticiero\/mundo\/mundo-mundo-2\/papa-francisco-los-sacerdotes-pederastas-son-antropofagos\/#primaryimage\",\"url\":\"http:\/\/www.rpp.com.pe\/papa-francisco--los-sacerdotes-pederastas-son-antropofagos-imagen-noticia-8-n-\/images\/picnewsa\/1474627.jpg\",\"contentUrl\":\"http:\/\/www.rpp.com.pe\/papa-francisco--los-sacerdotes-pederastas-son-antropofagos-imagen-noticia-8-n-\/images\/picnewsa\/1474627.jpg\"},{\"@type\":\"BreadcrumbList\",\"@id\":\"https:\/\/aeronoticias.com.pe\/noticiero\/mundo\/mundo-mundo-2\/papa-francisco-los-sacerdotes-pederastas-son-antropofagos\/#breadcrumb\",\"itemListElement\":[{\"@type\":\"ListItem\",\"position\":1,\"name\":\"Portada\",\"item\":\"https:\/\/aeronoticias.com.pe\/noticiero\/\"},{\"@type\":\"ListItem\",\"position\":2,\"name\":\"Papa Francisco: &#8216;Los sacerdotes pederastas son antrop\u00f3fagos&#8217;\"}]},{\"@type\":\"WebSite\",\"@id\":\"https:\/\/aeronoticias.com.pe\/noticiero\/#website\",\"url\":\"https:\/\/aeronoticias.com.pe\/noticiero\/\",\"name\":\"Aeronoticias.com.pe\",\"description\":\"Noticias de tranporte aereo, turismo, hoteles, gastronomia, actualidad, internacional\",\"potentialAction\":[{\"@type\":\"SearchAction\",\"target\":{\"@type\":\"EntryPoint\",\"urlTemplate\":\"https:\/\/aeronoticias.com.pe\/noticiero\/?s={search_term_string}\"},\"query-input\":{\"@type\":\"PropertyValueSpecification\",\"valueRequired\":true,\"valueName\":\"search_term_string\"}}],\"inLanguage\":\"es\"},{\"@type\":\"Person\",\"@id\":\"https:\/\/aeronoticias.com.pe\/noticiero\/#\/schema\/person\/fc1e5d578f4b62ba1cf7ac2bba1170a0\",\"name\":\"Redacci\u00f3n Aeronoticias\",\"url\":\"https:\/\/aeronoticias.com.pe\/noticiero\/author\/piloto\/\"}]}<\/script>\n<!-- \/ Yoast SEO plugin. -->","yoast_head_json":{"title":"Papa Francisco: 'Los sacerdotes pederastas son antrop\u00f3fagos'","description":"Portal de noticias del Per\u00fa sobre el transporte a\u00e9reo, aviaci\u00f3n, turismo, hoteleria, actualidad.","robots":{"index":"index","follow":"follow","max-snippet":"max-snippet:-1","max-image-preview":"max-image-preview:large","max-video-preview":"max-video-preview:-1"},"canonical":"https:\/\/aeronoticias.com.pe\/noticiero\/mundo\/mundo-mundo-2\/papa-francisco-los-sacerdotes-pederastas-son-antropofagos\/","og_locale":"es_ES","og_type":"article","og_title":"Papa Francisco: 'Los sacerdotes pederastas son antrop\u00f3fagos'","og_description":"Portal de noticias del Per\u00fa sobre el transporte a\u00e9reo, aviaci\u00f3n, turismo, hoteleria, actualidad.","og_url":"https:\/\/aeronoticias.com.pe\/noticiero\/mundo\/mundo-mundo-2\/papa-francisco-los-sacerdotes-pederastas-son-antropofagos\/","og_site_name":"Aeronoticias.com.pe","article_publisher":"https:\/\/www.facebook.com\/Aeronoticias.com.pe\/","article_published_time":"2015-03-15T01:15:51+00:00","og_image":[{"url":"http:\/\/www.rpp.com.pe\/papa-francisco--los-sacerdotes-pederastas-son-antropofagos-imagen-noticia-8-n-\/images\/picnewsa\/1474627.jpg","type":"","width":"","height":""}],"author":"Redacci\u00f3n Aeronoticias","twitter_card":"summary_large_image","twitter_creator":"@aeronoticias","twitter_site":"@aeronoticias","twitter_misc":{"Escrito por":"Redacci\u00f3n Aeronoticias","Tiempo de lectura":"1 minuto"},"schema":{"@context":"https:\/\/schema.org","@graph":[{"@type":"WebPage","@id":"https:\/\/aeronoticias.com.pe\/noticiero\/mundo\/mundo-mundo-2\/papa-francisco-los-sacerdotes-pederastas-son-antropofagos\/","url":"https:\/\/aeronoticias.com.pe\/noticiero\/mundo\/mundo-mundo-2\/papa-francisco-los-sacerdotes-pederastas-son-antropofagos\/","name":"Papa Francisco: 'Los sacerdotes pederastas son antrop\u00f3fagos'","isPartOf":{"@id":"https:\/\/aeronoticias.com.pe\/noticiero\/#website"},"primaryImageOfPage":{"@id":"https:\/\/aeronoticias.com.pe\/noticiero\/mundo\/mundo-mundo-2\/papa-francisco-los-sacerdotes-pederastas-son-antropofagos\/#primaryimage"},"image":{"@id":"https:\/\/aeronoticias.com.pe\/noticiero\/mundo\/mundo-mundo-2\/papa-francisco-los-sacerdotes-pederastas-son-antropofagos\/#primaryimage"},"thumbnailUrl":"http:\/\/www.rpp.com.pe\/papa-francisco--los-sacerdotes-pederastas-son-antropofagos-imagen-noticia-8-n-\/images\/picnewsa\/1474627.jpg","datePublished":"2015-03-15T01:15:51+00:00","author":{"@id":"https:\/\/aeronoticias.com.pe\/noticiero\/#\/schema\/person\/fc1e5d578f4b62ba1cf7ac2bba1170a0"},"description":"Portal de noticias del Per\u00fa sobre el transporte a\u00e9reo, aviaci\u00f3n, turismo, hoteleria, actualidad.","breadcrumb":{"@id":"https:\/\/aeronoticias.com.pe\/noticiero\/mundo\/mundo-mundo-2\/papa-francisco-los-sacerdotes-pederastas-son-antropofagos\/#breadcrumb"},"inLanguage":"es","potentialAction":[{"@type":"ReadAction","target":["https:\/\/aeronoticias.com.pe\/noticiero\/mundo\/mundo-mundo-2\/papa-francisco-los-sacerdotes-pederastas-son-antropofagos\/"]}]},{"@type":"ImageObject","inLanguage":"es","@id":"https:\/\/aeronoticias.com.pe\/noticiero\/mundo\/mundo-mundo-2\/papa-francisco-los-sacerdotes-pederastas-son-antropofagos\/#primaryimage","url":"http:\/\/www.rpp.com.pe\/papa-francisco--los-sacerdotes-pederastas-son-antropofagos-imagen-noticia-8-n-\/images\/picnewsa\/1474627.jpg","contentUrl":"http:\/\/www.rpp.com.pe\/papa-francisco--los-sacerdotes-pederastas-son-antropofagos-imagen-noticia-8-n-\/images\/picnewsa\/1474627.jpg"},{"@type":"BreadcrumbList","@id":"https:\/\/aeronoticias.com.pe\/noticiero\/mundo\/mundo-mundo-2\/papa-francisco-los-sacerdotes-pederastas-son-antropofagos\/#breadcrumb","itemListElement":[{"@type":"ListItem","position":1,"name":"Portada","item":"https:\/\/aeronoticias.com.pe\/noticiero\/"},{"@type":"ListItem","position":2,"name":"Papa Francisco: &#8216;Los sacerdotes pederastas son antrop\u00f3fagos&#8217;"}]},{"@type":"WebSite","@id":"https:\/\/aeronoticias.com.pe\/noticiero\/#website","url":"https:\/\/aeronoticias.com.pe\/noticiero\/","name":"Aeronoticias.com.pe","description":"Noticias de tranporte aereo, turismo, hoteles, gastronomia, actualidad, internacional","potentialAction":[{"@type":"SearchAction","target":{"@type":"EntryPoint","urlTemplate":"https:\/\/aeronoticias.com.pe\/noticiero\/?s={search_term_string}"},"query-input":{"@type":"PropertyValueSpecification","valueRequired":true,"valueName":"search_term_string"}}],"inLanguage":"es"},{"@type":"Person","@id":"https:\/\/aeronoticias.com.pe\/noticiero\/#\/schema\/person\/fc1e5d578f4b62ba1cf7ac2bba1170a0","name":"Redacci\u00f3n Aeronoticias","url":"https:\/\/aeronoticias.com.pe\/noticiero\/author\/piloto\/"}]}},"_links":{"self":[{"href":"https:\/\/aeronoticias.com.pe\/noticiero\/wp-json\/wp\/v2\/posts\/51851","targetHints":{"allow":["GET"]}}],"collection":[{"href":"https:\/\/aeronoticias.com.pe\/noticiero\/wp-json\/wp\/v2\/posts"}],"about":[{"href":"https:\/\/aeronoticias.com.pe\/noticiero\/wp-json\/wp\/v2\/types\/post"}],"author":[{"embeddable":true,"href":"https:\/\/aeronoticias.com.pe\/noticiero\/wp-json\/wp\/v2\/users\/1"}],"replies":[{"embeddable":true,"href":"https:\/\/aeronoticias.com.pe\/noticiero\/wp-json\/wp\/v2\/comments?post=51851"}],"version-history":[{"count":0,"href":"https:\/\/aeronoticias.com.pe\/noticiero\/wp-json\/wp\/v2\/posts\/51851\/revisions"}],"wp:attachment":[{"href":"https:\/\/aeronoticias.com.pe\/noticiero\/wp-json\/wp\/v2\/media?parent=51851"}],"wp:term":[{"taxonomy":"category","embeddable":true,"href":"https:\/\/aeronoticias.com.pe\/noticiero\/wp-json\/wp\/v2\/categories?post=51851"},{"taxonomy":"post_tag","embeddable":true,"href":"https:\/\/aeronoticias.com.pe\/noticiero\/wp-json\/wp\/v2\/tags?post=51851"}],"curies":[{"name":"wp","href":"https:\/\/api.w.org\/{rel}","templated":true}]}}