{"id":51852,"date":"2015-03-15T01:21:28","date_gmt":"2015-03-15T01:21:28","guid":{"rendered":"http:\/\/desarrollo.mcvicious.com\/aero2020\/2015\/03\/15\/bcr-economia-peruana-crecio-17-en-enero\/"},"modified":"2015-03-15T01:21:28","modified_gmt":"2015-03-15T01:21:28","slug":"bcr-economia-peruana-crecio-17-en-enero","status":"publish","type":"post","link":"https:\/\/aeronoticias.com.pe\/noticiero\/economia\/bcr-economia-peruana-crecio-17-en-enero\/","title":{"rendered":"BCR: Econom\u00eda peruana creci\u00f3 1,7% en enero"},"content":{"rendered":"<p style=\"text-align: justify;\"><strong>(Aeronoticias)<\/strong>.-\u00a0La econom\u00eda peruana creci\u00f3 un 1,7 por ciento interanual en enero, menor a lo esperado por analistas, dijo el viernes el presidente del Banco Central de Per\u00fa, Julio Velarde.<\/p>\n<p style=\"text-align: justify;\">Analistas esperaban un crecimiento de 2,1 por ciento interanual en enero, en medio de una recuperaci\u00f3n del sector minero, aunque se esperaba que los grupos vinculados a la demanda interna mostrar\u00edan un d\u00e9bil avance.<\/p>\n<p style=\"text-align: justify;\">\u00abAcabo de recibir el dato para enero. El crecimiento fue de 1,7 por ciento\u00bb, dijo Velarde a Reuters tras una conferencia de bancos en Buenos Aires.<\/p>\n<p style=\"text-align: justify;\">Fuente: <span style=\"text-decoration: underline;\"><em><strong>RPP.<\/strong><\/em><\/span><\/p>\n<p style=\"text-align: justify;\"><img decoding=\"async\" src=\"http:\/\/www.rpp.com.pe\/bcr-economia-peruana-crecio8-7-en-enero-imagen-noticia-8-n-\/images\/picnewsa\/1464750.jpg\" border=\"0\" alt=\"BCR: Econom\u00eda peruana creci\u00f3 1,7% en enero\" \/><\/p>\n","protected":false},"excerpt":{"rendered":"<p>(Aeronoticias).-\u00a0La econom\u00eda peruana creci\u00f3 un 1,7 por ciento interanual en enero, menor a lo esperado por analistas, dijo el viernes el presidente del Banco Central de Per\u00fa, Julio Velarde. Analistas esperaban un crecimiento de 2,1 por ciento interanual en enero, en medio de una recuperaci\u00f3n del sector minero, aunque se esperaba que los grupos vinculados [&hellip;]<\/p>\n","protected":false},"author":1,"featured_media":0,"comment_status":"open","ping_status":"open","sticky":false,"template":"","format":"standard","meta":{"tdm_status":"","tdm_grid_status":"","footnotes":""},"categories":[33],"tags":[],"class_list":{"0":"post-51852","1":"post","2":"type-post","3":"status-publish","4":"format-standard","6":"category-economia"},"yoast_head":"<!-- This site is optimized with the Yoast SEO plugin v25.1 - https:\/\/yoast.com\/wordpress\/plugins\/seo\/ -->\n<title>BCR: Econom\u00eda peruana creci\u00f3 1,7% en enero<\/title>\n<meta name=\"description\" content=\"Portal de noticias del Per\u00fa sobre el transporte a\u00e9reo, aviaci\u00f3n, turismo, hoteleria, actualidad.\" \/>\n<meta name=\"robots\" content=\"index, follow, max-snippet:-1, max-image-preview:large, max-video-preview:-1\" \/>\n<link rel=\"canonical\" href=\"https:\/\/aeronoticias.com.pe\/noticiero\/economia\/bcr-economia-peruana-crecio-17-en-enero\/\" \/>\n<meta property=\"og:locale\" content=\"es_ES\" \/>\n<meta property=\"og:type\" content=\"article\" \/>\n<meta property=\"og:title\" content=\"BCR: Econom\u00eda peruana creci\u00f3 1,7% en enero\" \/>\n<meta property=\"og:description\" content=\"Portal de noticias del Per\u00fa sobre el transporte a\u00e9reo, aviaci\u00f3n, turismo, hoteleria, actualidad.\" \/>\n<meta property=\"og:url\" content=\"https:\/\/aeronoticias.com.pe\/noticiero\/economia\/bcr-economia-peruana-crecio-17-en-enero\/\" \/>\n<meta property=\"og:site_name\" content=\"Aeronoticias.com.pe\" \/>\n<meta property=\"article:publisher\" content=\"https:\/\/www.facebook.com\/Aeronoticias.com.pe\/\" \/>\n<meta property=\"article:published_time\" content=\"2015-03-15T01:21:28+00:00\" \/>\n<meta property=\"og:image\" content=\"http:\/\/www.rpp.com.pe\/bcr-economia-peruana-crecio8-7-en-enero-imagen-noticia-8-n-\/images\/picnewsa\/1464750.jpg\" \/>\n<meta name=\"author\" content=\"Redacci\u00f3n Aeronoticias\" \/>\n<meta name=\"twitter:card\" content=\"summary_large_image\" \/>\n<meta name=\"twitter:creator\" content=\"@aeronoticias\" \/>\n<meta name=\"twitter:site\" content=\"@aeronoticias\" \/>\n<meta name=\"twitter:label1\" content=\"Escrito por\" \/>\n\t<meta name=\"twitter:data1\" content=\"Redacci\u00f3n Aeronoticias\" \/>\n<script type=\"application\/ld+json\" class=\"yoast-schema-graph\">{\"@context\":\"https:\/\/schema.org\",\"@graph\":[{\"@type\":\"WebPage\",\"@id\":\"https:\/\/aeronoticias.com.pe\/noticiero\/economia\/bcr-economia-peruana-crecio-17-en-enero\/\",\"url\":\"https:\/\/aeronoticias.com.pe\/noticiero\/economia\/bcr-economia-peruana-crecio-17-en-enero\/\",\"name\":\"BCR: Econom\u00eda peruana creci\u00f3 1,7% en enero\",\"isPartOf\":{\"@id\":\"https:\/\/aeronoticias.com.pe\/noticiero\/#website\"},\"primaryImageOfPage\":{\"@id\":\"https:\/\/aeronoticias.com.pe\/noticiero\/economia\/bcr-economia-peruana-crecio-17-en-enero\/#primaryimage\"},\"image\":{\"@id\":\"https:\/\/aeronoticias.com.pe\/noticiero\/economia\/bcr-economia-peruana-crecio-17-en-enero\/#primaryimage\"},\"thumbnailUrl\":\"http:\/\/www.rpp.com.pe\/bcr-economia-peruana-crecio8-7-en-enero-imagen-noticia-8-n-\/images\/picnewsa\/1464750.jpg\",\"datePublished\":\"2015-03-15T01:21:28+00:00\",\"author\":{\"@id\":\"https:\/\/aeronoticias.com.pe\/noticiero\/#\/schema\/person\/fc1e5d578f4b62ba1cf7ac2bba1170a0\"},\"description\":\"Portal de noticias del Per\u00fa sobre el transporte a\u00e9reo, aviaci\u00f3n, turismo, hoteleria, actualidad.\",\"breadcrumb\":{\"@id\":\"https:\/\/aeronoticias.com.pe\/noticiero\/economia\/bcr-economia-peruana-crecio-17-en-enero\/#breadcrumb\"},\"inLanguage\":\"es\",\"potentialAction\":[{\"@type\":\"ReadAction\",\"target\":[\"https:\/\/aeronoticias.com.pe\/noticiero\/economia\/bcr-economia-peruana-crecio-17-en-enero\/\"]}]},{\"@type\":\"ImageObject\",\"inLanguage\":\"es\",\"@id\":\"https:\/\/aeronoticias.com.pe\/noticiero\/economia\/bcr-economia-peruana-crecio-17-en-enero\/#primaryimage\",\"url\":\"http:\/\/www.rpp.com.pe\/bcr-economia-peruana-crecio8-7-en-enero-imagen-noticia-8-n-\/images\/picnewsa\/1464750.jpg\",\"contentUrl\":\"http:\/\/www.rpp.com.pe\/bcr-economia-peruana-crecio8-7-en-enero-imagen-noticia-8-n-\/images\/picnewsa\/1464750.jpg\"},{\"@type\":\"BreadcrumbList\",\"@id\":\"https:\/\/aeronoticias.com.pe\/noticiero\/economia\/bcr-economia-peruana-crecio-17-en-enero\/#breadcrumb\",\"itemListElement\":[{\"@type\":\"ListItem\",\"position\":1,\"name\":\"Portada\",\"item\":\"https:\/\/aeronoticias.com.pe\/noticiero\/\"},{\"@type\":\"ListItem\",\"position\":2,\"name\":\"BCR: Econom\u00eda peruana creci\u00f3 1,7% en enero\"}]},{\"@type\":\"WebSite\",\"@id\":\"https:\/\/aeronoticias.com.pe\/noticiero\/#website\",\"url\":\"https:\/\/aeronoticias.com.pe\/noticiero\/\",\"name\":\"Aeronoticias.com.pe\",\"description\":\"Noticias de tranporte aereo, turismo, hoteles, gastronomia, actualidad, internacional\",\"potentialAction\":[{\"@type\":\"SearchAction\",\"target\":{\"@type\":\"EntryPoint\",\"urlTemplate\":\"https:\/\/aeronoticias.com.pe\/noticiero\/?s={search_term_string}\"},\"query-input\":{\"@type\":\"PropertyValueSpecification\",\"valueRequired\":true,\"valueName\":\"search_term_string\"}}],\"inLanguage\":\"es\"},{\"@type\":\"Person\",\"@id\":\"https:\/\/aeronoticias.com.pe\/noticiero\/#\/schema\/person\/fc1e5d578f4b62ba1cf7ac2bba1170a0\",\"name\":\"Redacci\u00f3n Aeronoticias\",\"url\":\"https:\/\/aeronoticias.com.pe\/noticiero\/author\/piloto\/\"}]}<\/script>\n<!-- \/ Yoast SEO plugin. -->","yoast_head_json":{"title":"BCR: Econom\u00eda peruana creci\u00f3 1,7% en enero","description":"Portal de noticias del Per\u00fa sobre el transporte a\u00e9reo, aviaci\u00f3n, turismo, hoteleria, actualidad.","robots":{"index":"index","follow":"follow","max-snippet":"max-snippet:-1","max-image-preview":"max-image-preview:large","max-video-preview":"max-video-preview:-1"},"canonical":"https:\/\/aeronoticias.com.pe\/noticiero\/economia\/bcr-economia-peruana-crecio-17-en-enero\/","og_locale":"es_ES","og_type":"article","og_title":"BCR: Econom\u00eda peruana creci\u00f3 1,7% en enero","og_description":"Portal de noticias del Per\u00fa sobre el transporte a\u00e9reo, aviaci\u00f3n, turismo, hoteleria, actualidad.","og_url":"https:\/\/aeronoticias.com.pe\/noticiero\/economia\/bcr-economia-peruana-crecio-17-en-enero\/","og_site_name":"Aeronoticias.com.pe","article_publisher":"https:\/\/www.facebook.com\/Aeronoticias.com.pe\/","article_published_time":"2015-03-15T01:21:28+00:00","og_image":[{"url":"http:\/\/www.rpp.com.pe\/bcr-economia-peruana-crecio8-7-en-enero-imagen-noticia-8-n-\/images\/picnewsa\/1464750.jpg","type":"","width":"","height":""}],"author":"Redacci\u00f3n Aeronoticias","twitter_card":"summary_large_image","twitter_creator":"@aeronoticias","twitter_site":"@aeronoticias","twitter_misc":{"Escrito por":"Redacci\u00f3n Aeronoticias"},"schema":{"@context":"https:\/\/schema.org","@graph":[{"@type":"WebPage","@id":"https:\/\/aeronoticias.com.pe\/noticiero\/economia\/bcr-economia-peruana-crecio-17-en-enero\/","url":"https:\/\/aeronoticias.com.pe\/noticiero\/economia\/bcr-economia-peruana-crecio-17-en-enero\/","name":"BCR: Econom\u00eda peruana creci\u00f3 1,7% en enero","isPartOf":{"@id":"https:\/\/aeronoticias.com.pe\/noticiero\/#website"},"primaryImageOfPage":{"@id":"https:\/\/aeronoticias.com.pe\/noticiero\/economia\/bcr-economia-peruana-crecio-17-en-enero\/#primaryimage"},"image":{"@id":"https:\/\/aeronoticias.com.pe\/noticiero\/economia\/bcr-economia-peruana-crecio-17-en-enero\/#primaryimage"},"thumbnailUrl":"http:\/\/www.rpp.com.pe\/bcr-economia-peruana-crecio8-7-en-enero-imagen-noticia-8-n-\/images\/picnewsa\/1464750.jpg","datePublished":"2015-03-15T01:21:28+00:00","author":{"@id":"https:\/\/aeronoticias.com.pe\/noticiero\/#\/schema\/person\/fc1e5d578f4b62ba1cf7ac2bba1170a0"},"description":"Portal de noticias del Per\u00fa sobre el transporte a\u00e9reo, aviaci\u00f3n, turismo, hoteleria, actualidad.","breadcrumb":{"@id":"https:\/\/aeronoticias.com.pe\/noticiero\/economia\/bcr-economia-peruana-crecio-17-en-enero\/#breadcrumb"},"inLanguage":"es","potentialAction":[{"@type":"ReadAction","target":["https:\/\/aeronoticias.com.pe\/noticiero\/economia\/bcr-economia-peruana-crecio-17-en-enero\/"]}]},{"@type":"ImageObject","inLanguage":"es","@id":"https:\/\/aeronoticias.com.pe\/noticiero\/economia\/bcr-economia-peruana-crecio-17-en-enero\/#primaryimage","url":"http:\/\/www.rpp.com.pe\/bcr-economia-peruana-crecio8-7-en-enero-imagen-noticia-8-n-\/images\/picnewsa\/1464750.jpg","contentUrl":"http:\/\/www.rpp.com.pe\/bcr-economia-peruana-crecio8-7-en-enero-imagen-noticia-8-n-\/images\/picnewsa\/1464750.jpg"},{"@type":"BreadcrumbList","@id":"https:\/\/aeronoticias.com.pe\/noticiero\/economia\/bcr-economia-peruana-crecio-17-en-enero\/#breadcrumb","itemListElement":[{"@type":"ListItem","position":1,"name":"Portada","item":"https:\/\/aeronoticias.com.pe\/noticiero\/"},{"@type":"ListItem","position":2,"name":"BCR: Econom\u00eda peruana creci\u00f3 1,7% en enero"}]},{"@type":"WebSite","@id":"https:\/\/aeronoticias.com.pe\/noticiero\/#website","url":"https:\/\/aeronoticias.com.pe\/noticiero\/","name":"Aeronoticias.com.pe","description":"Noticias de tranporte aereo, turismo, hoteles, gastronomia, actualidad, internacional","potentialAction":[{"@type":"SearchAction","target":{"@type":"EntryPoint","urlTemplate":"https:\/\/aeronoticias.com.pe\/noticiero\/?s={search_term_string}"},"query-input":{"@type":"PropertyValueSpecification","valueRequired":true,"valueName":"search_term_string"}}],"inLanguage":"es"},{"@type":"Person","@id":"https:\/\/aeronoticias.com.pe\/noticiero\/#\/schema\/person\/fc1e5d578f4b62ba1cf7ac2bba1170a0","name":"Redacci\u00f3n Aeronoticias","url":"https:\/\/aeronoticias.com.pe\/noticiero\/author\/piloto\/"}]}},"_links":{"self":[{"href":"https:\/\/aeronoticias.com.pe\/noticiero\/wp-json\/wp\/v2\/posts\/51852","targetHints":{"allow":["GET"]}}],"collection":[{"href":"https:\/\/aeronoticias.com.pe\/noticiero\/wp-json\/wp\/v2\/posts"}],"about":[{"href":"https:\/\/aeronoticias.com.pe\/noticiero\/wp-json\/wp\/v2\/types\/post"}],"author":[{"embeddable":true,"href":"https:\/\/aeronoticias.com.pe\/noticiero\/wp-json\/wp\/v2\/users\/1"}],"replies":[{"embeddable":true,"href":"https:\/\/aeronoticias.com.pe\/noticiero\/wp-json\/wp\/v2\/comments?post=51852"}],"version-history":[{"count":0,"href":"https:\/\/aeronoticias.com.pe\/noticiero\/wp-json\/wp\/v2\/posts\/51852\/revisions"}],"wp:attachment":[{"href":"https:\/\/aeronoticias.com.pe\/noticiero\/wp-json\/wp\/v2\/media?parent=51852"}],"wp:term":[{"taxonomy":"category","embeddable":true,"href":"https:\/\/aeronoticias.com.pe\/noticiero\/wp-json\/wp\/v2\/categories?post=51852"},{"taxonomy":"post_tag","embeddable":true,"href":"https:\/\/aeronoticias.com.pe\/noticiero\/wp-json\/wp\/v2\/tags?post=51852"}],"curies":[{"name":"wp","href":"https:\/\/api.w.org\/{rel}","templated":true}]}}