{"id":51853,"date":"2015-03-15T01:24:53","date_gmt":"2015-03-15T01:24:53","guid":{"rendered":"http:\/\/desarrollo.mcvicious.com\/aero2020\/2015\/03\/15\/musica-clasica-activa-genes-asociados-a-la-actividad-cerebral\/"},"modified":"2015-03-15T01:24:53","modified_gmt":"2015-03-15T01:24:53","slug":"musica-clasica-activa-genes-asociados-a-la-actividad-cerebral","status":"publish","type":"post","link":"https:\/\/aeronoticias.com.pe\/noticiero\/salud\/musica-clasica-activa-genes-asociados-a-la-actividad-cerebral\/","title":{"rendered":"M\u00fasica cl\u00e1sica activa genes asociados a la actividad cerebral"},"content":{"rendered":"<p style=\"text-align: justify;\"><strong>(Aeronoticias)<\/strong>.-\u00a0Escuchar m\u00fasica cl\u00e1sica con asiduidad activa los genes asociados con la funci\u00f3n cerebral y ayuda a prevenir las enfermedades neurodegenerativas, seg\u00fan un estudio publicado este viernes por cient\u00edficos de la Universidad de Helsinki.<\/p>\n<p style=\"text-align: justify;\">Hasta ahora se sab\u00eda que escuchar m\u00fasica representa una compleja funci\u00f3n cognitiva del cerebro que provoca varios cambios neuronales y fisiol\u00f3gicos, pero apenas se han estudiado sus efectos a nivel molecular.<\/p>\n<p style=\"text-align: justify;\">El objetivo de la investigaci\u00f3n era establecer las alteraciones gen\u00e9ticas producidas por la m\u00fasica cl\u00e1sica, y para ello se analiz\u00f3 la sangre de un grupo de 48 personas antes y despu\u00e9s de escuchar el Concierto para viol\u00edn n\u00famero 3 de Mozart.<\/p>\n<p style=\"text-align: justify;\">El estudio, dirigido por el profesor de la Universidad de Helsinki Chakravarthi Kanduri, concluye que escuchar m\u00fasica cl\u00e1sica con frecuencia aumenta la actividad de los genes implicados en la secreci\u00f3n de dopamina, la neurotransmisi\u00f3n sin\u00e1ptica, el aprendizaje y la memoria.<\/p>\n<p style=\"text-align: justify;\">Asimismo, contribuye a hacer menos activos los genes involucrados en la degeneraci\u00f3n del cerebro y del sistema inmune, lo que disminuye el riesgo de contraer enfermedades neurodegenerativas como el Parkinson o la demencia senil, seg\u00fan los cient\u00edficos.<\/p>\n<p style=\"text-align: justify;\">\u00abLos efectos gen\u00e9ticos se detectaron s\u00f3lo en los participantes que son muy aficionados a la m\u00fasica o m\u00fasicos profesionales, lo cual destaca la importancia de que la m\u00fasica resulte algo muy familiar\u00bb, explican los autores del estudio.<\/p>\n<p style=\"text-align: justify;\">Fuente: <span style=\"text-decoration: underline;\"><em><strong>RPP.<\/strong><\/em><\/span><\/p>\n<p style=\"text-align: justify;\"><img decoding=\"async\" src=\"http:\/\/www.rpp.com.pe\/musica-clasica-activa-genes-asociados-a-la-actividad-cerebral-imagen-noticia-8-n-\/images\/picnewsa\/1076007.jpg\" border=\"0\" alt=\"M\u00fasica cl\u00e1sica activa genes asociados a la actividad cerebral\" \/><\/p>\n","protected":false},"excerpt":{"rendered":"<p>(Aeronoticias).-\u00a0Escuchar m\u00fasica cl\u00e1sica con asiduidad activa los genes asociados con la funci\u00f3n cerebral y ayuda a prevenir las enfermedades neurodegenerativas, seg\u00fan un estudio publicado este viernes por cient\u00edficos de la Universidad de Helsinki. Hasta ahora se sab\u00eda que escuchar m\u00fasica representa una compleja funci\u00f3n cognitiva del cerebro que provoca varios cambios neuronales y fisiol\u00f3gicos, pero [&hellip;]<\/p>\n","protected":false},"author":1,"featured_media":0,"comment_status":"open","ping_status":"open","sticky":false,"template":"","format":"standard","meta":{"tdm_status":"","tdm_grid_status":"","footnotes":""},"categories":[37],"tags":[],"class_list":{"0":"post-51853","1":"post","2":"type-post","3":"status-publish","4":"format-standard","6":"category-salud"},"yoast_head":"<!-- This site is optimized with the Yoast SEO plugin v25.1 - https:\/\/yoast.com\/wordpress\/plugins\/seo\/ -->\n<title>M\u00fasica cl\u00e1sica activa genes asociados a la actividad cerebral<\/title>\n<meta name=\"description\" content=\"Portal de noticias del Per\u00fa sobre el transporte a\u00e9reo, aviaci\u00f3n, turismo, hoteleria, actualidad.\" \/>\n<meta name=\"robots\" content=\"index, follow, max-snippet:-1, max-image-preview:large, max-video-preview:-1\" \/>\n<link rel=\"canonical\" href=\"https:\/\/aeronoticias.com.pe\/noticiero\/salud\/musica-clasica-activa-genes-asociados-a-la-actividad-cerebral\/\" \/>\n<meta property=\"og:locale\" content=\"es_ES\" \/>\n<meta property=\"og:type\" content=\"article\" \/>\n<meta property=\"og:title\" content=\"M\u00fasica cl\u00e1sica activa genes asociados a la actividad cerebral\" \/>\n<meta property=\"og:description\" content=\"Portal de noticias del Per\u00fa sobre el transporte a\u00e9reo, aviaci\u00f3n, turismo, hoteleria, actualidad.\" \/>\n<meta property=\"og:url\" content=\"https:\/\/aeronoticias.com.pe\/noticiero\/salud\/musica-clasica-activa-genes-asociados-a-la-actividad-cerebral\/\" \/>\n<meta property=\"og:site_name\" content=\"Aeronoticias.com.pe\" \/>\n<meta property=\"article:publisher\" content=\"https:\/\/www.facebook.com\/Aeronoticias.com.pe\/\" \/>\n<meta property=\"article:published_time\" content=\"2015-03-15T01:24:53+00:00\" \/>\n<meta property=\"og:image\" content=\"http:\/\/www.rpp.com.pe\/musica-clasica-activa-genes-asociados-a-la-actividad-cerebral-imagen-noticia-8-n-\/images\/picnewsa\/1076007.jpg\" \/>\n<meta name=\"author\" content=\"Redacci\u00f3n Aeronoticias\" \/>\n<meta name=\"twitter:card\" content=\"summary_large_image\" \/>\n<meta name=\"twitter:creator\" content=\"@aeronoticias\" \/>\n<meta name=\"twitter:site\" content=\"@aeronoticias\" \/>\n<meta name=\"twitter:label1\" content=\"Escrito por\" \/>\n\t<meta name=\"twitter:data1\" content=\"Redacci\u00f3n Aeronoticias\" \/>\n\t<meta name=\"twitter:label2\" content=\"Tiempo de lectura\" \/>\n\t<meta name=\"twitter:data2\" content=\"1 minuto\" \/>\n<script type=\"application\/ld+json\" class=\"yoast-schema-graph\">{\"@context\":\"https:\/\/schema.org\",\"@graph\":[{\"@type\":\"WebPage\",\"@id\":\"https:\/\/aeronoticias.com.pe\/noticiero\/salud\/musica-clasica-activa-genes-asociados-a-la-actividad-cerebral\/\",\"url\":\"https:\/\/aeronoticias.com.pe\/noticiero\/salud\/musica-clasica-activa-genes-asociados-a-la-actividad-cerebral\/\",\"name\":\"M\u00fasica cl\u00e1sica activa genes asociados a la actividad cerebral\",\"isPartOf\":{\"@id\":\"https:\/\/aeronoticias.com.pe\/noticiero\/#website\"},\"primaryImageOfPage\":{\"@id\":\"https:\/\/aeronoticias.com.pe\/noticiero\/salud\/musica-clasica-activa-genes-asociados-a-la-actividad-cerebral\/#primaryimage\"},\"image\":{\"@id\":\"https:\/\/aeronoticias.com.pe\/noticiero\/salud\/musica-clasica-activa-genes-asociados-a-la-actividad-cerebral\/#primaryimage\"},\"thumbnailUrl\":\"http:\/\/www.rpp.com.pe\/musica-clasica-activa-genes-asociados-a-la-actividad-cerebral-imagen-noticia-8-n-\/images\/picnewsa\/1076007.jpg\",\"datePublished\":\"2015-03-15T01:24:53+00:00\",\"author\":{\"@id\":\"https:\/\/aeronoticias.com.pe\/noticiero\/#\/schema\/person\/fc1e5d578f4b62ba1cf7ac2bba1170a0\"},\"description\":\"Portal de noticias del Per\u00fa sobre el transporte a\u00e9reo, aviaci\u00f3n, turismo, hoteleria, actualidad.\",\"breadcrumb\":{\"@id\":\"https:\/\/aeronoticias.com.pe\/noticiero\/salud\/musica-clasica-activa-genes-asociados-a-la-actividad-cerebral\/#breadcrumb\"},\"inLanguage\":\"es\",\"potentialAction\":[{\"@type\":\"ReadAction\",\"target\":[\"https:\/\/aeronoticias.com.pe\/noticiero\/salud\/musica-clasica-activa-genes-asociados-a-la-actividad-cerebral\/\"]}]},{\"@type\":\"ImageObject\",\"inLanguage\":\"es\",\"@id\":\"https:\/\/aeronoticias.com.pe\/noticiero\/salud\/musica-clasica-activa-genes-asociados-a-la-actividad-cerebral\/#primaryimage\",\"url\":\"http:\/\/www.rpp.com.pe\/musica-clasica-activa-genes-asociados-a-la-actividad-cerebral-imagen-noticia-8-n-\/images\/picnewsa\/1076007.jpg\",\"contentUrl\":\"http:\/\/www.rpp.com.pe\/musica-clasica-activa-genes-asociados-a-la-actividad-cerebral-imagen-noticia-8-n-\/images\/picnewsa\/1076007.jpg\"},{\"@type\":\"BreadcrumbList\",\"@id\":\"https:\/\/aeronoticias.com.pe\/noticiero\/salud\/musica-clasica-activa-genes-asociados-a-la-actividad-cerebral\/#breadcrumb\",\"itemListElement\":[{\"@type\":\"ListItem\",\"position\":1,\"name\":\"Portada\",\"item\":\"https:\/\/aeronoticias.com.pe\/noticiero\/\"},{\"@type\":\"ListItem\",\"position\":2,\"name\":\"M\u00fasica cl\u00e1sica activa genes asociados a la actividad cerebral\"}]},{\"@type\":\"WebSite\",\"@id\":\"https:\/\/aeronoticias.com.pe\/noticiero\/#website\",\"url\":\"https:\/\/aeronoticias.com.pe\/noticiero\/\",\"name\":\"Aeronoticias.com.pe\",\"description\":\"Noticias de tranporte aereo, turismo, hoteles, gastronomia, actualidad, internacional\",\"potentialAction\":[{\"@type\":\"SearchAction\",\"target\":{\"@type\":\"EntryPoint\",\"urlTemplate\":\"https:\/\/aeronoticias.com.pe\/noticiero\/?s={search_term_string}\"},\"query-input\":{\"@type\":\"PropertyValueSpecification\",\"valueRequired\":true,\"valueName\":\"search_term_string\"}}],\"inLanguage\":\"es\"},{\"@type\":\"Person\",\"@id\":\"https:\/\/aeronoticias.com.pe\/noticiero\/#\/schema\/person\/fc1e5d578f4b62ba1cf7ac2bba1170a0\",\"name\":\"Redacci\u00f3n Aeronoticias\",\"url\":\"https:\/\/aeronoticias.com.pe\/noticiero\/author\/piloto\/\"}]}<\/script>\n<!-- \/ Yoast SEO plugin. -->","yoast_head_json":{"title":"M\u00fasica cl\u00e1sica activa genes asociados a la actividad cerebral","description":"Portal de noticias del Per\u00fa sobre el transporte a\u00e9reo, aviaci\u00f3n, turismo, hoteleria, actualidad.","robots":{"index":"index","follow":"follow","max-snippet":"max-snippet:-1","max-image-preview":"max-image-preview:large","max-video-preview":"max-video-preview:-1"},"canonical":"https:\/\/aeronoticias.com.pe\/noticiero\/salud\/musica-clasica-activa-genes-asociados-a-la-actividad-cerebral\/","og_locale":"es_ES","og_type":"article","og_title":"M\u00fasica cl\u00e1sica activa genes asociados a la actividad cerebral","og_description":"Portal de noticias del Per\u00fa sobre el transporte a\u00e9reo, aviaci\u00f3n, turismo, hoteleria, actualidad.","og_url":"https:\/\/aeronoticias.com.pe\/noticiero\/salud\/musica-clasica-activa-genes-asociados-a-la-actividad-cerebral\/","og_site_name":"Aeronoticias.com.pe","article_publisher":"https:\/\/www.facebook.com\/Aeronoticias.com.pe\/","article_published_time":"2015-03-15T01:24:53+00:00","og_image":[{"url":"http:\/\/www.rpp.com.pe\/musica-clasica-activa-genes-asociados-a-la-actividad-cerebral-imagen-noticia-8-n-\/images\/picnewsa\/1076007.jpg","type":"","width":"","height":""}],"author":"Redacci\u00f3n Aeronoticias","twitter_card":"summary_large_image","twitter_creator":"@aeronoticias","twitter_site":"@aeronoticias","twitter_misc":{"Escrito por":"Redacci\u00f3n Aeronoticias","Tiempo de lectura":"1 minuto"},"schema":{"@context":"https:\/\/schema.org","@graph":[{"@type":"WebPage","@id":"https:\/\/aeronoticias.com.pe\/noticiero\/salud\/musica-clasica-activa-genes-asociados-a-la-actividad-cerebral\/","url":"https:\/\/aeronoticias.com.pe\/noticiero\/salud\/musica-clasica-activa-genes-asociados-a-la-actividad-cerebral\/","name":"M\u00fasica cl\u00e1sica activa genes asociados a la actividad cerebral","isPartOf":{"@id":"https:\/\/aeronoticias.com.pe\/noticiero\/#website"},"primaryImageOfPage":{"@id":"https:\/\/aeronoticias.com.pe\/noticiero\/salud\/musica-clasica-activa-genes-asociados-a-la-actividad-cerebral\/#primaryimage"},"image":{"@id":"https:\/\/aeronoticias.com.pe\/noticiero\/salud\/musica-clasica-activa-genes-asociados-a-la-actividad-cerebral\/#primaryimage"},"thumbnailUrl":"http:\/\/www.rpp.com.pe\/musica-clasica-activa-genes-asociados-a-la-actividad-cerebral-imagen-noticia-8-n-\/images\/picnewsa\/1076007.jpg","datePublished":"2015-03-15T01:24:53+00:00","author":{"@id":"https:\/\/aeronoticias.com.pe\/noticiero\/#\/schema\/person\/fc1e5d578f4b62ba1cf7ac2bba1170a0"},"description":"Portal de noticias del Per\u00fa sobre el transporte a\u00e9reo, aviaci\u00f3n, turismo, hoteleria, actualidad.","breadcrumb":{"@id":"https:\/\/aeronoticias.com.pe\/noticiero\/salud\/musica-clasica-activa-genes-asociados-a-la-actividad-cerebral\/#breadcrumb"},"inLanguage":"es","potentialAction":[{"@type":"ReadAction","target":["https:\/\/aeronoticias.com.pe\/noticiero\/salud\/musica-clasica-activa-genes-asociados-a-la-actividad-cerebral\/"]}]},{"@type":"ImageObject","inLanguage":"es","@id":"https:\/\/aeronoticias.com.pe\/noticiero\/salud\/musica-clasica-activa-genes-asociados-a-la-actividad-cerebral\/#primaryimage","url":"http:\/\/www.rpp.com.pe\/musica-clasica-activa-genes-asociados-a-la-actividad-cerebral-imagen-noticia-8-n-\/images\/picnewsa\/1076007.jpg","contentUrl":"http:\/\/www.rpp.com.pe\/musica-clasica-activa-genes-asociados-a-la-actividad-cerebral-imagen-noticia-8-n-\/images\/picnewsa\/1076007.jpg"},{"@type":"BreadcrumbList","@id":"https:\/\/aeronoticias.com.pe\/noticiero\/salud\/musica-clasica-activa-genes-asociados-a-la-actividad-cerebral\/#breadcrumb","itemListElement":[{"@type":"ListItem","position":1,"name":"Portada","item":"https:\/\/aeronoticias.com.pe\/noticiero\/"},{"@type":"ListItem","position":2,"name":"M\u00fasica cl\u00e1sica activa genes asociados a la actividad cerebral"}]},{"@type":"WebSite","@id":"https:\/\/aeronoticias.com.pe\/noticiero\/#website","url":"https:\/\/aeronoticias.com.pe\/noticiero\/","name":"Aeronoticias.com.pe","description":"Noticias de tranporte aereo, turismo, hoteles, gastronomia, actualidad, internacional","potentialAction":[{"@type":"SearchAction","target":{"@type":"EntryPoint","urlTemplate":"https:\/\/aeronoticias.com.pe\/noticiero\/?s={search_term_string}"},"query-input":{"@type":"PropertyValueSpecification","valueRequired":true,"valueName":"search_term_string"}}],"inLanguage":"es"},{"@type":"Person","@id":"https:\/\/aeronoticias.com.pe\/noticiero\/#\/schema\/person\/fc1e5d578f4b62ba1cf7ac2bba1170a0","name":"Redacci\u00f3n Aeronoticias","url":"https:\/\/aeronoticias.com.pe\/noticiero\/author\/piloto\/"}]}},"_links":{"self":[{"href":"https:\/\/aeronoticias.com.pe\/noticiero\/wp-json\/wp\/v2\/posts\/51853","targetHints":{"allow":["GET"]}}],"collection":[{"href":"https:\/\/aeronoticias.com.pe\/noticiero\/wp-json\/wp\/v2\/posts"}],"about":[{"href":"https:\/\/aeronoticias.com.pe\/noticiero\/wp-json\/wp\/v2\/types\/post"}],"author":[{"embeddable":true,"href":"https:\/\/aeronoticias.com.pe\/noticiero\/wp-json\/wp\/v2\/users\/1"}],"replies":[{"embeddable":true,"href":"https:\/\/aeronoticias.com.pe\/noticiero\/wp-json\/wp\/v2\/comments?post=51853"}],"version-history":[{"count":0,"href":"https:\/\/aeronoticias.com.pe\/noticiero\/wp-json\/wp\/v2\/posts\/51853\/revisions"}],"wp:attachment":[{"href":"https:\/\/aeronoticias.com.pe\/noticiero\/wp-json\/wp\/v2\/media?parent=51853"}],"wp:term":[{"taxonomy":"category","embeddable":true,"href":"https:\/\/aeronoticias.com.pe\/noticiero\/wp-json\/wp\/v2\/categories?post=51853"},{"taxonomy":"post_tag","embeddable":true,"href":"https:\/\/aeronoticias.com.pe\/noticiero\/wp-json\/wp\/v2\/tags?post=51853"}],"curies":[{"name":"wp","href":"https:\/\/api.w.org\/{rel}","templated":true}]}}