{"id":51855,"date":"2015-03-15T01:31:11","date_gmt":"2015-03-15T01:31:11","guid":{"rendered":"http:\/\/desarrollo.mcvicious.com\/aero2020\/2015\/03\/15\/el-estomago-es-nuestro-segundo-cerebro\/"},"modified":"2015-03-15T01:31:11","modified_gmt":"2015-03-15T01:31:11","slug":"el-estomago-es-nuestro-segundo-cerebro","status":"publish","type":"post","link":"https:\/\/aeronoticias.com.pe\/noticiero\/salud\/el-estomago-es-nuestro-segundo-cerebro\/","title":{"rendered":"El est\u00f3mago es nuestro segundo cerebro"},"content":{"rendered":"<p style=\"text-align: justify;\"><strong>(Aeronoticias).<\/strong>&#8211;\u00a0El aparato digestivo est\u00e1 tapizado por una red de neuronas (c\u00e9lulas nerviosas) que algunos cient\u00edficos han denominado \u201csegundo cerebro\u201d y que representan El 70% de las neuronas del cuerpo humano. Ese cerebro, seg\u00fan estudios cient\u00edficos recientes, influye en nuestro estado de \u00e1nimo, car\u00e1cter y hasta en el ritmo de sue\u00f1o.<\/p>\n<p style=\"text-align: justify;\">Pero, \u00bfqu\u00e9 conexi\u00f3n existe entre los s\u00edntomas digestivos y los estados mentales? Dentro del aparato digestivo, sobre todo en el intestino delgado, existen multitud de terminaciones nerviosas de igual importancia que las que pueden constituir el sistema nervioso central. Este es el llamado segundo cerebro, que tiene una gran interacci\u00f3n con el cerebro \u2018real\u2019, por lo que contribuye a la formaci\u00f3n de ciertas sensaciones y tiene un papel clave en los s\u00edntomas que pueden padecer algunos pacientes.<\/p>\n<p style=\"text-align: justify;\">Michael Gershon, investigador de la Universidad de Columbia, en los Estados Unidos, y autor de The Second Brain, un libro publicado en 1999 y de referencia en las investigaciones sobre el tema, explica que, conocido t\u00e9cnicamente como sistema nervioso ent\u00e9rico, el segundo cerebro est\u00e1 compuesto por capas de neuronas ubicadas en las paredes del tubo intestinal, y que contiene unos 100 millones de neuronas.<\/p>\n<p style=\"text-align: justify;\">El peque\u00f1o cerebro que tenemos en las entra\u00f1as funciona en conexi\u00f3n con el grande, el del cr\u00e1neo, y en parte determina nuestro estado mental e influye en determinadas enfermedades que afectan otras partes del organismo. Adem\u00e1s de neuronas, en el aparato digestivo est\u00e1n presentes todos los tipos de neurotransmisores que existen en el cerebro. De hecho, el 95 por ciento de la serotonina, unos de los neurotransmisores m\u00e1s importantes del cuerpo, se encuentra en el intestino.<\/p>\n<p style=\"text-align: justify;\">Fuente: <span style=\"text-decoration: underline;\"><em><strong>El Comercio<\/strong><\/em><\/span>.<\/p>\n<p style=\"text-align: justify;\"><img decoding=\"async\" src=\"http:\/\/cde.3.elcomercio.pe\/ima\/0\/1\/0\/7\/7\/1077398\/base_image.jpg\" border=\"0\" alt=\"El est\u00f3mago es nuestro segundo cerebro\" \/><\/p>\n","protected":false},"excerpt":{"rendered":"<p>(Aeronoticias).&#8211;\u00a0El aparato digestivo est\u00e1 tapizado por una red de neuronas (c\u00e9lulas nerviosas) que algunos cient\u00edficos han denominado \u201csegundo cerebro\u201d y que representan El 70% de las neuronas del cuerpo humano. Ese cerebro, seg\u00fan estudios cient\u00edficos recientes, influye en nuestro estado de \u00e1nimo, car\u00e1cter y hasta en el ritmo de sue\u00f1o. Pero, \u00bfqu\u00e9 conexi\u00f3n existe entre [&hellip;]<\/p>\n","protected":false},"author":1,"featured_media":0,"comment_status":"open","ping_status":"open","sticky":false,"template":"","format":"standard","meta":{"tdm_status":"","tdm_grid_status":"","footnotes":""},"categories":[37],"tags":[],"class_list":{"0":"post-51855","1":"post","2":"type-post","3":"status-publish","4":"format-standard","6":"category-salud"},"yoast_head":"<!-- This site is optimized with the Yoast SEO plugin v25.1 - https:\/\/yoast.com\/wordpress\/plugins\/seo\/ -->\n<title>El est\u00f3mago es nuestro segundo cerebro<\/title>\n<meta name=\"description\" content=\"Portal de noticias del Per\u00fa sobre el transporte a\u00e9reo, aviaci\u00f3n, turismo, hoteleria, actualidad.\" \/>\n<meta name=\"robots\" content=\"index, follow, max-snippet:-1, max-image-preview:large, max-video-preview:-1\" \/>\n<link rel=\"canonical\" href=\"https:\/\/aeronoticias.com.pe\/noticiero\/salud\/el-estomago-es-nuestro-segundo-cerebro\/\" \/>\n<meta property=\"og:locale\" content=\"es_ES\" \/>\n<meta property=\"og:type\" content=\"article\" \/>\n<meta property=\"og:title\" content=\"El est\u00f3mago es nuestro segundo cerebro\" \/>\n<meta property=\"og:description\" content=\"Portal de noticias del Per\u00fa sobre el transporte a\u00e9reo, aviaci\u00f3n, turismo, hoteleria, actualidad.\" \/>\n<meta property=\"og:url\" content=\"https:\/\/aeronoticias.com.pe\/noticiero\/salud\/el-estomago-es-nuestro-segundo-cerebro\/\" \/>\n<meta property=\"og:site_name\" content=\"Aeronoticias.com.pe\" \/>\n<meta property=\"article:publisher\" content=\"https:\/\/www.facebook.com\/Aeronoticias.com.pe\/\" \/>\n<meta property=\"article:published_time\" content=\"2015-03-15T01:31:11+00:00\" \/>\n<meta property=\"og:image\" content=\"http:\/\/cde.3.elcomercio.pe\/ima\/0\/1\/0\/7\/7\/1077398\/base_image.jpg\" \/>\n<meta name=\"author\" content=\"Redacci\u00f3n Aeronoticias\" \/>\n<meta name=\"twitter:card\" content=\"summary_large_image\" \/>\n<meta name=\"twitter:creator\" content=\"@aeronoticias\" \/>\n<meta name=\"twitter:site\" content=\"@aeronoticias\" \/>\n<meta name=\"twitter:label1\" content=\"Escrito por\" \/>\n\t<meta name=\"twitter:data1\" content=\"Redacci\u00f3n Aeronoticias\" \/>\n\t<meta name=\"twitter:label2\" content=\"Tiempo de lectura\" \/>\n\t<meta name=\"twitter:data2\" content=\"1 minuto\" \/>\n<script type=\"application\/ld+json\" class=\"yoast-schema-graph\">{\"@context\":\"https:\/\/schema.org\",\"@graph\":[{\"@type\":\"WebPage\",\"@id\":\"https:\/\/aeronoticias.com.pe\/noticiero\/salud\/el-estomago-es-nuestro-segundo-cerebro\/\",\"url\":\"https:\/\/aeronoticias.com.pe\/noticiero\/salud\/el-estomago-es-nuestro-segundo-cerebro\/\",\"name\":\"El est\u00f3mago es nuestro segundo cerebro\",\"isPartOf\":{\"@id\":\"https:\/\/aeronoticias.com.pe\/noticiero\/#website\"},\"primaryImageOfPage\":{\"@id\":\"https:\/\/aeronoticias.com.pe\/noticiero\/salud\/el-estomago-es-nuestro-segundo-cerebro\/#primaryimage\"},\"image\":{\"@id\":\"https:\/\/aeronoticias.com.pe\/noticiero\/salud\/el-estomago-es-nuestro-segundo-cerebro\/#primaryimage\"},\"thumbnailUrl\":\"http:\/\/cde.3.elcomercio.pe\/ima\/0\/1\/0\/7\/7\/1077398\/base_image.jpg\",\"datePublished\":\"2015-03-15T01:31:11+00:00\",\"author\":{\"@id\":\"https:\/\/aeronoticias.com.pe\/noticiero\/#\/schema\/person\/fc1e5d578f4b62ba1cf7ac2bba1170a0\"},\"description\":\"Portal de noticias del Per\u00fa sobre el transporte a\u00e9reo, aviaci\u00f3n, turismo, hoteleria, actualidad.\",\"breadcrumb\":{\"@id\":\"https:\/\/aeronoticias.com.pe\/noticiero\/salud\/el-estomago-es-nuestro-segundo-cerebro\/#breadcrumb\"},\"inLanguage\":\"es\",\"potentialAction\":[{\"@type\":\"ReadAction\",\"target\":[\"https:\/\/aeronoticias.com.pe\/noticiero\/salud\/el-estomago-es-nuestro-segundo-cerebro\/\"]}]},{\"@type\":\"ImageObject\",\"inLanguage\":\"es\",\"@id\":\"https:\/\/aeronoticias.com.pe\/noticiero\/salud\/el-estomago-es-nuestro-segundo-cerebro\/#primaryimage\",\"url\":\"http:\/\/cde.3.elcomercio.pe\/ima\/0\/1\/0\/7\/7\/1077398\/base_image.jpg\",\"contentUrl\":\"http:\/\/cde.3.elcomercio.pe\/ima\/0\/1\/0\/7\/7\/1077398\/base_image.jpg\"},{\"@type\":\"BreadcrumbList\",\"@id\":\"https:\/\/aeronoticias.com.pe\/noticiero\/salud\/el-estomago-es-nuestro-segundo-cerebro\/#breadcrumb\",\"itemListElement\":[{\"@type\":\"ListItem\",\"position\":1,\"name\":\"Portada\",\"item\":\"https:\/\/aeronoticias.com.pe\/noticiero\/\"},{\"@type\":\"ListItem\",\"position\":2,\"name\":\"El est\u00f3mago es nuestro segundo cerebro\"}]},{\"@type\":\"WebSite\",\"@id\":\"https:\/\/aeronoticias.com.pe\/noticiero\/#website\",\"url\":\"https:\/\/aeronoticias.com.pe\/noticiero\/\",\"name\":\"Aeronoticias.com.pe\",\"description\":\"Noticias de tranporte aereo, turismo, hoteles, gastronomia, actualidad, internacional\",\"potentialAction\":[{\"@type\":\"SearchAction\",\"target\":{\"@type\":\"EntryPoint\",\"urlTemplate\":\"https:\/\/aeronoticias.com.pe\/noticiero\/?s={search_term_string}\"},\"query-input\":{\"@type\":\"PropertyValueSpecification\",\"valueRequired\":true,\"valueName\":\"search_term_string\"}}],\"inLanguage\":\"es\"},{\"@type\":\"Person\",\"@id\":\"https:\/\/aeronoticias.com.pe\/noticiero\/#\/schema\/person\/fc1e5d578f4b62ba1cf7ac2bba1170a0\",\"name\":\"Redacci\u00f3n Aeronoticias\",\"url\":\"https:\/\/aeronoticias.com.pe\/noticiero\/author\/piloto\/\"}]}<\/script>\n<!-- \/ Yoast SEO plugin. -->","yoast_head_json":{"title":"El est\u00f3mago es nuestro segundo cerebro","description":"Portal de noticias del Per\u00fa sobre el transporte a\u00e9reo, aviaci\u00f3n, turismo, hoteleria, actualidad.","robots":{"index":"index","follow":"follow","max-snippet":"max-snippet:-1","max-image-preview":"max-image-preview:large","max-video-preview":"max-video-preview:-1"},"canonical":"https:\/\/aeronoticias.com.pe\/noticiero\/salud\/el-estomago-es-nuestro-segundo-cerebro\/","og_locale":"es_ES","og_type":"article","og_title":"El est\u00f3mago es nuestro segundo cerebro","og_description":"Portal de noticias del Per\u00fa sobre el transporte a\u00e9reo, aviaci\u00f3n, turismo, hoteleria, actualidad.","og_url":"https:\/\/aeronoticias.com.pe\/noticiero\/salud\/el-estomago-es-nuestro-segundo-cerebro\/","og_site_name":"Aeronoticias.com.pe","article_publisher":"https:\/\/www.facebook.com\/Aeronoticias.com.pe\/","article_published_time":"2015-03-15T01:31:11+00:00","og_image":[{"url":"http:\/\/cde.3.elcomercio.pe\/ima\/0\/1\/0\/7\/7\/1077398\/base_image.jpg","type":"","width":"","height":""}],"author":"Redacci\u00f3n Aeronoticias","twitter_card":"summary_large_image","twitter_creator":"@aeronoticias","twitter_site":"@aeronoticias","twitter_misc":{"Escrito por":"Redacci\u00f3n Aeronoticias","Tiempo de lectura":"1 minuto"},"schema":{"@context":"https:\/\/schema.org","@graph":[{"@type":"WebPage","@id":"https:\/\/aeronoticias.com.pe\/noticiero\/salud\/el-estomago-es-nuestro-segundo-cerebro\/","url":"https:\/\/aeronoticias.com.pe\/noticiero\/salud\/el-estomago-es-nuestro-segundo-cerebro\/","name":"El est\u00f3mago es nuestro segundo cerebro","isPartOf":{"@id":"https:\/\/aeronoticias.com.pe\/noticiero\/#website"},"primaryImageOfPage":{"@id":"https:\/\/aeronoticias.com.pe\/noticiero\/salud\/el-estomago-es-nuestro-segundo-cerebro\/#primaryimage"},"image":{"@id":"https:\/\/aeronoticias.com.pe\/noticiero\/salud\/el-estomago-es-nuestro-segundo-cerebro\/#primaryimage"},"thumbnailUrl":"http:\/\/cde.3.elcomercio.pe\/ima\/0\/1\/0\/7\/7\/1077398\/base_image.jpg","datePublished":"2015-03-15T01:31:11+00:00","author":{"@id":"https:\/\/aeronoticias.com.pe\/noticiero\/#\/schema\/person\/fc1e5d578f4b62ba1cf7ac2bba1170a0"},"description":"Portal de noticias del Per\u00fa sobre el transporte a\u00e9reo, aviaci\u00f3n, turismo, hoteleria, actualidad.","breadcrumb":{"@id":"https:\/\/aeronoticias.com.pe\/noticiero\/salud\/el-estomago-es-nuestro-segundo-cerebro\/#breadcrumb"},"inLanguage":"es","potentialAction":[{"@type":"ReadAction","target":["https:\/\/aeronoticias.com.pe\/noticiero\/salud\/el-estomago-es-nuestro-segundo-cerebro\/"]}]},{"@type":"ImageObject","inLanguage":"es","@id":"https:\/\/aeronoticias.com.pe\/noticiero\/salud\/el-estomago-es-nuestro-segundo-cerebro\/#primaryimage","url":"http:\/\/cde.3.elcomercio.pe\/ima\/0\/1\/0\/7\/7\/1077398\/base_image.jpg","contentUrl":"http:\/\/cde.3.elcomercio.pe\/ima\/0\/1\/0\/7\/7\/1077398\/base_image.jpg"},{"@type":"BreadcrumbList","@id":"https:\/\/aeronoticias.com.pe\/noticiero\/salud\/el-estomago-es-nuestro-segundo-cerebro\/#breadcrumb","itemListElement":[{"@type":"ListItem","position":1,"name":"Portada","item":"https:\/\/aeronoticias.com.pe\/noticiero\/"},{"@type":"ListItem","position":2,"name":"El est\u00f3mago es nuestro segundo cerebro"}]},{"@type":"WebSite","@id":"https:\/\/aeronoticias.com.pe\/noticiero\/#website","url":"https:\/\/aeronoticias.com.pe\/noticiero\/","name":"Aeronoticias.com.pe","description":"Noticias de tranporte aereo, turismo, hoteles, gastronomia, actualidad, internacional","potentialAction":[{"@type":"SearchAction","target":{"@type":"EntryPoint","urlTemplate":"https:\/\/aeronoticias.com.pe\/noticiero\/?s={search_term_string}"},"query-input":{"@type":"PropertyValueSpecification","valueRequired":true,"valueName":"search_term_string"}}],"inLanguage":"es"},{"@type":"Person","@id":"https:\/\/aeronoticias.com.pe\/noticiero\/#\/schema\/person\/fc1e5d578f4b62ba1cf7ac2bba1170a0","name":"Redacci\u00f3n Aeronoticias","url":"https:\/\/aeronoticias.com.pe\/noticiero\/author\/piloto\/"}]}},"_links":{"self":[{"href":"https:\/\/aeronoticias.com.pe\/noticiero\/wp-json\/wp\/v2\/posts\/51855","targetHints":{"allow":["GET"]}}],"collection":[{"href":"https:\/\/aeronoticias.com.pe\/noticiero\/wp-json\/wp\/v2\/posts"}],"about":[{"href":"https:\/\/aeronoticias.com.pe\/noticiero\/wp-json\/wp\/v2\/types\/post"}],"author":[{"embeddable":true,"href":"https:\/\/aeronoticias.com.pe\/noticiero\/wp-json\/wp\/v2\/users\/1"}],"replies":[{"embeddable":true,"href":"https:\/\/aeronoticias.com.pe\/noticiero\/wp-json\/wp\/v2\/comments?post=51855"}],"version-history":[{"count":0,"href":"https:\/\/aeronoticias.com.pe\/noticiero\/wp-json\/wp\/v2\/posts\/51855\/revisions"}],"wp:attachment":[{"href":"https:\/\/aeronoticias.com.pe\/noticiero\/wp-json\/wp\/v2\/media?parent=51855"}],"wp:term":[{"taxonomy":"category","embeddable":true,"href":"https:\/\/aeronoticias.com.pe\/noticiero\/wp-json\/wp\/v2\/categories?post=51855"},{"taxonomy":"post_tag","embeddable":true,"href":"https:\/\/aeronoticias.com.pe\/noticiero\/wp-json\/wp\/v2\/tags?post=51855"}],"curies":[{"name":"wp","href":"https:\/\/api.w.org\/{rel}","templated":true}]}}