{"id":51935,"date":"2015-03-20T23:52:11","date_gmt":"2015-03-20T23:52:11","guid":{"rendered":"http:\/\/desarrollo.mcvicious.com\/aero2020\/2015\/03\/20\/ryanair-niega-que-hara-vuelos-transatlanticos\/"},"modified":"2015-03-20T23:52:11","modified_gmt":"2015-03-20T23:52:11","slug":"ryanair-niega-que-hara-vuelos-transatlanticos","status":"publish","type":"post","link":"https:\/\/aeronoticias.com.pe\/noticiero\/transporte-aereo\/internacional\/ryanair-niega-que-hara-vuelos-transatlanticos\/","title":{"rendered":"Ryanair niega que har\u00e1 vuelos transatl\u00e1nticos"},"content":{"rendered":"<p style=\"text-align: justify;\"><strong>(Aeronoticias)<\/strong>.-\u00a0Ryanair emiti\u00f3 un comunicado en el que quiere \u00abaclarar que no ha considerado o aprobado ning\u00fan proyecto transatl\u00e1ntico ni tiene intenci\u00f3n de hacerlo\u00bb, desmintiendo as\u00ed un comunicado difundido el pasado d\u00eda 16 de marzo.<\/p>\n<p style=\"text-align: justify;\">La nota de prensa que dio a conocer la aerol\u00ednea low-cost aseguraba que en 2019 o 2020 se comenzar\u00edan a comprar aviones de largo radio para conectar Europa con Estados unidos.<\/p>\n<p style=\"text-align: justify;\">En concreto, los vuelos conectar\u00edan entre 12 y 14 ciudades europeas con destinos en Estados Unidos, incluyendo Boston, Chicago, Florida, Miami, Nueva York y Washington.<\/p>\n<p style=\"text-align: justify;\">El director de marketing de la irlandesa, Kenny Jacob, declar\u00f3 adem\u00e1s a &#8216;Finantial Times&#8217; que los precios rondar\u00edan las 10 y 99 libras (entre los 14 y 138,7 euros).<\/p>\n<p style=\"text-align: justify;\">Por ahora, s\u00f3lo Air Shuttle, con sede en Oslo ofrece billetes de ida desde Gatwick (Londres) a Nueva York desde 149 libras esterlinas (208 euros).<\/p>\n<p style=\"text-align: justify;\">Fuente: <em><strong><span style=\"text-decoration: underline;\">Aviaci\u00f3n al d\u00eda.<\/span><\/strong><\/em><\/p>\n<p style=\"text-align: justify;\"><img decoding=\"async\" src=\"http:\/\/1.bp.blogspot.com\/-KjnWiRPRyqM\/VAnzuJaxD0I\/AAAAAAAAiEE\/ZRfAxObq7RA\/s1600\/Ryanair.png\" border=\"0\" \/><\/p>\n","protected":false},"excerpt":{"rendered":"<p>(Aeronoticias).-\u00a0Ryanair emiti\u00f3 un comunicado en el que quiere \u00abaclarar que no ha considerado o aprobado ning\u00fan proyecto transatl\u00e1ntico ni tiene intenci\u00f3n de hacerlo\u00bb, desmintiendo as\u00ed un comunicado difundido el pasado d\u00eda 16 de marzo. La nota de prensa que dio a conocer la aerol\u00ednea low-cost aseguraba que en 2019 o 2020 se comenzar\u00edan a comprar [&hellip;]<\/p>\n","protected":false},"author":1,"featured_media":0,"comment_status":"open","ping_status":"open","sticky":false,"template":"","format":"standard","meta":{"tdm_status":"","tdm_grid_status":"","footnotes":""},"categories":[32],"tags":[],"class_list":{"0":"post-51935","1":"post","2":"type-post","3":"status-publish","4":"format-standard","6":"category-internacional"},"yoast_head":"<!-- This site is optimized with the Yoast SEO plugin v25.1 - https:\/\/yoast.com\/wordpress\/plugins\/seo\/ -->\n<title>Ryanair niega que har\u00e1 vuelos transatl\u00e1nticos<\/title>\n<meta name=\"description\" content=\"Portal de noticias del Per\u00fa sobre el transporte a\u00e9reo, aviaci\u00f3n, turismo, hoteleria, actualidad.\" \/>\n<meta name=\"robots\" content=\"index, follow, max-snippet:-1, max-image-preview:large, max-video-preview:-1\" \/>\n<link rel=\"canonical\" href=\"https:\/\/aeronoticias.com.pe\/noticiero\/transporte-aereo\/internacional\/ryanair-niega-que-hara-vuelos-transatlanticos\/\" \/>\n<meta property=\"og:locale\" content=\"es_ES\" \/>\n<meta property=\"og:type\" content=\"article\" \/>\n<meta property=\"og:title\" content=\"Ryanair niega que har\u00e1 vuelos transatl\u00e1nticos\" \/>\n<meta property=\"og:description\" content=\"Portal de noticias del Per\u00fa sobre el transporte a\u00e9reo, aviaci\u00f3n, turismo, hoteleria, actualidad.\" \/>\n<meta property=\"og:url\" content=\"https:\/\/aeronoticias.com.pe\/noticiero\/transporte-aereo\/internacional\/ryanair-niega-que-hara-vuelos-transatlanticos\/\" \/>\n<meta property=\"og:site_name\" content=\"Aeronoticias.com.pe\" \/>\n<meta property=\"article:publisher\" content=\"https:\/\/www.facebook.com\/Aeronoticias.com.pe\/\" \/>\n<meta property=\"article:published_time\" content=\"2015-03-20T23:52:11+00:00\" \/>\n<meta property=\"og:image\" content=\"http:\/\/1.bp.blogspot.com\/-KjnWiRPRyqM\/VAnzuJaxD0I\/AAAAAAAAiEE\/ZRfAxObq7RA\/s1600\/Ryanair.png\" \/>\n<meta name=\"author\" content=\"Redacci\u00f3n Aeronoticias\" \/>\n<meta name=\"twitter:card\" content=\"summary_large_image\" \/>\n<meta name=\"twitter:creator\" content=\"@aeronoticias\" \/>\n<meta name=\"twitter:site\" content=\"@aeronoticias\" \/>\n<meta name=\"twitter:label1\" content=\"Escrito por\" \/>\n\t<meta name=\"twitter:data1\" content=\"Redacci\u00f3n Aeronoticias\" \/>\n\t<meta name=\"twitter:label2\" content=\"Tiempo de lectura\" \/>\n\t<meta name=\"twitter:data2\" content=\"1 minuto\" \/>\n<script type=\"application\/ld+json\" class=\"yoast-schema-graph\">{\"@context\":\"https:\/\/schema.org\",\"@graph\":[{\"@type\":\"WebPage\",\"@id\":\"https:\/\/aeronoticias.com.pe\/noticiero\/transporte-aereo\/internacional\/ryanair-niega-que-hara-vuelos-transatlanticos\/\",\"url\":\"https:\/\/aeronoticias.com.pe\/noticiero\/transporte-aereo\/internacional\/ryanair-niega-que-hara-vuelos-transatlanticos\/\",\"name\":\"Ryanair niega que har\u00e1 vuelos transatl\u00e1nticos\",\"isPartOf\":{\"@id\":\"https:\/\/aeronoticias.com.pe\/noticiero\/#website\"},\"primaryImageOfPage\":{\"@id\":\"https:\/\/aeronoticias.com.pe\/noticiero\/transporte-aereo\/internacional\/ryanair-niega-que-hara-vuelos-transatlanticos\/#primaryimage\"},\"image\":{\"@id\":\"https:\/\/aeronoticias.com.pe\/noticiero\/transporte-aereo\/internacional\/ryanair-niega-que-hara-vuelos-transatlanticos\/#primaryimage\"},\"thumbnailUrl\":\"http:\/\/1.bp.blogspot.com\/-KjnWiRPRyqM\/VAnzuJaxD0I\/AAAAAAAAiEE\/ZRfAxObq7RA\/s1600\/Ryanair.png\",\"datePublished\":\"2015-03-20T23:52:11+00:00\",\"author\":{\"@id\":\"https:\/\/aeronoticias.com.pe\/noticiero\/#\/schema\/person\/fc1e5d578f4b62ba1cf7ac2bba1170a0\"},\"description\":\"Portal de noticias del Per\u00fa sobre el transporte a\u00e9reo, aviaci\u00f3n, turismo, hoteleria, actualidad.\",\"breadcrumb\":{\"@id\":\"https:\/\/aeronoticias.com.pe\/noticiero\/transporte-aereo\/internacional\/ryanair-niega-que-hara-vuelos-transatlanticos\/#breadcrumb\"},\"inLanguage\":\"es\",\"potentialAction\":[{\"@type\":\"ReadAction\",\"target\":[\"https:\/\/aeronoticias.com.pe\/noticiero\/transporte-aereo\/internacional\/ryanair-niega-que-hara-vuelos-transatlanticos\/\"]}]},{\"@type\":\"ImageObject\",\"inLanguage\":\"es\",\"@id\":\"https:\/\/aeronoticias.com.pe\/noticiero\/transporte-aereo\/internacional\/ryanair-niega-que-hara-vuelos-transatlanticos\/#primaryimage\",\"url\":\"http:\/\/1.bp.blogspot.com\/-KjnWiRPRyqM\/VAnzuJaxD0I\/AAAAAAAAiEE\/ZRfAxObq7RA\/s1600\/Ryanair.png\",\"contentUrl\":\"http:\/\/1.bp.blogspot.com\/-KjnWiRPRyqM\/VAnzuJaxD0I\/AAAAAAAAiEE\/ZRfAxObq7RA\/s1600\/Ryanair.png\"},{\"@type\":\"BreadcrumbList\",\"@id\":\"https:\/\/aeronoticias.com.pe\/noticiero\/transporte-aereo\/internacional\/ryanair-niega-que-hara-vuelos-transatlanticos\/#breadcrumb\",\"itemListElement\":[{\"@type\":\"ListItem\",\"position\":1,\"name\":\"Portada\",\"item\":\"https:\/\/aeronoticias.com.pe\/noticiero\/\"},{\"@type\":\"ListItem\",\"position\":2,\"name\":\"Ryanair niega que har\u00e1 vuelos transatl\u00e1nticos\"}]},{\"@type\":\"WebSite\",\"@id\":\"https:\/\/aeronoticias.com.pe\/noticiero\/#website\",\"url\":\"https:\/\/aeronoticias.com.pe\/noticiero\/\",\"name\":\"Aeronoticias.com.pe\",\"description\":\"Noticias de tranporte aereo, turismo, hoteles, gastronomia, actualidad, internacional\",\"potentialAction\":[{\"@type\":\"SearchAction\",\"target\":{\"@type\":\"EntryPoint\",\"urlTemplate\":\"https:\/\/aeronoticias.com.pe\/noticiero\/?s={search_term_string}\"},\"query-input\":{\"@type\":\"PropertyValueSpecification\",\"valueRequired\":true,\"valueName\":\"search_term_string\"}}],\"inLanguage\":\"es\"},{\"@type\":\"Person\",\"@id\":\"https:\/\/aeronoticias.com.pe\/noticiero\/#\/schema\/person\/fc1e5d578f4b62ba1cf7ac2bba1170a0\",\"name\":\"Redacci\u00f3n Aeronoticias\",\"url\":\"https:\/\/aeronoticias.com.pe\/noticiero\/author\/piloto\/\"}]}<\/script>\n<!-- \/ Yoast SEO plugin. -->","yoast_head_json":{"title":"Ryanair niega que har\u00e1 vuelos transatl\u00e1nticos","description":"Portal de noticias del Per\u00fa sobre el transporte a\u00e9reo, aviaci\u00f3n, turismo, hoteleria, actualidad.","robots":{"index":"index","follow":"follow","max-snippet":"max-snippet:-1","max-image-preview":"max-image-preview:large","max-video-preview":"max-video-preview:-1"},"canonical":"https:\/\/aeronoticias.com.pe\/noticiero\/transporte-aereo\/internacional\/ryanair-niega-que-hara-vuelos-transatlanticos\/","og_locale":"es_ES","og_type":"article","og_title":"Ryanair niega que har\u00e1 vuelos transatl\u00e1nticos","og_description":"Portal de noticias del Per\u00fa sobre el transporte a\u00e9reo, aviaci\u00f3n, turismo, hoteleria, actualidad.","og_url":"https:\/\/aeronoticias.com.pe\/noticiero\/transporte-aereo\/internacional\/ryanair-niega-que-hara-vuelos-transatlanticos\/","og_site_name":"Aeronoticias.com.pe","article_publisher":"https:\/\/www.facebook.com\/Aeronoticias.com.pe\/","article_published_time":"2015-03-20T23:52:11+00:00","og_image":[{"url":"http:\/\/1.bp.blogspot.com\/-KjnWiRPRyqM\/VAnzuJaxD0I\/AAAAAAAAiEE\/ZRfAxObq7RA\/s1600\/Ryanair.png","type":"","width":"","height":""}],"author":"Redacci\u00f3n Aeronoticias","twitter_card":"summary_large_image","twitter_creator":"@aeronoticias","twitter_site":"@aeronoticias","twitter_misc":{"Escrito por":"Redacci\u00f3n Aeronoticias","Tiempo de lectura":"1 minuto"},"schema":{"@context":"https:\/\/schema.org","@graph":[{"@type":"WebPage","@id":"https:\/\/aeronoticias.com.pe\/noticiero\/transporte-aereo\/internacional\/ryanair-niega-que-hara-vuelos-transatlanticos\/","url":"https:\/\/aeronoticias.com.pe\/noticiero\/transporte-aereo\/internacional\/ryanair-niega-que-hara-vuelos-transatlanticos\/","name":"Ryanair niega que har\u00e1 vuelos transatl\u00e1nticos","isPartOf":{"@id":"https:\/\/aeronoticias.com.pe\/noticiero\/#website"},"primaryImageOfPage":{"@id":"https:\/\/aeronoticias.com.pe\/noticiero\/transporte-aereo\/internacional\/ryanair-niega-que-hara-vuelos-transatlanticos\/#primaryimage"},"image":{"@id":"https:\/\/aeronoticias.com.pe\/noticiero\/transporte-aereo\/internacional\/ryanair-niega-que-hara-vuelos-transatlanticos\/#primaryimage"},"thumbnailUrl":"http:\/\/1.bp.blogspot.com\/-KjnWiRPRyqM\/VAnzuJaxD0I\/AAAAAAAAiEE\/ZRfAxObq7RA\/s1600\/Ryanair.png","datePublished":"2015-03-20T23:52:11+00:00","author":{"@id":"https:\/\/aeronoticias.com.pe\/noticiero\/#\/schema\/person\/fc1e5d578f4b62ba1cf7ac2bba1170a0"},"description":"Portal de noticias del Per\u00fa sobre el transporte a\u00e9reo, aviaci\u00f3n, turismo, hoteleria, actualidad.","breadcrumb":{"@id":"https:\/\/aeronoticias.com.pe\/noticiero\/transporte-aereo\/internacional\/ryanair-niega-que-hara-vuelos-transatlanticos\/#breadcrumb"},"inLanguage":"es","potentialAction":[{"@type":"ReadAction","target":["https:\/\/aeronoticias.com.pe\/noticiero\/transporte-aereo\/internacional\/ryanair-niega-que-hara-vuelos-transatlanticos\/"]}]},{"@type":"ImageObject","inLanguage":"es","@id":"https:\/\/aeronoticias.com.pe\/noticiero\/transporte-aereo\/internacional\/ryanair-niega-que-hara-vuelos-transatlanticos\/#primaryimage","url":"http:\/\/1.bp.blogspot.com\/-KjnWiRPRyqM\/VAnzuJaxD0I\/AAAAAAAAiEE\/ZRfAxObq7RA\/s1600\/Ryanair.png","contentUrl":"http:\/\/1.bp.blogspot.com\/-KjnWiRPRyqM\/VAnzuJaxD0I\/AAAAAAAAiEE\/ZRfAxObq7RA\/s1600\/Ryanair.png"},{"@type":"BreadcrumbList","@id":"https:\/\/aeronoticias.com.pe\/noticiero\/transporte-aereo\/internacional\/ryanair-niega-que-hara-vuelos-transatlanticos\/#breadcrumb","itemListElement":[{"@type":"ListItem","position":1,"name":"Portada","item":"https:\/\/aeronoticias.com.pe\/noticiero\/"},{"@type":"ListItem","position":2,"name":"Ryanair niega que har\u00e1 vuelos transatl\u00e1nticos"}]},{"@type":"WebSite","@id":"https:\/\/aeronoticias.com.pe\/noticiero\/#website","url":"https:\/\/aeronoticias.com.pe\/noticiero\/","name":"Aeronoticias.com.pe","description":"Noticias de tranporte aereo, turismo, hoteles, gastronomia, actualidad, internacional","potentialAction":[{"@type":"SearchAction","target":{"@type":"EntryPoint","urlTemplate":"https:\/\/aeronoticias.com.pe\/noticiero\/?s={search_term_string}"},"query-input":{"@type":"PropertyValueSpecification","valueRequired":true,"valueName":"search_term_string"}}],"inLanguage":"es"},{"@type":"Person","@id":"https:\/\/aeronoticias.com.pe\/noticiero\/#\/schema\/person\/fc1e5d578f4b62ba1cf7ac2bba1170a0","name":"Redacci\u00f3n Aeronoticias","url":"https:\/\/aeronoticias.com.pe\/noticiero\/author\/piloto\/"}]}},"_links":{"self":[{"href":"https:\/\/aeronoticias.com.pe\/noticiero\/wp-json\/wp\/v2\/posts\/51935","targetHints":{"allow":["GET"]}}],"collection":[{"href":"https:\/\/aeronoticias.com.pe\/noticiero\/wp-json\/wp\/v2\/posts"}],"about":[{"href":"https:\/\/aeronoticias.com.pe\/noticiero\/wp-json\/wp\/v2\/types\/post"}],"author":[{"embeddable":true,"href":"https:\/\/aeronoticias.com.pe\/noticiero\/wp-json\/wp\/v2\/users\/1"}],"replies":[{"embeddable":true,"href":"https:\/\/aeronoticias.com.pe\/noticiero\/wp-json\/wp\/v2\/comments?post=51935"}],"version-history":[{"count":0,"href":"https:\/\/aeronoticias.com.pe\/noticiero\/wp-json\/wp\/v2\/posts\/51935\/revisions"}],"wp:attachment":[{"href":"https:\/\/aeronoticias.com.pe\/noticiero\/wp-json\/wp\/v2\/media?parent=51935"}],"wp:term":[{"taxonomy":"category","embeddable":true,"href":"https:\/\/aeronoticias.com.pe\/noticiero\/wp-json\/wp\/v2\/categories?post=51935"},{"taxonomy":"post_tag","embeddable":true,"href":"https:\/\/aeronoticias.com.pe\/noticiero\/wp-json\/wp\/v2\/tags?post=51935"}],"curies":[{"name":"wp","href":"https:\/\/api.w.org\/{rel}","templated":true}]}}