{"id":51936,"date":"2015-03-22T15:26:45","date_gmt":"2015-03-22T15:26:45","guid":{"rendered":"http:\/\/desarrollo.mcvicious.com\/aero2020\/2015\/03\/22\/mas-de-medio-millon-de-personas-participaron-en-la-gran-marcha-por-la-vida\/"},"modified":"2015-03-22T15:26:45","modified_gmt":"2015-03-22T15:26:45","slug":"mas-de-medio-millon-de-personas-participaron-en-la-gran-marcha-por-la-vida","status":"publish","type":"post","link":"https:\/\/aeronoticias.com.pe\/noticiero\/nacionales\/mas-de-medio-millon-de-personas-participaron-en-la-gran-marcha-por-la-vida\/","title":{"rendered":"M\u00e1s de medio mill\u00f3n de personas participaron en la Gran Marcha por la Vida"},"content":{"rendered":"<p style=\"font-size: 12.1599998474121px; line-height: 15.8079996109009px; text-align: justify;\"><strong>(Aeronoticias)<\/strong>.- Aproximadamente m\u00e1s de medio mill\u00f3n de personas entre ni\u00f1os, mujeres y ancianos participaron en la Marcha por la Vida &#8211; Lima 2015 con el fin de sensibilizar a la poblaci\u00f3n sobre el respeto a la vida humana desde la concepci\u00f3n hasta la muerte natural y mostrar el rechazo al aborto de todo tipo.<\/p>\n<p style=\"font-size: 12.1599998474121px; line-height: 15.8079996109009px; text-align: justify;\">La celebraci\u00f3n por la vida tuvo su punto de concentraci\u00f3n en el cruce de las Avenidas Brasil con Javier Prado y su recorrido finaliz\u00f3 en el circuito de Playas en el distrito de San Miguel.<\/p>\n<p style=\"font-size: 12.1599998474121px; line-height: 15.8079996109009px; text-align: justify;\">La movilizaci\u00f3n se torn\u00f3 en todo momento pac\u00edfica y a viva voz los manifestantes expresaron su rechazo al aborto y su \u00abS\u00ed a la Vida\u00bb. Al final del recorrido se realiz\u00f3 un musical art\u00edstico muy colorido. Sor Cristina, la monja que gan\u00f3 en el programa musical \u00abLa Voz Italia\u00bb envi\u00f3 un v\u00eddeo alentando a la Marcha por la Vida.<\/p>\n<p style=\"font-size: 12.1599998474121px; line-height: 15.8079996109009px; text-align: justify;\">En otro momento el Cardenal Juan Luis Cipriani ley\u00f3 una carta enviada por el Papa Francisco desde Roma en donde se resaltaba el valor de la Vida humana y la bendici\u00f3n a todos los que participaron en el recorrido.<\/p>\n<p style=\"font-size: 12.1599998474121px; line-height: 15.8079996109009px; text-align: justify;\">El evento finaliz\u00f3 con el encendido de fuegos artificiales y con el agradecimiento de las autoridades eclesi\u00e1sticas, evang\u00e9licas y pol\u00edticas.<\/p>\n<p style=\"font-size: 12.1599998474121px; line-height: 15.8079996109009px; text-align: justify;\">\u00a0<\/p>\n<p style=\"font-size: 12.1599998474121px; line-height: 15.8079996109009px; text-align: justify;\"><img decoding=\"async\" src=\"https:\/\/fbcdn-sphotos-d-a.akamaihd.net\/hphotos-ak-xpf1\/v\/t1.0-9\/1908218_1546167842311908_4763878420554382946_n.jpg?oh=b67fb5becfe4890fead2ed35c712e152&amp;oe=557DD43F&amp;__gda__=1438189397_06c0b5fee2deb3ec593d8be8c13f1bc6\" border=\"0\" \/><\/p>\n<p style=\"font-size: 12.1599998474121px; line-height: 15.8079996109009px; text-align: justify;\"><img decoding=\"async\" src=\"https:\/\/fbcdn-sphotos-g-a.akamaihd.net\/hphotos-ak-xpt1\/v\/t1.0-9\/10576949_1546167775645248_5602231448740863586_n.jpg?oh=21ad44be2b71e4d12da9dd720c047473&amp;oe=557484D7&amp;__gda__=1437738327_63d7e835afc377d2cf9644c4a1665aea\" border=\"0\" \/><\/p>\n<p style=\"font-size: 12.1599998474121px; line-height: 15.8079996109009px; text-align: justify;\">\u00a0<\/p>\n","protected":false},"excerpt":{"rendered":"<p>(Aeronoticias).- Aproximadamente m\u00e1s de medio mill\u00f3n de personas entre ni\u00f1os, mujeres y ancianos participaron en la Marcha por la Vida &#8211; Lima 2015 con el fin de sensibilizar a la poblaci\u00f3n sobre el respeto a la vida humana desde la concepci\u00f3n hasta la muerte natural y mostrar el rechazo al aborto de todo tipo. La [&hellip;]<\/p>\n","protected":false},"author":1,"featured_media":0,"comment_status":"open","ping_status":"open","sticky":false,"template":"","format":"standard","meta":{"tdm_status":"","tdm_grid_status":"","footnotes":""},"categories":[38],"tags":[],"class_list":{"0":"post-51936","1":"post","2":"type-post","3":"status-publish","4":"format-standard","6":"category-nacionales"},"yoast_head":"<!-- This site is optimized with the Yoast SEO plugin v25.1 - https:\/\/yoast.com\/wordpress\/plugins\/seo\/ -->\n<title>M\u00e1s de medio mill\u00f3n de personas participaron en la Gran Marcha por la Vida<\/title>\n<meta name=\"description\" content=\"Portal de noticias del Per\u00fa sobre el transporte a\u00e9reo, aviaci\u00f3n, turismo, hoteleria, actualidad.\" \/>\n<meta name=\"robots\" content=\"index, follow, max-snippet:-1, max-image-preview:large, max-video-preview:-1\" \/>\n<link rel=\"canonical\" href=\"https:\/\/aeronoticias.com.pe\/noticiero\/nacionales\/mas-de-medio-millon-de-personas-participaron-en-la-gran-marcha-por-la-vida\/\" \/>\n<meta property=\"og:locale\" content=\"es_ES\" \/>\n<meta property=\"og:type\" content=\"article\" \/>\n<meta property=\"og:title\" content=\"M\u00e1s de medio mill\u00f3n de personas participaron en la Gran Marcha por la Vida\" \/>\n<meta property=\"og:description\" content=\"Portal de noticias del Per\u00fa sobre el transporte a\u00e9reo, aviaci\u00f3n, turismo, hoteleria, actualidad.\" \/>\n<meta property=\"og:url\" content=\"https:\/\/aeronoticias.com.pe\/noticiero\/nacionales\/mas-de-medio-millon-de-personas-participaron-en-la-gran-marcha-por-la-vida\/\" \/>\n<meta property=\"og:site_name\" content=\"Aeronoticias.com.pe\" \/>\n<meta property=\"article:publisher\" content=\"https:\/\/www.facebook.com\/Aeronoticias.com.pe\/\" \/>\n<meta property=\"article:published_time\" content=\"2015-03-22T15:26:45+00:00\" \/>\n<meta property=\"og:image\" content=\"https:\/\/fbcdn-sphotos-d-a.akamaihd.net\/hphotos-ak-xpf1\/v\/t1.0-9\/1908218_1546167842311908_4763878420554382946_n.jpg?oh=b67fb5becfe4890fead2ed35c712e152&amp;oe=557DD43F&amp;__gda__=1438189397_06c0b5fee2deb3ec593d8be8c13f1bc6\" \/>\n<meta name=\"author\" content=\"Redacci\u00f3n Aeronoticias\" \/>\n<meta name=\"twitter:card\" content=\"summary_large_image\" \/>\n<meta name=\"twitter:creator\" content=\"@aeronoticias\" \/>\n<meta name=\"twitter:site\" content=\"@aeronoticias\" \/>\n<meta name=\"twitter:label1\" content=\"Escrito por\" \/>\n\t<meta name=\"twitter:data1\" content=\"Redacci\u00f3n Aeronoticias\" \/>\n\t<meta name=\"twitter:label2\" content=\"Tiempo de lectura\" \/>\n\t<meta name=\"twitter:data2\" content=\"1 minuto\" \/>\n<script type=\"application\/ld+json\" class=\"yoast-schema-graph\">{\"@context\":\"https:\/\/schema.org\",\"@graph\":[{\"@type\":\"WebPage\",\"@id\":\"https:\/\/aeronoticias.com.pe\/noticiero\/nacionales\/mas-de-medio-millon-de-personas-participaron-en-la-gran-marcha-por-la-vida\/\",\"url\":\"https:\/\/aeronoticias.com.pe\/noticiero\/nacionales\/mas-de-medio-millon-de-personas-participaron-en-la-gran-marcha-por-la-vida\/\",\"name\":\"M\u00e1s de medio mill\u00f3n de personas participaron en la Gran Marcha por la Vida\",\"isPartOf\":{\"@id\":\"https:\/\/aeronoticias.com.pe\/noticiero\/#website\"},\"primaryImageOfPage\":{\"@id\":\"https:\/\/aeronoticias.com.pe\/noticiero\/nacionales\/mas-de-medio-millon-de-personas-participaron-en-la-gran-marcha-por-la-vida\/#primaryimage\"},\"image\":{\"@id\":\"https:\/\/aeronoticias.com.pe\/noticiero\/nacionales\/mas-de-medio-millon-de-personas-participaron-en-la-gran-marcha-por-la-vida\/#primaryimage\"},\"thumbnailUrl\":\"https:\/\/fbcdn-sphotos-d-a.akamaihd.net\/hphotos-ak-xpf1\/v\/t1.0-9\/1908218_1546167842311908_4763878420554382946_n.jpg?oh=b67fb5becfe4890fead2ed35c712e152&amp;oe=557DD43F&amp;__gda__=1438189397_06c0b5fee2deb3ec593d8be8c13f1bc6\",\"datePublished\":\"2015-03-22T15:26:45+00:00\",\"author\":{\"@id\":\"https:\/\/aeronoticias.com.pe\/noticiero\/#\/schema\/person\/fc1e5d578f4b62ba1cf7ac2bba1170a0\"},\"description\":\"Portal de noticias del Per\u00fa sobre el transporte a\u00e9reo, aviaci\u00f3n, turismo, hoteleria, actualidad.\",\"breadcrumb\":{\"@id\":\"https:\/\/aeronoticias.com.pe\/noticiero\/nacionales\/mas-de-medio-millon-de-personas-participaron-en-la-gran-marcha-por-la-vida\/#breadcrumb\"},\"inLanguage\":\"es\",\"potentialAction\":[{\"@type\":\"ReadAction\",\"target\":[\"https:\/\/aeronoticias.com.pe\/noticiero\/nacionales\/mas-de-medio-millon-de-personas-participaron-en-la-gran-marcha-por-la-vida\/\"]}]},{\"@type\":\"ImageObject\",\"inLanguage\":\"es\",\"@id\":\"https:\/\/aeronoticias.com.pe\/noticiero\/nacionales\/mas-de-medio-millon-de-personas-participaron-en-la-gran-marcha-por-la-vida\/#primaryimage\",\"url\":\"https:\/\/fbcdn-sphotos-d-a.akamaihd.net\/hphotos-ak-xpf1\/v\/t1.0-9\/1908218_1546167842311908_4763878420554382946_n.jpg?oh=b67fb5becfe4890fead2ed35c712e152&amp;oe=557DD43F&amp;__gda__=1438189397_06c0b5fee2deb3ec593d8be8c13f1bc6\",\"contentUrl\":\"https:\/\/fbcdn-sphotos-d-a.akamaihd.net\/hphotos-ak-xpf1\/v\/t1.0-9\/1908218_1546167842311908_4763878420554382946_n.jpg?oh=b67fb5becfe4890fead2ed35c712e152&amp;oe=557DD43F&amp;__gda__=1438189397_06c0b5fee2deb3ec593d8be8c13f1bc6\"},{\"@type\":\"BreadcrumbList\",\"@id\":\"https:\/\/aeronoticias.com.pe\/noticiero\/nacionales\/mas-de-medio-millon-de-personas-participaron-en-la-gran-marcha-por-la-vida\/#breadcrumb\",\"itemListElement\":[{\"@type\":\"ListItem\",\"position\":1,\"name\":\"Portada\",\"item\":\"https:\/\/aeronoticias.com.pe\/noticiero\/\"},{\"@type\":\"ListItem\",\"position\":2,\"name\":\"M\u00e1s de medio mill\u00f3n de personas participaron en la Gran Marcha por la Vida\"}]},{\"@type\":\"WebSite\",\"@id\":\"https:\/\/aeronoticias.com.pe\/noticiero\/#website\",\"url\":\"https:\/\/aeronoticias.com.pe\/noticiero\/\",\"name\":\"Aeronoticias.com.pe\",\"description\":\"Noticias de tranporte aereo, turismo, hoteles, gastronomia, actualidad, internacional\",\"potentialAction\":[{\"@type\":\"SearchAction\",\"target\":{\"@type\":\"EntryPoint\",\"urlTemplate\":\"https:\/\/aeronoticias.com.pe\/noticiero\/?s={search_term_string}\"},\"query-input\":{\"@type\":\"PropertyValueSpecification\",\"valueRequired\":true,\"valueName\":\"search_term_string\"}}],\"inLanguage\":\"es\"},{\"@type\":\"Person\",\"@id\":\"https:\/\/aeronoticias.com.pe\/noticiero\/#\/schema\/person\/fc1e5d578f4b62ba1cf7ac2bba1170a0\",\"name\":\"Redacci\u00f3n Aeronoticias\",\"url\":\"https:\/\/aeronoticias.com.pe\/noticiero\/author\/piloto\/\"}]}<\/script>\n<!-- \/ Yoast SEO plugin. -->","yoast_head_json":{"title":"M\u00e1s de medio mill\u00f3n de personas participaron en la Gran Marcha por la Vida","description":"Portal de noticias del Per\u00fa sobre el transporte a\u00e9reo, aviaci\u00f3n, turismo, hoteleria, actualidad.","robots":{"index":"index","follow":"follow","max-snippet":"max-snippet:-1","max-image-preview":"max-image-preview:large","max-video-preview":"max-video-preview:-1"},"canonical":"https:\/\/aeronoticias.com.pe\/noticiero\/nacionales\/mas-de-medio-millon-de-personas-participaron-en-la-gran-marcha-por-la-vida\/","og_locale":"es_ES","og_type":"article","og_title":"M\u00e1s de medio mill\u00f3n de personas participaron en la Gran Marcha por la Vida","og_description":"Portal de noticias del Per\u00fa sobre el transporte a\u00e9reo, aviaci\u00f3n, turismo, hoteleria, actualidad.","og_url":"https:\/\/aeronoticias.com.pe\/noticiero\/nacionales\/mas-de-medio-millon-de-personas-participaron-en-la-gran-marcha-por-la-vida\/","og_site_name":"Aeronoticias.com.pe","article_publisher":"https:\/\/www.facebook.com\/Aeronoticias.com.pe\/","article_published_time":"2015-03-22T15:26:45+00:00","og_image":[{"url":"https:\/\/fbcdn-sphotos-d-a.akamaihd.net\/hphotos-ak-xpf1\/v\/t1.0-9\/1908218_1546167842311908_4763878420554382946_n.jpg?oh=b67fb5becfe4890fead2ed35c712e152&amp;oe=557DD43F&amp;__gda__=1438189397_06c0b5fee2deb3ec593d8be8c13f1bc6","type":"","width":"","height":""}],"author":"Redacci\u00f3n Aeronoticias","twitter_card":"summary_large_image","twitter_creator":"@aeronoticias","twitter_site":"@aeronoticias","twitter_misc":{"Escrito por":"Redacci\u00f3n Aeronoticias","Tiempo de lectura":"1 minuto"},"schema":{"@context":"https:\/\/schema.org","@graph":[{"@type":"WebPage","@id":"https:\/\/aeronoticias.com.pe\/noticiero\/nacionales\/mas-de-medio-millon-de-personas-participaron-en-la-gran-marcha-por-la-vida\/","url":"https:\/\/aeronoticias.com.pe\/noticiero\/nacionales\/mas-de-medio-millon-de-personas-participaron-en-la-gran-marcha-por-la-vida\/","name":"M\u00e1s de medio mill\u00f3n de personas participaron en la Gran Marcha por la Vida","isPartOf":{"@id":"https:\/\/aeronoticias.com.pe\/noticiero\/#website"},"primaryImageOfPage":{"@id":"https:\/\/aeronoticias.com.pe\/noticiero\/nacionales\/mas-de-medio-millon-de-personas-participaron-en-la-gran-marcha-por-la-vida\/#primaryimage"},"image":{"@id":"https:\/\/aeronoticias.com.pe\/noticiero\/nacionales\/mas-de-medio-millon-de-personas-participaron-en-la-gran-marcha-por-la-vida\/#primaryimage"},"thumbnailUrl":"https:\/\/fbcdn-sphotos-d-a.akamaihd.net\/hphotos-ak-xpf1\/v\/t1.0-9\/1908218_1546167842311908_4763878420554382946_n.jpg?oh=b67fb5becfe4890fead2ed35c712e152&amp;oe=557DD43F&amp;__gda__=1438189397_06c0b5fee2deb3ec593d8be8c13f1bc6","datePublished":"2015-03-22T15:26:45+00:00","author":{"@id":"https:\/\/aeronoticias.com.pe\/noticiero\/#\/schema\/person\/fc1e5d578f4b62ba1cf7ac2bba1170a0"},"description":"Portal de noticias del Per\u00fa sobre el transporte a\u00e9reo, aviaci\u00f3n, turismo, hoteleria, actualidad.","breadcrumb":{"@id":"https:\/\/aeronoticias.com.pe\/noticiero\/nacionales\/mas-de-medio-millon-de-personas-participaron-en-la-gran-marcha-por-la-vida\/#breadcrumb"},"inLanguage":"es","potentialAction":[{"@type":"ReadAction","target":["https:\/\/aeronoticias.com.pe\/noticiero\/nacionales\/mas-de-medio-millon-de-personas-participaron-en-la-gran-marcha-por-la-vida\/"]}]},{"@type":"ImageObject","inLanguage":"es","@id":"https:\/\/aeronoticias.com.pe\/noticiero\/nacionales\/mas-de-medio-millon-de-personas-participaron-en-la-gran-marcha-por-la-vida\/#primaryimage","url":"https:\/\/fbcdn-sphotos-d-a.akamaihd.net\/hphotos-ak-xpf1\/v\/t1.0-9\/1908218_1546167842311908_4763878420554382946_n.jpg?oh=b67fb5becfe4890fead2ed35c712e152&amp;oe=557DD43F&amp;__gda__=1438189397_06c0b5fee2deb3ec593d8be8c13f1bc6","contentUrl":"https:\/\/fbcdn-sphotos-d-a.akamaihd.net\/hphotos-ak-xpf1\/v\/t1.0-9\/1908218_1546167842311908_4763878420554382946_n.jpg?oh=b67fb5becfe4890fead2ed35c712e152&amp;oe=557DD43F&amp;__gda__=1438189397_06c0b5fee2deb3ec593d8be8c13f1bc6"},{"@type":"BreadcrumbList","@id":"https:\/\/aeronoticias.com.pe\/noticiero\/nacionales\/mas-de-medio-millon-de-personas-participaron-en-la-gran-marcha-por-la-vida\/#breadcrumb","itemListElement":[{"@type":"ListItem","position":1,"name":"Portada","item":"https:\/\/aeronoticias.com.pe\/noticiero\/"},{"@type":"ListItem","position":2,"name":"M\u00e1s de medio mill\u00f3n de personas participaron en la Gran Marcha por la Vida"}]},{"@type":"WebSite","@id":"https:\/\/aeronoticias.com.pe\/noticiero\/#website","url":"https:\/\/aeronoticias.com.pe\/noticiero\/","name":"Aeronoticias.com.pe","description":"Noticias de tranporte aereo, turismo, hoteles, gastronomia, actualidad, internacional","potentialAction":[{"@type":"SearchAction","target":{"@type":"EntryPoint","urlTemplate":"https:\/\/aeronoticias.com.pe\/noticiero\/?s={search_term_string}"},"query-input":{"@type":"PropertyValueSpecification","valueRequired":true,"valueName":"search_term_string"}}],"inLanguage":"es"},{"@type":"Person","@id":"https:\/\/aeronoticias.com.pe\/noticiero\/#\/schema\/person\/fc1e5d578f4b62ba1cf7ac2bba1170a0","name":"Redacci\u00f3n Aeronoticias","url":"https:\/\/aeronoticias.com.pe\/noticiero\/author\/piloto\/"}]}},"_links":{"self":[{"href":"https:\/\/aeronoticias.com.pe\/noticiero\/wp-json\/wp\/v2\/posts\/51936","targetHints":{"allow":["GET"]}}],"collection":[{"href":"https:\/\/aeronoticias.com.pe\/noticiero\/wp-json\/wp\/v2\/posts"}],"about":[{"href":"https:\/\/aeronoticias.com.pe\/noticiero\/wp-json\/wp\/v2\/types\/post"}],"author":[{"embeddable":true,"href":"https:\/\/aeronoticias.com.pe\/noticiero\/wp-json\/wp\/v2\/users\/1"}],"replies":[{"embeddable":true,"href":"https:\/\/aeronoticias.com.pe\/noticiero\/wp-json\/wp\/v2\/comments?post=51936"}],"version-history":[{"count":0,"href":"https:\/\/aeronoticias.com.pe\/noticiero\/wp-json\/wp\/v2\/posts\/51936\/revisions"}],"wp:attachment":[{"href":"https:\/\/aeronoticias.com.pe\/noticiero\/wp-json\/wp\/v2\/media?parent=51936"}],"wp:term":[{"taxonomy":"category","embeddable":true,"href":"https:\/\/aeronoticias.com.pe\/noticiero\/wp-json\/wp\/v2\/categories?post=51936"},{"taxonomy":"post_tag","embeddable":true,"href":"https:\/\/aeronoticias.com.pe\/noticiero\/wp-json\/wp\/v2\/tags?post=51936"}],"curies":[{"name":"wp","href":"https:\/\/api.w.org\/{rel}","templated":true}]}}