{"id":52034,"date":"2015-03-30T15:44:38","date_gmt":"2015-03-30T15:44:38","guid":{"rendered":"http:\/\/desarrollo.mcvicious.com\/aero2020\/2015\/03\/30\/expertos-aislan-el-adn-de-78-pasajeros-del-avion-estrellado-en-los-alpes\/"},"modified":"2015-03-30T15:44:38","modified_gmt":"2015-03-30T15:44:38","slug":"expertos-aislan-el-adn-de-78-pasajeros-del-avion-estrellado-en-los-alpes","status":"publish","type":"post","link":"https:\/\/aeronoticias.com.pe\/noticiero\/internacionales\/expertos-aislan-el-adn-de-78-pasajeros-del-avion-estrellado-en-los-alpes\/","title":{"rendered":"Expertos a\u00edslan el ADN de 78 pasajeros del avi\u00f3n estrellado en los Alpes"},"content":{"rendered":"<p style=\"text-align: justify;\"><strong>(Aeronoticias) <\/strong><span style=\"font-size: 12.1599998474121px; line-height: 1.3em;\">El fiscal que dirige la investigaci\u00f3n del avi\u00f3n de Germanwing estrellado el pasado martes en los Alpes, Brice Robin, inform\u00f3 que los investigadores franceses lograron aislar el ADN de 78 de los 150 pasajeros fallecidos, los que ser\u00e1n comparados con los de sus familiares.<\/span><\/p>\n<p style=\"text-align: justify;\"><span style=\"font-size: 12.1599998474121px; line-height: 1.3em;\">Seg\u00fan indicaron fuentes cercanas a la investigaci\u00f3n, a\u00fan no es posible identificar la identidad de ninguno de los pasajeros, pues esa diligencia se har\u00e1 posteriormente en Par\u00eds, al comparar las muestras recogidas con las casi 5.000 aportadas por los familiares.<\/span><\/p>\n<p style=\"text-align: justify;\"><span style=\"font-size: 12.1599998474121px; line-height: 1.3em;\">La b\u00fasqueda de los restos de los tripulantes en el lugar del accidente prosiguen por sexto d\u00eda consecutivo. Gendarmer\u00eda ha instalado en Seyne-les-Alpes un puesto avanzado con material procedente de su laboratorio, para efectuar el an\u00e1lisis de las muestras que llegan desde la monta\u00f1a.<\/span><\/p>\n<p style=\"text-align: justify;\"><span style=\"font-size: 12.1599998474121px; line-height: 1.3em;\">\u00abA causa de la degradaci\u00f3n de los cuerpos, cualquier elemento puede \u00a0resultar \u00fatil: huellas digitales, joyas y elementos de identidad encontrados en \u00a0el lugar\u00bb, explic\u00f3 Patrick Touron, \u00a0director adjunto del instituto de investigaci\u00f3n criminal de la gendarmer\u00eda \u00a0nacional.<\/span><\/p>\n<p style=\"text-align: justify;\"><span style=\"font-size: 12.1599998474121px; line-height: 1.3em;\">El fiscal Brice Robin coment\u00f3 adem\u00e1s que se est\u00e1 construyendo un camino de acceso al lugar donde \u00a0cay\u00f3 el avi\u00f3n, el cual ser\u00e1 accesible para veh\u00edculos todoterreno y permitir\u00e1 \u00a0evacuar piezas de la carlinga dif\u00edciles de transportar con helic\u00f3pteros.<\/span><\/p>\n<p style=\"text-align: justify;\"><strong><em>Fuente: http:\/\/www.latercera.com\/noticia\/mundo\/2015\/03\/678-623086-9-expertos-aislan-el-adn-de-78-pasajeros-del-avion-estrellado-en-los-alpes.shtml<\/em><\/strong><\/p>\n<p style=\"text-align: justify;\"><strong><em><img decoding=\"async\" src=\"images\/stories\/15\/03\/300315\/accidentealpes.jpg\" border=\"0\" \/><br \/><\/em><\/strong><\/p>\n","protected":false},"excerpt":{"rendered":"<p>(Aeronoticias) El fiscal que dirige la investigaci\u00f3n del avi\u00f3n de Germanwing estrellado el pasado martes en los Alpes, Brice Robin, inform\u00f3 que los investigadores franceses lograron aislar el ADN de 78 de los 150 pasajeros fallecidos, los que ser\u00e1n comparados con los de sus familiares. Seg\u00fan indicaron fuentes cercanas a la investigaci\u00f3n, a\u00fan no es [&hellip;]<\/p>\n","protected":false},"author":1,"featured_media":0,"comment_status":"open","ping_status":"open","sticky":false,"template":"","format":"standard","meta":{"tdm_status":"","tdm_grid_status":"","footnotes":""},"categories":[34],"tags":[],"class_list":{"0":"post-52034","1":"post","2":"type-post","3":"status-publish","4":"format-standard","6":"category-internacionales"},"yoast_head":"<!-- This site is optimized with the Yoast SEO plugin v25.1 - https:\/\/yoast.com\/wordpress\/plugins\/seo\/ -->\n<title>Expertos a\u00edslan el ADN de 78 pasajeros del avi\u00f3n estrellado en los Alpes<\/title>\n<meta name=\"description\" content=\"Portal de noticias del Per\u00fa sobre el transporte a\u00e9reo, aviaci\u00f3n, turismo, hoteleria, actualidad.\" \/>\n<meta name=\"robots\" content=\"index, follow, max-snippet:-1, max-image-preview:large, max-video-preview:-1\" \/>\n<link rel=\"canonical\" href=\"https:\/\/aeronoticias.com.pe\/noticiero\/internacionales\/expertos-aislan-el-adn-de-78-pasajeros-del-avion-estrellado-en-los-alpes\/\" \/>\n<meta property=\"og:locale\" content=\"es_ES\" \/>\n<meta property=\"og:type\" content=\"article\" \/>\n<meta property=\"og:title\" content=\"Expertos a\u00edslan el ADN de 78 pasajeros del avi\u00f3n estrellado en los Alpes\" \/>\n<meta property=\"og:description\" content=\"Portal de noticias del Per\u00fa sobre el transporte a\u00e9reo, aviaci\u00f3n, turismo, hoteleria, actualidad.\" \/>\n<meta property=\"og:url\" content=\"https:\/\/aeronoticias.com.pe\/noticiero\/internacionales\/expertos-aislan-el-adn-de-78-pasajeros-del-avion-estrellado-en-los-alpes\/\" \/>\n<meta property=\"og:site_name\" content=\"Aeronoticias.com.pe\" \/>\n<meta property=\"article:publisher\" content=\"https:\/\/www.facebook.com\/Aeronoticias.com.pe\/\" \/>\n<meta property=\"article:published_time\" content=\"2015-03-30T15:44:38+00:00\" \/>\n<meta name=\"author\" content=\"Redacci\u00f3n Aeronoticias\" \/>\n<meta name=\"twitter:card\" content=\"summary_large_image\" \/>\n<meta name=\"twitter:creator\" content=\"@aeronoticias\" \/>\n<meta name=\"twitter:site\" content=\"@aeronoticias\" \/>\n<meta name=\"twitter:label1\" content=\"Escrito por\" \/>\n\t<meta name=\"twitter:data1\" content=\"Redacci\u00f3n Aeronoticias\" \/>\n\t<meta name=\"twitter:label2\" content=\"Tiempo de lectura\" \/>\n\t<meta name=\"twitter:data2\" content=\"1 minuto\" \/>\n<script type=\"application\/ld+json\" class=\"yoast-schema-graph\">{\"@context\":\"https:\/\/schema.org\",\"@graph\":[{\"@type\":\"WebPage\",\"@id\":\"https:\/\/aeronoticias.com.pe\/noticiero\/internacionales\/expertos-aislan-el-adn-de-78-pasajeros-del-avion-estrellado-en-los-alpes\/\",\"url\":\"https:\/\/aeronoticias.com.pe\/noticiero\/internacionales\/expertos-aislan-el-adn-de-78-pasajeros-del-avion-estrellado-en-los-alpes\/\",\"name\":\"Expertos a\u00edslan el ADN de 78 pasajeros del avi\u00f3n estrellado en los Alpes\",\"isPartOf\":{\"@id\":\"https:\/\/aeronoticias.com.pe\/noticiero\/#website\"},\"datePublished\":\"2015-03-30T15:44:38+00:00\",\"author\":{\"@id\":\"https:\/\/aeronoticias.com.pe\/noticiero\/#\/schema\/person\/fc1e5d578f4b62ba1cf7ac2bba1170a0\"},\"description\":\"Portal de noticias del Per\u00fa sobre el transporte a\u00e9reo, aviaci\u00f3n, turismo, hoteleria, actualidad.\",\"breadcrumb\":{\"@id\":\"https:\/\/aeronoticias.com.pe\/noticiero\/internacionales\/expertos-aislan-el-adn-de-78-pasajeros-del-avion-estrellado-en-los-alpes\/#breadcrumb\"},\"inLanguage\":\"es\",\"potentialAction\":[{\"@type\":\"ReadAction\",\"target\":[\"https:\/\/aeronoticias.com.pe\/noticiero\/internacionales\/expertos-aislan-el-adn-de-78-pasajeros-del-avion-estrellado-en-los-alpes\/\"]}]},{\"@type\":\"BreadcrumbList\",\"@id\":\"https:\/\/aeronoticias.com.pe\/noticiero\/internacionales\/expertos-aislan-el-adn-de-78-pasajeros-del-avion-estrellado-en-los-alpes\/#breadcrumb\",\"itemListElement\":[{\"@type\":\"ListItem\",\"position\":1,\"name\":\"Portada\",\"item\":\"https:\/\/aeronoticias.com.pe\/noticiero\/\"},{\"@type\":\"ListItem\",\"position\":2,\"name\":\"Expertos a\u00edslan el ADN de 78 pasajeros del avi\u00f3n estrellado en los Alpes\"}]},{\"@type\":\"WebSite\",\"@id\":\"https:\/\/aeronoticias.com.pe\/noticiero\/#website\",\"url\":\"https:\/\/aeronoticias.com.pe\/noticiero\/\",\"name\":\"Aeronoticias.com.pe\",\"description\":\"Noticias de tranporte aereo, turismo, hoteles, gastronomia, actualidad, internacional\",\"potentialAction\":[{\"@type\":\"SearchAction\",\"target\":{\"@type\":\"EntryPoint\",\"urlTemplate\":\"https:\/\/aeronoticias.com.pe\/noticiero\/?s={search_term_string}\"},\"query-input\":{\"@type\":\"PropertyValueSpecification\",\"valueRequired\":true,\"valueName\":\"search_term_string\"}}],\"inLanguage\":\"es\"},{\"@type\":\"Person\",\"@id\":\"https:\/\/aeronoticias.com.pe\/noticiero\/#\/schema\/person\/fc1e5d578f4b62ba1cf7ac2bba1170a0\",\"name\":\"Redacci\u00f3n Aeronoticias\",\"url\":\"https:\/\/aeronoticias.com.pe\/noticiero\/author\/piloto\/\"}]}<\/script>\n<!-- \/ Yoast SEO plugin. -->","yoast_head_json":{"title":"Expertos a\u00edslan el ADN de 78 pasajeros del avi\u00f3n estrellado en los Alpes","description":"Portal de noticias del Per\u00fa sobre el transporte a\u00e9reo, aviaci\u00f3n, turismo, hoteleria, actualidad.","robots":{"index":"index","follow":"follow","max-snippet":"max-snippet:-1","max-image-preview":"max-image-preview:large","max-video-preview":"max-video-preview:-1"},"canonical":"https:\/\/aeronoticias.com.pe\/noticiero\/internacionales\/expertos-aislan-el-adn-de-78-pasajeros-del-avion-estrellado-en-los-alpes\/","og_locale":"es_ES","og_type":"article","og_title":"Expertos a\u00edslan el ADN de 78 pasajeros del avi\u00f3n estrellado en los Alpes","og_description":"Portal de noticias del Per\u00fa sobre el transporte a\u00e9reo, aviaci\u00f3n, turismo, hoteleria, actualidad.","og_url":"https:\/\/aeronoticias.com.pe\/noticiero\/internacionales\/expertos-aislan-el-adn-de-78-pasajeros-del-avion-estrellado-en-los-alpes\/","og_site_name":"Aeronoticias.com.pe","article_publisher":"https:\/\/www.facebook.com\/Aeronoticias.com.pe\/","article_published_time":"2015-03-30T15:44:38+00:00","author":"Redacci\u00f3n Aeronoticias","twitter_card":"summary_large_image","twitter_creator":"@aeronoticias","twitter_site":"@aeronoticias","twitter_misc":{"Escrito por":"Redacci\u00f3n Aeronoticias","Tiempo de lectura":"1 minuto"},"schema":{"@context":"https:\/\/schema.org","@graph":[{"@type":"WebPage","@id":"https:\/\/aeronoticias.com.pe\/noticiero\/internacionales\/expertos-aislan-el-adn-de-78-pasajeros-del-avion-estrellado-en-los-alpes\/","url":"https:\/\/aeronoticias.com.pe\/noticiero\/internacionales\/expertos-aislan-el-adn-de-78-pasajeros-del-avion-estrellado-en-los-alpes\/","name":"Expertos a\u00edslan el ADN de 78 pasajeros del avi\u00f3n estrellado en los Alpes","isPartOf":{"@id":"https:\/\/aeronoticias.com.pe\/noticiero\/#website"},"datePublished":"2015-03-30T15:44:38+00:00","author":{"@id":"https:\/\/aeronoticias.com.pe\/noticiero\/#\/schema\/person\/fc1e5d578f4b62ba1cf7ac2bba1170a0"},"description":"Portal de noticias del Per\u00fa sobre el transporte a\u00e9reo, aviaci\u00f3n, turismo, hoteleria, actualidad.","breadcrumb":{"@id":"https:\/\/aeronoticias.com.pe\/noticiero\/internacionales\/expertos-aislan-el-adn-de-78-pasajeros-del-avion-estrellado-en-los-alpes\/#breadcrumb"},"inLanguage":"es","potentialAction":[{"@type":"ReadAction","target":["https:\/\/aeronoticias.com.pe\/noticiero\/internacionales\/expertos-aislan-el-adn-de-78-pasajeros-del-avion-estrellado-en-los-alpes\/"]}]},{"@type":"BreadcrumbList","@id":"https:\/\/aeronoticias.com.pe\/noticiero\/internacionales\/expertos-aislan-el-adn-de-78-pasajeros-del-avion-estrellado-en-los-alpes\/#breadcrumb","itemListElement":[{"@type":"ListItem","position":1,"name":"Portada","item":"https:\/\/aeronoticias.com.pe\/noticiero\/"},{"@type":"ListItem","position":2,"name":"Expertos a\u00edslan el ADN de 78 pasajeros del avi\u00f3n estrellado en los Alpes"}]},{"@type":"WebSite","@id":"https:\/\/aeronoticias.com.pe\/noticiero\/#website","url":"https:\/\/aeronoticias.com.pe\/noticiero\/","name":"Aeronoticias.com.pe","description":"Noticias de tranporte aereo, turismo, hoteles, gastronomia, actualidad, internacional","potentialAction":[{"@type":"SearchAction","target":{"@type":"EntryPoint","urlTemplate":"https:\/\/aeronoticias.com.pe\/noticiero\/?s={search_term_string}"},"query-input":{"@type":"PropertyValueSpecification","valueRequired":true,"valueName":"search_term_string"}}],"inLanguage":"es"},{"@type":"Person","@id":"https:\/\/aeronoticias.com.pe\/noticiero\/#\/schema\/person\/fc1e5d578f4b62ba1cf7ac2bba1170a0","name":"Redacci\u00f3n Aeronoticias","url":"https:\/\/aeronoticias.com.pe\/noticiero\/author\/piloto\/"}]}},"_links":{"self":[{"href":"https:\/\/aeronoticias.com.pe\/noticiero\/wp-json\/wp\/v2\/posts\/52034","targetHints":{"allow":["GET"]}}],"collection":[{"href":"https:\/\/aeronoticias.com.pe\/noticiero\/wp-json\/wp\/v2\/posts"}],"about":[{"href":"https:\/\/aeronoticias.com.pe\/noticiero\/wp-json\/wp\/v2\/types\/post"}],"author":[{"embeddable":true,"href":"https:\/\/aeronoticias.com.pe\/noticiero\/wp-json\/wp\/v2\/users\/1"}],"replies":[{"embeddable":true,"href":"https:\/\/aeronoticias.com.pe\/noticiero\/wp-json\/wp\/v2\/comments?post=52034"}],"version-history":[{"count":0,"href":"https:\/\/aeronoticias.com.pe\/noticiero\/wp-json\/wp\/v2\/posts\/52034\/revisions"}],"wp:attachment":[{"href":"https:\/\/aeronoticias.com.pe\/noticiero\/wp-json\/wp\/v2\/media?parent=52034"}],"wp:term":[{"taxonomy":"category","embeddable":true,"href":"https:\/\/aeronoticias.com.pe\/noticiero\/wp-json\/wp\/v2\/categories?post=52034"},{"taxonomy":"post_tag","embeddable":true,"href":"https:\/\/aeronoticias.com.pe\/noticiero\/wp-json\/wp\/v2\/tags?post=52034"}],"curies":[{"name":"wp","href":"https:\/\/api.w.org\/{rel}","templated":true}]}}