{"id":52062,"date":"2015-04-01T06:19:41","date_gmt":"2015-04-01T06:19:41","guid":{"rendered":"http:\/\/desarrollo.mcvicious.com\/aero2020\/2015\/04\/01\/lufthansa-cancela-las-celebraciones-de-su-60-aniversario\/"},"modified":"2015-04-01T06:19:41","modified_gmt":"2015-04-01T06:19:41","slug":"lufthansa-cancela-las-celebraciones-de-su-60-aniversario","status":"publish","type":"post","link":"https:\/\/aeronoticias.com.pe\/noticiero\/transporte-aereo\/internacional\/lufthansa-cancela-las-celebraciones-de-su-60-aniversario\/","title":{"rendered":"Lufthansa cancela las celebraciones de su 60 aniversario"},"content":{"rendered":"<p style=\"text-align: justify;\"><strong>(Aeronoticias)<\/strong>.-\u00a0Lufthansa ha cancelado las celebraciones del 60 aniversario del grupo a\u00e9reo, previstas para el pr\u00f3ximo 15 de abril, tras el accidente del vuelo 4U95245 de Germanwings, en el que han fallecido 150 personas.<\/p>\n<p style=\"text-align: justify;\">En un comunicado, la compa\u00f1\u00eda se\u00f1ala que por respeto a las v\u00edctimas que viajaban en el tr\u00e1gico vuelo que parti\u00f3 de Barcelona con destino a Dusseldorf y que se estrell\u00f3 en los Alpes ha decidido suspender dichas celebraciones.<\/p>\n<p style=\"text-align: justify;\">En su lugar, la compa\u00f1\u00eda retransmitir\u00e1 en directo la ceremonia oficial en su memoria, que tendr\u00e1 lugar el 17 de abril en la catedral de Colonia, donde las familias, amigos, allegados y empleados de la compa\u00f1\u00eda se reunir\u00e1n para recordar a las v\u00edctimas.<\/p>\n<p style=\"text-align: justify;\">Lufthansa ha informado de que un equipo remanente de 11 personas sigue trabajando el centro de apoyo a los familiares del accidente de Germanwings, ubicado en el Gran Hotel Don Jaime de Castelldefels en Barcelona, ofreciendo asistencia continuada a los familiares que permanecen en el hotel y a todos aquellos que lo soliciten. A d\u00eda de ayer, 20 familiares segu\u00edan hospedados.<\/p>\n<p style=\"text-align: justify;\">Desde el pasado 24 de marzo, cerca de 60 familiares han sido acogidos en sus instalaciones, llegando a alojar a un total de 55 personas en los primeros d\u00edas posteriores al d\u00eda del accidente.<\/p>\n<p style=\"text-align: justify;\">El resto de los allegados alojados en un primer momento han regresado ya a sus casas de manera temporal o permanente. Seg\u00fan la compa\u00f1\u00eda, un total de 18 familiares decidieron viajar ayer hasta Marsella.<\/p>\n<div style=\"text-align: justify;\">Fuente: <span style=\"text-decoration: underline;\"><em><strong>Aviaci\u00f3n al d\u00eda.<\/strong><\/em><\/span><\/div>\n<div style=\"text-align: justify;\"><img decoding=\"async\" src=\"http:\/\/4.bp.blogspot.com\/-5vd7oLCL3Rc\/U5ngNMn7rvI\/AAAAAAAAfyg\/GAYme-IHSM0\/s1600\/Lufthansa.png\" border=\"0\" \/><\/div>\n","protected":false},"excerpt":{"rendered":"<p>(Aeronoticias).-\u00a0Lufthansa ha cancelado las celebraciones del 60 aniversario del grupo a\u00e9reo, previstas para el pr\u00f3ximo 15 de abril, tras el accidente del vuelo 4U95245 de Germanwings, en el que han fallecido 150 personas. En un comunicado, la compa\u00f1\u00eda se\u00f1ala que por respeto a las v\u00edctimas que viajaban en el tr\u00e1gico vuelo que parti\u00f3 de Barcelona [&hellip;]<\/p>\n","protected":false},"author":1,"featured_media":0,"comment_status":"open","ping_status":"open","sticky":false,"template":"","format":"standard","meta":{"tdm_status":"","tdm_grid_status":"","footnotes":""},"categories":[32],"tags":[],"class_list":{"0":"post-52062","1":"post","2":"type-post","3":"status-publish","4":"format-standard","6":"category-internacional"},"yoast_head":"<!-- This site is optimized with the Yoast SEO plugin v25.1 - https:\/\/yoast.com\/wordpress\/plugins\/seo\/ -->\n<title>Lufthansa cancela las celebraciones de su 60 aniversario<\/title>\n<meta name=\"description\" content=\"Portal de noticias del Per\u00fa sobre el transporte a\u00e9reo, aviaci\u00f3n, turismo, hoteleria, actualidad.\" \/>\n<meta name=\"robots\" content=\"index, follow, max-snippet:-1, max-image-preview:large, max-video-preview:-1\" \/>\n<link rel=\"canonical\" href=\"https:\/\/aeronoticias.com.pe\/noticiero\/transporte-aereo\/internacional\/lufthansa-cancela-las-celebraciones-de-su-60-aniversario\/\" \/>\n<meta property=\"og:locale\" content=\"es_ES\" \/>\n<meta property=\"og:type\" content=\"article\" \/>\n<meta property=\"og:title\" content=\"Lufthansa cancela las celebraciones de su 60 aniversario\" \/>\n<meta property=\"og:description\" content=\"Portal de noticias del Per\u00fa sobre el transporte a\u00e9reo, aviaci\u00f3n, turismo, hoteleria, actualidad.\" \/>\n<meta property=\"og:url\" content=\"https:\/\/aeronoticias.com.pe\/noticiero\/transporte-aereo\/internacional\/lufthansa-cancela-las-celebraciones-de-su-60-aniversario\/\" \/>\n<meta property=\"og:site_name\" content=\"Aeronoticias.com.pe\" \/>\n<meta property=\"article:publisher\" content=\"https:\/\/www.facebook.com\/Aeronoticias.com.pe\/\" \/>\n<meta property=\"article:published_time\" content=\"2015-04-01T06:19:41+00:00\" \/>\n<meta property=\"og:image\" content=\"http:\/\/4.bp.blogspot.com\/-5vd7oLCL3Rc\/U5ngNMn7rvI\/AAAAAAAAfyg\/GAYme-IHSM0\/s1600\/Lufthansa.png\" \/>\n<meta name=\"author\" content=\"Redacci\u00f3n Aeronoticias\" \/>\n<meta name=\"twitter:card\" content=\"summary_large_image\" \/>\n<meta name=\"twitter:creator\" content=\"@aeronoticias\" \/>\n<meta name=\"twitter:site\" content=\"@aeronoticias\" \/>\n<meta name=\"twitter:label1\" content=\"Escrito por\" \/>\n\t<meta name=\"twitter:data1\" content=\"Redacci\u00f3n Aeronoticias\" \/>\n\t<meta name=\"twitter:label2\" content=\"Tiempo de lectura\" \/>\n\t<meta name=\"twitter:data2\" content=\"1 minuto\" \/>\n<script type=\"application\/ld+json\" class=\"yoast-schema-graph\">{\"@context\":\"https:\/\/schema.org\",\"@graph\":[{\"@type\":\"WebPage\",\"@id\":\"https:\/\/aeronoticias.com.pe\/noticiero\/transporte-aereo\/internacional\/lufthansa-cancela-las-celebraciones-de-su-60-aniversario\/\",\"url\":\"https:\/\/aeronoticias.com.pe\/noticiero\/transporte-aereo\/internacional\/lufthansa-cancela-las-celebraciones-de-su-60-aniversario\/\",\"name\":\"Lufthansa cancela las celebraciones de su 60 aniversario\",\"isPartOf\":{\"@id\":\"https:\/\/aeronoticias.com.pe\/noticiero\/#website\"},\"primaryImageOfPage\":{\"@id\":\"https:\/\/aeronoticias.com.pe\/noticiero\/transporte-aereo\/internacional\/lufthansa-cancela-las-celebraciones-de-su-60-aniversario\/#primaryimage\"},\"image\":{\"@id\":\"https:\/\/aeronoticias.com.pe\/noticiero\/transporte-aereo\/internacional\/lufthansa-cancela-las-celebraciones-de-su-60-aniversario\/#primaryimage\"},\"thumbnailUrl\":\"http:\/\/4.bp.blogspot.com\/-5vd7oLCL3Rc\/U5ngNMn7rvI\/AAAAAAAAfyg\/GAYme-IHSM0\/s1600\/Lufthansa.png\",\"datePublished\":\"2015-04-01T06:19:41+00:00\",\"author\":{\"@id\":\"https:\/\/aeronoticias.com.pe\/noticiero\/#\/schema\/person\/fc1e5d578f4b62ba1cf7ac2bba1170a0\"},\"description\":\"Portal de noticias del Per\u00fa sobre el transporte a\u00e9reo, aviaci\u00f3n, turismo, hoteleria, actualidad.\",\"breadcrumb\":{\"@id\":\"https:\/\/aeronoticias.com.pe\/noticiero\/transporte-aereo\/internacional\/lufthansa-cancela-las-celebraciones-de-su-60-aniversario\/#breadcrumb\"},\"inLanguage\":\"es\",\"potentialAction\":[{\"@type\":\"ReadAction\",\"target\":[\"https:\/\/aeronoticias.com.pe\/noticiero\/transporte-aereo\/internacional\/lufthansa-cancela-las-celebraciones-de-su-60-aniversario\/\"]}]},{\"@type\":\"ImageObject\",\"inLanguage\":\"es\",\"@id\":\"https:\/\/aeronoticias.com.pe\/noticiero\/transporte-aereo\/internacional\/lufthansa-cancela-las-celebraciones-de-su-60-aniversario\/#primaryimage\",\"url\":\"http:\/\/4.bp.blogspot.com\/-5vd7oLCL3Rc\/U5ngNMn7rvI\/AAAAAAAAfyg\/GAYme-IHSM0\/s1600\/Lufthansa.png\",\"contentUrl\":\"http:\/\/4.bp.blogspot.com\/-5vd7oLCL3Rc\/U5ngNMn7rvI\/AAAAAAAAfyg\/GAYme-IHSM0\/s1600\/Lufthansa.png\"},{\"@type\":\"BreadcrumbList\",\"@id\":\"https:\/\/aeronoticias.com.pe\/noticiero\/transporte-aereo\/internacional\/lufthansa-cancela-las-celebraciones-de-su-60-aniversario\/#breadcrumb\",\"itemListElement\":[{\"@type\":\"ListItem\",\"position\":1,\"name\":\"Portada\",\"item\":\"https:\/\/aeronoticias.com.pe\/noticiero\/\"},{\"@type\":\"ListItem\",\"position\":2,\"name\":\"Lufthansa cancela las celebraciones de su 60 aniversario\"}]},{\"@type\":\"WebSite\",\"@id\":\"https:\/\/aeronoticias.com.pe\/noticiero\/#website\",\"url\":\"https:\/\/aeronoticias.com.pe\/noticiero\/\",\"name\":\"Aeronoticias.com.pe\",\"description\":\"Noticias de tranporte aereo, turismo, hoteles, gastronomia, actualidad, internacional\",\"potentialAction\":[{\"@type\":\"SearchAction\",\"target\":{\"@type\":\"EntryPoint\",\"urlTemplate\":\"https:\/\/aeronoticias.com.pe\/noticiero\/?s={search_term_string}\"},\"query-input\":{\"@type\":\"PropertyValueSpecification\",\"valueRequired\":true,\"valueName\":\"search_term_string\"}}],\"inLanguage\":\"es\"},{\"@type\":\"Person\",\"@id\":\"https:\/\/aeronoticias.com.pe\/noticiero\/#\/schema\/person\/fc1e5d578f4b62ba1cf7ac2bba1170a0\",\"name\":\"Redacci\u00f3n Aeronoticias\",\"url\":\"https:\/\/aeronoticias.com.pe\/noticiero\/author\/piloto\/\"}]}<\/script>\n<!-- \/ Yoast SEO plugin. -->","yoast_head_json":{"title":"Lufthansa cancela las celebraciones de su 60 aniversario","description":"Portal de noticias del Per\u00fa sobre el transporte a\u00e9reo, aviaci\u00f3n, turismo, hoteleria, actualidad.","robots":{"index":"index","follow":"follow","max-snippet":"max-snippet:-1","max-image-preview":"max-image-preview:large","max-video-preview":"max-video-preview:-1"},"canonical":"https:\/\/aeronoticias.com.pe\/noticiero\/transporte-aereo\/internacional\/lufthansa-cancela-las-celebraciones-de-su-60-aniversario\/","og_locale":"es_ES","og_type":"article","og_title":"Lufthansa cancela las celebraciones de su 60 aniversario","og_description":"Portal de noticias del Per\u00fa sobre el transporte a\u00e9reo, aviaci\u00f3n, turismo, hoteleria, actualidad.","og_url":"https:\/\/aeronoticias.com.pe\/noticiero\/transporte-aereo\/internacional\/lufthansa-cancela-las-celebraciones-de-su-60-aniversario\/","og_site_name":"Aeronoticias.com.pe","article_publisher":"https:\/\/www.facebook.com\/Aeronoticias.com.pe\/","article_published_time":"2015-04-01T06:19:41+00:00","og_image":[{"url":"http:\/\/4.bp.blogspot.com\/-5vd7oLCL3Rc\/U5ngNMn7rvI\/AAAAAAAAfyg\/GAYme-IHSM0\/s1600\/Lufthansa.png","type":"","width":"","height":""}],"author":"Redacci\u00f3n Aeronoticias","twitter_card":"summary_large_image","twitter_creator":"@aeronoticias","twitter_site":"@aeronoticias","twitter_misc":{"Escrito por":"Redacci\u00f3n Aeronoticias","Tiempo de lectura":"1 minuto"},"schema":{"@context":"https:\/\/schema.org","@graph":[{"@type":"WebPage","@id":"https:\/\/aeronoticias.com.pe\/noticiero\/transporte-aereo\/internacional\/lufthansa-cancela-las-celebraciones-de-su-60-aniversario\/","url":"https:\/\/aeronoticias.com.pe\/noticiero\/transporte-aereo\/internacional\/lufthansa-cancela-las-celebraciones-de-su-60-aniversario\/","name":"Lufthansa cancela las celebraciones de su 60 aniversario","isPartOf":{"@id":"https:\/\/aeronoticias.com.pe\/noticiero\/#website"},"primaryImageOfPage":{"@id":"https:\/\/aeronoticias.com.pe\/noticiero\/transporte-aereo\/internacional\/lufthansa-cancela-las-celebraciones-de-su-60-aniversario\/#primaryimage"},"image":{"@id":"https:\/\/aeronoticias.com.pe\/noticiero\/transporte-aereo\/internacional\/lufthansa-cancela-las-celebraciones-de-su-60-aniversario\/#primaryimage"},"thumbnailUrl":"http:\/\/4.bp.blogspot.com\/-5vd7oLCL3Rc\/U5ngNMn7rvI\/AAAAAAAAfyg\/GAYme-IHSM0\/s1600\/Lufthansa.png","datePublished":"2015-04-01T06:19:41+00:00","author":{"@id":"https:\/\/aeronoticias.com.pe\/noticiero\/#\/schema\/person\/fc1e5d578f4b62ba1cf7ac2bba1170a0"},"description":"Portal de noticias del Per\u00fa sobre el transporte a\u00e9reo, aviaci\u00f3n, turismo, hoteleria, actualidad.","breadcrumb":{"@id":"https:\/\/aeronoticias.com.pe\/noticiero\/transporte-aereo\/internacional\/lufthansa-cancela-las-celebraciones-de-su-60-aniversario\/#breadcrumb"},"inLanguage":"es","potentialAction":[{"@type":"ReadAction","target":["https:\/\/aeronoticias.com.pe\/noticiero\/transporte-aereo\/internacional\/lufthansa-cancela-las-celebraciones-de-su-60-aniversario\/"]}]},{"@type":"ImageObject","inLanguage":"es","@id":"https:\/\/aeronoticias.com.pe\/noticiero\/transporte-aereo\/internacional\/lufthansa-cancela-las-celebraciones-de-su-60-aniversario\/#primaryimage","url":"http:\/\/4.bp.blogspot.com\/-5vd7oLCL3Rc\/U5ngNMn7rvI\/AAAAAAAAfyg\/GAYme-IHSM0\/s1600\/Lufthansa.png","contentUrl":"http:\/\/4.bp.blogspot.com\/-5vd7oLCL3Rc\/U5ngNMn7rvI\/AAAAAAAAfyg\/GAYme-IHSM0\/s1600\/Lufthansa.png"},{"@type":"BreadcrumbList","@id":"https:\/\/aeronoticias.com.pe\/noticiero\/transporte-aereo\/internacional\/lufthansa-cancela-las-celebraciones-de-su-60-aniversario\/#breadcrumb","itemListElement":[{"@type":"ListItem","position":1,"name":"Portada","item":"https:\/\/aeronoticias.com.pe\/noticiero\/"},{"@type":"ListItem","position":2,"name":"Lufthansa cancela las celebraciones de su 60 aniversario"}]},{"@type":"WebSite","@id":"https:\/\/aeronoticias.com.pe\/noticiero\/#website","url":"https:\/\/aeronoticias.com.pe\/noticiero\/","name":"Aeronoticias.com.pe","description":"Noticias de tranporte aereo, turismo, hoteles, gastronomia, actualidad, internacional","potentialAction":[{"@type":"SearchAction","target":{"@type":"EntryPoint","urlTemplate":"https:\/\/aeronoticias.com.pe\/noticiero\/?s={search_term_string}"},"query-input":{"@type":"PropertyValueSpecification","valueRequired":true,"valueName":"search_term_string"}}],"inLanguage":"es"},{"@type":"Person","@id":"https:\/\/aeronoticias.com.pe\/noticiero\/#\/schema\/person\/fc1e5d578f4b62ba1cf7ac2bba1170a0","name":"Redacci\u00f3n Aeronoticias","url":"https:\/\/aeronoticias.com.pe\/noticiero\/author\/piloto\/"}]}},"_links":{"self":[{"href":"https:\/\/aeronoticias.com.pe\/noticiero\/wp-json\/wp\/v2\/posts\/52062","targetHints":{"allow":["GET"]}}],"collection":[{"href":"https:\/\/aeronoticias.com.pe\/noticiero\/wp-json\/wp\/v2\/posts"}],"about":[{"href":"https:\/\/aeronoticias.com.pe\/noticiero\/wp-json\/wp\/v2\/types\/post"}],"author":[{"embeddable":true,"href":"https:\/\/aeronoticias.com.pe\/noticiero\/wp-json\/wp\/v2\/users\/1"}],"replies":[{"embeddable":true,"href":"https:\/\/aeronoticias.com.pe\/noticiero\/wp-json\/wp\/v2\/comments?post=52062"}],"version-history":[{"count":0,"href":"https:\/\/aeronoticias.com.pe\/noticiero\/wp-json\/wp\/v2\/posts\/52062\/revisions"}],"wp:attachment":[{"href":"https:\/\/aeronoticias.com.pe\/noticiero\/wp-json\/wp\/v2\/media?parent=52062"}],"wp:term":[{"taxonomy":"category","embeddable":true,"href":"https:\/\/aeronoticias.com.pe\/noticiero\/wp-json\/wp\/v2\/categories?post=52062"},{"taxonomy":"post_tag","embeddable":true,"href":"https:\/\/aeronoticias.com.pe\/noticiero\/wp-json\/wp\/v2\/tags?post=52062"}],"curies":[{"name":"wp","href":"https:\/\/api.w.org\/{rel}","templated":true}]}}