{"id":52064,"date":"2015-04-02T15:20:48","date_gmt":"2015-04-02T15:20:48","guid":{"rendered":"http:\/\/desarrollo.mcvicious.com\/aero2020\/2015\/04\/02\/portugal-aerolinea-tap-sufre-grave-crisis-economica\/"},"modified":"2015-04-02T15:20:48","modified_gmt":"2015-04-02T15:20:48","slug":"portugal-aerolinea-tap-sufre-grave-crisis-economica","status":"publish","type":"post","link":"https:\/\/aeronoticias.com.pe\/noticiero\/transporte-aereo\/internacional\/portugal-aerolinea-tap-sufre-grave-crisis-economica\/","title":{"rendered":"Portugal: Aerol\u00ednea TAP sufre grave crisis econ\u00f3mica"},"content":{"rendered":"<p style=\"text-align: justify;\"><strong>(Aeronoticias)<\/strong>.-\u00a0La aerol\u00ednea principal de Portugal, TAP, atraviesa una situaci\u00f3n \u00abdesesperada\u00bb en su tesorer\u00eda, pues el flujo libre de caja est\u00e1 a niveles muy bajos, alert\u00f3 hoy el presidente del gabinete para la privatizaci\u00f3n de la empresa, Jo\u00e3o Cantiga Esteves.<\/p>\n<p style=\"text-align: justify;\">\u00abExiste una situaci\u00f3n desesperada en la tesorer\u00eda. Hablamos de una empresa que factura unos 2.000 millones (de euros) y que tiene un flujo libre de caja de dos millones\u00bb, avis\u00f3 hoy en una comisi\u00f3n parlamentaria Cantiga Esteves.<\/p>\n<p style=\"text-align: justify;\">La semana pasada, TAP, en proceso de venta, anunci\u00f3 que acab\u00f3 el ejercicio 2014 con p\u00e9rdidas por valor de 46 millones de euros, atribuidas a las numerosas huelgas en la compa\u00f1\u00eda, y rompi\u00f3 de esta forma una racha de cinco a\u00f1os consecutivos con beneficios.<\/p>\n<p style=\"text-align: justify;\">La espa\u00f1ola Air Europa (a trav\u00e9s de su matriz Globalia), el empresario portugu\u00e9s Miguel Pais do Amaral, el brasile\u00f1o David Neeleman (a trav\u00e9s de la compa\u00f1\u00eda Azul) y el magnate colombiano-brasile\u00f1o Germ\u00e1n Efromovich son los interesados en comprar el grupo TAP.<\/p>\n<p style=\"text-align: justify;\">Fuente: <span style=\"text-decoration: underline;\"><strong><em>Aviaci\u00f3n al d\u00eda<\/em><\/strong><\/span>.<\/p>\n<p style=\"text-align: justify;\"><img decoding=\"async\" src=\"http:\/\/1.bp.blogspot.com\/-yo8Df78phfQ\/U-UD7B03kxI\/AAAAAAAAhVo\/kObHjP2UHBw\/s1600\/TAP%2BPortugal.png\" border=\"0\" \/><\/p>\n","protected":false},"excerpt":{"rendered":"<p>(Aeronoticias).-\u00a0La aerol\u00ednea principal de Portugal, TAP, atraviesa una situaci\u00f3n \u00abdesesperada\u00bb en su tesorer\u00eda, pues el flujo libre de caja est\u00e1 a niveles muy bajos, alert\u00f3 hoy el presidente del gabinete para la privatizaci\u00f3n de la empresa, Jo\u00e3o Cantiga Esteves. \u00abExiste una situaci\u00f3n desesperada en la tesorer\u00eda. Hablamos de una empresa que factura unos 2.000 millones [&hellip;]<\/p>\n","protected":false},"author":1,"featured_media":0,"comment_status":"open","ping_status":"open","sticky":false,"template":"","format":"standard","meta":{"tdm_status":"","tdm_grid_status":"","footnotes":""},"categories":[32],"tags":[],"class_list":{"0":"post-52064","1":"post","2":"type-post","3":"status-publish","4":"format-standard","6":"category-internacional"},"yoast_head":"<!-- This site is optimized with the Yoast SEO plugin v25.1 - https:\/\/yoast.com\/wordpress\/plugins\/seo\/ -->\n<title>Portugal: Aerol\u00ednea TAP sufre grave crisis econ\u00f3mica<\/title>\n<meta name=\"description\" content=\"Portal de noticias del Per\u00fa sobre el transporte a\u00e9reo, aviaci\u00f3n, turismo, hoteleria, actualidad.\" \/>\n<meta name=\"robots\" content=\"index, follow, max-snippet:-1, max-image-preview:large, max-video-preview:-1\" \/>\n<link rel=\"canonical\" href=\"https:\/\/aeronoticias.com.pe\/noticiero\/transporte-aereo\/internacional\/portugal-aerolinea-tap-sufre-grave-crisis-economica\/\" \/>\n<meta property=\"og:locale\" content=\"es_ES\" \/>\n<meta property=\"og:type\" content=\"article\" \/>\n<meta property=\"og:title\" content=\"Portugal: Aerol\u00ednea TAP sufre grave crisis econ\u00f3mica\" \/>\n<meta property=\"og:description\" content=\"Portal de noticias del Per\u00fa sobre el transporte a\u00e9reo, aviaci\u00f3n, turismo, hoteleria, actualidad.\" \/>\n<meta property=\"og:url\" content=\"https:\/\/aeronoticias.com.pe\/noticiero\/transporte-aereo\/internacional\/portugal-aerolinea-tap-sufre-grave-crisis-economica\/\" \/>\n<meta property=\"og:site_name\" content=\"Aeronoticias.com.pe\" \/>\n<meta property=\"article:publisher\" content=\"https:\/\/www.facebook.com\/Aeronoticias.com.pe\/\" \/>\n<meta property=\"article:published_time\" content=\"2015-04-02T15:20:48+00:00\" \/>\n<meta property=\"og:image\" content=\"http:\/\/1.bp.blogspot.com\/-yo8Df78phfQ\/U-UD7B03kxI\/AAAAAAAAhVo\/kObHjP2UHBw\/s1600\/TAP%2BPortugal.png\" \/>\n<meta name=\"author\" content=\"Redacci\u00f3n Aeronoticias\" \/>\n<meta name=\"twitter:card\" content=\"summary_large_image\" \/>\n<meta name=\"twitter:creator\" content=\"@aeronoticias\" \/>\n<meta name=\"twitter:site\" content=\"@aeronoticias\" \/>\n<meta name=\"twitter:label1\" content=\"Escrito por\" \/>\n\t<meta name=\"twitter:data1\" content=\"Redacci\u00f3n Aeronoticias\" \/>\n\t<meta name=\"twitter:label2\" content=\"Tiempo de lectura\" \/>\n\t<meta name=\"twitter:data2\" content=\"1 minuto\" \/>\n<script type=\"application\/ld+json\" class=\"yoast-schema-graph\">{\"@context\":\"https:\/\/schema.org\",\"@graph\":[{\"@type\":\"WebPage\",\"@id\":\"https:\/\/aeronoticias.com.pe\/noticiero\/transporte-aereo\/internacional\/portugal-aerolinea-tap-sufre-grave-crisis-economica\/\",\"url\":\"https:\/\/aeronoticias.com.pe\/noticiero\/transporte-aereo\/internacional\/portugal-aerolinea-tap-sufre-grave-crisis-economica\/\",\"name\":\"Portugal: Aerol\u00ednea TAP sufre grave crisis econ\u00f3mica\",\"isPartOf\":{\"@id\":\"https:\/\/aeronoticias.com.pe\/noticiero\/#website\"},\"primaryImageOfPage\":{\"@id\":\"https:\/\/aeronoticias.com.pe\/noticiero\/transporte-aereo\/internacional\/portugal-aerolinea-tap-sufre-grave-crisis-economica\/#primaryimage\"},\"image\":{\"@id\":\"https:\/\/aeronoticias.com.pe\/noticiero\/transporte-aereo\/internacional\/portugal-aerolinea-tap-sufre-grave-crisis-economica\/#primaryimage\"},\"thumbnailUrl\":\"http:\/\/1.bp.blogspot.com\/-yo8Df78phfQ\/U-UD7B03kxI\/AAAAAAAAhVo\/kObHjP2UHBw\/s1600\/TAP%2BPortugal.png\",\"datePublished\":\"2015-04-02T15:20:48+00:00\",\"author\":{\"@id\":\"https:\/\/aeronoticias.com.pe\/noticiero\/#\/schema\/person\/fc1e5d578f4b62ba1cf7ac2bba1170a0\"},\"description\":\"Portal de noticias del Per\u00fa sobre el transporte a\u00e9reo, aviaci\u00f3n, turismo, hoteleria, actualidad.\",\"breadcrumb\":{\"@id\":\"https:\/\/aeronoticias.com.pe\/noticiero\/transporte-aereo\/internacional\/portugal-aerolinea-tap-sufre-grave-crisis-economica\/#breadcrumb\"},\"inLanguage\":\"es\",\"potentialAction\":[{\"@type\":\"ReadAction\",\"target\":[\"https:\/\/aeronoticias.com.pe\/noticiero\/transporte-aereo\/internacional\/portugal-aerolinea-tap-sufre-grave-crisis-economica\/\"]}]},{\"@type\":\"ImageObject\",\"inLanguage\":\"es\",\"@id\":\"https:\/\/aeronoticias.com.pe\/noticiero\/transporte-aereo\/internacional\/portugal-aerolinea-tap-sufre-grave-crisis-economica\/#primaryimage\",\"url\":\"http:\/\/1.bp.blogspot.com\/-yo8Df78phfQ\/U-UD7B03kxI\/AAAAAAAAhVo\/kObHjP2UHBw\/s1600\/TAP%2BPortugal.png\",\"contentUrl\":\"http:\/\/1.bp.blogspot.com\/-yo8Df78phfQ\/U-UD7B03kxI\/AAAAAAAAhVo\/kObHjP2UHBw\/s1600\/TAP%2BPortugal.png\"},{\"@type\":\"BreadcrumbList\",\"@id\":\"https:\/\/aeronoticias.com.pe\/noticiero\/transporte-aereo\/internacional\/portugal-aerolinea-tap-sufre-grave-crisis-economica\/#breadcrumb\",\"itemListElement\":[{\"@type\":\"ListItem\",\"position\":1,\"name\":\"Portada\",\"item\":\"https:\/\/aeronoticias.com.pe\/noticiero\/\"},{\"@type\":\"ListItem\",\"position\":2,\"name\":\"Portugal: Aerol\u00ednea TAP sufre grave crisis econ\u00f3mica\"}]},{\"@type\":\"WebSite\",\"@id\":\"https:\/\/aeronoticias.com.pe\/noticiero\/#website\",\"url\":\"https:\/\/aeronoticias.com.pe\/noticiero\/\",\"name\":\"Aeronoticias.com.pe\",\"description\":\"Noticias de tranporte aereo, turismo, hoteles, gastronomia, actualidad, internacional\",\"potentialAction\":[{\"@type\":\"SearchAction\",\"target\":{\"@type\":\"EntryPoint\",\"urlTemplate\":\"https:\/\/aeronoticias.com.pe\/noticiero\/?s={search_term_string}\"},\"query-input\":{\"@type\":\"PropertyValueSpecification\",\"valueRequired\":true,\"valueName\":\"search_term_string\"}}],\"inLanguage\":\"es\"},{\"@type\":\"Person\",\"@id\":\"https:\/\/aeronoticias.com.pe\/noticiero\/#\/schema\/person\/fc1e5d578f4b62ba1cf7ac2bba1170a0\",\"name\":\"Redacci\u00f3n Aeronoticias\",\"url\":\"https:\/\/aeronoticias.com.pe\/noticiero\/author\/piloto\/\"}]}<\/script>\n<!-- \/ Yoast SEO plugin. -->","yoast_head_json":{"title":"Portugal: Aerol\u00ednea TAP sufre grave crisis econ\u00f3mica","description":"Portal de noticias del Per\u00fa sobre el transporte a\u00e9reo, aviaci\u00f3n, turismo, hoteleria, actualidad.","robots":{"index":"index","follow":"follow","max-snippet":"max-snippet:-1","max-image-preview":"max-image-preview:large","max-video-preview":"max-video-preview:-1"},"canonical":"https:\/\/aeronoticias.com.pe\/noticiero\/transporte-aereo\/internacional\/portugal-aerolinea-tap-sufre-grave-crisis-economica\/","og_locale":"es_ES","og_type":"article","og_title":"Portugal: Aerol\u00ednea TAP sufre grave crisis econ\u00f3mica","og_description":"Portal de noticias del Per\u00fa sobre el transporte a\u00e9reo, aviaci\u00f3n, turismo, hoteleria, actualidad.","og_url":"https:\/\/aeronoticias.com.pe\/noticiero\/transporte-aereo\/internacional\/portugal-aerolinea-tap-sufre-grave-crisis-economica\/","og_site_name":"Aeronoticias.com.pe","article_publisher":"https:\/\/www.facebook.com\/Aeronoticias.com.pe\/","article_published_time":"2015-04-02T15:20:48+00:00","og_image":[{"url":"http:\/\/1.bp.blogspot.com\/-yo8Df78phfQ\/U-UD7B03kxI\/AAAAAAAAhVo\/kObHjP2UHBw\/s1600\/TAP%2BPortugal.png","type":"","width":"","height":""}],"author":"Redacci\u00f3n Aeronoticias","twitter_card":"summary_large_image","twitter_creator":"@aeronoticias","twitter_site":"@aeronoticias","twitter_misc":{"Escrito por":"Redacci\u00f3n Aeronoticias","Tiempo de lectura":"1 minuto"},"schema":{"@context":"https:\/\/schema.org","@graph":[{"@type":"WebPage","@id":"https:\/\/aeronoticias.com.pe\/noticiero\/transporte-aereo\/internacional\/portugal-aerolinea-tap-sufre-grave-crisis-economica\/","url":"https:\/\/aeronoticias.com.pe\/noticiero\/transporte-aereo\/internacional\/portugal-aerolinea-tap-sufre-grave-crisis-economica\/","name":"Portugal: Aerol\u00ednea TAP sufre grave crisis econ\u00f3mica","isPartOf":{"@id":"https:\/\/aeronoticias.com.pe\/noticiero\/#website"},"primaryImageOfPage":{"@id":"https:\/\/aeronoticias.com.pe\/noticiero\/transporte-aereo\/internacional\/portugal-aerolinea-tap-sufre-grave-crisis-economica\/#primaryimage"},"image":{"@id":"https:\/\/aeronoticias.com.pe\/noticiero\/transporte-aereo\/internacional\/portugal-aerolinea-tap-sufre-grave-crisis-economica\/#primaryimage"},"thumbnailUrl":"http:\/\/1.bp.blogspot.com\/-yo8Df78phfQ\/U-UD7B03kxI\/AAAAAAAAhVo\/kObHjP2UHBw\/s1600\/TAP%2BPortugal.png","datePublished":"2015-04-02T15:20:48+00:00","author":{"@id":"https:\/\/aeronoticias.com.pe\/noticiero\/#\/schema\/person\/fc1e5d578f4b62ba1cf7ac2bba1170a0"},"description":"Portal de noticias del Per\u00fa sobre el transporte a\u00e9reo, aviaci\u00f3n, turismo, hoteleria, actualidad.","breadcrumb":{"@id":"https:\/\/aeronoticias.com.pe\/noticiero\/transporte-aereo\/internacional\/portugal-aerolinea-tap-sufre-grave-crisis-economica\/#breadcrumb"},"inLanguage":"es","potentialAction":[{"@type":"ReadAction","target":["https:\/\/aeronoticias.com.pe\/noticiero\/transporte-aereo\/internacional\/portugal-aerolinea-tap-sufre-grave-crisis-economica\/"]}]},{"@type":"ImageObject","inLanguage":"es","@id":"https:\/\/aeronoticias.com.pe\/noticiero\/transporte-aereo\/internacional\/portugal-aerolinea-tap-sufre-grave-crisis-economica\/#primaryimage","url":"http:\/\/1.bp.blogspot.com\/-yo8Df78phfQ\/U-UD7B03kxI\/AAAAAAAAhVo\/kObHjP2UHBw\/s1600\/TAP%2BPortugal.png","contentUrl":"http:\/\/1.bp.blogspot.com\/-yo8Df78phfQ\/U-UD7B03kxI\/AAAAAAAAhVo\/kObHjP2UHBw\/s1600\/TAP%2BPortugal.png"},{"@type":"BreadcrumbList","@id":"https:\/\/aeronoticias.com.pe\/noticiero\/transporte-aereo\/internacional\/portugal-aerolinea-tap-sufre-grave-crisis-economica\/#breadcrumb","itemListElement":[{"@type":"ListItem","position":1,"name":"Portada","item":"https:\/\/aeronoticias.com.pe\/noticiero\/"},{"@type":"ListItem","position":2,"name":"Portugal: Aerol\u00ednea TAP sufre grave crisis econ\u00f3mica"}]},{"@type":"WebSite","@id":"https:\/\/aeronoticias.com.pe\/noticiero\/#website","url":"https:\/\/aeronoticias.com.pe\/noticiero\/","name":"Aeronoticias.com.pe","description":"Noticias de tranporte aereo, turismo, hoteles, gastronomia, actualidad, internacional","potentialAction":[{"@type":"SearchAction","target":{"@type":"EntryPoint","urlTemplate":"https:\/\/aeronoticias.com.pe\/noticiero\/?s={search_term_string}"},"query-input":{"@type":"PropertyValueSpecification","valueRequired":true,"valueName":"search_term_string"}}],"inLanguage":"es"},{"@type":"Person","@id":"https:\/\/aeronoticias.com.pe\/noticiero\/#\/schema\/person\/fc1e5d578f4b62ba1cf7ac2bba1170a0","name":"Redacci\u00f3n Aeronoticias","url":"https:\/\/aeronoticias.com.pe\/noticiero\/author\/piloto\/"}]}},"_links":{"self":[{"href":"https:\/\/aeronoticias.com.pe\/noticiero\/wp-json\/wp\/v2\/posts\/52064","targetHints":{"allow":["GET"]}}],"collection":[{"href":"https:\/\/aeronoticias.com.pe\/noticiero\/wp-json\/wp\/v2\/posts"}],"about":[{"href":"https:\/\/aeronoticias.com.pe\/noticiero\/wp-json\/wp\/v2\/types\/post"}],"author":[{"embeddable":true,"href":"https:\/\/aeronoticias.com.pe\/noticiero\/wp-json\/wp\/v2\/users\/1"}],"replies":[{"embeddable":true,"href":"https:\/\/aeronoticias.com.pe\/noticiero\/wp-json\/wp\/v2\/comments?post=52064"}],"version-history":[{"count":0,"href":"https:\/\/aeronoticias.com.pe\/noticiero\/wp-json\/wp\/v2\/posts\/52064\/revisions"}],"wp:attachment":[{"href":"https:\/\/aeronoticias.com.pe\/noticiero\/wp-json\/wp\/v2\/media?parent=52064"}],"wp:term":[{"taxonomy":"category","embeddable":true,"href":"https:\/\/aeronoticias.com.pe\/noticiero\/wp-json\/wp\/v2\/categories?post=52064"},{"taxonomy":"post_tag","embeddable":true,"href":"https:\/\/aeronoticias.com.pe\/noticiero\/wp-json\/wp\/v2\/tags?post=52064"}],"curies":[{"name":"wp","href":"https:\/\/api.w.org\/{rel}","templated":true}]}}