{"id":52066,"date":"2015-04-02T15:25:57","date_gmt":"2015-04-02T15:25:57","guid":{"rendered":"http:\/\/desarrollo.mcvicious.com\/aero2020\/2015\/04\/02\/tam-airlines-celebra-su-primer-ano-como-miembro-de-oneworld\/"},"modified":"2015-04-02T15:25:57","modified_gmt":"2015-04-02T15:25:57","slug":"tam-airlines-celebra-su-primer-ano-como-miembro-de-oneworld","status":"publish","type":"post","link":"https:\/\/aeronoticias.com.pe\/noticiero\/transporte-aereo\/internacional\/tam-airlines-celebra-su-primer-ano-como-miembro-de-oneworld\/","title":{"rendered":"TAM Airlines celebra su primer a\u00f1o como miembro de &#8216;Oneworld&#8217;"},"content":{"rendered":"<p style=\"text-align: justify;\"><strong>(Aeronoticias)<\/strong>.-\u00a0TAM Airlines ha cumplido un a\u00f1o como miembro de &#8216;Oneworld&#8217;, incorporaci\u00f3n con la que el Grupo LATAM Airlines complet\u00f3 su presencia en la alianza a\u00e9rea.<\/p>\n<p style=\"text-align: justify;\">Durante su primer a\u00f1o en dicha alianza, la aerol\u00ednea brasile\u00f1a TAM ha conectado a sus clientes con m\u00e1s de 1.000 destinos en todos los continentes d\u00e1ndoles la posibilidad de acceder a m\u00e1s de 600 salas VIPs de aeropuertos de todo el mundo.<\/p>\n<p style=\"text-align: justify;\">Actualmente, TAM est\u00e1 ampliando sus acuerdos de c\u00f3digo compartido con aerol\u00edneas de &#8216;Oneworld&#8217;, incluyendo America Airlines, Iberia y Japan Airlines.<\/p>\n<p style=\"text-align: justify;\">La presidenta de TAM Airlines, Clauda Sender, ha explicado que una vez que la aerol\u00ednea se convirti\u00f3 en miembro pas\u00f3 a ofrecer a los pasajeros \u00abm\u00e1s facilidades y m\u00e1s conexiones con las aerol\u00edneas de la alianza en destinos como Nueva York, Londres, Madrid y Sidney\u00bb.<\/p>\n<p style=\"text-align: justify;\">Por su parte, el presidente ejecutivo de &#8216;Oneworld&#8217;, Bruce Ashby, ha destacado que \u00aboneworld tiene el objetivo de ser la primera opci\u00f3n de alianza global de aerol\u00edneas para viajeros internacionales frecuentes\u00bb, por lo que ha mostrado su alegr\u00eda por \u00abtener a una de las aerol\u00edneas l\u00edderes en Latinoam\u00e9rica\u00bb.<\/p>\n<p style=\"text-align: justify;\">La alianza &#8216;Oneworld&#8217; est\u00e1 formado actualmente por las aerol\u00edneas: airberlin, American Airlines, British Airways, Cathay Pacific, Finnair, Iberia, Japan Airlines, LAN Airlines, TAM Airlines, Malaysia Airlines, Qantas, Qatar Airways, Royal Jordanian, S7 Airlines y SriLankan Airlines; adem\u00f1as de aproximadamente 30 afiliadas.<\/p>\n<p style=\"text-align: justify;\">Fuente: <span style=\"text-decoration: underline;\"><em><strong>Aviaci\u00f3n al d\u00eda.<\/strong><\/em><\/span><\/p>\n<p style=\"text-align: justify;\"><img decoding=\"async\" src=\"http:\/\/1.bp.blogspot.com\/-CiXKCtKC_Ck\/VRxDiZV1eHI\/AAAAAAAAltM\/ZO4BidqbtHM\/s1600\/Oneworld.png\" border=\"0\" \/><\/p>\n","protected":false},"excerpt":{"rendered":"<p>(Aeronoticias).-\u00a0TAM Airlines ha cumplido un a\u00f1o como miembro de &#8216;Oneworld&#8217;, incorporaci\u00f3n con la que el Grupo LATAM Airlines complet\u00f3 su presencia en la alianza a\u00e9rea. Durante su primer a\u00f1o en dicha alianza, la aerol\u00ednea brasile\u00f1a TAM ha conectado a sus clientes con m\u00e1s de 1.000 destinos en todos los continentes d\u00e1ndoles la posibilidad de acceder [&hellip;]<\/p>\n","protected":false},"author":1,"featured_media":0,"comment_status":"open","ping_status":"open","sticky":false,"template":"","format":"standard","meta":{"tdm_status":"","tdm_grid_status":"","footnotes":""},"categories":[32],"tags":[],"class_list":{"0":"post-52066","1":"post","2":"type-post","3":"status-publish","4":"format-standard","6":"category-internacional"},"yoast_head":"<!-- This site is optimized with the Yoast SEO plugin v25.1 - https:\/\/yoast.com\/wordpress\/plugins\/seo\/ -->\n<title>TAM Airlines celebra su primer a\u00f1o como miembro de &#039;Oneworld&#039;<\/title>\n<meta name=\"description\" content=\"Portal de noticias del Per\u00fa sobre el transporte a\u00e9reo, aviaci\u00f3n, turismo, hoteleria, actualidad.\" \/>\n<meta name=\"robots\" content=\"index, follow, max-snippet:-1, max-image-preview:large, max-video-preview:-1\" \/>\n<link rel=\"canonical\" href=\"https:\/\/aeronoticias.com.pe\/noticiero\/transporte-aereo\/internacional\/tam-airlines-celebra-su-primer-ano-como-miembro-de-oneworld\/\" \/>\n<meta property=\"og:locale\" content=\"es_ES\" \/>\n<meta property=\"og:type\" content=\"article\" \/>\n<meta property=\"og:title\" content=\"TAM Airlines celebra su primer a\u00f1o como miembro de &#039;Oneworld&#039;\" \/>\n<meta property=\"og:description\" content=\"Portal de noticias del Per\u00fa sobre el transporte a\u00e9reo, aviaci\u00f3n, turismo, hoteleria, actualidad.\" \/>\n<meta property=\"og:url\" content=\"https:\/\/aeronoticias.com.pe\/noticiero\/transporte-aereo\/internacional\/tam-airlines-celebra-su-primer-ano-como-miembro-de-oneworld\/\" \/>\n<meta property=\"og:site_name\" content=\"Aeronoticias.com.pe\" \/>\n<meta property=\"article:publisher\" content=\"https:\/\/www.facebook.com\/Aeronoticias.com.pe\/\" \/>\n<meta property=\"article:published_time\" content=\"2015-04-02T15:25:57+00:00\" \/>\n<meta property=\"og:image\" content=\"http:\/\/1.bp.blogspot.com\/-CiXKCtKC_Ck\/VRxDiZV1eHI\/AAAAAAAAltM\/ZO4BidqbtHM\/s1600\/Oneworld.png\" \/>\n<meta name=\"author\" content=\"Redacci\u00f3n Aeronoticias\" \/>\n<meta name=\"twitter:card\" content=\"summary_large_image\" \/>\n<meta name=\"twitter:creator\" content=\"@aeronoticias\" \/>\n<meta name=\"twitter:site\" content=\"@aeronoticias\" \/>\n<meta name=\"twitter:label1\" content=\"Escrito por\" \/>\n\t<meta name=\"twitter:data1\" content=\"Redacci\u00f3n Aeronoticias\" \/>\n\t<meta name=\"twitter:label2\" content=\"Tiempo de lectura\" \/>\n\t<meta name=\"twitter:data2\" content=\"1 minuto\" \/>\n<script type=\"application\/ld+json\" class=\"yoast-schema-graph\">{\"@context\":\"https:\/\/schema.org\",\"@graph\":[{\"@type\":\"WebPage\",\"@id\":\"https:\/\/aeronoticias.com.pe\/noticiero\/transporte-aereo\/internacional\/tam-airlines-celebra-su-primer-ano-como-miembro-de-oneworld\/\",\"url\":\"https:\/\/aeronoticias.com.pe\/noticiero\/transporte-aereo\/internacional\/tam-airlines-celebra-su-primer-ano-como-miembro-de-oneworld\/\",\"name\":\"TAM Airlines celebra su primer a\u00f1o como miembro de 'Oneworld'\",\"isPartOf\":{\"@id\":\"https:\/\/aeronoticias.com.pe\/noticiero\/#website\"},\"primaryImageOfPage\":{\"@id\":\"https:\/\/aeronoticias.com.pe\/noticiero\/transporte-aereo\/internacional\/tam-airlines-celebra-su-primer-ano-como-miembro-de-oneworld\/#primaryimage\"},\"image\":{\"@id\":\"https:\/\/aeronoticias.com.pe\/noticiero\/transporte-aereo\/internacional\/tam-airlines-celebra-su-primer-ano-como-miembro-de-oneworld\/#primaryimage\"},\"thumbnailUrl\":\"http:\/\/1.bp.blogspot.com\/-CiXKCtKC_Ck\/VRxDiZV1eHI\/AAAAAAAAltM\/ZO4BidqbtHM\/s1600\/Oneworld.png\",\"datePublished\":\"2015-04-02T15:25:57+00:00\",\"author\":{\"@id\":\"https:\/\/aeronoticias.com.pe\/noticiero\/#\/schema\/person\/fc1e5d578f4b62ba1cf7ac2bba1170a0\"},\"description\":\"Portal de noticias del Per\u00fa sobre el transporte a\u00e9reo, aviaci\u00f3n, turismo, hoteleria, actualidad.\",\"breadcrumb\":{\"@id\":\"https:\/\/aeronoticias.com.pe\/noticiero\/transporte-aereo\/internacional\/tam-airlines-celebra-su-primer-ano-como-miembro-de-oneworld\/#breadcrumb\"},\"inLanguage\":\"es\",\"potentialAction\":[{\"@type\":\"ReadAction\",\"target\":[\"https:\/\/aeronoticias.com.pe\/noticiero\/transporte-aereo\/internacional\/tam-airlines-celebra-su-primer-ano-como-miembro-de-oneworld\/\"]}]},{\"@type\":\"ImageObject\",\"inLanguage\":\"es\",\"@id\":\"https:\/\/aeronoticias.com.pe\/noticiero\/transporte-aereo\/internacional\/tam-airlines-celebra-su-primer-ano-como-miembro-de-oneworld\/#primaryimage\",\"url\":\"http:\/\/1.bp.blogspot.com\/-CiXKCtKC_Ck\/VRxDiZV1eHI\/AAAAAAAAltM\/ZO4BidqbtHM\/s1600\/Oneworld.png\",\"contentUrl\":\"http:\/\/1.bp.blogspot.com\/-CiXKCtKC_Ck\/VRxDiZV1eHI\/AAAAAAAAltM\/ZO4BidqbtHM\/s1600\/Oneworld.png\"},{\"@type\":\"BreadcrumbList\",\"@id\":\"https:\/\/aeronoticias.com.pe\/noticiero\/transporte-aereo\/internacional\/tam-airlines-celebra-su-primer-ano-como-miembro-de-oneworld\/#breadcrumb\",\"itemListElement\":[{\"@type\":\"ListItem\",\"position\":1,\"name\":\"Portada\",\"item\":\"https:\/\/aeronoticias.com.pe\/noticiero\/\"},{\"@type\":\"ListItem\",\"position\":2,\"name\":\"TAM Airlines celebra su primer a\u00f1o como miembro de &#8216;Oneworld&#8217;\"}]},{\"@type\":\"WebSite\",\"@id\":\"https:\/\/aeronoticias.com.pe\/noticiero\/#website\",\"url\":\"https:\/\/aeronoticias.com.pe\/noticiero\/\",\"name\":\"Aeronoticias.com.pe\",\"description\":\"Noticias de tranporte aereo, turismo, hoteles, gastronomia, actualidad, internacional\",\"potentialAction\":[{\"@type\":\"SearchAction\",\"target\":{\"@type\":\"EntryPoint\",\"urlTemplate\":\"https:\/\/aeronoticias.com.pe\/noticiero\/?s={search_term_string}\"},\"query-input\":{\"@type\":\"PropertyValueSpecification\",\"valueRequired\":true,\"valueName\":\"search_term_string\"}}],\"inLanguage\":\"es\"},{\"@type\":\"Person\",\"@id\":\"https:\/\/aeronoticias.com.pe\/noticiero\/#\/schema\/person\/fc1e5d578f4b62ba1cf7ac2bba1170a0\",\"name\":\"Redacci\u00f3n Aeronoticias\",\"url\":\"https:\/\/aeronoticias.com.pe\/noticiero\/author\/piloto\/\"}]}<\/script>\n<!-- \/ Yoast SEO plugin. -->","yoast_head_json":{"title":"TAM Airlines celebra su primer a\u00f1o como miembro de 'Oneworld'","description":"Portal de noticias del Per\u00fa sobre el transporte a\u00e9reo, aviaci\u00f3n, turismo, hoteleria, actualidad.","robots":{"index":"index","follow":"follow","max-snippet":"max-snippet:-1","max-image-preview":"max-image-preview:large","max-video-preview":"max-video-preview:-1"},"canonical":"https:\/\/aeronoticias.com.pe\/noticiero\/transporte-aereo\/internacional\/tam-airlines-celebra-su-primer-ano-como-miembro-de-oneworld\/","og_locale":"es_ES","og_type":"article","og_title":"TAM Airlines celebra su primer a\u00f1o como miembro de 'Oneworld'","og_description":"Portal de noticias del Per\u00fa sobre el transporte a\u00e9reo, aviaci\u00f3n, turismo, hoteleria, actualidad.","og_url":"https:\/\/aeronoticias.com.pe\/noticiero\/transporte-aereo\/internacional\/tam-airlines-celebra-su-primer-ano-como-miembro-de-oneworld\/","og_site_name":"Aeronoticias.com.pe","article_publisher":"https:\/\/www.facebook.com\/Aeronoticias.com.pe\/","article_published_time":"2015-04-02T15:25:57+00:00","og_image":[{"url":"http:\/\/1.bp.blogspot.com\/-CiXKCtKC_Ck\/VRxDiZV1eHI\/AAAAAAAAltM\/ZO4BidqbtHM\/s1600\/Oneworld.png","type":"","width":"","height":""}],"author":"Redacci\u00f3n Aeronoticias","twitter_card":"summary_large_image","twitter_creator":"@aeronoticias","twitter_site":"@aeronoticias","twitter_misc":{"Escrito por":"Redacci\u00f3n Aeronoticias","Tiempo de lectura":"1 minuto"},"schema":{"@context":"https:\/\/schema.org","@graph":[{"@type":"WebPage","@id":"https:\/\/aeronoticias.com.pe\/noticiero\/transporte-aereo\/internacional\/tam-airlines-celebra-su-primer-ano-como-miembro-de-oneworld\/","url":"https:\/\/aeronoticias.com.pe\/noticiero\/transporte-aereo\/internacional\/tam-airlines-celebra-su-primer-ano-como-miembro-de-oneworld\/","name":"TAM Airlines celebra su primer a\u00f1o como miembro de 'Oneworld'","isPartOf":{"@id":"https:\/\/aeronoticias.com.pe\/noticiero\/#website"},"primaryImageOfPage":{"@id":"https:\/\/aeronoticias.com.pe\/noticiero\/transporte-aereo\/internacional\/tam-airlines-celebra-su-primer-ano-como-miembro-de-oneworld\/#primaryimage"},"image":{"@id":"https:\/\/aeronoticias.com.pe\/noticiero\/transporte-aereo\/internacional\/tam-airlines-celebra-su-primer-ano-como-miembro-de-oneworld\/#primaryimage"},"thumbnailUrl":"http:\/\/1.bp.blogspot.com\/-CiXKCtKC_Ck\/VRxDiZV1eHI\/AAAAAAAAltM\/ZO4BidqbtHM\/s1600\/Oneworld.png","datePublished":"2015-04-02T15:25:57+00:00","author":{"@id":"https:\/\/aeronoticias.com.pe\/noticiero\/#\/schema\/person\/fc1e5d578f4b62ba1cf7ac2bba1170a0"},"description":"Portal de noticias del Per\u00fa sobre el transporte a\u00e9reo, aviaci\u00f3n, turismo, hoteleria, actualidad.","breadcrumb":{"@id":"https:\/\/aeronoticias.com.pe\/noticiero\/transporte-aereo\/internacional\/tam-airlines-celebra-su-primer-ano-como-miembro-de-oneworld\/#breadcrumb"},"inLanguage":"es","potentialAction":[{"@type":"ReadAction","target":["https:\/\/aeronoticias.com.pe\/noticiero\/transporte-aereo\/internacional\/tam-airlines-celebra-su-primer-ano-como-miembro-de-oneworld\/"]}]},{"@type":"ImageObject","inLanguage":"es","@id":"https:\/\/aeronoticias.com.pe\/noticiero\/transporte-aereo\/internacional\/tam-airlines-celebra-su-primer-ano-como-miembro-de-oneworld\/#primaryimage","url":"http:\/\/1.bp.blogspot.com\/-CiXKCtKC_Ck\/VRxDiZV1eHI\/AAAAAAAAltM\/ZO4BidqbtHM\/s1600\/Oneworld.png","contentUrl":"http:\/\/1.bp.blogspot.com\/-CiXKCtKC_Ck\/VRxDiZV1eHI\/AAAAAAAAltM\/ZO4BidqbtHM\/s1600\/Oneworld.png"},{"@type":"BreadcrumbList","@id":"https:\/\/aeronoticias.com.pe\/noticiero\/transporte-aereo\/internacional\/tam-airlines-celebra-su-primer-ano-como-miembro-de-oneworld\/#breadcrumb","itemListElement":[{"@type":"ListItem","position":1,"name":"Portada","item":"https:\/\/aeronoticias.com.pe\/noticiero\/"},{"@type":"ListItem","position":2,"name":"TAM Airlines celebra su primer a\u00f1o como miembro de &#8216;Oneworld&#8217;"}]},{"@type":"WebSite","@id":"https:\/\/aeronoticias.com.pe\/noticiero\/#website","url":"https:\/\/aeronoticias.com.pe\/noticiero\/","name":"Aeronoticias.com.pe","description":"Noticias de tranporte aereo, turismo, hoteles, gastronomia, actualidad, internacional","potentialAction":[{"@type":"SearchAction","target":{"@type":"EntryPoint","urlTemplate":"https:\/\/aeronoticias.com.pe\/noticiero\/?s={search_term_string}"},"query-input":{"@type":"PropertyValueSpecification","valueRequired":true,"valueName":"search_term_string"}}],"inLanguage":"es"},{"@type":"Person","@id":"https:\/\/aeronoticias.com.pe\/noticiero\/#\/schema\/person\/fc1e5d578f4b62ba1cf7ac2bba1170a0","name":"Redacci\u00f3n Aeronoticias","url":"https:\/\/aeronoticias.com.pe\/noticiero\/author\/piloto\/"}]}},"_links":{"self":[{"href":"https:\/\/aeronoticias.com.pe\/noticiero\/wp-json\/wp\/v2\/posts\/52066","targetHints":{"allow":["GET"]}}],"collection":[{"href":"https:\/\/aeronoticias.com.pe\/noticiero\/wp-json\/wp\/v2\/posts"}],"about":[{"href":"https:\/\/aeronoticias.com.pe\/noticiero\/wp-json\/wp\/v2\/types\/post"}],"author":[{"embeddable":true,"href":"https:\/\/aeronoticias.com.pe\/noticiero\/wp-json\/wp\/v2\/users\/1"}],"replies":[{"embeddable":true,"href":"https:\/\/aeronoticias.com.pe\/noticiero\/wp-json\/wp\/v2\/comments?post=52066"}],"version-history":[{"count":0,"href":"https:\/\/aeronoticias.com.pe\/noticiero\/wp-json\/wp\/v2\/posts\/52066\/revisions"}],"wp:attachment":[{"href":"https:\/\/aeronoticias.com.pe\/noticiero\/wp-json\/wp\/v2\/media?parent=52066"}],"wp:term":[{"taxonomy":"category","embeddable":true,"href":"https:\/\/aeronoticias.com.pe\/noticiero\/wp-json\/wp\/v2\/categories?post=52066"},{"taxonomy":"post_tag","embeddable":true,"href":"https:\/\/aeronoticias.com.pe\/noticiero\/wp-json\/wp\/v2\/tags?post=52066"}],"curies":[{"name":"wp","href":"https:\/\/api.w.org\/{rel}","templated":true}]}}