{"id":52067,"date":"2015-04-02T15:27:51","date_gmt":"2015-04-02T15:27:51","guid":{"rendered":"http:\/\/desarrollo.mcvicious.com\/aero2020\/2015\/04\/02\/aerolinea-uruguaya-bqb-dejaria-de-volar-el-11-de-abril\/"},"modified":"2015-04-02T15:27:51","modified_gmt":"2015-04-02T15:27:51","slug":"aerolinea-uruguaya-bqb-dejaria-de-volar-el-11-de-abril","status":"publish","type":"post","link":"https:\/\/aeronoticias.com.pe\/noticiero\/transporte-aereo\/internacional\/aerolinea-uruguaya-bqb-dejaria-de-volar-el-11-de-abril\/","title":{"rendered":"Aerol\u00ednea uruguaya BQB dejar\u00eda de volar el 11 de abril"},"content":{"rendered":"<p style=\"text-align: justify;\"><strong>(Aeronoticias)<\/strong>.-\u00a0La aerol\u00ednea BQB, propiedad del empresario argentino Juan Carlos L\u00f3pez Mena, dejar\u00eda de operar el pr\u00f3ximo 11 de abril, lo cual afectar\u00eda la fuente laboral de unos 90 empleados.<\/p>\n<p style=\"text-align: justify;\"><span style=\"font-size: 12.1599998474121px; line-height: 1.3em;\">Durante una reuni\u00f3n con el personal de la aerol\u00ednea, el empresario les transmiti\u00f3 que la decisi\u00f3n se debe a que se constat\u00f3 una \u201cdisminuci\u00f3n en las ventas de pasajes\u201d y a \u201cpresiones\u201d de parte del gobierno anterior, indicaron a LARED21 trabajadores de la compa\u00f1\u00eda a\u00e9rea.<\/span><\/p>\n<p style=\"text-align: justify;\"><span style=\"font-size: 12.1599998474121px; line-height: 1.3em;\">El grupo empresarial tambi\u00e9n indic\u00f3 la inexistencia de una l\u00ednea de cr\u00e9dito, a ra\u00edz de lo cual se solicitaron modificaciones en las formas de pago a sus proveedores.<\/span><\/p>\n<p style=\"text-align: justify;\"><span style=\"font-size: 12.1599998474121px; line-height: 1.3em;\">El cierre de la aerol\u00ednea afectar\u00eda la fuente laboral de unos 90 empleados. En primera instancia a los trabajadores se les dar\u00eda una licencia y luego se los enviar\u00e1 al seguro de desempleo.<\/span><\/p>\n<p style=\"text-align: justify;\">Si bien se maneja la posibilidad de que los empleados sean absorbidos por la compa\u00f1\u00eda boliviana Amazonas -que opera en nuestro pa\u00eds desde fines del a\u00f1o pasado- de todos modos a\u00fan no existe una propuesta oficial.<\/p>\n<p style=\"text-align: justify;\">A trav\u00e9s de la p\u00e1gina web de BQB se indica que hay disponibles vuelos desde Montevideo a Buenos Aires y viceversa hasta el 10 de abril. Sin embargo, si se pretende reservar pasajes para el 11 de abril se informa que en la fecha seleccionada \u201cno hay vuelos disponibles\u201d.<\/p>\n<p style=\"text-align: justify;\">Fuente: <span style=\"text-decoration: underline;\"><em><strong>Aviaci\u00f3n al d\u00eda<\/strong><\/em><\/span>.<\/p>\n<div style=\"text-align: justify;\"><span style=\"font-family: Verdana, sans-serif;\"><img decoding=\"async\" src=\"http:\/\/1.bp.blogspot.com\/-5tI9ayStLa8\/VRw3Xi0D_RI\/AAAAAAAAls8\/0F_P6p7CPvw\/s1600\/BQB.png\" border=\"0\" \/><\/span><\/div>\n","protected":false},"excerpt":{"rendered":"<p>(Aeronoticias).-\u00a0La aerol\u00ednea BQB, propiedad del empresario argentino Juan Carlos L\u00f3pez Mena, dejar\u00eda de operar el pr\u00f3ximo 11 de abril, lo cual afectar\u00eda la fuente laboral de unos 90 empleados. Durante una reuni\u00f3n con el personal de la aerol\u00ednea, el empresario les transmiti\u00f3 que la decisi\u00f3n se debe a que se constat\u00f3 una \u201cdisminuci\u00f3n en las [&hellip;]<\/p>\n","protected":false},"author":1,"featured_media":0,"comment_status":"open","ping_status":"open","sticky":false,"template":"","format":"standard","meta":{"tdm_status":"","tdm_grid_status":"","footnotes":""},"categories":[32],"tags":[],"class_list":{"0":"post-52067","1":"post","2":"type-post","3":"status-publish","4":"format-standard","6":"category-internacional"},"yoast_head":"<!-- This site is optimized with the Yoast SEO plugin v25.1 - https:\/\/yoast.com\/wordpress\/plugins\/seo\/ -->\n<title>Aerol\u00ednea uruguaya BQB dejar\u00eda de volar el 11 de abril<\/title>\n<meta name=\"description\" content=\"Portal de noticias del Per\u00fa sobre el transporte a\u00e9reo, aviaci\u00f3n, turismo, hoteleria, actualidad.\" \/>\n<meta name=\"robots\" content=\"index, follow, max-snippet:-1, max-image-preview:large, max-video-preview:-1\" \/>\n<link rel=\"canonical\" href=\"https:\/\/aeronoticias.com.pe\/noticiero\/transporte-aereo\/internacional\/aerolinea-uruguaya-bqb-dejaria-de-volar-el-11-de-abril\/\" \/>\n<meta property=\"og:locale\" content=\"es_ES\" \/>\n<meta property=\"og:type\" content=\"article\" \/>\n<meta property=\"og:title\" content=\"Aerol\u00ednea uruguaya BQB dejar\u00eda de volar el 11 de abril\" \/>\n<meta property=\"og:description\" content=\"Portal de noticias del Per\u00fa sobre el transporte a\u00e9reo, aviaci\u00f3n, turismo, hoteleria, actualidad.\" \/>\n<meta property=\"og:url\" content=\"https:\/\/aeronoticias.com.pe\/noticiero\/transporte-aereo\/internacional\/aerolinea-uruguaya-bqb-dejaria-de-volar-el-11-de-abril\/\" \/>\n<meta property=\"og:site_name\" content=\"Aeronoticias.com.pe\" \/>\n<meta property=\"article:publisher\" content=\"https:\/\/www.facebook.com\/Aeronoticias.com.pe\/\" \/>\n<meta property=\"article:published_time\" content=\"2015-04-02T15:27:51+00:00\" \/>\n<meta property=\"og:image\" content=\"http:\/\/1.bp.blogspot.com\/-5tI9ayStLa8\/VRw3Xi0D_RI\/AAAAAAAAls8\/0F_P6p7CPvw\/s1600\/BQB.png\" \/>\n<meta name=\"author\" content=\"Redacci\u00f3n Aeronoticias\" \/>\n<meta name=\"twitter:card\" content=\"summary_large_image\" \/>\n<meta name=\"twitter:creator\" content=\"@aeronoticias\" \/>\n<meta name=\"twitter:site\" content=\"@aeronoticias\" \/>\n<meta name=\"twitter:label1\" content=\"Escrito por\" \/>\n\t<meta name=\"twitter:data1\" content=\"Redacci\u00f3n Aeronoticias\" \/>\n\t<meta name=\"twitter:label2\" content=\"Tiempo de lectura\" \/>\n\t<meta name=\"twitter:data2\" content=\"1 minuto\" \/>\n<script type=\"application\/ld+json\" class=\"yoast-schema-graph\">{\"@context\":\"https:\/\/schema.org\",\"@graph\":[{\"@type\":\"WebPage\",\"@id\":\"https:\/\/aeronoticias.com.pe\/noticiero\/transporte-aereo\/internacional\/aerolinea-uruguaya-bqb-dejaria-de-volar-el-11-de-abril\/\",\"url\":\"https:\/\/aeronoticias.com.pe\/noticiero\/transporte-aereo\/internacional\/aerolinea-uruguaya-bqb-dejaria-de-volar-el-11-de-abril\/\",\"name\":\"Aerol\u00ednea uruguaya BQB dejar\u00eda de volar el 11 de abril\",\"isPartOf\":{\"@id\":\"https:\/\/aeronoticias.com.pe\/noticiero\/#website\"},\"primaryImageOfPage\":{\"@id\":\"https:\/\/aeronoticias.com.pe\/noticiero\/transporte-aereo\/internacional\/aerolinea-uruguaya-bqb-dejaria-de-volar-el-11-de-abril\/#primaryimage\"},\"image\":{\"@id\":\"https:\/\/aeronoticias.com.pe\/noticiero\/transporte-aereo\/internacional\/aerolinea-uruguaya-bqb-dejaria-de-volar-el-11-de-abril\/#primaryimage\"},\"thumbnailUrl\":\"http:\/\/1.bp.blogspot.com\/-5tI9ayStLa8\/VRw3Xi0D_RI\/AAAAAAAAls8\/0F_P6p7CPvw\/s1600\/BQB.png\",\"datePublished\":\"2015-04-02T15:27:51+00:00\",\"author\":{\"@id\":\"https:\/\/aeronoticias.com.pe\/noticiero\/#\/schema\/person\/fc1e5d578f4b62ba1cf7ac2bba1170a0\"},\"description\":\"Portal de noticias del Per\u00fa sobre el transporte a\u00e9reo, aviaci\u00f3n, turismo, hoteleria, actualidad.\",\"breadcrumb\":{\"@id\":\"https:\/\/aeronoticias.com.pe\/noticiero\/transporte-aereo\/internacional\/aerolinea-uruguaya-bqb-dejaria-de-volar-el-11-de-abril\/#breadcrumb\"},\"inLanguage\":\"es\",\"potentialAction\":[{\"@type\":\"ReadAction\",\"target\":[\"https:\/\/aeronoticias.com.pe\/noticiero\/transporte-aereo\/internacional\/aerolinea-uruguaya-bqb-dejaria-de-volar-el-11-de-abril\/\"]}]},{\"@type\":\"ImageObject\",\"inLanguage\":\"es\",\"@id\":\"https:\/\/aeronoticias.com.pe\/noticiero\/transporte-aereo\/internacional\/aerolinea-uruguaya-bqb-dejaria-de-volar-el-11-de-abril\/#primaryimage\",\"url\":\"http:\/\/1.bp.blogspot.com\/-5tI9ayStLa8\/VRw3Xi0D_RI\/AAAAAAAAls8\/0F_P6p7CPvw\/s1600\/BQB.png\",\"contentUrl\":\"http:\/\/1.bp.blogspot.com\/-5tI9ayStLa8\/VRw3Xi0D_RI\/AAAAAAAAls8\/0F_P6p7CPvw\/s1600\/BQB.png\"},{\"@type\":\"BreadcrumbList\",\"@id\":\"https:\/\/aeronoticias.com.pe\/noticiero\/transporte-aereo\/internacional\/aerolinea-uruguaya-bqb-dejaria-de-volar-el-11-de-abril\/#breadcrumb\",\"itemListElement\":[{\"@type\":\"ListItem\",\"position\":1,\"name\":\"Portada\",\"item\":\"https:\/\/aeronoticias.com.pe\/noticiero\/\"},{\"@type\":\"ListItem\",\"position\":2,\"name\":\"Aerol\u00ednea uruguaya BQB dejar\u00eda de volar el 11 de abril\"}]},{\"@type\":\"WebSite\",\"@id\":\"https:\/\/aeronoticias.com.pe\/noticiero\/#website\",\"url\":\"https:\/\/aeronoticias.com.pe\/noticiero\/\",\"name\":\"Aeronoticias.com.pe\",\"description\":\"Noticias de tranporte aereo, turismo, hoteles, gastronomia, actualidad, internacional\",\"potentialAction\":[{\"@type\":\"SearchAction\",\"target\":{\"@type\":\"EntryPoint\",\"urlTemplate\":\"https:\/\/aeronoticias.com.pe\/noticiero\/?s={search_term_string}\"},\"query-input\":{\"@type\":\"PropertyValueSpecification\",\"valueRequired\":true,\"valueName\":\"search_term_string\"}}],\"inLanguage\":\"es\"},{\"@type\":\"Person\",\"@id\":\"https:\/\/aeronoticias.com.pe\/noticiero\/#\/schema\/person\/fc1e5d578f4b62ba1cf7ac2bba1170a0\",\"name\":\"Redacci\u00f3n Aeronoticias\",\"url\":\"https:\/\/aeronoticias.com.pe\/noticiero\/author\/piloto\/\"}]}<\/script>\n<!-- \/ Yoast SEO plugin. -->","yoast_head_json":{"title":"Aerol\u00ednea uruguaya BQB dejar\u00eda de volar el 11 de abril","description":"Portal de noticias del Per\u00fa sobre el transporte a\u00e9reo, aviaci\u00f3n, turismo, hoteleria, actualidad.","robots":{"index":"index","follow":"follow","max-snippet":"max-snippet:-1","max-image-preview":"max-image-preview:large","max-video-preview":"max-video-preview:-1"},"canonical":"https:\/\/aeronoticias.com.pe\/noticiero\/transporte-aereo\/internacional\/aerolinea-uruguaya-bqb-dejaria-de-volar-el-11-de-abril\/","og_locale":"es_ES","og_type":"article","og_title":"Aerol\u00ednea uruguaya BQB dejar\u00eda de volar el 11 de abril","og_description":"Portal de noticias del Per\u00fa sobre el transporte a\u00e9reo, aviaci\u00f3n, turismo, hoteleria, actualidad.","og_url":"https:\/\/aeronoticias.com.pe\/noticiero\/transporte-aereo\/internacional\/aerolinea-uruguaya-bqb-dejaria-de-volar-el-11-de-abril\/","og_site_name":"Aeronoticias.com.pe","article_publisher":"https:\/\/www.facebook.com\/Aeronoticias.com.pe\/","article_published_time":"2015-04-02T15:27:51+00:00","og_image":[{"url":"http:\/\/1.bp.blogspot.com\/-5tI9ayStLa8\/VRw3Xi0D_RI\/AAAAAAAAls8\/0F_P6p7CPvw\/s1600\/BQB.png","type":"","width":"","height":""}],"author":"Redacci\u00f3n Aeronoticias","twitter_card":"summary_large_image","twitter_creator":"@aeronoticias","twitter_site":"@aeronoticias","twitter_misc":{"Escrito por":"Redacci\u00f3n Aeronoticias","Tiempo de lectura":"1 minuto"},"schema":{"@context":"https:\/\/schema.org","@graph":[{"@type":"WebPage","@id":"https:\/\/aeronoticias.com.pe\/noticiero\/transporte-aereo\/internacional\/aerolinea-uruguaya-bqb-dejaria-de-volar-el-11-de-abril\/","url":"https:\/\/aeronoticias.com.pe\/noticiero\/transporte-aereo\/internacional\/aerolinea-uruguaya-bqb-dejaria-de-volar-el-11-de-abril\/","name":"Aerol\u00ednea uruguaya BQB dejar\u00eda de volar el 11 de abril","isPartOf":{"@id":"https:\/\/aeronoticias.com.pe\/noticiero\/#website"},"primaryImageOfPage":{"@id":"https:\/\/aeronoticias.com.pe\/noticiero\/transporte-aereo\/internacional\/aerolinea-uruguaya-bqb-dejaria-de-volar-el-11-de-abril\/#primaryimage"},"image":{"@id":"https:\/\/aeronoticias.com.pe\/noticiero\/transporte-aereo\/internacional\/aerolinea-uruguaya-bqb-dejaria-de-volar-el-11-de-abril\/#primaryimage"},"thumbnailUrl":"http:\/\/1.bp.blogspot.com\/-5tI9ayStLa8\/VRw3Xi0D_RI\/AAAAAAAAls8\/0F_P6p7CPvw\/s1600\/BQB.png","datePublished":"2015-04-02T15:27:51+00:00","author":{"@id":"https:\/\/aeronoticias.com.pe\/noticiero\/#\/schema\/person\/fc1e5d578f4b62ba1cf7ac2bba1170a0"},"description":"Portal de noticias del Per\u00fa sobre el transporte a\u00e9reo, aviaci\u00f3n, turismo, hoteleria, actualidad.","breadcrumb":{"@id":"https:\/\/aeronoticias.com.pe\/noticiero\/transporte-aereo\/internacional\/aerolinea-uruguaya-bqb-dejaria-de-volar-el-11-de-abril\/#breadcrumb"},"inLanguage":"es","potentialAction":[{"@type":"ReadAction","target":["https:\/\/aeronoticias.com.pe\/noticiero\/transporte-aereo\/internacional\/aerolinea-uruguaya-bqb-dejaria-de-volar-el-11-de-abril\/"]}]},{"@type":"ImageObject","inLanguage":"es","@id":"https:\/\/aeronoticias.com.pe\/noticiero\/transporte-aereo\/internacional\/aerolinea-uruguaya-bqb-dejaria-de-volar-el-11-de-abril\/#primaryimage","url":"http:\/\/1.bp.blogspot.com\/-5tI9ayStLa8\/VRw3Xi0D_RI\/AAAAAAAAls8\/0F_P6p7CPvw\/s1600\/BQB.png","contentUrl":"http:\/\/1.bp.blogspot.com\/-5tI9ayStLa8\/VRw3Xi0D_RI\/AAAAAAAAls8\/0F_P6p7CPvw\/s1600\/BQB.png"},{"@type":"BreadcrumbList","@id":"https:\/\/aeronoticias.com.pe\/noticiero\/transporte-aereo\/internacional\/aerolinea-uruguaya-bqb-dejaria-de-volar-el-11-de-abril\/#breadcrumb","itemListElement":[{"@type":"ListItem","position":1,"name":"Portada","item":"https:\/\/aeronoticias.com.pe\/noticiero\/"},{"@type":"ListItem","position":2,"name":"Aerol\u00ednea uruguaya BQB dejar\u00eda de volar el 11 de abril"}]},{"@type":"WebSite","@id":"https:\/\/aeronoticias.com.pe\/noticiero\/#website","url":"https:\/\/aeronoticias.com.pe\/noticiero\/","name":"Aeronoticias.com.pe","description":"Noticias de tranporte aereo, turismo, hoteles, gastronomia, actualidad, internacional","potentialAction":[{"@type":"SearchAction","target":{"@type":"EntryPoint","urlTemplate":"https:\/\/aeronoticias.com.pe\/noticiero\/?s={search_term_string}"},"query-input":{"@type":"PropertyValueSpecification","valueRequired":true,"valueName":"search_term_string"}}],"inLanguage":"es"},{"@type":"Person","@id":"https:\/\/aeronoticias.com.pe\/noticiero\/#\/schema\/person\/fc1e5d578f4b62ba1cf7ac2bba1170a0","name":"Redacci\u00f3n Aeronoticias","url":"https:\/\/aeronoticias.com.pe\/noticiero\/author\/piloto\/"}]}},"_links":{"self":[{"href":"https:\/\/aeronoticias.com.pe\/noticiero\/wp-json\/wp\/v2\/posts\/52067","targetHints":{"allow":["GET"]}}],"collection":[{"href":"https:\/\/aeronoticias.com.pe\/noticiero\/wp-json\/wp\/v2\/posts"}],"about":[{"href":"https:\/\/aeronoticias.com.pe\/noticiero\/wp-json\/wp\/v2\/types\/post"}],"author":[{"embeddable":true,"href":"https:\/\/aeronoticias.com.pe\/noticiero\/wp-json\/wp\/v2\/users\/1"}],"replies":[{"embeddable":true,"href":"https:\/\/aeronoticias.com.pe\/noticiero\/wp-json\/wp\/v2\/comments?post=52067"}],"version-history":[{"count":0,"href":"https:\/\/aeronoticias.com.pe\/noticiero\/wp-json\/wp\/v2\/posts\/52067\/revisions"}],"wp:attachment":[{"href":"https:\/\/aeronoticias.com.pe\/noticiero\/wp-json\/wp\/v2\/media?parent=52067"}],"wp:term":[{"taxonomy":"category","embeddable":true,"href":"https:\/\/aeronoticias.com.pe\/noticiero\/wp-json\/wp\/v2\/categories?post=52067"},{"taxonomy":"post_tag","embeddable":true,"href":"https:\/\/aeronoticias.com.pe\/noticiero\/wp-json\/wp\/v2\/tags?post=52067"}],"curies":[{"name":"wp","href":"https:\/\/api.w.org\/{rel}","templated":true}]}}